{"id":142443,"date":"2022-11-15T14:11:58","date_gmt":"2022-11-15T13:11:58","guid":{"rendered":"https:\/\/www.budokampsport.se\/?p=142443"},"modified":"2023-01-24T12:07:46","modified_gmt":"2023-01-24T11:07:46","slug":"snart-oppnar-medlemsrapporteringen-for-2023","status":"publish","type":"post","link":"https:\/\/www.budokampsport.se\/2022\/11\/15\/snart-oppnar-medlemsrapporteringen-for-2023\/","title":{"rendered":"Snart \u00f6ppnar medlemsrapporteringen f\u00f6r 2023"},"content":{"rendered":"<p>SB&amp;K-f\u00f6reningar ska \u00e5rligen rapportera medlemsantal och betala medlemsavgift till SB&amp;K samt skicka in en \u00e5rsrapport i IdrottOnline. Rapporteringen sker via tv\u00e5 olika rapporter, en medlemsrapport samt en \u00e5rsrapport.<\/p>\n<h3>\nMedlemsrapport<\/h3>\n<p>Medlemsrapporten ligger till grund f\u00f6r medlemsavgiften som f\u00f6reningen ska betala. L\u00e4nk f\u00f6r rapportering mejlas till respektive f\u00f6rening i mitten av december och medlemsavgiften ska vara betald senast 31 januari.<\/p>\n<p>Kontrollera att f\u00f6reningen har r\u00e4tt kontaktuppgifter i <a href=\"https:\/\/www.budokampsport.se\/klubbar\/\" target=\"_blank\" rel=\"noopener\">klubbregistret<\/a>. Eventuella uppdateringar skickas till <a href=\"mailto:info@budo.se\">info@budo.se<\/a> \u2013 var tydlig med vilken f\u00f6rening och vilken \u00e4ndring som avses.<\/p>\n<p>\u00bb L\u00e4s mer under <a href=\"https:\/\/www.budokampsport.se\/forening\/\" target=\"_blank\" rel=\"noopener\">F\u00f6rening<\/a> \u203a <a href=\"https:\/\/www.budokampsport.se\/forening\/medlemsrapport\/\" target=\"_blank\" rel=\"noopener\">Medlemsrapport<\/a><\/p>\n<h3>\u00c5rsrapport<\/h3>\n<p>I IdrottOnline ska en \u00e5rsrapport inneh\u00e5lla svar p\u00e5 n\u00e5gra fr\u00e5gor samt medlemsantal genererat fr\u00e5n f\u00f6reningens medlemsregister skapas och skickas in. Svarsperioden f\u00f6r \u00e5rsrapporten inleds den 1 december och avslutas den 31 januari.<\/p>\n<p>Kontrollera att f\u00f6reningens IdrottOnline \u00e4r aktiverad samt att n\u00e5gon i f\u00f6reningen har rollen <em>huvudadministrat\u00f6r<\/em> eller <em>klubbadministrat\u00f6r<\/em>. Det \u00e4r personer med dessa roller som kan skicka in \u00e5rsrapporten.\u00a0<\/p>\n<p><a href=\"https:\/\/support.idrottonline.se\/support\/home\" target=\"_blank\" rel=\"noopener\">IdrottOnlines support<\/a> tillhandah\u00e5ller manualer samt m\u00f6jlighet till hj\u00e4lp via telefon, mejl eller formul\u00e4r.<\/p>\n<p>\u00bb L\u00e4s mer under <a href=\"https:\/\/www.budokampsport.se\/forening\/\" target=\"_blank\" rel=\"noopener\">F\u00f6rening<\/a> \u203a <a href=\"https:\/\/www.budokampsport.se\/forening\/arsrapport\/\" target=\"_blank\" rel=\"noopener\">\u00c5rsrapport<\/a><\/p>\n<p>&nbsp;<\/p>\n","protected":false},"excerpt":{"rendered":"<p>F\u00d6RENING. Den \u00e5rliga rapportering som medlemsf\u00f6reningar ska g\u00f6ra till SB&#038;K n\u00e4rmar sig.\u00a0Att se \u00f6ver f\u00f6reningens kontakt- respektive inloggningsuppgifter i tid inf\u00f6r detta rekommenderas.<br \/><br>(Foto: Mathias Bergeld\/Bildbyr\u00e5n)<\/p><br>","protected":false},"author":1195,"featured_media":140347,"comment_status":"closed","ping_status":"open","sticky":false,"template":"","format":"standard","meta":{"_acf_changed":false,"footnotes":""},"categories":[481],"tags":[],"class_list":["post-142443","post","type-post","status-publish","format-standard","has-post-thumbnail","hentry","category-forening"],"acf":[],"yoast_head":"<!-- This site is optimized with the Yoast SEO plugin v26.8 - https:\/\/yoast.com\/product\/yoast-seo-wordpress\/ -->\n<title>Snart \u00f6ppnar medlemsrapporteringen f\u00f6r 2023 - Svenska Budo &amp; Kampsportsf\u00f6rbundet<\/title>\n<meta name=\"description\" content=\"F\u00d6RENING. Den \u00e5rliga rapportering som medlemsf\u00f6reningar ska g\u00f6ra till SB&amp;K n\u00e4rmar sig.\u00a0Att se \u00f6ver f\u00f6reningens kontakt- respektive inloggningsuppgifter i tid inf\u00f6r detta rekommenderas.  (Foto: Mathias Bergeld\/Bildbyr\u00e5n)\" \/>\n<meta name=\"robots\" content=\"index, follow, max-snippet:-1, max-image-preview:large, max-video-preview:-1\" \/>\n<link rel=\"canonical\" href=\"https:\/\/www.budokampsport.se\/2022\/11\/15\/snart-oppnar-medlemsrapporteringen-for-2023\/\" \/>\n<meta property=\"og:locale\" content=\"sv_SE\" \/>\n<meta property=\"og:type\" content=\"article\" \/>\n<meta property=\"og:title\" content=\"Snart \u00f6ppnar medlemsrapporteringen f\u00f6r 2023 - Svenska Budo &amp; Kampsportsf\u00f6rbundet\" \/>\n<meta property=\"og:description\" content=\"F\u00d6RENING. Den \u00e5rliga rapportering som medlemsf\u00f6reningar ska g\u00f6ra till SB&amp;K n\u00e4rmar sig.\u00a0Att se \u00f6ver f\u00f6reningens kontakt- respektive inloggningsuppgifter i tid inf\u00f6r detta rekommenderas.  (Foto: Mathias Bergeld\/Bildbyr\u00e5n)\" \/>\n<meta property=\"og:url\" content=\"https:\/\/www.budokampsport.se\/2022\/11\/15\/snart-oppnar-medlemsrapporteringen-for-2023\/\" \/>\n<meta property=\"og:site_name\" content=\"Svenska Budo &amp; Kampsportsf\u00f6rbundet\" \/>\n<meta property=\"article:published_time\" content=\"2022-11-15T13:11:58+00:00\" \/>\n<meta property=\"article:modified_time\" content=\"2023-01-24T11:07:46+00:00\" \/>\n<meta property=\"og:image\" content=\"https:\/\/www.budokampsport.se\/wp-content\/uploads\/2022\/06\/kivra-bid.jpg\" \/>\n\t<meta property=\"og:image:width\" content=\"850\" \/>\n\t<meta property=\"og:image:height\" content=\"567\" \/>\n\t<meta property=\"og:image:type\" content=\"image\/jpeg\" \/>\n<meta name=\"author\" content=\"Kansliet\" \/>\n<meta name=\"twitter:card\" content=\"summary_large_image\" \/>\n<meta name=\"twitter:label1\" content=\"Skriven av\" \/>\n\t<meta name=\"twitter:data1\" content=\"Kansliet\" \/>\n\t<meta name=\"twitter:label2\" content=\"Ber\u00e4knad l\u00e4stid\" \/>\n\t<meta name=\"twitter:data2\" content=\"1 minut\" \/>\n<script type=\"application\/ld+json\" class=\"yoast-schema-graph\">{\"@context\":\"https:\/\/schema.org\",\"@graph\":[{\"@type\":\"Article\",\"@id\":\"https:\/\/www.budokampsport.se\/2022\/11\/15\/snart-oppnar-medlemsrapporteringen-for-2023\/#article\",\"isPartOf\":{\"@id\":\"https:\/\/www.budokampsport.se\/2022\/11\/15\/snart-oppnar-medlemsrapporteringen-for-2023\/\"},\"author\":{\"name\":\"Kansliet\",\"@id\":\"https:\/\/www.budokampsport.se\/#\/schema\/person\/4879786a5505c6e8fc3f5d619a753c3e\"},\"headline\":\"Snart \u00f6ppnar medlemsrapporteringen f\u00f6r 2023\",\"datePublished\":\"2022-11-15T13:11:58+00:00\",\"dateModified\":\"2023-01-24T11:07:46+00:00\",\"mainEntityOfPage\":{\"@id\":\"https:\/\/www.budokampsport.se\/2022\/11\/15\/snart-oppnar-medlemsrapporteringen-for-2023\/\"},\"wordCount\":201,\"image\":{\"@id\":\"https:\/\/www.budokampsport.se\/2022\/11\/15\/snart-oppnar-medlemsrapporteringen-for-2023\/#primaryimage\"},\"thumbnailUrl\":\"https:\/\/www.budokampsport.se\/wp-content\/uploads\/2022\/06\/kivra-bid.jpg\",\"articleSection\":[\"F\u00f6rening\"],\"inLanguage\":\"sv-SE\"},{\"@type\":\"WebPage\",\"@id\":\"https:\/\/www.budokampsport.se\/2022\/11\/15\/snart-oppnar-medlemsrapporteringen-for-2023\/\",\"url\":\"https:\/\/www.budokampsport.se\/2022\/11\/15\/snart-oppnar-medlemsrapporteringen-for-2023\/\",\"name\":\"Snart \u00f6ppnar medlemsrapporteringen f\u00f6r 2023 - Svenska Budo &amp; Kampsportsf\u00f6rbundet\",\"isPartOf\":{\"@id\":\"https:\/\/www.budokampsport.se\/#website\"},\"primaryImageOfPage\":{\"@id\":\"https:\/\/www.budokampsport.se\/2022\/11\/15\/snart-oppnar-medlemsrapporteringen-for-2023\/#primaryimage\"},\"image\":{\"@id\":\"https:\/\/www.budokampsport.se\/2022\/11\/15\/snart-oppnar-medlemsrapporteringen-for-2023\/#primaryimage\"},\"thumbnailUrl\":\"https:\/\/www.budokampsport.se\/wp-content\/uploads\/2022\/06\/kivra-bid.jpg\",\"datePublished\":\"2022-11-15T13:11:58+00:00\",\"dateModified\":\"2023-01-24T11:07:46+00:00\",\"author\":{\"@id\":\"https:\/\/www.budokampsport.se\/#\/schema\/person\/4879786a5505c6e8fc3f5d619a753c3e\"},\"description\":\"F\u00d6RENING. Den \u00e5rliga rapportering som medlemsf\u00f6reningar ska g\u00f6ra till SB&K n\u00e4rmar sig.\u00a0Att se \u00f6ver f\u00f6reningens kontakt- respektive inloggningsuppgifter i tid inf\u00f6r detta rekommenderas. (Foto: Mathias Bergeld\/Bildbyr\u00e5n)\",\"breadcrumb\":{\"@id\":\"https:\/\/www.budokampsport.se\/2022\/11\/15\/snart-oppnar-medlemsrapporteringen-for-2023\/#breadcrumb\"},\"inLanguage\":\"sv-SE\",\"potentialAction\":[{\"@type\":\"ReadAction\",\"target\":[\"https:\/\/www.budokampsport.se\/2022\/11\/15\/snart-oppnar-medlemsrapporteringen-for-2023\/\"]}]},{\"@type\":\"ImageObject\",\"inLanguage\":\"sv-SE\",\"@id\":\"https:\/\/www.budokampsport.se\/2022\/11\/15\/snart-oppnar-medlemsrapporteringen-for-2023\/#primaryimage\",\"url\":\"https:\/\/www.budokampsport.se\/wp-content\/uploads\/2022\/06\/kivra-bid.jpg\",\"contentUrl\":\"https:\/\/www.budokampsport.se\/wp-content\/uploads\/2022\/06\/kivra-bid.jpg\",\"width\":850,\"height\":567,\"caption\":\"Foto: MATHIAS BERGELD \/ BILDBYR\u00c5N \/ Cop 200\"},{\"@type\":\"BreadcrumbList\",\"@id\":\"https:\/\/www.budokampsport.se\/2022\/11\/15\/snart-oppnar-medlemsrapporteringen-for-2023\/#breadcrumb\",\"itemListElement\":[{\"@type\":\"ListItem\",\"position\":1,\"name\":\"Hem\",\"item\":\"https:\/\/www.budokampsport.se\/\"},{\"@type\":\"ListItem\",\"position\":2,\"name\":\"Snart \u00f6ppnar medlemsrapporteringen f\u00f6r 2023\"}]},{\"@type\":\"WebSite\",\"@id\":\"https:\/\/www.budokampsport.se\/#website\",\"url\":\"https:\/\/www.budokampsport.se\/\",\"name\":\"Svenska Budo &amp; Kampsportsf\u00f6rbundet\",\"description\":\"T\u00e4vling, Tr\u00e4ning, Tradition\",\"potentialAction\":[{\"@type\":\"SearchAction\",\"target\":{\"@type\":\"EntryPoint\",\"urlTemplate\":\"https:\/\/www.budokampsport.se\/?s={search_term_string}\"},\"query-input\":{\"@type\":\"PropertyValueSpecification\",\"valueRequired\":true,\"valueName\":\"search_term_string\"}}],\"inLanguage\":\"sv-SE\"},{\"@type\":\"Person\",\"@id\":\"https:\/\/www.budokampsport.se\/#\/schema\/person\/4879786a5505c6e8fc3f5d619a753c3e\",\"name\":\"Kansliet\",\"image\":{\"@type\":\"ImageObject\",\"inLanguage\":\"sv-SE\",\"@id\":\"https:\/\/www.budokampsport.se\/#\/schema\/person\/image\/\",\"url\":\"https:\/\/secure.gravatar.com\/avatar\/14cbc5bb355f5ca0b294dcf8d8981cf4?s=96&d=blank&r=g\",\"contentUrl\":\"https:\/\/secure.gravatar.com\/avatar\/14cbc5bb355f5ca0b294dcf8d8981cf4?s=96&d=blank&r=g\",\"caption\":\"Kansliet\"},\"url\":\"https:\/\/www.budokampsport.se\/author\/kansliet\/\"}]}<\/script>\n<!-- \/ Yoast SEO plugin. -->","yoast_head_json":{"title":"Snart \u00f6ppnar medlemsrapporteringen f\u00f6r 2023 - Svenska Budo &amp; Kampsportsf\u00f6rbundet","description":"F\u00d6RENING. Den \u00e5rliga rapportering som medlemsf\u00f6reningar ska g\u00f6ra till SB&K n\u00e4rmar sig.\u00a0Att se \u00f6ver f\u00f6reningens kontakt- respektive inloggningsuppgifter i tid inf\u00f6r detta rekommenderas.  (Foto: Mathias Bergeld\/Bildbyr\u00e5n)","robots":{"index":"index","follow":"follow","max-snippet":"max-snippet:-1","max-image-preview":"max-image-preview:large","max-video-preview":"max-video-preview:-1"},"canonical":"https:\/\/www.budokampsport.se\/2022\/11\/15\/snart-oppnar-medlemsrapporteringen-for-2023\/","og_locale":"sv_SE","og_type":"article","og_title":"Snart \u00f6ppnar medlemsrapporteringen f\u00f6r 2023 - Svenska Budo &amp; Kampsportsf\u00f6rbundet","og_description":"F\u00d6RENING. Den \u00e5rliga rapportering som medlemsf\u00f6reningar ska g\u00f6ra till SB&K n\u00e4rmar sig.\u00a0Att se \u00f6ver f\u00f6reningens kontakt- respektive inloggningsuppgifter i tid inf\u00f6r detta rekommenderas.  (Foto: Mathias Bergeld\/Bildbyr\u00e5n)","og_url":"https:\/\/www.budokampsport.se\/2022\/11\/15\/snart-oppnar-medlemsrapporteringen-for-2023\/","og_site_name":"Svenska Budo &amp; Kampsportsf\u00f6rbundet","article_published_time":"2022-11-15T13:11:58+00:00","article_modified_time":"2023-01-24T11:07:46+00:00","og_image":[{"width":850,"height":567,"url":"https:\/\/www.budokampsport.se\/wp-content\/uploads\/2022\/06\/kivra-bid.jpg","type":"image\/jpeg"}],"author":"Kansliet","twitter_card":"summary_large_image","twitter_misc":{"Skriven av":"Kansliet","Ber\u00e4knad l\u00e4stid":"1 minut"},"schema":{"@context":"https:\/\/schema.org","@graph":[{"@type":"Article","@id":"https:\/\/www.budokampsport.se\/2022\/11\/15\/snart-oppnar-medlemsrapporteringen-for-2023\/#article","isPartOf":{"@id":"https:\/\/www.budokampsport.se\/2022\/11\/15\/snart-oppnar-medlemsrapporteringen-for-2023\/"},"author":{"name":"Kansliet","@id":"https:\/\/www.budokampsport.se\/#\/schema\/person\/4879786a5505c6e8fc3f5d619a753c3e"},"headline":"Snart \u00f6ppnar medlemsrapporteringen f\u00f6r 2023","datePublished":"2022-11-15T13:11:58+00:00","dateModified":"2023-01-24T11:07:46+00:00","mainEntityOfPage":{"@id":"https:\/\/www.budokampsport.se\/2022\/11\/15\/snart-oppnar-medlemsrapporteringen-for-2023\/"},"wordCount":201,"image":{"@id":"https:\/\/www.budokampsport.se\/2022\/11\/15\/snart-oppnar-medlemsrapporteringen-for-2023\/#primaryimage"},"thumbnailUrl":"https:\/\/www.budokampsport.se\/wp-content\/uploads\/2022\/06\/kivra-bid.jpg","articleSection":["F\u00f6rening"],"inLanguage":"sv-SE"},{"@type":"WebPage","@id":"https:\/\/www.budokampsport.se\/2022\/11\/15\/snart-oppnar-medlemsrapporteringen-for-2023\/","url":"https:\/\/www.budokampsport.se\/2022\/11\/15\/snart-oppnar-medlemsrapporteringen-for-2023\/","name":"Snart \u00f6ppnar medlemsrapporteringen f\u00f6r 2023 - Svenska Budo &amp; Kampsportsf\u00f6rbundet","isPartOf":{"@id":"https:\/\/www.budokampsport.se\/#website"},"primaryImageOfPage":{"@id":"https:\/\/www.budokampsport.se\/2022\/11\/15\/snart-oppnar-medlemsrapporteringen-for-2023\/#primaryimage"},"image":{"@id":"https:\/\/www.budokampsport.se\/2022\/11\/15\/snart-oppnar-medlemsrapporteringen-for-2023\/#primaryimage"},"thumbnailUrl":"https:\/\/www.budokampsport.se\/wp-content\/uploads\/2022\/06\/kivra-bid.jpg","datePublished":"2022-11-15T13:11:58+00:00","dateModified":"2023-01-24T11:07:46+00:00","author":{"@id":"https:\/\/www.budokampsport.se\/#\/schema\/person\/4879786a5505c6e8fc3f5d619a753c3e"},"description":"F\u00d6RENING. Den \u00e5rliga rapportering som medlemsf\u00f6reningar ska g\u00f6ra till SB&K n\u00e4rmar sig.\u00a0Att se \u00f6ver f\u00f6reningens kontakt- respektive inloggningsuppgifter i tid inf\u00f6r detta rekommenderas. (Foto: Mathias Bergeld\/Bildbyr\u00e5n)","breadcrumb":{"@id":"https:\/\/www.budokampsport.se\/2022\/11\/15\/snart-oppnar-medlemsrapporteringen-for-2023\/#breadcrumb"},"inLanguage":"sv-SE","potentialAction":[{"@type":"ReadAction","target":["https:\/\/www.budokampsport.se\/2022\/11\/15\/snart-oppnar-medlemsrapporteringen-for-2023\/"]}]},{"@type":"ImageObject","inLanguage":"sv-SE","@id":"https:\/\/www.budokampsport.se\/2022\/11\/15\/snart-oppnar-medlemsrapporteringen-for-2023\/#primaryimage","url":"https:\/\/www.budokampsport.se\/wp-content\/uploads\/2022\/06\/kivra-bid.jpg","contentUrl":"https:\/\/www.budokampsport.se\/wp-content\/uploads\/2022\/06\/kivra-bid.jpg","width":850,"height":567,"caption":"Foto: MATHIAS BERGELD \/ BILDBYR\u00c5N \/ Cop 200"},{"@type":"BreadcrumbList","@id":"https:\/\/www.budokampsport.se\/2022\/11\/15\/snart-oppnar-medlemsrapporteringen-for-2023\/#breadcrumb","itemListElement":[{"@type":"ListItem","position":1,"name":"Hem","item":"https:\/\/www.budokampsport.se\/"},{"@type":"ListItem","position":2,"name":"Snart \u00f6ppnar medlemsrapporteringen f\u00f6r 2023"}]},{"@type":"WebSite","@id":"https:\/\/www.budokampsport.se\/#website","url":"https:\/\/www.budokampsport.se\/","name":"Svenska Budo &amp; Kampsportsf\u00f6rbundet","description":"T\u00e4vling, Tr\u00e4ning, Tradition","potentialAction":[{"@type":"SearchAction","target":{"@type":"EntryPoint","urlTemplate":"https:\/\/www.budokampsport.se\/?s={search_term_string}"},"query-input":{"@type":"PropertyValueSpecification","valueRequired":true,"valueName":"search_term_string"}}],"inLanguage":"sv-SE"},{"@type":"Person","@id":"https:\/\/www.budokampsport.se\/#\/schema\/person\/4879786a5505c6e8fc3f5d619a753c3e","name":"Kansliet","image":{"@type":"ImageObject","inLanguage":"sv-SE","@id":"https:\/\/www.budokampsport.se\/#\/schema\/person\/image\/","url":"https:\/\/secure.gravatar.com\/avatar\/14cbc5bb355f5ca0b294dcf8d8981cf4?s=96&d=blank&r=g","contentUrl":"https:\/\/secure.gravatar.com\/avatar\/14cbc5bb355f5ca0b294dcf8d8981cf4?s=96&d=blank&r=g","caption":"Kansliet"},"url":"https:\/\/www.budokampsport.se\/author\/kansliet\/"}]}},"_links":{"self":[{"href":"https:\/\/www.budokampsport.se\/api\/wp\/v2\/posts\/142443","targetHints":{"allow":["GET"]}}],"collection":[{"href":"https:\/\/www.budokampsport.se\/api\/wp\/v2\/posts"}],"about":[{"href":"https:\/\/www.budokampsport.se\/api\/wp\/v2\/types\/post"}],"author":[{"embeddable":true,"href":"https:\/\/www.budokampsport.se\/api\/wp\/v2\/users\/1195"}],"replies":[{"embeddable":true,"href":"https:\/\/www.budokampsport.se\/api\/wp\/v2\/comments?post=142443"}],"version-history":[{"count":0,"href":"https:\/\/www.budokampsport.se\/api\/wp\/v2\/posts\/142443\/revisions"}],"wp:featuredmedia":[{"embeddable":true,"href":"https:\/\/www.budokampsport.se\/api\/wp\/v2\/media\/140347"}],"wp:attachment":[{"href":"https:\/\/www.budokampsport.se\/api\/wp\/v2\/media?parent=142443"}],"wp:term":[{"taxonomy":"category","embeddable":true,"href":"https:\/\/www.budokampsport.se\/api\/wp\/v2\/categories?post=142443"},{"taxonomy":"post_tag","embeddable":true,"href":"https:\/\/www.budokampsport.se\/api\/wp\/v2\/tags?post=142443"}],"curies":[{"name":"wp","href":"https:\/\/api.w.org\/{rel}","templated":true}]}}