{"id":142475,"date":"2022-09-29T16:00:40","date_gmt":"2022-09-29T14:00:40","guid":{"rendered":"https:\/\/www.budokampsport.se\/?p=142475"},"modified":"2022-09-30T11:49:10","modified_gmt":"2022-09-30T09:49:10","slug":"sm-i-thaiboxning-i-varberg-i-helgen","status":"publish","type":"post","link":"https:\/\/www.budokampsport.se\/2022\/09\/29\/sm-i-thaiboxning-i-varberg-i-helgen\/","title":{"rendered":"SM i thaiboxning i Varberg i helgen"},"content":{"rendered":"<p>Under helgen \u00e4r det SM i thaiboxning.\u00a0<\/p>\n<figure id=\"attachment_50394\" aria-describedby=\"caption-attachment-50394\" style=\"width: 278px\" class=\"wp-caption alignright\"><img loading=\"lazy\" decoding=\"async\" class=\"size-thumbnail wp-image-50394\" src=\"https:\/\/www.budokampsport.se\/wp-content\/uploads\/2017\/09\/pelle_banghall-1024x683-278x185.jpg\" alt=\"\" width=\"278\" height=\"185\" \/><figcaption id=\"caption-attachment-50394\" class=\"wp-caption-text\">Foto: Jonathan Broberg<\/figcaption><\/figure>\n<p>M\u00e4sterskapet h\u00e5lls i Varbergs idrottshall. Och \u00e4ven om finaler h\u00e5lls p\u00e5 l\u00f6rdag startar kvalet redan under torsdag.<\/p>\n<p>&#8211; Ja, vi startar idag med -71-kilo och sedan \u00e4r det full fart under ett par dagar. Vi ser mycket fram emot t\u00e4vlingarna, s\u00e4ger en av arrang\u00f6rerna, den forne f\u00f6rbundskaptenen, Pelle B\u00e5ngh\u00e4ll till budokampsport.se.<\/p>\n<p><strong>Pelle, vad kan vi f\u00f6rv\u00e4nta oss under SM-t\u00e4vlingarna?<\/strong><\/p>\n<p>&#8211; Det \u00e4r 75 anm\u00e4lda och det \u00e4r bra kvalitet. Det finns mycket fin thaiboxning att uppleva. Vi k\u00f6r i Varbergs idrottshall d\u00e4r vi <a href=\"https:\/\/www.budokampsport.se\/2016\/02\/18\/sm-finalerna-i-thaiboxning-har-kan-ni-se-om-dem\/\" target=\"_blank\" rel=\"noopener\">arrangerade SM 2016<\/a>. Det blir en fin inramning. Det finns egentligen inget st\u00f6rre att vinna nationellt \u00e4n SM, och s\u00e5 ligger det ju ocks\u00e5 till grund f\u00f6r landslaget. Vi tycker att det ska bli v\u00e4ldigt kul att arrangera SM igen. Alla \u00e4r varmt v\u00e4lkomna till vackra Varberg.<\/p>\n<p>Biljetter till finalgalan g\u00e5r att k\u00f6pa hos <a href=\"https:\/\/www.tickster.com\/sv\/events\/7b7r21mbj6dp0xw\/2022-10-01\/sm-finaler-thaiboxning\" target=\"_blank\" rel=\"noopener\">tickster<\/a>.<\/p>\n<p>Stream<\/p>\n<p>SM kommer att streamas p\u00e5 <a href=\"https:\/\/www.youtube.com\/channel\/UCZChjR4tFlH1XsWYxcarIHw\" target=\"_blank\" rel=\"noopener\">Svenska Muaythaif\u00f6rbundets Youtube<\/a>.<\/p>\n<h3>Samtliga anm\u00e4lda till SM<\/h3>\n<table style=\"border-collapse: collapse; width: 100%;\">\n<tbody>\n<tr style=\"height: 23px;\">\n<td style=\"height: 23px; width: 70%;\"><strong>DAMER<\/strong>, -45 kg<\/td>\n<\/tr>\n<tr>\n<td style=\"width: 70%;\"><strong>Camilla Danielsson<\/strong>, <span style=\"font-size: 10pt;\">Odenplan Fightgym IF<\/span><\/td>\n<\/tr>\n<\/tbody>\n<\/table>\n<p>&nbsp;<\/p>\n<table style=\"border-collapse: collapse; width: 100%;\">\n<tbody>\n<tr style=\"height: 23px;\">\n<td style=\"height: 23px; width: 70%;\"><strong>DAMER<\/strong>, -48 kg<\/td>\n<\/tr>\n<tr>\n<td style=\"width: 70%;\"><strong>Sofia Holmer<\/strong>, <span style=\"font-size: 10pt;\">Odenplan Fightgym IF<\/span><\/td>\n<\/tr>\n<\/tbody>\n<\/table>\n<p>&nbsp;<\/p>\n<table style=\"border-collapse: collapse; width: 100%;\">\n<tbody>\n<tr style=\"height: 23px;\">\n<td style=\"height: 23px; width: 70%;\"><strong>DAMER<\/strong>, -51 kg<\/td>\n<\/tr>\n<tr>\n<td style=\"width: 70%;\"><strong>Johanna Persson<\/strong>, <span style=\"font-size: 10pt;\">G\u00e4vle Stand-Up Fighting Camp IF<\/span><br \/>\n<strong>Lauren Kertez<\/strong>, <span style=\"font-size: 10pt;\">Malm\u00f6 Muay Thai IF<\/span><\/td>\n<\/tr>\n<\/tbody>\n<\/table>\n<p>&nbsp;<\/p>\n<table style=\"border-collapse: collapse; width: 100%;\">\n<tbody>\n<tr style=\"height: 23px;\">\n<td style=\"height: 23px; width: 70%;\"><strong>DAMER<\/strong>, -54 kg<\/td>\n<\/tr>\n<tr>\n<td style=\"width: 70%;\"><strong>Jessica Jerr\u00e5s<\/strong>, <span style=\"font-size: 10pt;\">Uppsala Kampsportcenter IF<\/span><br \/>\n<strong>Moa Carlsson<\/strong>, <span style=\"font-size: 10pt;\">Halmstad Fight Academy IF<\/span><br \/>\n<strong>Vilda Ekhorn<\/strong>, <span style=\"font-size: 10pt;\">OneChai Muaythai &amp; K1 IF<\/span><\/td>\n<\/tr>\n<\/tbody>\n<\/table>\n<p>&nbsp;<\/p>\n<table style=\"border-collapse: collapse; width: 100%; height: 167px;\">\n<tbody>\n<tr style=\"height: 23px;\">\n<td style=\"height: 23px; width: 70%;\"><strong>DAMER<\/strong>, -57 kg<\/td>\n<\/tr>\n<tr style=\"height: 144px;\">\n<td style=\"width: 70%; height: 144px;\"><strong>Evelina Wikner<\/strong>, <span style=\"font-size: 10pt;\">Fighter Centre IF<\/span><br \/>\n<strong>Livia Malmborg Nygaard<\/strong>, <span style=\"font-size: 10pt;\">Malm\u00f6 Muay Thai IF<\/span><br \/>\n<strong>Patricia Axling<\/strong>, <span style=\"font-size: 10pt;\">Odenplan Fightgym Idrottsf\u00f6rening<\/span><br \/>\n<strong>Linnea Eriksson<\/strong>, <span style=\"font-size: 10pt;\">Masthuggets Kampsportsklubb<\/span><br \/>\n<strong>Elin Granberg<\/strong>,<span style=\"font-size: 10pt;\"> Lycksele Muay Thai F\u00f6rening<\/span><br \/>\n<strong>Emilia Koivisto<\/strong>, <span style=\"font-size: 10pt;\">South Side Muay Thai IF<\/span><\/td>\n<\/tr>\n<\/tbody>\n<\/table>\n<p>&nbsp;<\/p>\n<table style=\"border-collapse: collapse; width: 100%;\">\n<tbody>\n<tr style=\"height: 23px;\">\n<td style=\"height: 23px; width: 70%;\"><strong>DAMER<\/strong>, -60 kg<\/td>\n<\/tr>\n<tr>\n<td style=\"width: 70%;\"><strong>Antonia Drevenlid<\/strong>, <span style=\"font-size: 10pt;\">Odenplan Fightgym IF<\/span><br \/>\n<strong>Arna Avdic<\/strong>, <span style=\"font-size: 10pt;\">Varbergs Thaiboxningsklubb<\/span><br \/>\n<strong>Frida Lindberg<\/strong>, <span style=\"font-size: 10pt;\">Uppsala Kampsportcenter IF<\/span><br \/>\n<strong>Cornelia Strandberg<\/strong>, <span style=\"font-size: 10pt;\">Bulldog Training Center IF<\/span><br \/>\n<strong>Michelle Sundstr\u00f6m<\/strong>, <span style=\"font-size: 10pt;\">South Side Muay Thai IF<\/span><br \/>\n<strong>Ewin Ates<\/strong>, <span style=\"font-size: 10pt;\">\u00d6resund Muay Thai Camp IF<\/span><\/td>\n<\/tr>\n<\/tbody>\n<\/table>\n<p>&nbsp;<\/p>\n<table style=\"border-collapse: collapse; width: 100%;\">\n<tbody>\n<tr style=\"height: 23px;\">\n<td style=\"height: 23px; width: 70%;\"><strong>DAMER<\/strong>, -63,5 kg<\/td>\n<\/tr>\n<tr>\n<td style=\"width: 70%;\"><strong>Alexandra Andersr\u00f6d<\/strong>, <span style=\"font-size: 10pt;\">G\u00f6teborg Muay Thai IF<\/span><br \/>\n<strong>Emelie Johans<\/strong>, <span style=\"font-size: 10pt;\">Odenplan Fightgym Idrottsf\u00f6rening<\/span><br \/>\n<strong>Viktoria Lauenstein<\/strong>, <span style=\"font-size: 10pt;\">South Side Muay Thai IF<\/span><br \/>\n<strong>Julia Cassel<\/strong>, <span style=\"font-size: 10pt;\">Masters Gym Kick &amp; Thaiboxning IF<\/span><br \/>\n<strong>Linda \u00d6stergren<\/strong>, <span style=\"font-size: 10pt;\">Tran\u00e5s Muaythai Klubb<\/span><\/td>\n<\/tr>\n<\/tbody>\n<\/table>\n<p>&nbsp;<\/p>\n<table style=\"border-collapse: collapse; width: 100%; height: 47px;\">\n<tbody>\n<tr style=\"height: 23px;\">\n<td style=\"height: 23px; width: 70%;\"><strong>DAMER<\/strong>, -67 kg<\/td>\n<\/tr>\n<tr style=\"height: 24px;\">\n<td style=\"width: 70%; height: 24px;\"><strong>Emma Stoneg\u00e5rd Abrahamsson<\/strong>,<span style=\"font-size: 10pt;\"> Impact Kampsportscenter<\/span><\/td>\n<\/tr>\n<\/tbody>\n<\/table>\n<p>&nbsp;<\/p>\n<table style=\"border-collapse: collapse; width: 100%;\">\n<tbody>\n<tr style=\"height: 23px;\">\n<td style=\"height: 23px; width: 70%;\"><strong>DAMER<\/strong>, -71 kg<\/td>\n<\/tr>\n<tr>\n<td style=\"width: 70%;\"><strong>Pernilla Palm<\/strong>, <span style=\"font-size: 10pt;\">Frontier Muay Thai IF<\/span><br \/>\n<strong>Anna Strandberg<\/strong>, <span style=\"font-size: 10pt;\">Impact Kampsportcenter IF<\/span><br \/>\n<strong>Irene Forssell Nilsson<\/strong>, <span style=\"font-size: 10pt;\">Masters Gym Kick &amp; Thaiboxning IF<\/span><br \/>\n<strong>Angela Mamic<\/strong>, <span style=\"font-size: 10pt;\">\u00d6resund Muay Thai Camp IF<\/span><\/td>\n<\/tr>\n<\/tbody>\n<\/table>\n<p>&nbsp;<\/p>\n<table style=\"border-collapse: collapse; width: 100%;\">\n<tbody>\n<tr style=\"height: 23px;\">\n<td style=\"height: 23px; width: 70%;\"><strong>HERRAR<\/strong>, -57 kg<\/td>\n<\/tr>\n<tr>\n<td style=\"width: 70%;\"><strong>Javad Vahid Rezah<\/strong>, <span style=\"font-size: 10pt;\">Fighter Centre IF<\/span><br \/>\n<strong>Harem Gulani<\/strong>, <span style=\"font-size: 10pt;\">Ume\u00e5 Muaythai IF<\/span><br \/>\n<strong>Noak Wolls\u00e4ter<\/strong>, <span style=\"font-size: 10pt;\">G\u00f6teborg Muay Thai IF<\/span><\/td>\n<\/tr>\n<\/tbody>\n<\/table>\n<p>&nbsp;<\/p>\n<table style=\"border-collapse: collapse; width: 100%;\">\n<tbody>\n<tr style=\"height: 23px;\">\n<td style=\"height: 23px; width: 70%;\"><strong>HERRAR<\/strong>, -63,5 kg<\/td>\n<\/tr>\n<tr>\n<td style=\"width: 70%;\"><strong>Linus Bylander<\/strong>, <span style=\"font-size: 10pt;\">F\u00f6reningen Fightgym Bor\u00e5s<\/span><br \/>\n<strong>Pierre John<\/strong>, <span style=\"font-size: 10pt;\">G\u00f6teborg Muay Thai IF<\/span><br \/>\n<strong>Freddy Castro Gonzalez<\/strong>, <span style=\"font-size: 10pt;\">IF Vasa Pretorian<\/span><br \/>\n<strong>Robert Nordkvist<\/strong>, <span style=\"font-size: 10pt;\">Kosta Kampakademi IF<\/span><br \/>\n<strong>Amir El-Dakkak<\/strong>, <span style=\"font-size: 10pt;\">Malm\u00f6 Muay Thai IF<\/span><br \/>\n<strong>Oscar Bod\u00e9n<\/strong>, <span style=\"font-size: 10pt;\">Klubb Stockholm Muay Thai<\/span><\/td>\n<\/tr>\n<\/tbody>\n<\/table>\n<p>&nbsp;<\/p>\n<table style=\"border-collapse: collapse; width: 100%;\">\n<tbody>\n<tr style=\"height: 23px;\">\n<td style=\"height: 23px; width: 70%;\"><strong>HERRAR<\/strong>, -67 kg<\/td>\n<\/tr>\n<tr>\n<td style=\"width: 70%;\"><strong>Maximilian Borglin<\/strong>, <span style=\"font-size: 10pt;\">Impact Kampsportcenter IF<\/span><br \/>\n<strong>Kenny Hong<\/strong>, <span style=\"font-size: 10pt;\">Halmstad Fight Academy IF<\/span><br \/>\n<strong>Rahil Abdur<\/strong>, <span style=\"font-size: 10pt;\">Malm\u00f6 Muay Thai IF<\/span><\/td>\n<\/tr>\n<\/tbody>\n<\/table>\n<p>&nbsp;<\/p>\n<table style=\"border-collapse: collapse; width: 100%;\">\n<tbody>\n<tr style=\"height: 23px;\">\n<td style=\"height: 23px; width: 100%;\"><strong>HERRAR<\/strong>, -71 kg<\/td>\n<\/tr>\n<tr>\n<td style=\"width: 100%;\"><strong>Alireza Amiri<\/strong>, <span style=\"font-size: 10pt;\">G\u00f6teborg Muay Thai IF<\/span><br \/>\n<strong>Abraham Pettersson<\/strong>, <span style=\"font-size: 10pt;\">IF Vasa Pretorian<\/span><br \/>\n<strong>Dalian Dawody<\/strong>,<span style=\"font-size: 10pt;\"> Karlstad Muay Thai IF<\/span><br \/>\n<strong>Rasmus Eriksson<\/strong>,<span style=\"font-size: 10pt;\"> Odenplan Fightgym IF<\/span><br \/>\n<strong>Nickolas Havbring<\/strong>, <span style=\"font-size: 10pt;\">Real Fighter S\u00e4llskap<\/span><br \/>\n<strong>Alexander Jansson<\/strong>,<span style=\"font-size: 10pt;\"> Uppsala kampsportcenter<\/span><br \/>\n<strong>Hubert Majewski<\/strong>, <span style=\"font-size: 10pt;\">Varbergs Thaiboxningsklubb<\/span><br \/>\n<strong>Nils Olsson<\/strong>, <span style=\"font-size: 10pt;\">019 Boxing gym IF<\/span><br \/>\n<strong>Akram Haddad<\/strong>, <span style=\"font-size: 10pt;\">Fighter Centre IF<\/span><br \/>\n<strong>Emil Flystam<\/strong>, <span style=\"font-size: 10pt;\">Halmstad Fight Academy IF<\/span><\/td>\n<\/tr>\n<\/tbody>\n<\/table>\n<p>&nbsp;<\/p>\n<table style=\"border-collapse: collapse; width: 100%;\">\n<tbody>\n<tr style=\"height: 23px;\">\n<td style=\"height: 23px; width: 70%;\"><strong>HERRAR<\/strong>, -75 kg<\/td>\n<\/tr>\n<tr>\n<td style=\"width: 70%;\"><strong>Sixten Larsson<\/strong>, <span style=\"font-size: 10pt;\">F\u00f6reningen Fightgym Bor\u00e5s<\/span><br \/>\n<strong>Mustafa Aboutaka<\/strong>, <span style=\"font-size: 10pt;\">Helsingborg Muay Thai IF<\/span><br \/>\n<strong>Noah Alic<\/strong>, <span style=\"font-size: 10pt;\">G\u00f6teborg Muay Thai IF<\/span><br \/>\n<strong>Forat Najam<\/strong>, <span style=\"font-size: 10pt;\">Malm\u00f6 Mixed Martial Arts IF<\/span><\/td>\n<\/tr>\n<\/tbody>\n<\/table>\n<p>&nbsp;<\/p>\n<table style=\"border-collapse: collapse; width: 100%;\">\n<tbody>\n<tr style=\"height: 23px;\">\n<td style=\"height: 23px; width: 70%;\"><strong>HERRAR<\/strong>, -81 kg<\/td>\n<\/tr>\n<tr>\n<td style=\"width: 70%;\"><strong>Marcus Sundin Liljedorff<\/strong>, <span style=\"font-size: 10pt;\">Fight Club \u00c4ngelholm<\/span><br \/>\n<strong>Levi Jonsson<\/strong>, <span style=\"font-size: 10pt;\">South Side Muay Thai IF<\/span><br \/>\n<strong>Emil N\u00e4sman<\/strong>, <span style=\"font-size: 10pt;\">Tullinge Muay Thai thaiboxningsf\u00f6rening<\/span><br \/>\n<strong>Alexander Brodal<\/strong>, <span style=\"font-size: 10pt;\">Fighter Centre IF<\/span><br \/>\n<strong>Abdurrahmaan Mohamed Nour<\/strong>, <span style=\"font-size: 10pt;\">Real Fighter S\u00e4llskap<\/span><\/td>\n<\/tr>\n<\/tbody>\n<\/table>\n<p>&nbsp;<\/p>\n<table style=\"border-collapse: collapse; width: 100%;\">\n<tbody>\n<tr style=\"height: 23px;\">\n<td style=\"height: 23px; width: 70%;\"><strong>HERRAR<\/strong>, -86 kg<\/td>\n<\/tr>\n<tr>\n<td style=\"width: 70%;\"><strong>Arthur Balekelayi<\/strong>, <span style=\"font-size: 10pt;\">Klubb Stockholm Muay Thai<\/span><br \/>\n<strong>Andreas Lilliecrona<\/strong>, <span style=\"font-size: 10pt;\">Varbergs Thaiboxningsklubb<\/span><\/td>\n<\/tr>\n<\/tbody>\n<\/table>\n<p>&nbsp;<\/p>\n<table style=\"border-collapse: collapse; width: 100%; height: 48px;\">\n<tbody>\n<tr style=\"height: 23px;\">\n<td style=\"height: 38px; width: 70%;\"><strong>HERRAR<\/strong>, -91 kg<\/td>\n<\/tr>\n<tr style=\"height: 10px;\">\n<td style=\"width: 70%; height: 10px;\">\n<p><strong>Joacim Nyberg<\/strong>, <span style=\"font-size: 10pt;\">Varbergs Thaiboxningsklubb<\/span><\/p>\n<\/td>\n<\/tr>\n<\/tbody>\n<\/table>\n<p><em><span style=\"font-size: 10pt;\">K\u00e4lla: muaythai.se<\/span><\/em><\/p>\n<p>Text och foto: Jonathan Broberg<\/p>\n","protected":false},"excerpt":{"rendered":"<p>THAIBOXNING. Det \u00e4r dags f\u00f6r SM i thaiboxning och den h\u00e4r g\u00e5ngen g\u00e5r m\u00e4sterskapet i Varberg.<br \/><br>&#8211; Det finns egentligen inget st\u00f6rre att vinna nationellt \u00e4n SM, s\u00e4ger en av arrang\u00f6rerna Pelle B\u00e5ngh\u00e4ll till budokampsport.se.<\/p><br>","protected":false},"author":7,"featured_media":142543,"comment_status":"open","ping_status":"open","sticky":false,"template":"","format":"standard","meta":{"_acf_changed":false,"footnotes":""},"categories":[1],"tags":[],"class_list":["post-142475","post","type-post","status-publish","format-standard","has-post-thumbnail","hentry","category-okategoriserade"],"acf":[],"yoast_head":"<!-- This site is optimized with the Yoast SEO plugin v26.8 - https:\/\/yoast.com\/product\/yoast-seo-wordpress\/ -->\n<title>SM i thaiboxning i Varberg i helgen - Svenska Budo &amp; Kampsportsf\u00f6rbundet<\/title>\n<meta name=\"description\" content=\"THAIBOXNING. Det \u00e4r dags f\u00f6r SM i thaiboxning och den h\u00e4r g\u00e5ngen g\u00e5r m\u00e4sterskapet i Varberg. - Det finns egentligen inget st\u00f6rre att vinna nationellt \u00e4n SM, s\u00e4ger en av arrang\u00f6rerna Pelle B\u00e5ngh\u00e4ll till budokampsport.se.\" \/>\n<meta name=\"robots\" content=\"index, follow, max-snippet:-1, max-image-preview:large, max-video-preview:-1\" \/>\n<link rel=\"canonical\" href=\"https:\/\/www.budokampsport.se\/2022\/09\/29\/sm-i-thaiboxning-i-varberg-i-helgen\/\" \/>\n<meta property=\"og:locale\" content=\"sv_SE\" \/>\n<meta property=\"og:type\" content=\"article\" \/>\n<meta property=\"og:title\" content=\"SM i thaiboxning i Varberg i helgen - Svenska Budo &amp; Kampsportsf\u00f6rbundet\" \/>\n<meta property=\"og:description\" content=\"THAIBOXNING. Det \u00e4r dags f\u00f6r SM i thaiboxning och den h\u00e4r g\u00e5ngen g\u00e5r m\u00e4sterskapet i Varberg. - Det finns egentligen inget st\u00f6rre att vinna nationellt \u00e4n SM, s\u00e4ger en av arrang\u00f6rerna Pelle B\u00e5ngh\u00e4ll till budokampsport.se.\" \/>\n<meta property=\"og:url\" content=\"https:\/\/www.budokampsport.se\/2022\/09\/29\/sm-i-thaiboxning-i-varberg-i-helgen\/\" \/>\n<meta property=\"og:site_name\" content=\"Svenska Budo &amp; Kampsportsf\u00f6rbundet\" \/>\n<meta property=\"article:author\" content=\"https:\/\/www.facebook.com\/jonathan.broberg.7\" \/>\n<meta property=\"article:published_time\" content=\"2022-09-29T14:00:40+00:00\" \/>\n<meta property=\"article:modified_time\" content=\"2022-09-30T09:49:10+00:00\" \/>\n<meta property=\"og:image\" content=\"https:\/\/www.budokampsport.se\/wp-content\/uploads\/2022\/09\/thaiboxning.jpg\" \/>\n\t<meta property=\"og:image:width\" content=\"850\" \/>\n\t<meta property=\"og:image:height\" content=\"567\" \/>\n\t<meta property=\"og:image:type\" content=\"image\/jpeg\" \/>\n<meta name=\"author\" content=\"Jonathan Broberg\" \/>\n<meta name=\"twitter:card\" content=\"summary_large_image\" \/>\n<meta name=\"twitter:label1\" content=\"Skriven av\" \/>\n\t<meta name=\"twitter:data1\" content=\"Jonathan Broberg\" \/>\n\t<meta name=\"twitter:label2\" content=\"Ber\u00e4knad l\u00e4stid\" \/>\n\t<meta name=\"twitter:data2\" content=\"3 minuter\" \/>\n<script type=\"application\/ld+json\" class=\"yoast-schema-graph\">{\"@context\":\"https:\/\/schema.org\",\"@graph\":[{\"@type\":\"Article\",\"@id\":\"https:\/\/www.budokampsport.se\/2022\/09\/29\/sm-i-thaiboxning-i-varberg-i-helgen\/#article\",\"isPartOf\":{\"@id\":\"https:\/\/www.budokampsport.se\/2022\/09\/29\/sm-i-thaiboxning-i-varberg-i-helgen\/\"},\"author\":{\"name\":\"Jonathan Broberg\",\"@id\":\"https:\/\/www.budokampsport.se\/#\/schema\/person\/5c06d81d14850e2a8ce5493386560145\"},\"headline\":\"SM i thaiboxning i Varberg i helgen\",\"datePublished\":\"2022-09-29T14:00:40+00:00\",\"dateModified\":\"2022-09-30T09:49:10+00:00\",\"mainEntityOfPage\":{\"@id\":\"https:\/\/www.budokampsport.se\/2022\/09\/29\/sm-i-thaiboxning-i-varberg-i-helgen\/\"},\"wordCount\":658,\"commentCount\":0,\"image\":{\"@id\":\"https:\/\/www.budokampsport.se\/2022\/09\/29\/sm-i-thaiboxning-i-varberg-i-helgen\/#primaryimage\"},\"thumbnailUrl\":\"https:\/\/www.budokampsport.se\/wp-content\/uploads\/2022\/09\/thaiboxning.jpg\",\"inLanguage\":\"sv-SE\",\"potentialAction\":[{\"@type\":\"CommentAction\",\"name\":\"Comment\",\"target\":[\"https:\/\/www.budokampsport.se\/2022\/09\/29\/sm-i-thaiboxning-i-varberg-i-helgen\/#respond\"]}]},{\"@type\":\"WebPage\",\"@id\":\"https:\/\/www.budokampsport.se\/2022\/09\/29\/sm-i-thaiboxning-i-varberg-i-helgen\/\",\"url\":\"https:\/\/www.budokampsport.se\/2022\/09\/29\/sm-i-thaiboxning-i-varberg-i-helgen\/\",\"name\":\"SM i thaiboxning i Varberg i helgen - Svenska Budo &amp; Kampsportsf\u00f6rbundet\",\"isPartOf\":{\"@id\":\"https:\/\/www.budokampsport.se\/#website\"},\"primaryImageOfPage\":{\"@id\":\"https:\/\/www.budokampsport.se\/2022\/09\/29\/sm-i-thaiboxning-i-varberg-i-helgen\/#primaryimage\"},\"image\":{\"@id\":\"https:\/\/www.budokampsport.se\/2022\/09\/29\/sm-i-thaiboxning-i-varberg-i-helgen\/#primaryimage\"},\"thumbnailUrl\":\"https:\/\/www.budokampsport.se\/wp-content\/uploads\/2022\/09\/thaiboxning.jpg\",\"datePublished\":\"2022-09-29T14:00:40+00:00\",\"dateModified\":\"2022-09-30T09:49:10+00:00\",\"author\":{\"@id\":\"https:\/\/www.budokampsport.se\/#\/schema\/person\/5c06d81d14850e2a8ce5493386560145\"},\"description\":\"THAIBOXNING. Det \u00e4r dags f\u00f6r SM i thaiboxning och den h\u00e4r g\u00e5ngen g\u00e5r m\u00e4sterskapet i Varberg. - Det finns egentligen inget st\u00f6rre att vinna nationellt \u00e4n SM, s\u00e4ger en av arrang\u00f6rerna Pelle B\u00e5ngh\u00e4ll till budokampsport.se.\",\"breadcrumb\":{\"@id\":\"https:\/\/www.budokampsport.se\/2022\/09\/29\/sm-i-thaiboxning-i-varberg-i-helgen\/#breadcrumb\"},\"inLanguage\":\"sv-SE\",\"potentialAction\":[{\"@type\":\"ReadAction\",\"target\":[\"https:\/\/www.budokampsport.se\/2022\/09\/29\/sm-i-thaiboxning-i-varberg-i-helgen\/\"]}]},{\"@type\":\"ImageObject\",\"inLanguage\":\"sv-SE\",\"@id\":\"https:\/\/www.budokampsport.se\/2022\/09\/29\/sm-i-thaiboxning-i-varberg-i-helgen\/#primaryimage\",\"url\":\"https:\/\/www.budokampsport.se\/wp-content\/uploads\/2022\/09\/thaiboxning.jpg\",\"contentUrl\":\"https:\/\/www.budokampsport.se\/wp-content\/uploads\/2022\/09\/thaiboxning.jpg\",\"width\":850,\"height\":567},{\"@type\":\"BreadcrumbList\",\"@id\":\"https:\/\/www.budokampsport.se\/2022\/09\/29\/sm-i-thaiboxning-i-varberg-i-helgen\/#breadcrumb\",\"itemListElement\":[{\"@type\":\"ListItem\",\"position\":1,\"name\":\"Hem\",\"item\":\"https:\/\/www.budokampsport.se\/\"},{\"@type\":\"ListItem\",\"position\":2,\"name\":\"SM i thaiboxning i Varberg i helgen\"}]},{\"@type\":\"WebSite\",\"@id\":\"https:\/\/www.budokampsport.se\/#website\",\"url\":\"https:\/\/www.budokampsport.se\/\",\"name\":\"Svenska Budo &amp; Kampsportsf\u00f6rbundet\",\"description\":\"T\u00e4vling, Tr\u00e4ning, Tradition\",\"potentialAction\":[{\"@type\":\"SearchAction\",\"target\":{\"@type\":\"EntryPoint\",\"urlTemplate\":\"https:\/\/www.budokampsport.se\/?s={search_term_string}\"},\"query-input\":{\"@type\":\"PropertyValueSpecification\",\"valueRequired\":true,\"valueName\":\"search_term_string\"}}],\"inLanguage\":\"sv-SE\"},{\"@type\":\"Person\",\"@id\":\"https:\/\/www.budokampsport.se\/#\/schema\/person\/5c06d81d14850e2a8ce5493386560145\",\"name\":\"Jonathan Broberg\",\"image\":{\"@type\":\"ImageObject\",\"inLanguage\":\"sv-SE\",\"@id\":\"https:\/\/www.budokampsport.se\/#\/schema\/person\/image\/\",\"url\":\"https:\/\/secure.gravatar.com\/avatar\/a58041c6cea9128bd9c40ee2f26d4136?s=96&d=blank&r=g\",\"contentUrl\":\"https:\/\/secure.gravatar.com\/avatar\/a58041c6cea9128bd9c40ee2f26d4136?s=96&d=blank&r=g\",\"caption\":\"Jonathan Broberg\"},\"sameAs\":[\"https:\/\/www.facebook.com\/jonathan.broberg.7\"],\"url\":\"https:\/\/www.budokampsport.se\/author\/jonathan\/\"}]}<\/script>\n<!-- \/ Yoast SEO plugin. -->","yoast_head_json":{"title":"SM i thaiboxning i Varberg i helgen - Svenska Budo &amp; Kampsportsf\u00f6rbundet","description":"THAIBOXNING. Det \u00e4r dags f\u00f6r SM i thaiboxning och den h\u00e4r g\u00e5ngen g\u00e5r m\u00e4sterskapet i Varberg. - Det finns egentligen inget st\u00f6rre att vinna nationellt \u00e4n SM, s\u00e4ger en av arrang\u00f6rerna Pelle B\u00e5ngh\u00e4ll till budokampsport.se.","robots":{"index":"index","follow":"follow","max-snippet":"max-snippet:-1","max-image-preview":"max-image-preview:large","max-video-preview":"max-video-preview:-1"},"canonical":"https:\/\/www.budokampsport.se\/2022\/09\/29\/sm-i-thaiboxning-i-varberg-i-helgen\/","og_locale":"sv_SE","og_type":"article","og_title":"SM i thaiboxning i Varberg i helgen - Svenska Budo &amp; Kampsportsf\u00f6rbundet","og_description":"THAIBOXNING. Det \u00e4r dags f\u00f6r SM i thaiboxning och den h\u00e4r g\u00e5ngen g\u00e5r m\u00e4sterskapet i Varberg. - Det finns egentligen inget st\u00f6rre att vinna nationellt \u00e4n SM, s\u00e4ger en av arrang\u00f6rerna Pelle B\u00e5ngh\u00e4ll till budokampsport.se.","og_url":"https:\/\/www.budokampsport.se\/2022\/09\/29\/sm-i-thaiboxning-i-varberg-i-helgen\/","og_site_name":"Svenska Budo &amp; Kampsportsf\u00f6rbundet","article_author":"https:\/\/www.facebook.com\/jonathan.broberg.7","article_published_time":"2022-09-29T14:00:40+00:00","article_modified_time":"2022-09-30T09:49:10+00:00","og_image":[{"width":850,"height":567,"url":"https:\/\/www.budokampsport.se\/wp-content\/uploads\/2022\/09\/thaiboxning.jpg","type":"image\/jpeg"}],"author":"Jonathan Broberg","twitter_card":"summary_large_image","twitter_misc":{"Skriven av":"Jonathan Broberg","Ber\u00e4knad l\u00e4stid":"3 minuter"},"schema":{"@context":"https:\/\/schema.org","@graph":[{"@type":"Article","@id":"https:\/\/www.budokampsport.se\/2022\/09\/29\/sm-i-thaiboxning-i-varberg-i-helgen\/#article","isPartOf":{"@id":"https:\/\/www.budokampsport.se\/2022\/09\/29\/sm-i-thaiboxning-i-varberg-i-helgen\/"},"author":{"name":"Jonathan Broberg","@id":"https:\/\/www.budokampsport.se\/#\/schema\/person\/5c06d81d14850e2a8ce5493386560145"},"headline":"SM i thaiboxning i Varberg i helgen","datePublished":"2022-09-29T14:00:40+00:00","dateModified":"2022-09-30T09:49:10+00:00","mainEntityOfPage":{"@id":"https:\/\/www.budokampsport.se\/2022\/09\/29\/sm-i-thaiboxning-i-varberg-i-helgen\/"},"wordCount":658,"commentCount":0,"image":{"@id":"https:\/\/www.budokampsport.se\/2022\/09\/29\/sm-i-thaiboxning-i-varberg-i-helgen\/#primaryimage"},"thumbnailUrl":"https:\/\/www.budokampsport.se\/wp-content\/uploads\/2022\/09\/thaiboxning.jpg","inLanguage":"sv-SE","potentialAction":[{"@type":"CommentAction","name":"Comment","target":["https:\/\/www.budokampsport.se\/2022\/09\/29\/sm-i-thaiboxning-i-varberg-i-helgen\/#respond"]}]},{"@type":"WebPage","@id":"https:\/\/www.budokampsport.se\/2022\/09\/29\/sm-i-thaiboxning-i-varberg-i-helgen\/","url":"https:\/\/www.budokampsport.se\/2022\/09\/29\/sm-i-thaiboxning-i-varberg-i-helgen\/","name":"SM i thaiboxning i Varberg i helgen - Svenska Budo &amp; Kampsportsf\u00f6rbundet","isPartOf":{"@id":"https:\/\/www.budokampsport.se\/#website"},"primaryImageOfPage":{"@id":"https:\/\/www.budokampsport.se\/2022\/09\/29\/sm-i-thaiboxning-i-varberg-i-helgen\/#primaryimage"},"image":{"@id":"https:\/\/www.budokampsport.se\/2022\/09\/29\/sm-i-thaiboxning-i-varberg-i-helgen\/#primaryimage"},"thumbnailUrl":"https:\/\/www.budokampsport.se\/wp-content\/uploads\/2022\/09\/thaiboxning.jpg","datePublished":"2022-09-29T14:00:40+00:00","dateModified":"2022-09-30T09:49:10+00:00","author":{"@id":"https:\/\/www.budokampsport.se\/#\/schema\/person\/5c06d81d14850e2a8ce5493386560145"},"description":"THAIBOXNING. Det \u00e4r dags f\u00f6r SM i thaiboxning och den h\u00e4r g\u00e5ngen g\u00e5r m\u00e4sterskapet i Varberg. - Det finns egentligen inget st\u00f6rre att vinna nationellt \u00e4n SM, s\u00e4ger en av arrang\u00f6rerna Pelle B\u00e5ngh\u00e4ll till budokampsport.se.","breadcrumb":{"@id":"https:\/\/www.budokampsport.se\/2022\/09\/29\/sm-i-thaiboxning-i-varberg-i-helgen\/#breadcrumb"},"inLanguage":"sv-SE","potentialAction":[{"@type":"ReadAction","target":["https:\/\/www.budokampsport.se\/2022\/09\/29\/sm-i-thaiboxning-i-varberg-i-helgen\/"]}]},{"@type":"ImageObject","inLanguage":"sv-SE","@id":"https:\/\/www.budokampsport.se\/2022\/09\/29\/sm-i-thaiboxning-i-varberg-i-helgen\/#primaryimage","url":"https:\/\/www.budokampsport.se\/wp-content\/uploads\/2022\/09\/thaiboxning.jpg","contentUrl":"https:\/\/www.budokampsport.se\/wp-content\/uploads\/2022\/09\/thaiboxning.jpg","width":850,"height":567},{"@type":"BreadcrumbList","@id":"https:\/\/www.budokampsport.se\/2022\/09\/29\/sm-i-thaiboxning-i-varberg-i-helgen\/#breadcrumb","itemListElement":[{"@type":"ListItem","position":1,"name":"Hem","item":"https:\/\/www.budokampsport.se\/"},{"@type":"ListItem","position":2,"name":"SM i thaiboxning i Varberg i helgen"}]},{"@type":"WebSite","@id":"https:\/\/www.budokampsport.se\/#website","url":"https:\/\/www.budokampsport.se\/","name":"Svenska Budo &amp; Kampsportsf\u00f6rbundet","description":"T\u00e4vling, Tr\u00e4ning, Tradition","potentialAction":[{"@type":"SearchAction","target":{"@type":"EntryPoint","urlTemplate":"https:\/\/www.budokampsport.se\/?s={search_term_string}"},"query-input":{"@type":"PropertyValueSpecification","valueRequired":true,"valueName":"search_term_string"}}],"inLanguage":"sv-SE"},{"@type":"Person","@id":"https:\/\/www.budokampsport.se\/#\/schema\/person\/5c06d81d14850e2a8ce5493386560145","name":"Jonathan Broberg","image":{"@type":"ImageObject","inLanguage":"sv-SE","@id":"https:\/\/www.budokampsport.se\/#\/schema\/person\/image\/","url":"https:\/\/secure.gravatar.com\/avatar\/a58041c6cea9128bd9c40ee2f26d4136?s=96&d=blank&r=g","contentUrl":"https:\/\/secure.gravatar.com\/avatar\/a58041c6cea9128bd9c40ee2f26d4136?s=96&d=blank&r=g","caption":"Jonathan Broberg"},"sameAs":["https:\/\/www.facebook.com\/jonathan.broberg.7"],"url":"https:\/\/www.budokampsport.se\/author\/jonathan\/"}]}},"_links":{"self":[{"href":"https:\/\/www.budokampsport.se\/api\/wp\/v2\/posts\/142475","targetHints":{"allow":["GET"]}}],"collection":[{"href":"https:\/\/www.budokampsport.se\/api\/wp\/v2\/posts"}],"about":[{"href":"https:\/\/www.budokampsport.se\/api\/wp\/v2\/types\/post"}],"author":[{"embeddable":true,"href":"https:\/\/www.budokampsport.se\/api\/wp\/v2\/users\/7"}],"replies":[{"embeddable":true,"href":"https:\/\/www.budokampsport.se\/api\/wp\/v2\/comments?post=142475"}],"version-history":[{"count":0,"href":"https:\/\/www.budokampsport.se\/api\/wp\/v2\/posts\/142475\/revisions"}],"wp:featuredmedia":[{"embeddable":true,"href":"https:\/\/www.budokampsport.se\/api\/wp\/v2\/media\/142543"}],"wp:attachment":[{"href":"https:\/\/www.budokampsport.se\/api\/wp\/v2\/media?parent=142475"}],"wp:term":[{"taxonomy":"category","embeddable":true,"href":"https:\/\/www.budokampsport.se\/api\/wp\/v2\/categories?post=142475"},{"taxonomy":"post_tag","embeddable":true,"href":"https:\/\/www.budokampsport.se\/api\/wp\/v2\/tags?post=142475"}],"curies":[{"name":"wp","href":"https:\/\/api.w.org\/{rel}","templated":true}]}}