{"id":142630,"date":"2022-10-02T13:49:19","date_gmt":"2022-10-02T11:49:19","guid":{"rendered":"https:\/\/www.budokampsport.se\/?p=142630"},"modified":"2022-10-02T13:51:08","modified_gmt":"2022-10-02T11:51:08","slug":"ett-guld-och-tre-brons-under-mma-em","status":"publish","type":"post","link":"https:\/\/www.budokampsport.se\/2022\/10\/02\/ett-guld-och-tre-brons-under-mma-em\/","title":{"rendered":"Ett guld och tre brons under MMA-EM"},"content":{"rendered":"<p><a href=\"https:\/\/immaf.org\/championship\/2022-immaf-european-championships\/\" target=\"_blank\" rel=\"noopener\">EM i MMA<\/a> avslutades under l\u00f6rdagen i Italien, f\u00f6r svensk del blev det sex medaljer varav fyra var seniormedaljer. <strong>Nikolija \u201dNina\u201d Milosevic<\/strong> fick st\u00e4lla sig h\u00f6gst upp p\u00e5 pallen n\u00e4r hon blev enda svensk att ta ett guld. Milosevic tog <a href=\"https:\/\/www.budokampsport.se\/2022\/01\/31\/vm-guldet-far-nikolija-milosevic-att-sikta-hogt\/\" target=\"_blank\" rel=\"noopener\">VM-guld<\/a> i b\u00f6rjan p\u00e5 \u00e5ret och fick nu \u00e5terigen en medalj av den \u00e4dlaste val\u00f6ren. Detta efter att hon f\u00f6rst vann semifinalen mot italienskan Giulia Grossi och sedan vann finalen i bantamvikt mot Paulina Kontna fr\u00e5n Polen p\u00e5 TKO.<\/p>\n<p>Sverige tog \u00e4ven tre bronsmedaljer, <strong>Daniyal Shamkhalov<\/strong> vann sina f\u00f6rsta tv\u00e5 matcher i turneringen i fj\u00e4dervikt mot irl\u00e4ndaren Jordan Bradshaw och Mika Rasanen fr\u00e5n Finland. Tyv\u00e4rr f\u00f6rlorade han sen semifinalen mot fransmannen Ammar Mazri och fick n\u00f6ja sig med ett brons. <strong>Hanna Palmquist<\/strong> t\u00e4vlade i flugvikt och vann \u00e4ven hon sina tv\u00e5 f\u00f6rsta matcher, en mot italienskan Giulia Vople och en mot finskan Sonja Pohjalainen. I semifinalen mot Marta Pankiv fr\u00e5n Ukraina tog det dock stop och det blev brons f\u00f6r Palmquist. <strong>Yrsa Sandin<\/strong> blev Sveriges tredje bronsmedalj\u00f6r efter att ocks\u00e5 hon fick se sig besegrad i semifinalen i l\u00e4ttvikt, denna g\u00e5ng mot Millie-Rae Vardy fr\u00e5n England.<\/p>\n<p>Sverige tog \u00e4ven tv\u00e5 juniormedaljer, <strong>Astrid Vikgren<\/strong> fick en silverpeng i flugvikt medan <strong>Benjamin Hajijan<\/strong> tog brons i fj\u00e4dervikt.<\/p>\n<p>\u2013 EM bj\u00f6d p\u00e5 riktigt tufft motst\u00e5nd, niv\u00e5n p\u00e5 turneringen var otroligt h\u00f6g och vi fick med oss v\u00e4ldigt mycket l\u00e4rdomar. V\u00e5ra juniorer var riktigt vassa under m\u00e4sterskapet och tog tv\u00e5 medaljer. Sen hade vi Nikolija &#8220;Nina&#8221; Milosevic och Daniyal Shamkhalov som visade rutin och gjorde bra insatser. Josefine Modig m\u00f6tte polska Magdalena Czaban som har vunnit massor av medaljer, vi tyckte dock att hon tog den matchen men vi fick inte domslutet med oss. Tyv\u00e4rr m\u00f6ttes de ju direkt i f\u00f6rsta matchen och Josefine \u00e5kte ut, annars \u00e4r jag \u00f6vertygad om att hon skulle tagit en medalj. Vill \u00e4ven n\u00e4mna Robin Kohzadi som imponerade, han skulle egentligen t\u00e4vlat som junior men fick inte plats s\u00e5 han hamnade bland seniorerna och gjorde riktigt bra ifr\u00e5n sig d\u00e4r, s\u00e4ger f\u00f6rbundskapten <strong>Besam Yousef<\/strong> till budokampsport.se<\/p>\n<h3>Seniormedaljer<\/h3>\n<table style=\"border-collapse: collapse; width: 63.1893%; height: 96px;\">\n<tbody>\n<tr style=\"height: 24px;\">\n<td style=\"width: 41.5416%; height: 24px;\"><img loading=\"lazy\" decoding=\"async\" class=\"alignnone size-full wp-image-122883\" src=\"https:\/\/www.budokampsport.se\/wp-content\/uploads\/2020\/11\/sweden-flag-icon-16.png\" alt=\"Sveriges flagga\" width=\"16\" height=\"10\" \/> <strong>Nikolija Milosevic<\/strong><\/td>\n<td style=\"width: 17.9396%; height: 24px;\">guld<\/td>\n<\/tr>\n<tr style=\"height: 24px;\">\n<td style=\"width: 41.5416%; height: 24px;\"><img loading=\"lazy\" decoding=\"async\" class=\"alignnone size-full wp-image-122883\" src=\"https:\/\/www.budokampsport.se\/wp-content\/uploads\/2020\/11\/sweden-flag-icon-16.png\" alt=\"Sveriges flagga\" width=\"16\" height=\"10\" \/> <strong>Daniyal Shamkhalov<\/strong><\/td>\n<td style=\"width: 17.9396%; height: 24px;\">brons<\/td>\n<\/tr>\n<tr style=\"height: 24px;\">\n<td style=\"width: 41.5416%; height: 24px;\"><img loading=\"lazy\" decoding=\"async\" class=\"alignnone size-full wp-image-122883\" src=\"https:\/\/www.budokampsport.se\/wp-content\/uploads\/2020\/11\/sweden-flag-icon-16.png\" alt=\"Sveriges flagga\" width=\"16\" height=\"10\" \/> <strong>Hanna Palmquist<\/strong><\/td>\n<td style=\"width: 17.9396%; height: 24px;\">brons<\/td>\n<\/tr>\n<tr style=\"height: 24px;\">\n<td style=\"width: 41.5416%; height: 24px;\"><img loading=\"lazy\" decoding=\"async\" class=\"alignnone size-full wp-image-122883\" src=\"https:\/\/www.budokampsport.se\/wp-content\/uploads\/2020\/11\/sweden-flag-icon-16.png\" alt=\"Sveriges flagga\" width=\"16\" height=\"10\" \/> <strong>Yrsa Sandin<\/strong><\/td>\n<td style=\"width: 17.9396%; height: 24px;\">brons<\/td>\n<\/tr>\n<\/tbody>\n<\/table>\n<p>&nbsp;<\/p>\n<h3>Juniormedaljer<\/h3>\n<table style=\"border-collapse: collapse; width: 62.9307%;\">\n<tbody>\n<tr>\n<td style=\"width: 41.3699%;\"><img loading=\"lazy\" decoding=\"async\" class=\"alignnone size-full wp-image-122883\" src=\"https:\/\/www.budokampsport.se\/wp-content\/uploads\/2020\/11\/sweden-flag-icon-16.png\" alt=\"Sveriges flagga\" width=\"16\" height=\"10\" \/> <strong>Astrid Vikgren<\/strong><\/td>\n<td style=\"width: 17.7449%;\">silver<\/td>\n<\/tr>\n<tr>\n<td style=\"width: 41.3699%;\"><img loading=\"lazy\" decoding=\"async\" class=\"alignnone size-full wp-image-122883\" src=\"https:\/\/www.budokampsport.se\/wp-content\/uploads\/2020\/11\/sweden-flag-icon-16.png\" alt=\"Sveriges flagga\" width=\"16\" height=\"10\" \/> <strong>Benjamin Hajijan<\/strong><\/td>\n<td style=\"width: 17.7449%;\">brons<\/td>\n<\/tr>\n<\/tbody>\n<\/table>\n<p>&nbsp;<\/p>\n<p>L\u00e4s mer hur det gick f\u00f6r de resterande svenskarna i v\u00e5r tidigare <a href=\"https:\/\/www.budokampsport.se\/2022\/09\/30\/sex-svenska-em-medaljer-sakrade-i-mma\/\" target=\"_blank\" rel=\"noopener\">artikel om m\u00e4sterskapet<\/a>.<\/p>\n<figure id=\"attachment_142651\" aria-describedby=\"caption-attachment-142651\" style=\"width: 376px\" class=\"wp-caption alignleft\"><img loading=\"lazy\" decoding=\"async\" class=\"wp-image-142651 size-medium\" src=\"https:\/\/www.budokampsport.se\/wp-content\/uploads\/2022\/10\/308447945_1290276628382084_8404541375137968277_n-376x241.jpg\" alt=\"\" width=\"376\" height=\"241\" srcset=\"https:\/\/www.budokampsport.se\/wp-content\/uploads\/2022\/10\/308447945_1290276628382084_8404541375137968277_n-376x241.jpg 376w, https:\/\/www.budokampsport.se\/wp-content\/uploads\/2022\/10\/308447945_1290276628382084_8404541375137968277_n-600x384.jpg 600w, https:\/\/www.budokampsport.se\/wp-content\/uploads\/2022\/10\/308447945_1290276628382084_8404541375137968277_n-847x542.jpg 847w, https:\/\/www.budokampsport.se\/wp-content\/uploads\/2022\/10\/308447945_1290276628382084_8404541375137968277_n-278x178.jpg 278w, https:\/\/www.budokampsport.se\/wp-content\/uploads\/2022\/10\/308447945_1290276628382084_8404541375137968277_n-572x366.jpg 572w, https:\/\/www.budokampsport.se\/wp-content\/uploads\/2022\/10\/308447945_1290276628382084_8404541375137968277_n.jpg 850w\" sizes=\"auto, (max-width: 376px) 100vw, 376px\" \/><figcaption id=\"caption-attachment-142651\" class=\"wp-caption-text\"><span style=\"font-size: 10pt;\">Foto: Besam Yousef<\/span><\/figcaption><\/figure>\n<p>&nbsp;<\/p>\n<p>&nbsp;<\/p>\n<p>&nbsp;<\/p>\n<p>&nbsp;<\/p>\n<p>&nbsp;<\/p>\n<p>&nbsp;<\/p>\n<p>&nbsp;<\/p>\n<p>&nbsp;<\/p>\n<p>&nbsp;<\/p>\n<p>Text: Annie Bondefelt<\/p>\n","protected":false},"excerpt":{"rendered":"<p>MMA. EM i MMA \u00e4r \u00f6ver f\u00f6r denna g\u00e5ng och det blev sex medaljer sammanfattningsvis. Fyra seniormedaljer och tv\u00e5 juniormedaljer tog Sverige med sig hem.<br \/><br>(Foto: IMMAF)<\/p><br>","protected":false},"author":120,"featured_media":142634,"comment_status":"open","ping_status":"open","sticky":false,"template":"","format":"standard","meta":{"_acf_changed":false,"footnotes":""},"categories":[451],"tags":[],"class_list":["post-142630","post","type-post","status-publish","format-standard","has-post-thumbnail","hentry","category-elit"],"acf":[],"yoast_head":"<!-- This site is optimized with the Yoast SEO plugin v26.8 - https:\/\/yoast.com\/product\/yoast-seo-wordpress\/ -->\n<title>Ett guld och tre brons under MMA-EM - Svenska Budo &amp; Kampsportsf\u00f6rbundet<\/title>\n<meta name=\"description\" content=\"MMA. EM i MMA \u00e4r \u00f6ver f\u00f6r denna g\u00e5ng och det blev sex medaljer sammanfattningsvis. Fyra seniormedaljer och tv\u00e5 juniormedaljer tog Sverige med sig hem. (Foto: IMMAF)\" \/>\n<meta name=\"robots\" content=\"index, follow, max-snippet:-1, max-image-preview:large, max-video-preview:-1\" \/>\n<link rel=\"canonical\" href=\"https:\/\/www.budokampsport.se\/2022\/10\/02\/ett-guld-och-tre-brons-under-mma-em\/\" \/>\n<meta property=\"og:locale\" content=\"sv_SE\" \/>\n<meta property=\"og:type\" content=\"article\" \/>\n<meta property=\"og:title\" content=\"Ett guld och tre brons under MMA-EM - Svenska Budo &amp; Kampsportsf\u00f6rbundet\" \/>\n<meta property=\"og:description\" content=\"MMA. EM i MMA \u00e4r \u00f6ver f\u00f6r denna g\u00e5ng och det blev sex medaljer sammanfattningsvis. Fyra seniormedaljer och tv\u00e5 juniormedaljer tog Sverige med sig hem. (Foto: IMMAF)\" \/>\n<meta property=\"og:url\" content=\"https:\/\/www.budokampsport.se\/2022\/10\/02\/ett-guld-och-tre-brons-under-mma-em\/\" \/>\n<meta property=\"og:site_name\" content=\"Svenska Budo &amp; Kampsportsf\u00f6rbundet\" \/>\n<meta property=\"article:published_time\" content=\"2022-10-02T11:49:19+00:00\" \/>\n<meta property=\"article:modified_time\" content=\"2022-10-02T11:51:08+00:00\" \/>\n<meta property=\"og:image\" content=\"https:\/\/www.budokampsport.se\/wp-content\/uploads\/2022\/10\/310066276_593235465729432_8698992157410223772_n.jpg\" \/>\n\t<meta property=\"og:image:width\" content=\"850\" \/>\n\t<meta property=\"og:image:height\" content=\"567\" \/>\n\t<meta property=\"og:image:type\" content=\"image\/jpeg\" \/>\n<meta name=\"author\" content=\"Annie Carriage\" \/>\n<meta name=\"twitter:card\" content=\"summary_large_image\" \/>\n<meta name=\"twitter:label1\" content=\"Skriven av\" \/>\n\t<meta name=\"twitter:data1\" content=\"Annie Carriage\" \/>\n\t<meta name=\"twitter:label2\" content=\"Ber\u00e4knad l\u00e4stid\" \/>\n\t<meta name=\"twitter:data2\" content=\"2 minuter\" \/>\n<script type=\"application\/ld+json\" class=\"yoast-schema-graph\">{\"@context\":\"https:\/\/schema.org\",\"@graph\":[{\"@type\":\"Article\",\"@id\":\"https:\/\/www.budokampsport.se\/2022\/10\/02\/ett-guld-och-tre-brons-under-mma-em\/#article\",\"isPartOf\":{\"@id\":\"https:\/\/www.budokampsport.se\/2022\/10\/02\/ett-guld-och-tre-brons-under-mma-em\/\"},\"author\":{\"name\":\"Annie Carriage\",\"@id\":\"https:\/\/www.budokampsport.se\/#\/schema\/person\/c838cace8171f692e363fde3f38f208b\"},\"headline\":\"Ett guld och tre brons under MMA-EM\",\"datePublished\":\"2022-10-02T11:49:19+00:00\",\"dateModified\":\"2022-10-02T11:51:08+00:00\",\"mainEntityOfPage\":{\"@id\":\"https:\/\/www.budokampsport.se\/2022\/10\/02\/ett-guld-och-tre-brons-under-mma-em\/\"},\"wordCount\":451,\"commentCount\":0,\"image\":{\"@id\":\"https:\/\/www.budokampsport.se\/2022\/10\/02\/ett-guld-och-tre-brons-under-mma-em\/#primaryimage\"},\"thumbnailUrl\":\"https:\/\/www.budokampsport.se\/wp-content\/uploads\/2022\/10\/310066276_593235465729432_8698992157410223772_n.jpg\",\"articleSection\":[\"Elit\"],\"inLanguage\":\"sv-SE\",\"potentialAction\":[{\"@type\":\"CommentAction\",\"name\":\"Comment\",\"target\":[\"https:\/\/www.budokampsport.se\/2022\/10\/02\/ett-guld-och-tre-brons-under-mma-em\/#respond\"]}]},{\"@type\":\"WebPage\",\"@id\":\"https:\/\/www.budokampsport.se\/2022\/10\/02\/ett-guld-och-tre-brons-under-mma-em\/\",\"url\":\"https:\/\/www.budokampsport.se\/2022\/10\/02\/ett-guld-och-tre-brons-under-mma-em\/\",\"name\":\"Ett guld och tre brons under MMA-EM - Svenska Budo &amp; Kampsportsf\u00f6rbundet\",\"isPartOf\":{\"@id\":\"https:\/\/www.budokampsport.se\/#website\"},\"primaryImageOfPage\":{\"@id\":\"https:\/\/www.budokampsport.se\/2022\/10\/02\/ett-guld-och-tre-brons-under-mma-em\/#primaryimage\"},\"image\":{\"@id\":\"https:\/\/www.budokampsport.se\/2022\/10\/02\/ett-guld-och-tre-brons-under-mma-em\/#primaryimage\"},\"thumbnailUrl\":\"https:\/\/www.budokampsport.se\/wp-content\/uploads\/2022\/10\/310066276_593235465729432_8698992157410223772_n.jpg\",\"datePublished\":\"2022-10-02T11:49:19+00:00\",\"dateModified\":\"2022-10-02T11:51:08+00:00\",\"author\":{\"@id\":\"https:\/\/www.budokampsport.se\/#\/schema\/person\/c838cace8171f692e363fde3f38f208b\"},\"description\":\"MMA. EM i MMA \u00e4r \u00f6ver f\u00f6r denna g\u00e5ng och det blev sex medaljer sammanfattningsvis. Fyra seniormedaljer och tv\u00e5 juniormedaljer tog Sverige med sig hem. (Foto: IMMAF)\",\"breadcrumb\":{\"@id\":\"https:\/\/www.budokampsport.se\/2022\/10\/02\/ett-guld-och-tre-brons-under-mma-em\/#breadcrumb\"},\"inLanguage\":\"sv-SE\",\"potentialAction\":[{\"@type\":\"ReadAction\",\"target\":[\"https:\/\/www.budokampsport.se\/2022\/10\/02\/ett-guld-och-tre-brons-under-mma-em\/\"]}]},{\"@type\":\"ImageObject\",\"inLanguage\":\"sv-SE\",\"@id\":\"https:\/\/www.budokampsport.se\/2022\/10\/02\/ett-guld-och-tre-brons-under-mma-em\/#primaryimage\",\"url\":\"https:\/\/www.budokampsport.se\/wp-content\/uploads\/2022\/10\/310066276_593235465729432_8698992157410223772_n.jpg\",\"contentUrl\":\"https:\/\/www.budokampsport.se\/wp-content\/uploads\/2022\/10\/310066276_593235465729432_8698992157410223772_n.jpg\",\"width\":850,\"height\":567},{\"@type\":\"BreadcrumbList\",\"@id\":\"https:\/\/www.budokampsport.se\/2022\/10\/02\/ett-guld-och-tre-brons-under-mma-em\/#breadcrumb\",\"itemListElement\":[{\"@type\":\"ListItem\",\"position\":1,\"name\":\"Hem\",\"item\":\"https:\/\/www.budokampsport.se\/\"},{\"@type\":\"ListItem\",\"position\":2,\"name\":\"Ett guld och tre brons under MMA-EM\"}]},{\"@type\":\"WebSite\",\"@id\":\"https:\/\/www.budokampsport.se\/#website\",\"url\":\"https:\/\/www.budokampsport.se\/\",\"name\":\"Svenska Budo &amp; Kampsportsf\u00f6rbundet\",\"description\":\"T\u00e4vling, Tr\u00e4ning, Tradition\",\"potentialAction\":[{\"@type\":\"SearchAction\",\"target\":{\"@type\":\"EntryPoint\",\"urlTemplate\":\"https:\/\/www.budokampsport.se\/?s={search_term_string}\"},\"query-input\":{\"@type\":\"PropertyValueSpecification\",\"valueRequired\":true,\"valueName\":\"search_term_string\"}}],\"inLanguage\":\"sv-SE\"},{\"@type\":\"Person\",\"@id\":\"https:\/\/www.budokampsport.se\/#\/schema\/person\/c838cace8171f692e363fde3f38f208b\",\"name\":\"Annie Carriage\",\"image\":{\"@type\":\"ImageObject\",\"inLanguage\":\"sv-SE\",\"@id\":\"https:\/\/www.budokampsport.se\/#\/schema\/person\/image\/\",\"url\":\"https:\/\/secure.gravatar.com\/avatar\/9311295560bdfbdf78365a26f7df1876?s=96&d=blank&r=g\",\"contentUrl\":\"https:\/\/secure.gravatar.com\/avatar\/9311295560bdfbdf78365a26f7df1876?s=96&d=blank&r=g\",\"caption\":\"Annie Carriage\"},\"url\":\"https:\/\/www.budokampsport.se\/author\/annie-bondefelt\/\"}]}<\/script>\n<!-- \/ Yoast SEO plugin. -->","yoast_head_json":{"title":"Ett guld och tre brons under MMA-EM - Svenska Budo &amp; Kampsportsf\u00f6rbundet","description":"MMA. EM i MMA \u00e4r \u00f6ver f\u00f6r denna g\u00e5ng och det blev sex medaljer sammanfattningsvis. Fyra seniormedaljer och tv\u00e5 juniormedaljer tog Sverige med sig hem. (Foto: IMMAF)","robots":{"index":"index","follow":"follow","max-snippet":"max-snippet:-1","max-image-preview":"max-image-preview:large","max-video-preview":"max-video-preview:-1"},"canonical":"https:\/\/www.budokampsport.se\/2022\/10\/02\/ett-guld-och-tre-brons-under-mma-em\/","og_locale":"sv_SE","og_type":"article","og_title":"Ett guld och tre brons under MMA-EM - Svenska Budo &amp; Kampsportsf\u00f6rbundet","og_description":"MMA. EM i MMA \u00e4r \u00f6ver f\u00f6r denna g\u00e5ng och det blev sex medaljer sammanfattningsvis. Fyra seniormedaljer och tv\u00e5 juniormedaljer tog Sverige med sig hem. (Foto: IMMAF)","og_url":"https:\/\/www.budokampsport.se\/2022\/10\/02\/ett-guld-och-tre-brons-under-mma-em\/","og_site_name":"Svenska Budo &amp; Kampsportsf\u00f6rbundet","article_published_time":"2022-10-02T11:49:19+00:00","article_modified_time":"2022-10-02T11:51:08+00:00","og_image":[{"width":850,"height":567,"url":"https:\/\/www.budokampsport.se\/wp-content\/uploads\/2022\/10\/310066276_593235465729432_8698992157410223772_n.jpg","type":"image\/jpeg"}],"author":"Annie Carriage","twitter_card":"summary_large_image","twitter_misc":{"Skriven av":"Annie Carriage","Ber\u00e4knad l\u00e4stid":"2 minuter"},"schema":{"@context":"https:\/\/schema.org","@graph":[{"@type":"Article","@id":"https:\/\/www.budokampsport.se\/2022\/10\/02\/ett-guld-och-tre-brons-under-mma-em\/#article","isPartOf":{"@id":"https:\/\/www.budokampsport.se\/2022\/10\/02\/ett-guld-och-tre-brons-under-mma-em\/"},"author":{"name":"Annie Carriage","@id":"https:\/\/www.budokampsport.se\/#\/schema\/person\/c838cace8171f692e363fde3f38f208b"},"headline":"Ett guld och tre brons under MMA-EM","datePublished":"2022-10-02T11:49:19+00:00","dateModified":"2022-10-02T11:51:08+00:00","mainEntityOfPage":{"@id":"https:\/\/www.budokampsport.se\/2022\/10\/02\/ett-guld-och-tre-brons-under-mma-em\/"},"wordCount":451,"commentCount":0,"image":{"@id":"https:\/\/www.budokampsport.se\/2022\/10\/02\/ett-guld-och-tre-brons-under-mma-em\/#primaryimage"},"thumbnailUrl":"https:\/\/www.budokampsport.se\/wp-content\/uploads\/2022\/10\/310066276_593235465729432_8698992157410223772_n.jpg","articleSection":["Elit"],"inLanguage":"sv-SE","potentialAction":[{"@type":"CommentAction","name":"Comment","target":["https:\/\/www.budokampsport.se\/2022\/10\/02\/ett-guld-och-tre-brons-under-mma-em\/#respond"]}]},{"@type":"WebPage","@id":"https:\/\/www.budokampsport.se\/2022\/10\/02\/ett-guld-och-tre-brons-under-mma-em\/","url":"https:\/\/www.budokampsport.se\/2022\/10\/02\/ett-guld-och-tre-brons-under-mma-em\/","name":"Ett guld och tre brons under MMA-EM - Svenska Budo &amp; Kampsportsf\u00f6rbundet","isPartOf":{"@id":"https:\/\/www.budokampsport.se\/#website"},"primaryImageOfPage":{"@id":"https:\/\/www.budokampsport.se\/2022\/10\/02\/ett-guld-och-tre-brons-under-mma-em\/#primaryimage"},"image":{"@id":"https:\/\/www.budokampsport.se\/2022\/10\/02\/ett-guld-och-tre-brons-under-mma-em\/#primaryimage"},"thumbnailUrl":"https:\/\/www.budokampsport.se\/wp-content\/uploads\/2022\/10\/310066276_593235465729432_8698992157410223772_n.jpg","datePublished":"2022-10-02T11:49:19+00:00","dateModified":"2022-10-02T11:51:08+00:00","author":{"@id":"https:\/\/www.budokampsport.se\/#\/schema\/person\/c838cace8171f692e363fde3f38f208b"},"description":"MMA. EM i MMA \u00e4r \u00f6ver f\u00f6r denna g\u00e5ng och det blev sex medaljer sammanfattningsvis. Fyra seniormedaljer och tv\u00e5 juniormedaljer tog Sverige med sig hem. (Foto: IMMAF)","breadcrumb":{"@id":"https:\/\/www.budokampsport.se\/2022\/10\/02\/ett-guld-och-tre-brons-under-mma-em\/#breadcrumb"},"inLanguage":"sv-SE","potentialAction":[{"@type":"ReadAction","target":["https:\/\/www.budokampsport.se\/2022\/10\/02\/ett-guld-och-tre-brons-under-mma-em\/"]}]},{"@type":"ImageObject","inLanguage":"sv-SE","@id":"https:\/\/www.budokampsport.se\/2022\/10\/02\/ett-guld-och-tre-brons-under-mma-em\/#primaryimage","url":"https:\/\/www.budokampsport.se\/wp-content\/uploads\/2022\/10\/310066276_593235465729432_8698992157410223772_n.jpg","contentUrl":"https:\/\/www.budokampsport.se\/wp-content\/uploads\/2022\/10\/310066276_593235465729432_8698992157410223772_n.jpg","width":850,"height":567},{"@type":"BreadcrumbList","@id":"https:\/\/www.budokampsport.se\/2022\/10\/02\/ett-guld-och-tre-brons-under-mma-em\/#breadcrumb","itemListElement":[{"@type":"ListItem","position":1,"name":"Hem","item":"https:\/\/www.budokampsport.se\/"},{"@type":"ListItem","position":2,"name":"Ett guld och tre brons under MMA-EM"}]},{"@type":"WebSite","@id":"https:\/\/www.budokampsport.se\/#website","url":"https:\/\/www.budokampsport.se\/","name":"Svenska Budo &amp; Kampsportsf\u00f6rbundet","description":"T\u00e4vling, Tr\u00e4ning, Tradition","potentialAction":[{"@type":"SearchAction","target":{"@type":"EntryPoint","urlTemplate":"https:\/\/www.budokampsport.se\/?s={search_term_string}"},"query-input":{"@type":"PropertyValueSpecification","valueRequired":true,"valueName":"search_term_string"}}],"inLanguage":"sv-SE"},{"@type":"Person","@id":"https:\/\/www.budokampsport.se\/#\/schema\/person\/c838cace8171f692e363fde3f38f208b","name":"Annie Carriage","image":{"@type":"ImageObject","inLanguage":"sv-SE","@id":"https:\/\/www.budokampsport.se\/#\/schema\/person\/image\/","url":"https:\/\/secure.gravatar.com\/avatar\/9311295560bdfbdf78365a26f7df1876?s=96&d=blank&r=g","contentUrl":"https:\/\/secure.gravatar.com\/avatar\/9311295560bdfbdf78365a26f7df1876?s=96&d=blank&r=g","caption":"Annie Carriage"},"url":"https:\/\/www.budokampsport.se\/author\/annie-bondefelt\/"}]}},"_links":{"self":[{"href":"https:\/\/www.budokampsport.se\/api\/wp\/v2\/posts\/142630","targetHints":{"allow":["GET"]}}],"collection":[{"href":"https:\/\/www.budokampsport.se\/api\/wp\/v2\/posts"}],"about":[{"href":"https:\/\/www.budokampsport.se\/api\/wp\/v2\/types\/post"}],"author":[{"embeddable":true,"href":"https:\/\/www.budokampsport.se\/api\/wp\/v2\/users\/120"}],"replies":[{"embeddable":true,"href":"https:\/\/www.budokampsport.se\/api\/wp\/v2\/comments?post=142630"}],"version-history":[{"count":0,"href":"https:\/\/www.budokampsport.se\/api\/wp\/v2\/posts\/142630\/revisions"}],"wp:featuredmedia":[{"embeddable":true,"href":"https:\/\/www.budokampsport.se\/api\/wp\/v2\/media\/142634"}],"wp:attachment":[{"href":"https:\/\/www.budokampsport.se\/api\/wp\/v2\/media?parent=142630"}],"wp:term":[{"taxonomy":"category","embeddable":true,"href":"https:\/\/www.budokampsport.se\/api\/wp\/v2\/categories?post=142630"},{"taxonomy":"post_tag","embeddable":true,"href":"https:\/\/www.budokampsport.se\/api\/wp\/v2\/tags?post=142630"}],"curies":[{"name":"wp","href":"https:\/\/api.w.org\/{rel}","templated":true}]}}