{"id":142637,"date":"2022-10-01T21:51:07","date_gmt":"2022-10-01T19:51:07","guid":{"rendered":"https:\/\/www.budokampsport.se\/?p=142637"},"modified":"2022-10-01T21:51:07","modified_gmt":"2022-10-01T19:51:07","slug":"nikolija-nina-milosevic-tog-em-guld","status":"publish","type":"post","link":"https:\/\/www.budokampsport.se\/2022\/10\/01\/nikolija-nina-milosevic-tog-em-guld\/","title":{"rendered":"Nikolija \u201dNina\u201d Milosevic tog EM-guld"},"content":{"rendered":"<p><a href=\"https:\/\/immaf.org\/championship\/2022-immaf-european-championships\/\" target=\"_blank\" rel=\"noopener\">EM i MMA<\/a> \u00e4r \u00f6ver och Sverige fick en EM-guldmedalj\u00f6r genom <strong>Nikolija &#8220;Nina&#8221; Milosevic<\/strong>. Svenskan b\u00f6rjade sitt m\u00e4sterskap genom att vinna mot <strong>Mercedes Custodio Lopez<\/strong> fr\u00e5n Spanien p\u00e5 teknisk knockout. Milosevic fortsatte med samma energi och taktik och vann \u00e4ven semifinalen i bantamvikt p\u00e5 TKO mot italienskan <strong>Giulia Grossi<\/strong>. I finalen st\u00e4lldes hon mot <strong>Paulina Kontna<\/strong> fr\u00e5n Polen och gjorde det f\u00f6r tredje g\u00e5ngen, vann p\u00e5 TKO, och tog hem guldet till Sverige.<\/p>\n<p>\u2013 N\u00e4r jag klev in i buren i finalen s\u00e5 k\u00e4nde jag mig lugn och glad p\u00e5 samma g\u00e5ng. Det k\u00e4ndes som jag redan hade vunnit innan jag klev in. Jag visste n\u00e5gonstans inombords att jag skulle vinna men inte hur och absolut inte att matchen inte skulle g\u00e5 tiden ut. Det k\u00e4nns fantastiskt bra att ta det h\u00e4r guldet, EM-guldet var det enda som saknades p\u00e5 hyllan, s\u00e4ger Milosevic till budokampsport.se<\/p>\n<p>Under dagen blev det \u00e4ven tre bronsmedaljer till Sverige genom <strong>Hanna Palmquist<\/strong>, <strong>Yrsa Sandin<\/strong> och <strong>Daniyal Shamkhalov<\/strong>. Sen tidigare hade den svenska truppen \u00e4ven tagit tv\u00e5 juniormedaljer, <strong>Astrid Vikgren<\/strong> knep ett silver och <strong>Benjamin Hajijan<\/strong> tog en bronspeng. <\/p>\n<p>L\u00e4s hur det gick f\u00f6r alla svenskarna som deltog i v\u00e5r tidigare artikel fr\u00e5n <a href=\"https:\/\/www.budokampsport.se\/2022\/09\/30\/sex-svenska-em-medaljer-sakrade-i-mma\/\" target=\"_blank\" rel=\"noopener\">EM i MMA<\/a>.<\/p>\n<p>&nbsp;<\/p>\n<p>Text: Annie Bondefelt<\/p>\n","protected":false},"excerpt":{"rendered":"<p>MMA. Under l\u00f6rdagen avslutades EM och Nikolija \u201dNina\u201d Milosevic tog hem guldet efter finalmatch mot polskan Paulina Kontna.<br \/><br>(Foto: IMMAF)<\/p><br>","protected":false},"author":120,"featured_media":142638,"comment_status":"open","ping_status":"open","sticky":false,"template":"","format":"standard","meta":{"_acf_changed":false,"footnotes":""},"categories":[451],"tags":[],"class_list":["post-142637","post","type-post","status-publish","format-standard","has-post-thumbnail","hentry","category-elit"],"acf":[],"yoast_head":"<!-- This site is optimized with the Yoast SEO plugin v26.8 - https:\/\/yoast.com\/product\/yoast-seo-wordpress\/ -->\n<title>Nikolija \u201dNina\u201d Milosevic tog EM-guld - Svenska Budo &amp; Kampsportsf\u00f6rbundet<\/title>\n<meta name=\"description\" content=\"MMA. Under l\u00f6rdagen avslutades EM och Nikolija \u201dNina\u201d Milosevic tog hem guldet efter finalmatch mot polskan Paulina Kontna. (Foto: IMMAF)\" \/>\n<meta name=\"robots\" content=\"index, follow, max-snippet:-1, max-image-preview:large, max-video-preview:-1\" \/>\n<link rel=\"canonical\" href=\"https:\/\/www.budokampsport.se\/2022\/10\/01\/nikolija-nina-milosevic-tog-em-guld\/\" \/>\n<meta property=\"og:locale\" content=\"sv_SE\" \/>\n<meta property=\"og:type\" content=\"article\" \/>\n<meta property=\"og:title\" content=\"Nikolija \u201dNina\u201d Milosevic tog EM-guld - Svenska Budo &amp; Kampsportsf\u00f6rbundet\" \/>\n<meta property=\"og:description\" content=\"MMA. Under l\u00f6rdagen avslutades EM och Nikolija \u201dNina\u201d Milosevic tog hem guldet efter finalmatch mot polskan Paulina Kontna. (Foto: IMMAF)\" \/>\n<meta property=\"og:url\" content=\"https:\/\/www.budokampsport.se\/2022\/10\/01\/nikolija-nina-milosevic-tog-em-guld\/\" \/>\n<meta property=\"og:site_name\" content=\"Svenska Budo &amp; Kampsportsf\u00f6rbundet\" \/>\n<meta property=\"article:published_time\" content=\"2022-10-01T19:51:07+00:00\" \/>\n<meta property=\"og:image\" content=\"https:\/\/www.budokampsport.se\/wp-content\/uploads\/2022\/10\/nina-milosevic.jpg\" \/>\n\t<meta property=\"og:image:width\" content=\"850\" \/>\n\t<meta property=\"og:image:height\" content=\"567\" \/>\n\t<meta property=\"og:image:type\" content=\"image\/jpeg\" \/>\n<meta name=\"author\" content=\"Annie Carriage\" \/>\n<meta name=\"twitter:card\" content=\"summary_large_image\" \/>\n<meta name=\"twitter:label1\" content=\"Skriven av\" \/>\n\t<meta name=\"twitter:data1\" content=\"Annie Carriage\" \/>\n\t<meta name=\"twitter:label2\" content=\"Ber\u00e4knad l\u00e4stid\" \/>\n\t<meta name=\"twitter:data2\" content=\"1 minut\" \/>\n<script type=\"application\/ld+json\" class=\"yoast-schema-graph\">{\"@context\":\"https:\/\/schema.org\",\"@graph\":[{\"@type\":\"Article\",\"@id\":\"https:\/\/www.budokampsport.se\/2022\/10\/01\/nikolija-nina-milosevic-tog-em-guld\/#article\",\"isPartOf\":{\"@id\":\"https:\/\/www.budokampsport.se\/2022\/10\/01\/nikolija-nina-milosevic-tog-em-guld\/\"},\"author\":{\"name\":\"Annie Carriage\",\"@id\":\"https:\/\/www.budokampsport.se\/#\/schema\/person\/c838cace8171f692e363fde3f38f208b\"},\"headline\":\"Nikolija \u201dNina\u201d Milosevic tog EM-guld\",\"datePublished\":\"2022-10-01T19:51:07+00:00\",\"mainEntityOfPage\":{\"@id\":\"https:\/\/www.budokampsport.se\/2022\/10\/01\/nikolija-nina-milosevic-tog-em-guld\/\"},\"wordCount\":229,\"commentCount\":0,\"image\":{\"@id\":\"https:\/\/www.budokampsport.se\/2022\/10\/01\/nikolija-nina-milosevic-tog-em-guld\/#primaryimage\"},\"thumbnailUrl\":\"https:\/\/www.budokampsport.se\/wp-content\/uploads\/2022\/10\/nina-milosevic.jpg\",\"articleSection\":[\"Elit\"],\"inLanguage\":\"sv-SE\",\"potentialAction\":[{\"@type\":\"CommentAction\",\"name\":\"Comment\",\"target\":[\"https:\/\/www.budokampsport.se\/2022\/10\/01\/nikolija-nina-milosevic-tog-em-guld\/#respond\"]}]},{\"@type\":\"WebPage\",\"@id\":\"https:\/\/www.budokampsport.se\/2022\/10\/01\/nikolija-nina-milosevic-tog-em-guld\/\",\"url\":\"https:\/\/www.budokampsport.se\/2022\/10\/01\/nikolija-nina-milosevic-tog-em-guld\/\",\"name\":\"Nikolija \u201dNina\u201d Milosevic tog EM-guld - Svenska Budo &amp; Kampsportsf\u00f6rbundet\",\"isPartOf\":{\"@id\":\"https:\/\/www.budokampsport.se\/#website\"},\"primaryImageOfPage\":{\"@id\":\"https:\/\/www.budokampsport.se\/2022\/10\/01\/nikolija-nina-milosevic-tog-em-guld\/#primaryimage\"},\"image\":{\"@id\":\"https:\/\/www.budokampsport.se\/2022\/10\/01\/nikolija-nina-milosevic-tog-em-guld\/#primaryimage\"},\"thumbnailUrl\":\"https:\/\/www.budokampsport.se\/wp-content\/uploads\/2022\/10\/nina-milosevic.jpg\",\"datePublished\":\"2022-10-01T19:51:07+00:00\",\"author\":{\"@id\":\"https:\/\/www.budokampsport.se\/#\/schema\/person\/c838cace8171f692e363fde3f38f208b\"},\"description\":\"MMA. Under l\u00f6rdagen avslutades EM och Nikolija \u201dNina\u201d Milosevic tog hem guldet efter finalmatch mot polskan Paulina Kontna. (Foto: IMMAF)\",\"breadcrumb\":{\"@id\":\"https:\/\/www.budokampsport.se\/2022\/10\/01\/nikolija-nina-milosevic-tog-em-guld\/#breadcrumb\"},\"inLanguage\":\"sv-SE\",\"potentialAction\":[{\"@type\":\"ReadAction\",\"target\":[\"https:\/\/www.budokampsport.se\/2022\/10\/01\/nikolija-nina-milosevic-tog-em-guld\/\"]}]},{\"@type\":\"ImageObject\",\"inLanguage\":\"sv-SE\",\"@id\":\"https:\/\/www.budokampsport.se\/2022\/10\/01\/nikolija-nina-milosevic-tog-em-guld\/#primaryimage\",\"url\":\"https:\/\/www.budokampsport.se\/wp-content\/uploads\/2022\/10\/nina-milosevic.jpg\",\"contentUrl\":\"https:\/\/www.budokampsport.se\/wp-content\/uploads\/2022\/10\/nina-milosevic.jpg\",\"width\":850,\"height\":567},{\"@type\":\"BreadcrumbList\",\"@id\":\"https:\/\/www.budokampsport.se\/2022\/10\/01\/nikolija-nina-milosevic-tog-em-guld\/#breadcrumb\",\"itemListElement\":[{\"@type\":\"ListItem\",\"position\":1,\"name\":\"Hem\",\"item\":\"https:\/\/www.budokampsport.se\/\"},{\"@type\":\"ListItem\",\"position\":2,\"name\":\"Nikolija \u201dNina\u201d Milosevic tog EM-guld\"}]},{\"@type\":\"WebSite\",\"@id\":\"https:\/\/www.budokampsport.se\/#website\",\"url\":\"https:\/\/www.budokampsport.se\/\",\"name\":\"Svenska Budo &amp; Kampsportsf\u00f6rbundet\",\"description\":\"T\u00e4vling, Tr\u00e4ning, Tradition\",\"potentialAction\":[{\"@type\":\"SearchAction\",\"target\":{\"@type\":\"EntryPoint\",\"urlTemplate\":\"https:\/\/www.budokampsport.se\/?s={search_term_string}\"},\"query-input\":{\"@type\":\"PropertyValueSpecification\",\"valueRequired\":true,\"valueName\":\"search_term_string\"}}],\"inLanguage\":\"sv-SE\"},{\"@type\":\"Person\",\"@id\":\"https:\/\/www.budokampsport.se\/#\/schema\/person\/c838cace8171f692e363fde3f38f208b\",\"name\":\"Annie Carriage\",\"image\":{\"@type\":\"ImageObject\",\"inLanguage\":\"sv-SE\",\"@id\":\"https:\/\/www.budokampsport.se\/#\/schema\/person\/image\/\",\"url\":\"https:\/\/secure.gravatar.com\/avatar\/9311295560bdfbdf78365a26f7df1876?s=96&d=blank&r=g\",\"contentUrl\":\"https:\/\/secure.gravatar.com\/avatar\/9311295560bdfbdf78365a26f7df1876?s=96&d=blank&r=g\",\"caption\":\"Annie Carriage\"},\"url\":\"https:\/\/www.budokampsport.se\/author\/annie-bondefelt\/\"}]}<\/script>\n<!-- \/ Yoast SEO plugin. -->","yoast_head_json":{"title":"Nikolija \u201dNina\u201d Milosevic tog EM-guld - Svenska Budo &amp; Kampsportsf\u00f6rbundet","description":"MMA. Under l\u00f6rdagen avslutades EM och Nikolija \u201dNina\u201d Milosevic tog hem guldet efter finalmatch mot polskan Paulina Kontna. (Foto: IMMAF)","robots":{"index":"index","follow":"follow","max-snippet":"max-snippet:-1","max-image-preview":"max-image-preview:large","max-video-preview":"max-video-preview:-1"},"canonical":"https:\/\/www.budokampsport.se\/2022\/10\/01\/nikolija-nina-milosevic-tog-em-guld\/","og_locale":"sv_SE","og_type":"article","og_title":"Nikolija \u201dNina\u201d Milosevic tog EM-guld - Svenska Budo &amp; Kampsportsf\u00f6rbundet","og_description":"MMA. Under l\u00f6rdagen avslutades EM och Nikolija \u201dNina\u201d Milosevic tog hem guldet efter finalmatch mot polskan Paulina Kontna. (Foto: IMMAF)","og_url":"https:\/\/www.budokampsport.se\/2022\/10\/01\/nikolija-nina-milosevic-tog-em-guld\/","og_site_name":"Svenska Budo &amp; Kampsportsf\u00f6rbundet","article_published_time":"2022-10-01T19:51:07+00:00","og_image":[{"width":850,"height":567,"url":"https:\/\/www.budokampsport.se\/wp-content\/uploads\/2022\/10\/nina-milosevic.jpg","type":"image\/jpeg"}],"author":"Annie Carriage","twitter_card":"summary_large_image","twitter_misc":{"Skriven av":"Annie Carriage","Ber\u00e4knad l\u00e4stid":"1 minut"},"schema":{"@context":"https:\/\/schema.org","@graph":[{"@type":"Article","@id":"https:\/\/www.budokampsport.se\/2022\/10\/01\/nikolija-nina-milosevic-tog-em-guld\/#article","isPartOf":{"@id":"https:\/\/www.budokampsport.se\/2022\/10\/01\/nikolija-nina-milosevic-tog-em-guld\/"},"author":{"name":"Annie Carriage","@id":"https:\/\/www.budokampsport.se\/#\/schema\/person\/c838cace8171f692e363fde3f38f208b"},"headline":"Nikolija \u201dNina\u201d Milosevic tog EM-guld","datePublished":"2022-10-01T19:51:07+00:00","mainEntityOfPage":{"@id":"https:\/\/www.budokampsport.se\/2022\/10\/01\/nikolija-nina-milosevic-tog-em-guld\/"},"wordCount":229,"commentCount":0,"image":{"@id":"https:\/\/www.budokampsport.se\/2022\/10\/01\/nikolija-nina-milosevic-tog-em-guld\/#primaryimage"},"thumbnailUrl":"https:\/\/www.budokampsport.se\/wp-content\/uploads\/2022\/10\/nina-milosevic.jpg","articleSection":["Elit"],"inLanguage":"sv-SE","potentialAction":[{"@type":"CommentAction","name":"Comment","target":["https:\/\/www.budokampsport.se\/2022\/10\/01\/nikolija-nina-milosevic-tog-em-guld\/#respond"]}]},{"@type":"WebPage","@id":"https:\/\/www.budokampsport.se\/2022\/10\/01\/nikolija-nina-milosevic-tog-em-guld\/","url":"https:\/\/www.budokampsport.se\/2022\/10\/01\/nikolija-nina-milosevic-tog-em-guld\/","name":"Nikolija \u201dNina\u201d Milosevic tog EM-guld - Svenska Budo &amp; Kampsportsf\u00f6rbundet","isPartOf":{"@id":"https:\/\/www.budokampsport.se\/#website"},"primaryImageOfPage":{"@id":"https:\/\/www.budokampsport.se\/2022\/10\/01\/nikolija-nina-milosevic-tog-em-guld\/#primaryimage"},"image":{"@id":"https:\/\/www.budokampsport.se\/2022\/10\/01\/nikolija-nina-milosevic-tog-em-guld\/#primaryimage"},"thumbnailUrl":"https:\/\/www.budokampsport.se\/wp-content\/uploads\/2022\/10\/nina-milosevic.jpg","datePublished":"2022-10-01T19:51:07+00:00","author":{"@id":"https:\/\/www.budokampsport.se\/#\/schema\/person\/c838cace8171f692e363fde3f38f208b"},"description":"MMA. Under l\u00f6rdagen avslutades EM och Nikolija \u201dNina\u201d Milosevic tog hem guldet efter finalmatch mot polskan Paulina Kontna. (Foto: IMMAF)","breadcrumb":{"@id":"https:\/\/www.budokampsport.se\/2022\/10\/01\/nikolija-nina-milosevic-tog-em-guld\/#breadcrumb"},"inLanguage":"sv-SE","potentialAction":[{"@type":"ReadAction","target":["https:\/\/www.budokampsport.se\/2022\/10\/01\/nikolija-nina-milosevic-tog-em-guld\/"]}]},{"@type":"ImageObject","inLanguage":"sv-SE","@id":"https:\/\/www.budokampsport.se\/2022\/10\/01\/nikolija-nina-milosevic-tog-em-guld\/#primaryimage","url":"https:\/\/www.budokampsport.se\/wp-content\/uploads\/2022\/10\/nina-milosevic.jpg","contentUrl":"https:\/\/www.budokampsport.se\/wp-content\/uploads\/2022\/10\/nina-milosevic.jpg","width":850,"height":567},{"@type":"BreadcrumbList","@id":"https:\/\/www.budokampsport.se\/2022\/10\/01\/nikolija-nina-milosevic-tog-em-guld\/#breadcrumb","itemListElement":[{"@type":"ListItem","position":1,"name":"Hem","item":"https:\/\/www.budokampsport.se\/"},{"@type":"ListItem","position":2,"name":"Nikolija \u201dNina\u201d Milosevic tog EM-guld"}]},{"@type":"WebSite","@id":"https:\/\/www.budokampsport.se\/#website","url":"https:\/\/www.budokampsport.se\/","name":"Svenska Budo &amp; Kampsportsf\u00f6rbundet","description":"T\u00e4vling, Tr\u00e4ning, Tradition","potentialAction":[{"@type":"SearchAction","target":{"@type":"EntryPoint","urlTemplate":"https:\/\/www.budokampsport.se\/?s={search_term_string}"},"query-input":{"@type":"PropertyValueSpecification","valueRequired":true,"valueName":"search_term_string"}}],"inLanguage":"sv-SE"},{"@type":"Person","@id":"https:\/\/www.budokampsport.se\/#\/schema\/person\/c838cace8171f692e363fde3f38f208b","name":"Annie Carriage","image":{"@type":"ImageObject","inLanguage":"sv-SE","@id":"https:\/\/www.budokampsport.se\/#\/schema\/person\/image\/","url":"https:\/\/secure.gravatar.com\/avatar\/9311295560bdfbdf78365a26f7df1876?s=96&d=blank&r=g","contentUrl":"https:\/\/secure.gravatar.com\/avatar\/9311295560bdfbdf78365a26f7df1876?s=96&d=blank&r=g","caption":"Annie Carriage"},"url":"https:\/\/www.budokampsport.se\/author\/annie-bondefelt\/"}]}},"_links":{"self":[{"href":"https:\/\/www.budokampsport.se\/api\/wp\/v2\/posts\/142637","targetHints":{"allow":["GET"]}}],"collection":[{"href":"https:\/\/www.budokampsport.se\/api\/wp\/v2\/posts"}],"about":[{"href":"https:\/\/www.budokampsport.se\/api\/wp\/v2\/types\/post"}],"author":[{"embeddable":true,"href":"https:\/\/www.budokampsport.se\/api\/wp\/v2\/users\/120"}],"replies":[{"embeddable":true,"href":"https:\/\/www.budokampsport.se\/api\/wp\/v2\/comments?post=142637"}],"version-history":[{"count":0,"href":"https:\/\/www.budokampsport.se\/api\/wp\/v2\/posts\/142637\/revisions"}],"wp:featuredmedia":[{"embeddable":true,"href":"https:\/\/www.budokampsport.se\/api\/wp\/v2\/media\/142638"}],"wp:attachment":[{"href":"https:\/\/www.budokampsport.se\/api\/wp\/v2\/media?parent=142637"}],"wp:term":[{"taxonomy":"category","embeddable":true,"href":"https:\/\/www.budokampsport.se\/api\/wp\/v2\/categories?post=142637"},{"taxonomy":"post_tag","embeddable":true,"href":"https:\/\/www.budokampsport.se\/api\/wp\/v2\/tags?post=142637"}],"curies":[{"name":"wp","href":"https:\/\/api.w.org\/{rel}","templated":true}]}}