{"id":143808,"date":"2022-10-27T15:11:37","date_gmt":"2022-10-27T13:11:37","guid":{"rendered":"https:\/\/www.budokampsport.se\/?p=143808"},"modified":"2022-10-27T15:11:37","modified_gmt":"2022-10-27T13:11:37","slug":"forbundskonferens-i-helgen","status":"publish","type":"post","link":"https:\/\/www.budokampsport.se\/2022\/10\/27\/forbundskonferens-i-helgen\/","title":{"rendered":"F\u00f6rbundskonferens i helgen"},"content":{"rendered":"<p>Underf\u00f6rbund, distriktsf\u00f6rbund och SB&amp;K:s styrelse samt kansli kommer att samlas p\u00e5 Bos\u00f6n under l\u00f6rdag och s\u00f6ndag f\u00f6r F\u00f6rbundskonferensen.<\/p>\n<p>N\u00e5gra \u00e4mnen som kommer att diskuteras under helgen \u00e4r f\u00f6rbundets framtida vision och v\u00e4rdegrundsarbete.<\/p>\n<p>&#8211; Vi ser f\u00f6rst och fr\u00e4mst fram emot att tr\u00e4ffas fysiskt igen. Sedan hoppas vi p\u00e5 m\u00e5nga givande diskussioner och att vi f\u00e5r en k\u00e4nsla av att vi g\u00f6r saker tillsammans, s\u00e4ger SB&amp;K:s verksamhetsledare Magnus Ledin inf\u00f6r den kommande konferenshelgen.<\/p>\n<p>Text och foto: Jonathan Broberg<\/p>\n","protected":false},"excerpt":{"rendered":"<p>SB&#038;K. I helgen \u00e4r det \u00e5ter dags f\u00f6r F\u00f6rbundskonferens. Underf\u00f6rbund och distrikt samt SB&#038;K:s styrelse och kanslipersonal kommer att samlas f\u00f6r att diskutera kommande viktiga h\u00e4ndelser i f\u00f6rbundet. Konferensen sker l\u00f6rdag-s\u00f6ndag p\u00e5 Bos\u00f6n.<\/p><br>","protected":false},"author":7,"featured_media":144029,"comment_status":"open","ping_status":"open","sticky":false,"template":"","format":"standard","meta":{"_acf_changed":false,"footnotes":""},"categories":[1],"tags":[],"class_list":["post-143808","post","type-post","status-publish","format-standard","has-post-thumbnail","hentry","category-okategoriserade"],"acf":[],"yoast_head":"<!-- This site is optimized with the Yoast SEO plugin v26.8 - https:\/\/yoast.com\/product\/yoast-seo-wordpress\/ -->\n<title>F\u00f6rbundskonferens i helgen - Svenska Budo &amp; Kampsportsf\u00f6rbundet<\/title>\n<meta name=\"description\" content=\"SB&amp;K. I helgen \u00e4r det \u00e5ter dags f\u00f6r F\u00f6rbundskonferens. Underf\u00f6rbund och distrikt samt SB&amp;K:s styrelse och kanslipersonal kommer att samlas f\u00f6r att diskutera kommande viktiga h\u00e4ndelser i f\u00f6rbundet. Konferensen sker l\u00f6rdag-s\u00f6ndag p\u00e5 Bos\u00f6n.\" \/>\n<meta name=\"robots\" content=\"index, follow, max-snippet:-1, max-image-preview:large, max-video-preview:-1\" \/>\n<link rel=\"canonical\" href=\"https:\/\/www.budokampsport.se\/2022\/10\/27\/forbundskonferens-i-helgen\/\" \/>\n<meta property=\"og:locale\" content=\"sv_SE\" \/>\n<meta property=\"og:type\" content=\"article\" \/>\n<meta property=\"og:title\" content=\"F\u00f6rbundskonferens i helgen - Svenska Budo &amp; Kampsportsf\u00f6rbundet\" \/>\n<meta property=\"og:description\" content=\"SB&amp;K. I helgen \u00e4r det \u00e5ter dags f\u00f6r F\u00f6rbundskonferens. Underf\u00f6rbund och distrikt samt SB&amp;K:s styrelse och kanslipersonal kommer att samlas f\u00f6r att diskutera kommande viktiga h\u00e4ndelser i f\u00f6rbundet. Konferensen sker l\u00f6rdag-s\u00f6ndag p\u00e5 Bos\u00f6n.\" \/>\n<meta property=\"og:url\" content=\"https:\/\/www.budokampsport.se\/2022\/10\/27\/forbundskonferens-i-helgen\/\" \/>\n<meta property=\"og:site_name\" content=\"Svenska Budo &amp; Kampsportsf\u00f6rbundet\" \/>\n<meta property=\"article:author\" content=\"https:\/\/www.facebook.com\/jonathan.broberg.7\" \/>\n<meta property=\"article:published_time\" content=\"2022-10-27T13:11:37+00:00\" \/>\n<meta property=\"og:image\" content=\"https:\/\/www.budokampsport.se\/wp-content\/uploads\/2022\/10\/boson.jpg\" \/>\n\t<meta property=\"og:image:width\" content=\"850\" \/>\n\t<meta property=\"og:image:height\" content=\"567\" \/>\n\t<meta property=\"og:image:type\" content=\"image\/jpeg\" \/>\n<meta name=\"author\" content=\"Jonathan Broberg\" \/>\n<meta name=\"twitter:card\" content=\"summary_large_image\" \/>\n<meta name=\"twitter:label1\" content=\"Skriven av\" \/>\n\t<meta name=\"twitter:data1\" content=\"Jonathan Broberg\" \/>\n\t<meta name=\"twitter:label2\" content=\"Ber\u00e4knad l\u00e4stid\" \/>\n\t<meta name=\"twitter:data2\" content=\"1 minut\" \/>\n<script type=\"application\/ld+json\" class=\"yoast-schema-graph\">{\"@context\":\"https:\/\/schema.org\",\"@graph\":[{\"@type\":\"Article\",\"@id\":\"https:\/\/www.budokampsport.se\/2022\/10\/27\/forbundskonferens-i-helgen\/#article\",\"isPartOf\":{\"@id\":\"https:\/\/www.budokampsport.se\/2022\/10\/27\/forbundskonferens-i-helgen\/\"},\"author\":{\"name\":\"Jonathan Broberg\",\"@id\":\"https:\/\/www.budokampsport.se\/#\/schema\/person\/5c06d81d14850e2a8ce5493386560145\"},\"headline\":\"F\u00f6rbundskonferens i helgen\",\"datePublished\":\"2022-10-27T13:11:37+00:00\",\"mainEntityOfPage\":{\"@id\":\"https:\/\/www.budokampsport.se\/2022\/10\/27\/forbundskonferens-i-helgen\/\"},\"wordCount\":106,\"commentCount\":0,\"image\":{\"@id\":\"https:\/\/www.budokampsport.se\/2022\/10\/27\/forbundskonferens-i-helgen\/#primaryimage\"},\"thumbnailUrl\":\"https:\/\/www.budokampsport.se\/wp-content\/uploads\/2022\/10\/boson.jpg\",\"inLanguage\":\"sv-SE\",\"potentialAction\":[{\"@type\":\"CommentAction\",\"name\":\"Comment\",\"target\":[\"https:\/\/www.budokampsport.se\/2022\/10\/27\/forbundskonferens-i-helgen\/#respond\"]}]},{\"@type\":\"WebPage\",\"@id\":\"https:\/\/www.budokampsport.se\/2022\/10\/27\/forbundskonferens-i-helgen\/\",\"url\":\"https:\/\/www.budokampsport.se\/2022\/10\/27\/forbundskonferens-i-helgen\/\",\"name\":\"F\u00f6rbundskonferens i helgen - Svenska Budo &amp; Kampsportsf\u00f6rbundet\",\"isPartOf\":{\"@id\":\"https:\/\/www.budokampsport.se\/#website\"},\"primaryImageOfPage\":{\"@id\":\"https:\/\/www.budokampsport.se\/2022\/10\/27\/forbundskonferens-i-helgen\/#primaryimage\"},\"image\":{\"@id\":\"https:\/\/www.budokampsport.se\/2022\/10\/27\/forbundskonferens-i-helgen\/#primaryimage\"},\"thumbnailUrl\":\"https:\/\/www.budokampsport.se\/wp-content\/uploads\/2022\/10\/boson.jpg\",\"datePublished\":\"2022-10-27T13:11:37+00:00\",\"author\":{\"@id\":\"https:\/\/www.budokampsport.se\/#\/schema\/person\/5c06d81d14850e2a8ce5493386560145\"},\"description\":\"SB&K. I helgen \u00e4r det \u00e5ter dags f\u00f6r F\u00f6rbundskonferens. Underf\u00f6rbund och distrikt samt SB&K:s styrelse och kanslipersonal kommer att samlas f\u00f6r att diskutera kommande viktiga h\u00e4ndelser i f\u00f6rbundet. Konferensen sker l\u00f6rdag-s\u00f6ndag p\u00e5 Bos\u00f6n.\",\"breadcrumb\":{\"@id\":\"https:\/\/www.budokampsport.se\/2022\/10\/27\/forbundskonferens-i-helgen\/#breadcrumb\"},\"inLanguage\":\"sv-SE\",\"potentialAction\":[{\"@type\":\"ReadAction\",\"target\":[\"https:\/\/www.budokampsport.se\/2022\/10\/27\/forbundskonferens-i-helgen\/\"]}]},{\"@type\":\"ImageObject\",\"inLanguage\":\"sv-SE\",\"@id\":\"https:\/\/www.budokampsport.se\/2022\/10\/27\/forbundskonferens-i-helgen\/#primaryimage\",\"url\":\"https:\/\/www.budokampsport.se\/wp-content\/uploads\/2022\/10\/boson.jpg\",\"contentUrl\":\"https:\/\/www.budokampsport.se\/wp-content\/uploads\/2022\/10\/boson.jpg\",\"width\":850,\"height\":567,\"caption\":\"Foto: Jonathan Broberg\"},{\"@type\":\"BreadcrumbList\",\"@id\":\"https:\/\/www.budokampsport.se\/2022\/10\/27\/forbundskonferens-i-helgen\/#breadcrumb\",\"itemListElement\":[{\"@type\":\"ListItem\",\"position\":1,\"name\":\"Hem\",\"item\":\"https:\/\/www.budokampsport.se\/\"},{\"@type\":\"ListItem\",\"position\":2,\"name\":\"F\u00f6rbundskonferens i helgen\"}]},{\"@type\":\"WebSite\",\"@id\":\"https:\/\/www.budokampsport.se\/#website\",\"url\":\"https:\/\/www.budokampsport.se\/\",\"name\":\"Svenska Budo &amp; Kampsportsf\u00f6rbundet\",\"description\":\"T\u00e4vling, Tr\u00e4ning, Tradition\",\"potentialAction\":[{\"@type\":\"SearchAction\",\"target\":{\"@type\":\"EntryPoint\",\"urlTemplate\":\"https:\/\/www.budokampsport.se\/?s={search_term_string}\"},\"query-input\":{\"@type\":\"PropertyValueSpecification\",\"valueRequired\":true,\"valueName\":\"search_term_string\"}}],\"inLanguage\":\"sv-SE\"},{\"@type\":\"Person\",\"@id\":\"https:\/\/www.budokampsport.se\/#\/schema\/person\/5c06d81d14850e2a8ce5493386560145\",\"name\":\"Jonathan Broberg\",\"image\":{\"@type\":\"ImageObject\",\"inLanguage\":\"sv-SE\",\"@id\":\"https:\/\/www.budokampsport.se\/#\/schema\/person\/image\/\",\"url\":\"https:\/\/secure.gravatar.com\/avatar\/a58041c6cea9128bd9c40ee2f26d4136?s=96&d=blank&r=g\",\"contentUrl\":\"https:\/\/secure.gravatar.com\/avatar\/a58041c6cea9128bd9c40ee2f26d4136?s=96&d=blank&r=g\",\"caption\":\"Jonathan Broberg\"},\"sameAs\":[\"https:\/\/www.facebook.com\/jonathan.broberg.7\"],\"url\":\"https:\/\/www.budokampsport.se\/author\/jonathan\/\"}]}<\/script>\n<!-- \/ Yoast SEO plugin. -->","yoast_head_json":{"title":"F\u00f6rbundskonferens i helgen - Svenska Budo &amp; Kampsportsf\u00f6rbundet","description":"SB&K. I helgen \u00e4r det \u00e5ter dags f\u00f6r F\u00f6rbundskonferens. Underf\u00f6rbund och distrikt samt SB&K:s styrelse och kanslipersonal kommer att samlas f\u00f6r att diskutera kommande viktiga h\u00e4ndelser i f\u00f6rbundet. Konferensen sker l\u00f6rdag-s\u00f6ndag p\u00e5 Bos\u00f6n.","robots":{"index":"index","follow":"follow","max-snippet":"max-snippet:-1","max-image-preview":"max-image-preview:large","max-video-preview":"max-video-preview:-1"},"canonical":"https:\/\/www.budokampsport.se\/2022\/10\/27\/forbundskonferens-i-helgen\/","og_locale":"sv_SE","og_type":"article","og_title":"F\u00f6rbundskonferens i helgen - Svenska Budo &amp; Kampsportsf\u00f6rbundet","og_description":"SB&K. I helgen \u00e4r det \u00e5ter dags f\u00f6r F\u00f6rbundskonferens. Underf\u00f6rbund och distrikt samt SB&K:s styrelse och kanslipersonal kommer att samlas f\u00f6r att diskutera kommande viktiga h\u00e4ndelser i f\u00f6rbundet. Konferensen sker l\u00f6rdag-s\u00f6ndag p\u00e5 Bos\u00f6n.","og_url":"https:\/\/www.budokampsport.se\/2022\/10\/27\/forbundskonferens-i-helgen\/","og_site_name":"Svenska Budo &amp; Kampsportsf\u00f6rbundet","article_author":"https:\/\/www.facebook.com\/jonathan.broberg.7","article_published_time":"2022-10-27T13:11:37+00:00","og_image":[{"width":850,"height":567,"url":"https:\/\/www.budokampsport.se\/wp-content\/uploads\/2022\/10\/boson.jpg","type":"image\/jpeg"}],"author":"Jonathan Broberg","twitter_card":"summary_large_image","twitter_misc":{"Skriven av":"Jonathan Broberg","Ber\u00e4knad l\u00e4stid":"1 minut"},"schema":{"@context":"https:\/\/schema.org","@graph":[{"@type":"Article","@id":"https:\/\/www.budokampsport.se\/2022\/10\/27\/forbundskonferens-i-helgen\/#article","isPartOf":{"@id":"https:\/\/www.budokampsport.se\/2022\/10\/27\/forbundskonferens-i-helgen\/"},"author":{"name":"Jonathan Broberg","@id":"https:\/\/www.budokampsport.se\/#\/schema\/person\/5c06d81d14850e2a8ce5493386560145"},"headline":"F\u00f6rbundskonferens i helgen","datePublished":"2022-10-27T13:11:37+00:00","mainEntityOfPage":{"@id":"https:\/\/www.budokampsport.se\/2022\/10\/27\/forbundskonferens-i-helgen\/"},"wordCount":106,"commentCount":0,"image":{"@id":"https:\/\/www.budokampsport.se\/2022\/10\/27\/forbundskonferens-i-helgen\/#primaryimage"},"thumbnailUrl":"https:\/\/www.budokampsport.se\/wp-content\/uploads\/2022\/10\/boson.jpg","inLanguage":"sv-SE","potentialAction":[{"@type":"CommentAction","name":"Comment","target":["https:\/\/www.budokampsport.se\/2022\/10\/27\/forbundskonferens-i-helgen\/#respond"]}]},{"@type":"WebPage","@id":"https:\/\/www.budokampsport.se\/2022\/10\/27\/forbundskonferens-i-helgen\/","url":"https:\/\/www.budokampsport.se\/2022\/10\/27\/forbundskonferens-i-helgen\/","name":"F\u00f6rbundskonferens i helgen - Svenska Budo &amp; Kampsportsf\u00f6rbundet","isPartOf":{"@id":"https:\/\/www.budokampsport.se\/#website"},"primaryImageOfPage":{"@id":"https:\/\/www.budokampsport.se\/2022\/10\/27\/forbundskonferens-i-helgen\/#primaryimage"},"image":{"@id":"https:\/\/www.budokampsport.se\/2022\/10\/27\/forbundskonferens-i-helgen\/#primaryimage"},"thumbnailUrl":"https:\/\/www.budokampsport.se\/wp-content\/uploads\/2022\/10\/boson.jpg","datePublished":"2022-10-27T13:11:37+00:00","author":{"@id":"https:\/\/www.budokampsport.se\/#\/schema\/person\/5c06d81d14850e2a8ce5493386560145"},"description":"SB&K. I helgen \u00e4r det \u00e5ter dags f\u00f6r F\u00f6rbundskonferens. Underf\u00f6rbund och distrikt samt SB&K:s styrelse och kanslipersonal kommer att samlas f\u00f6r att diskutera kommande viktiga h\u00e4ndelser i f\u00f6rbundet. Konferensen sker l\u00f6rdag-s\u00f6ndag p\u00e5 Bos\u00f6n.","breadcrumb":{"@id":"https:\/\/www.budokampsport.se\/2022\/10\/27\/forbundskonferens-i-helgen\/#breadcrumb"},"inLanguage":"sv-SE","potentialAction":[{"@type":"ReadAction","target":["https:\/\/www.budokampsport.se\/2022\/10\/27\/forbundskonferens-i-helgen\/"]}]},{"@type":"ImageObject","inLanguage":"sv-SE","@id":"https:\/\/www.budokampsport.se\/2022\/10\/27\/forbundskonferens-i-helgen\/#primaryimage","url":"https:\/\/www.budokampsport.se\/wp-content\/uploads\/2022\/10\/boson.jpg","contentUrl":"https:\/\/www.budokampsport.se\/wp-content\/uploads\/2022\/10\/boson.jpg","width":850,"height":567,"caption":"Foto: Jonathan Broberg"},{"@type":"BreadcrumbList","@id":"https:\/\/www.budokampsport.se\/2022\/10\/27\/forbundskonferens-i-helgen\/#breadcrumb","itemListElement":[{"@type":"ListItem","position":1,"name":"Hem","item":"https:\/\/www.budokampsport.se\/"},{"@type":"ListItem","position":2,"name":"F\u00f6rbundskonferens i helgen"}]},{"@type":"WebSite","@id":"https:\/\/www.budokampsport.se\/#website","url":"https:\/\/www.budokampsport.se\/","name":"Svenska Budo &amp; Kampsportsf\u00f6rbundet","description":"T\u00e4vling, Tr\u00e4ning, Tradition","potentialAction":[{"@type":"SearchAction","target":{"@type":"EntryPoint","urlTemplate":"https:\/\/www.budokampsport.se\/?s={search_term_string}"},"query-input":{"@type":"PropertyValueSpecification","valueRequired":true,"valueName":"search_term_string"}}],"inLanguage":"sv-SE"},{"@type":"Person","@id":"https:\/\/www.budokampsport.se\/#\/schema\/person\/5c06d81d14850e2a8ce5493386560145","name":"Jonathan Broberg","image":{"@type":"ImageObject","inLanguage":"sv-SE","@id":"https:\/\/www.budokampsport.se\/#\/schema\/person\/image\/","url":"https:\/\/secure.gravatar.com\/avatar\/a58041c6cea9128bd9c40ee2f26d4136?s=96&d=blank&r=g","contentUrl":"https:\/\/secure.gravatar.com\/avatar\/a58041c6cea9128bd9c40ee2f26d4136?s=96&d=blank&r=g","caption":"Jonathan Broberg"},"sameAs":["https:\/\/www.facebook.com\/jonathan.broberg.7"],"url":"https:\/\/www.budokampsport.se\/author\/jonathan\/"}]}},"_links":{"self":[{"href":"https:\/\/www.budokampsport.se\/api\/wp\/v2\/posts\/143808","targetHints":{"allow":["GET"]}}],"collection":[{"href":"https:\/\/www.budokampsport.se\/api\/wp\/v2\/posts"}],"about":[{"href":"https:\/\/www.budokampsport.se\/api\/wp\/v2\/types\/post"}],"author":[{"embeddable":true,"href":"https:\/\/www.budokampsport.se\/api\/wp\/v2\/users\/7"}],"replies":[{"embeddable":true,"href":"https:\/\/www.budokampsport.se\/api\/wp\/v2\/comments?post=143808"}],"version-history":[{"count":0,"href":"https:\/\/www.budokampsport.se\/api\/wp\/v2\/posts\/143808\/revisions"}],"wp:featuredmedia":[{"embeddable":true,"href":"https:\/\/www.budokampsport.se\/api\/wp\/v2\/media\/144029"}],"wp:attachment":[{"href":"https:\/\/www.budokampsport.se\/api\/wp\/v2\/media?parent=143808"}],"wp:term":[{"taxonomy":"category","embeddable":true,"href":"https:\/\/www.budokampsport.se\/api\/wp\/v2\/categories?post=143808"},{"taxonomy":"post_tag","embeddable":true,"href":"https:\/\/www.budokampsport.se\/api\/wp\/v2\/tags?post=143808"}],"curies":[{"name":"wp","href":"https:\/\/api.w.org\/{rel}","templated":true}]}}