{"id":144182,"date":"2022-11-11T12:03:06","date_gmt":"2022-11-11T11:03:06","guid":{"rendered":"https:\/\/www.budokampsport.se\/?p=144182"},"modified":"2023-01-24T12:07:46","modified_gmt":"2023-01-24T11:07:46","slug":"arstamman-gor-comeback-pa-wtc","status":"publish","type":"post","link":"https:\/\/www.budokampsport.se\/2022\/11\/11\/arstamman-gor-comeback-pa-wtc\/","title":{"rendered":"\u00c5rst\u00e4mman g\u00f6r comeback p\u00e5 WTC"},"content":{"rendered":"<p>SB&amp;K:s \u00e5rsm\u00f6te kommer g\u00e5 av stapeln p\u00e5 <a href=\"https:\/\/www.wtc.se\/\" target=\"_blank\" rel=\"noopener\">World Trade Center<\/a> i Stockholm i slutet p\u00e5 mars. St\u00e4mman har anordnats p\u00e5 WTC ett antal g\u00e5nger f\u00f6rut och i v\u00e5r g\u00f6r f\u00f6rbundet allts\u00e5 comeback i WTC:s lokaler f\u00f6r f\u00f6rsta g\u00e5ngen sen 2018.<\/p>\n<p>\u2013 Vi \u00e4r naturligtvis v\u00e4ldigt glada \u00f6ver att vi f\u00e5r f\u00f6rtroendet att f\u00e5 ta hand om er igen, vi har ju gjort detta i m\u00e5nga \u00e5r tillsammans, s\u00e4ger Carina Jonsson, konferenskoordinator p\u00e5 WTC.<\/p>\n<p>&nbsp;<\/p>\n","protected":false},"excerpt":{"rendered":"<p>SB&#038;K. \u00c5rsm\u00f6tet 2023 kommer att arrangeras den 25 mars. Den kommer h\u00e5llas p\u00e5 World Trade Center i Stockholm och blir d\u00e5 den f\u00f6rsta fysiska st\u00e4mman sen 2019.<br \/><br>(Foto: WTC\/M\u00e5ns Berg)<\/p><br>","protected":false},"author":120,"featured_media":144586,"comment_status":"closed","ping_status":"open","sticky":false,"template":"","format":"standard","meta":{"_acf_changed":false,"footnotes":""},"categories":[410],"tags":[],"class_list":["post-144182","post","type-post","status-publish","format-standard","has-post-thumbnail","hentry","category-arsmote"],"acf":[],"yoast_head":"<!-- This site is optimized with the Yoast SEO plugin v26.8 - https:\/\/yoast.com\/product\/yoast-seo-wordpress\/ -->\n<title>\u00c5rst\u00e4mman g\u00f6r comeback p\u00e5 WTC - Svenska Budo &amp; Kampsportsf\u00f6rbundet<\/title>\n<meta name=\"description\" content=\"SB&amp;K. \u00c5rsm\u00f6tet 2023 kommer att arrangeras den 25 mars. Den kommer h\u00e5llas p\u00e5 World Trade Center i Stockholm och blir d\u00e5 den f\u00f6rsta fysiska st\u00e4mman sen 2019. (Foto: WTC\/M\u00e5ns Berg)\" \/>\n<meta name=\"robots\" content=\"index, follow, max-snippet:-1, max-image-preview:large, max-video-preview:-1\" \/>\n<link rel=\"canonical\" href=\"https:\/\/www.budokampsport.se\/2022\/11\/11\/arstamman-gor-comeback-pa-wtc\/\" \/>\n<meta property=\"og:locale\" content=\"sv_SE\" \/>\n<meta property=\"og:type\" content=\"article\" \/>\n<meta property=\"og:title\" content=\"\u00c5rst\u00e4mman g\u00f6r comeback p\u00e5 WTC - Svenska Budo &amp; Kampsportsf\u00f6rbundet\" \/>\n<meta property=\"og:description\" content=\"SB&amp;K. \u00c5rsm\u00f6tet 2023 kommer att arrangeras den 25 mars. Den kommer h\u00e5llas p\u00e5 World Trade Center i Stockholm och blir d\u00e5 den f\u00f6rsta fysiska st\u00e4mman sen 2019. (Foto: WTC\/M\u00e5ns Berg)\" \/>\n<meta property=\"og:url\" content=\"https:\/\/www.budokampsport.se\/2022\/11\/11\/arstamman-gor-comeback-pa-wtc\/\" \/>\n<meta property=\"og:site_name\" content=\"Svenska Budo &amp; Kampsportsf\u00f6rbundet\" \/>\n<meta property=\"article:published_time\" content=\"2022-11-11T11:03:06+00:00\" \/>\n<meta property=\"article:modified_time\" content=\"2023-01-24T11:07:46+00:00\" \/>\n<meta property=\"og:image\" content=\"https:\/\/www.budokampsport.se\/wp-content\/uploads\/2022\/11\/New-York.jpg\" \/>\n\t<meta property=\"og:image:width\" content=\"850\" \/>\n\t<meta property=\"og:image:height\" content=\"567\" \/>\n\t<meta property=\"og:image:type\" content=\"image\/jpeg\" \/>\n<meta name=\"author\" content=\"Annie Carriage\" \/>\n<meta name=\"twitter:card\" content=\"summary_large_image\" \/>\n<meta name=\"twitter:label1\" content=\"Skriven av\" \/>\n\t<meta name=\"twitter:data1\" content=\"Annie Carriage\" \/>\n<script type=\"application\/ld+json\" class=\"yoast-schema-graph\">{\"@context\":\"https:\/\/schema.org\",\"@graph\":[{\"@type\":\"Article\",\"@id\":\"https:\/\/www.budokampsport.se\/2022\/11\/11\/arstamman-gor-comeback-pa-wtc\/#article\",\"isPartOf\":{\"@id\":\"https:\/\/www.budokampsport.se\/2022\/11\/11\/arstamman-gor-comeback-pa-wtc\/\"},\"author\":{\"name\":\"Annie Carriage\",\"@id\":\"https:\/\/www.budokampsport.se\/#\/schema\/person\/c838cace8171f692e363fde3f38f208b\"},\"headline\":\"\u00c5rst\u00e4mman g\u00f6r comeback p\u00e5 WTC\",\"datePublished\":\"2022-11-11T11:03:06+00:00\",\"dateModified\":\"2023-01-24T11:07:46+00:00\",\"mainEntityOfPage\":{\"@id\":\"https:\/\/www.budokampsport.se\/2022\/11\/11\/arstamman-gor-comeback-pa-wtc\/\"},\"wordCount\":98,\"image\":{\"@id\":\"https:\/\/www.budokampsport.se\/2022\/11\/11\/arstamman-gor-comeback-pa-wtc\/#primaryimage\"},\"thumbnailUrl\":\"https:\/\/www.budokampsport.se\/wp-content\/uploads\/2022\/11\/New-York.jpg\",\"articleSection\":[\"\u00c5rsm\u00f6te\"],\"inLanguage\":\"sv-SE\"},{\"@type\":\"WebPage\",\"@id\":\"https:\/\/www.budokampsport.se\/2022\/11\/11\/arstamman-gor-comeback-pa-wtc\/\",\"url\":\"https:\/\/www.budokampsport.se\/2022\/11\/11\/arstamman-gor-comeback-pa-wtc\/\",\"name\":\"\u00c5rst\u00e4mman g\u00f6r comeback p\u00e5 WTC - Svenska Budo &amp; Kampsportsf\u00f6rbundet\",\"isPartOf\":{\"@id\":\"https:\/\/www.budokampsport.se\/#website\"},\"primaryImageOfPage\":{\"@id\":\"https:\/\/www.budokampsport.se\/2022\/11\/11\/arstamman-gor-comeback-pa-wtc\/#primaryimage\"},\"image\":{\"@id\":\"https:\/\/www.budokampsport.se\/2022\/11\/11\/arstamman-gor-comeback-pa-wtc\/#primaryimage\"},\"thumbnailUrl\":\"https:\/\/www.budokampsport.se\/wp-content\/uploads\/2022\/11\/New-York.jpg\",\"datePublished\":\"2022-11-11T11:03:06+00:00\",\"dateModified\":\"2023-01-24T11:07:46+00:00\",\"author\":{\"@id\":\"https:\/\/www.budokampsport.se\/#\/schema\/person\/c838cace8171f692e363fde3f38f208b\"},\"description\":\"SB&K. \u00c5rsm\u00f6tet 2023 kommer att arrangeras den 25 mars. Den kommer h\u00e5llas p\u00e5 World Trade Center i Stockholm och blir d\u00e5 den f\u00f6rsta fysiska st\u00e4mman sen 2019. (Foto: WTC\/M\u00e5ns Berg)\",\"breadcrumb\":{\"@id\":\"https:\/\/www.budokampsport.se\/2022\/11\/11\/arstamman-gor-comeback-pa-wtc\/#breadcrumb\"},\"inLanguage\":\"sv-SE\",\"potentialAction\":[{\"@type\":\"ReadAction\",\"target\":[\"https:\/\/www.budokampsport.se\/2022\/11\/11\/arstamman-gor-comeback-pa-wtc\/\"]}]},{\"@type\":\"ImageObject\",\"inLanguage\":\"sv-SE\",\"@id\":\"https:\/\/www.budokampsport.se\/2022\/11\/11\/arstamman-gor-comeback-pa-wtc\/#primaryimage\",\"url\":\"https:\/\/www.budokampsport.se\/wp-content\/uploads\/2022\/11\/New-York.jpg\",\"contentUrl\":\"https:\/\/www.budokampsport.se\/wp-content\/uploads\/2022\/11\/New-York.jpg\",\"width\":850,\"height\":567,\"caption\":\"www.mansberg.se\"},{\"@type\":\"BreadcrumbList\",\"@id\":\"https:\/\/www.budokampsport.se\/2022\/11\/11\/arstamman-gor-comeback-pa-wtc\/#breadcrumb\",\"itemListElement\":[{\"@type\":\"ListItem\",\"position\":1,\"name\":\"Hem\",\"item\":\"https:\/\/www.budokampsport.se\/\"},{\"@type\":\"ListItem\",\"position\":2,\"name\":\"\u00c5rst\u00e4mman g\u00f6r comeback p\u00e5 WTC\"}]},{\"@type\":\"WebSite\",\"@id\":\"https:\/\/www.budokampsport.se\/#website\",\"url\":\"https:\/\/www.budokampsport.se\/\",\"name\":\"Svenska Budo &amp; Kampsportsf\u00f6rbundet\",\"description\":\"T\u00e4vling, Tr\u00e4ning, Tradition\",\"potentialAction\":[{\"@type\":\"SearchAction\",\"target\":{\"@type\":\"EntryPoint\",\"urlTemplate\":\"https:\/\/www.budokampsport.se\/?s={search_term_string}\"},\"query-input\":{\"@type\":\"PropertyValueSpecification\",\"valueRequired\":true,\"valueName\":\"search_term_string\"}}],\"inLanguage\":\"sv-SE\"},{\"@type\":\"Person\",\"@id\":\"https:\/\/www.budokampsport.se\/#\/schema\/person\/c838cace8171f692e363fde3f38f208b\",\"name\":\"Annie Carriage\",\"image\":{\"@type\":\"ImageObject\",\"inLanguage\":\"sv-SE\",\"@id\":\"https:\/\/www.budokampsport.se\/#\/schema\/person\/image\/\",\"url\":\"https:\/\/secure.gravatar.com\/avatar\/9311295560bdfbdf78365a26f7df1876?s=96&d=blank&r=g\",\"contentUrl\":\"https:\/\/secure.gravatar.com\/avatar\/9311295560bdfbdf78365a26f7df1876?s=96&d=blank&r=g\",\"caption\":\"Annie Carriage\"},\"url\":\"https:\/\/www.budokampsport.se\/author\/annie-bondefelt\/\"}]}<\/script>\n<!-- \/ Yoast SEO plugin. -->","yoast_head_json":{"title":"\u00c5rst\u00e4mman g\u00f6r comeback p\u00e5 WTC - Svenska Budo &amp; Kampsportsf\u00f6rbundet","description":"SB&K. \u00c5rsm\u00f6tet 2023 kommer att arrangeras den 25 mars. Den kommer h\u00e5llas p\u00e5 World Trade Center i Stockholm och blir d\u00e5 den f\u00f6rsta fysiska st\u00e4mman sen 2019. (Foto: WTC\/M\u00e5ns Berg)","robots":{"index":"index","follow":"follow","max-snippet":"max-snippet:-1","max-image-preview":"max-image-preview:large","max-video-preview":"max-video-preview:-1"},"canonical":"https:\/\/www.budokampsport.se\/2022\/11\/11\/arstamman-gor-comeback-pa-wtc\/","og_locale":"sv_SE","og_type":"article","og_title":"\u00c5rst\u00e4mman g\u00f6r comeback p\u00e5 WTC - Svenska Budo &amp; Kampsportsf\u00f6rbundet","og_description":"SB&K. \u00c5rsm\u00f6tet 2023 kommer att arrangeras den 25 mars. Den kommer h\u00e5llas p\u00e5 World Trade Center i Stockholm och blir d\u00e5 den f\u00f6rsta fysiska st\u00e4mman sen 2019. (Foto: WTC\/M\u00e5ns Berg)","og_url":"https:\/\/www.budokampsport.se\/2022\/11\/11\/arstamman-gor-comeback-pa-wtc\/","og_site_name":"Svenska Budo &amp; Kampsportsf\u00f6rbundet","article_published_time":"2022-11-11T11:03:06+00:00","article_modified_time":"2023-01-24T11:07:46+00:00","og_image":[{"width":850,"height":567,"url":"https:\/\/www.budokampsport.se\/wp-content\/uploads\/2022\/11\/New-York.jpg","type":"image\/jpeg"}],"author":"Annie Carriage","twitter_card":"summary_large_image","twitter_misc":{"Skriven av":"Annie Carriage"},"schema":{"@context":"https:\/\/schema.org","@graph":[{"@type":"Article","@id":"https:\/\/www.budokampsport.se\/2022\/11\/11\/arstamman-gor-comeback-pa-wtc\/#article","isPartOf":{"@id":"https:\/\/www.budokampsport.se\/2022\/11\/11\/arstamman-gor-comeback-pa-wtc\/"},"author":{"name":"Annie Carriage","@id":"https:\/\/www.budokampsport.se\/#\/schema\/person\/c838cace8171f692e363fde3f38f208b"},"headline":"\u00c5rst\u00e4mman g\u00f6r comeback p\u00e5 WTC","datePublished":"2022-11-11T11:03:06+00:00","dateModified":"2023-01-24T11:07:46+00:00","mainEntityOfPage":{"@id":"https:\/\/www.budokampsport.se\/2022\/11\/11\/arstamman-gor-comeback-pa-wtc\/"},"wordCount":98,"image":{"@id":"https:\/\/www.budokampsport.se\/2022\/11\/11\/arstamman-gor-comeback-pa-wtc\/#primaryimage"},"thumbnailUrl":"https:\/\/www.budokampsport.se\/wp-content\/uploads\/2022\/11\/New-York.jpg","articleSection":["\u00c5rsm\u00f6te"],"inLanguage":"sv-SE"},{"@type":"WebPage","@id":"https:\/\/www.budokampsport.se\/2022\/11\/11\/arstamman-gor-comeback-pa-wtc\/","url":"https:\/\/www.budokampsport.se\/2022\/11\/11\/arstamman-gor-comeback-pa-wtc\/","name":"\u00c5rst\u00e4mman g\u00f6r comeback p\u00e5 WTC - Svenska Budo &amp; Kampsportsf\u00f6rbundet","isPartOf":{"@id":"https:\/\/www.budokampsport.se\/#website"},"primaryImageOfPage":{"@id":"https:\/\/www.budokampsport.se\/2022\/11\/11\/arstamman-gor-comeback-pa-wtc\/#primaryimage"},"image":{"@id":"https:\/\/www.budokampsport.se\/2022\/11\/11\/arstamman-gor-comeback-pa-wtc\/#primaryimage"},"thumbnailUrl":"https:\/\/www.budokampsport.se\/wp-content\/uploads\/2022\/11\/New-York.jpg","datePublished":"2022-11-11T11:03:06+00:00","dateModified":"2023-01-24T11:07:46+00:00","author":{"@id":"https:\/\/www.budokampsport.se\/#\/schema\/person\/c838cace8171f692e363fde3f38f208b"},"description":"SB&K. \u00c5rsm\u00f6tet 2023 kommer att arrangeras den 25 mars. Den kommer h\u00e5llas p\u00e5 World Trade Center i Stockholm och blir d\u00e5 den f\u00f6rsta fysiska st\u00e4mman sen 2019. (Foto: WTC\/M\u00e5ns Berg)","breadcrumb":{"@id":"https:\/\/www.budokampsport.se\/2022\/11\/11\/arstamman-gor-comeback-pa-wtc\/#breadcrumb"},"inLanguage":"sv-SE","potentialAction":[{"@type":"ReadAction","target":["https:\/\/www.budokampsport.se\/2022\/11\/11\/arstamman-gor-comeback-pa-wtc\/"]}]},{"@type":"ImageObject","inLanguage":"sv-SE","@id":"https:\/\/www.budokampsport.se\/2022\/11\/11\/arstamman-gor-comeback-pa-wtc\/#primaryimage","url":"https:\/\/www.budokampsport.se\/wp-content\/uploads\/2022\/11\/New-York.jpg","contentUrl":"https:\/\/www.budokampsport.se\/wp-content\/uploads\/2022\/11\/New-York.jpg","width":850,"height":567,"caption":"www.mansberg.se"},{"@type":"BreadcrumbList","@id":"https:\/\/www.budokampsport.se\/2022\/11\/11\/arstamman-gor-comeback-pa-wtc\/#breadcrumb","itemListElement":[{"@type":"ListItem","position":1,"name":"Hem","item":"https:\/\/www.budokampsport.se\/"},{"@type":"ListItem","position":2,"name":"\u00c5rst\u00e4mman g\u00f6r comeback p\u00e5 WTC"}]},{"@type":"WebSite","@id":"https:\/\/www.budokampsport.se\/#website","url":"https:\/\/www.budokampsport.se\/","name":"Svenska Budo &amp; Kampsportsf\u00f6rbundet","description":"T\u00e4vling, Tr\u00e4ning, Tradition","potentialAction":[{"@type":"SearchAction","target":{"@type":"EntryPoint","urlTemplate":"https:\/\/www.budokampsport.se\/?s={search_term_string}"},"query-input":{"@type":"PropertyValueSpecification","valueRequired":true,"valueName":"search_term_string"}}],"inLanguage":"sv-SE"},{"@type":"Person","@id":"https:\/\/www.budokampsport.se\/#\/schema\/person\/c838cace8171f692e363fde3f38f208b","name":"Annie Carriage","image":{"@type":"ImageObject","inLanguage":"sv-SE","@id":"https:\/\/www.budokampsport.se\/#\/schema\/person\/image\/","url":"https:\/\/secure.gravatar.com\/avatar\/9311295560bdfbdf78365a26f7df1876?s=96&d=blank&r=g","contentUrl":"https:\/\/secure.gravatar.com\/avatar\/9311295560bdfbdf78365a26f7df1876?s=96&d=blank&r=g","caption":"Annie Carriage"},"url":"https:\/\/www.budokampsport.se\/author\/annie-bondefelt\/"}]}},"_links":{"self":[{"href":"https:\/\/www.budokampsport.se\/api\/wp\/v2\/posts\/144182","targetHints":{"allow":["GET"]}}],"collection":[{"href":"https:\/\/www.budokampsport.se\/api\/wp\/v2\/posts"}],"about":[{"href":"https:\/\/www.budokampsport.se\/api\/wp\/v2\/types\/post"}],"author":[{"embeddable":true,"href":"https:\/\/www.budokampsport.se\/api\/wp\/v2\/users\/120"}],"replies":[{"embeddable":true,"href":"https:\/\/www.budokampsport.se\/api\/wp\/v2\/comments?post=144182"}],"version-history":[{"count":0,"href":"https:\/\/www.budokampsport.se\/api\/wp\/v2\/posts\/144182\/revisions"}],"wp:featuredmedia":[{"embeddable":true,"href":"https:\/\/www.budokampsport.se\/api\/wp\/v2\/media\/144586"}],"wp:attachment":[{"href":"https:\/\/www.budokampsport.se\/api\/wp\/v2\/media?parent=144182"}],"wp:term":[{"taxonomy":"category","embeddable":true,"href":"https:\/\/www.budokampsport.se\/api\/wp\/v2\/categories?post=144182"},{"taxonomy":"post_tag","embeddable":true,"href":"https:\/\/www.budokampsport.se\/api\/wp\/v2\/tags?post=144182"}],"curies":[{"name":"wp","href":"https:\/\/api.w.org\/{rel}","templated":true}]}}