{"id":144270,"date":"2022-11-03T16:14:11","date_gmt":"2022-11-03T15:14:11","guid":{"rendered":"https:\/\/www.budokampsport.se\/?p=144270"},"modified":"2022-11-03T16:17:37","modified_gmt":"2022-11-03T15:17:37","slug":"tva-vm-brons-i-jujutsu-sakrade","status":"publish","type":"post","link":"https:\/\/www.budokampsport.se\/2022\/11\/03\/tva-vm-brons-i-jujutsu-sakrade\/","title":{"rendered":"Tv\u00e5 VM-brons i jujutsu s\u00e4krade"},"content":{"rendered":"<p><a href=\"https:\/\/jjif.sport\/events\/\" target=\"_blank\" rel=\"noopener\">VM i jujutsu i Abu Dhabi<\/a> rullar vidare och hittills, n\u00e4r vi kommit ungef\u00e4r halvv\u00e4gs i t\u00e4vlandet, har det blivit tv\u00e5 svenska VM-brons.<\/p>\n<p><strong>Amanda Vikingsson<\/strong> vann bronset i stilen newaza +70 kg. Vikingsson svarade f\u00f6r ett mycket fint m\u00e4sterskap och s\u00e4krade bronset via en storstilad sista match d\u00e4r hon ledde med 16-0, men vann \u00e4nd\u00e5 p\u00e5 avslut med sekunder kvar. Guldet i viktklassen vanns av kanadensiskan Rain Pfaff.<\/p>\n<p>Och i U18 lyckades \u00e4ven junioren <strong>Livia H\u00f6gbom<\/strong> i fight -63-kilosklassen vinna ett brons. Guldet gick till tyskan Julia Koehler.<\/p>\n<p>Andra framskjutna bl\u00e5gula placeringar svarade <strong>Fredrik Widgren<\/strong> och <strong>Karl Pegers<\/strong> f\u00f6r. B\u00e5da hamnade precis utanf\u00f6r medalj i sina respektive viktklasser med delade femteplatser.<\/p>\n<h3>Resultat och stream<\/h3>\n<p>VM p\u00e5g\u00e5r under helgen och resultaten kan f\u00f6ljas <a href=\"https:\/\/www.sportdata.org\/ju-jitsu\/set-online\/popup_main.php?popup_action=results&amp;vernr=325&amp;active_menu=calendar\" target=\"_blank\" rel=\"noopener\">h\u00e4r<\/a>.<\/p>\n<p>VM streamas ocks\u00e5 via <a href=\"https:\/\/www.youtube.com\/c\/JuJitsuInternationalFederation\/streams\" target=\"_blank\" rel=\"noopener\">den internationella jujutsu-federationens (JJIF) Youtube-kanal<\/a>.<\/p>\n<p>Text och foto: Jonathan Broberg<br \/>\n(Foto \u00e4r en arkivbild)<\/p>\n","protected":false},"excerpt":{"rendered":"<p>JUJUTSU. VM i jujutsu i Abu Dhabi \u00e4r i full g\u00e5ng och hittills har landslagstruppen vunnit tv\u00e5 brons. Ett av Amanda Vikingsson i stilen newaza och ett genom junioren Livia H\u00f6gbom i fight.<\/p><br>","protected":false},"author":7,"featured_media":144272,"comment_status":"open","ping_status":"open","sticky":false,"template":"","format":"standard","meta":{"_acf_changed":false,"footnotes":""},"categories":[1],"tags":[],"class_list":["post-144270","post","type-post","status-publish","format-standard","has-post-thumbnail","hentry","category-okategoriserade"],"acf":[],"yoast_head":"<!-- This site is optimized with the Yoast SEO plugin v26.8 - https:\/\/yoast.com\/product\/yoast-seo-wordpress\/ -->\n<title>Tv\u00e5 VM-brons i jujutsu s\u00e4krade - Svenska Budo &amp; Kampsportsf\u00f6rbundet<\/title>\n<meta name=\"description\" content=\"JUJUTSU. VM i jujutsu i Abu Dhabi \u00e4r i full g\u00e5ng och hittills har landslagstruppen vunnit tv\u00e5 brons. Ett av Amanda Vikingsson i stilen newaza och ett genom junioren Livia H\u00f6gbom i fight.\" \/>\n<meta name=\"robots\" content=\"index, follow, max-snippet:-1, max-image-preview:large, max-video-preview:-1\" \/>\n<link rel=\"canonical\" href=\"https:\/\/www.budokampsport.se\/2022\/11\/03\/tva-vm-brons-i-jujutsu-sakrade\/\" \/>\n<meta property=\"og:locale\" content=\"sv_SE\" \/>\n<meta property=\"og:type\" content=\"article\" \/>\n<meta property=\"og:title\" content=\"Tv\u00e5 VM-brons i jujutsu s\u00e4krade - Svenska Budo &amp; Kampsportsf\u00f6rbundet\" \/>\n<meta property=\"og:description\" content=\"JUJUTSU. VM i jujutsu i Abu Dhabi \u00e4r i full g\u00e5ng och hittills har landslagstruppen vunnit tv\u00e5 brons. Ett av Amanda Vikingsson i stilen newaza och ett genom junioren Livia H\u00f6gbom i fight.\" \/>\n<meta property=\"og:url\" content=\"https:\/\/www.budokampsport.se\/2022\/11\/03\/tva-vm-brons-i-jujutsu-sakrade\/\" \/>\n<meta property=\"og:site_name\" content=\"Svenska Budo &amp; Kampsportsf\u00f6rbundet\" \/>\n<meta property=\"article:author\" content=\"https:\/\/www.facebook.com\/jonathan.broberg.7\" \/>\n<meta property=\"article:published_time\" content=\"2022-11-03T15:14:11+00:00\" \/>\n<meta property=\"article:modified_time\" content=\"2022-11-03T15:17:37+00:00\" \/>\n<meta property=\"og:image\" content=\"https:\/\/www.budokampsport.se\/wp-content\/uploads\/2022\/11\/jujutsu.jpg\" \/>\n\t<meta property=\"og:image:width\" content=\"850\" \/>\n\t<meta property=\"og:image:height\" content=\"632\" \/>\n\t<meta property=\"og:image:type\" content=\"image\/jpeg\" \/>\n<meta name=\"author\" content=\"Jonathan Broberg\" \/>\n<meta name=\"twitter:card\" content=\"summary_large_image\" \/>\n<meta name=\"twitter:label1\" content=\"Skriven av\" \/>\n\t<meta name=\"twitter:data1\" content=\"Jonathan Broberg\" \/>\n\t<meta name=\"twitter:label2\" content=\"Ber\u00e4knad l\u00e4stid\" \/>\n\t<meta name=\"twitter:data2\" content=\"1 minut\" \/>\n<script type=\"application\/ld+json\" class=\"yoast-schema-graph\">{\"@context\":\"https:\/\/schema.org\",\"@graph\":[{\"@type\":\"Article\",\"@id\":\"https:\/\/www.budokampsport.se\/2022\/11\/03\/tva-vm-brons-i-jujutsu-sakrade\/#article\",\"isPartOf\":{\"@id\":\"https:\/\/www.budokampsport.se\/2022\/11\/03\/tva-vm-brons-i-jujutsu-sakrade\/\"},\"author\":{\"name\":\"Jonathan Broberg\",\"@id\":\"https:\/\/www.budokampsport.se\/#\/schema\/person\/5c06d81d14850e2a8ce5493386560145\"},\"headline\":\"Tv\u00e5 VM-brons i jujutsu s\u00e4krade\",\"datePublished\":\"2022-11-03T15:14:11+00:00\",\"dateModified\":\"2022-11-03T15:17:37+00:00\",\"mainEntityOfPage\":{\"@id\":\"https:\/\/www.budokampsport.se\/2022\/11\/03\/tva-vm-brons-i-jujutsu-sakrade\/\"},\"wordCount\":164,\"commentCount\":0,\"image\":{\"@id\":\"https:\/\/www.budokampsport.se\/2022\/11\/03\/tva-vm-brons-i-jujutsu-sakrade\/#primaryimage\"},\"thumbnailUrl\":\"https:\/\/www.budokampsport.se\/wp-content\/uploads\/2022\/11\/jujutsu.jpg\",\"inLanguage\":\"sv-SE\",\"potentialAction\":[{\"@type\":\"CommentAction\",\"name\":\"Comment\",\"target\":[\"https:\/\/www.budokampsport.se\/2022\/11\/03\/tva-vm-brons-i-jujutsu-sakrade\/#respond\"]}]},{\"@type\":\"WebPage\",\"@id\":\"https:\/\/www.budokampsport.se\/2022\/11\/03\/tva-vm-brons-i-jujutsu-sakrade\/\",\"url\":\"https:\/\/www.budokampsport.se\/2022\/11\/03\/tva-vm-brons-i-jujutsu-sakrade\/\",\"name\":\"Tv\u00e5 VM-brons i jujutsu s\u00e4krade - Svenska Budo &amp; Kampsportsf\u00f6rbundet\",\"isPartOf\":{\"@id\":\"https:\/\/www.budokampsport.se\/#website\"},\"primaryImageOfPage\":{\"@id\":\"https:\/\/www.budokampsport.se\/2022\/11\/03\/tva-vm-brons-i-jujutsu-sakrade\/#primaryimage\"},\"image\":{\"@id\":\"https:\/\/www.budokampsport.se\/2022\/11\/03\/tva-vm-brons-i-jujutsu-sakrade\/#primaryimage\"},\"thumbnailUrl\":\"https:\/\/www.budokampsport.se\/wp-content\/uploads\/2022\/11\/jujutsu.jpg\",\"datePublished\":\"2022-11-03T15:14:11+00:00\",\"dateModified\":\"2022-11-03T15:17:37+00:00\",\"author\":{\"@id\":\"https:\/\/www.budokampsport.se\/#\/schema\/person\/5c06d81d14850e2a8ce5493386560145\"},\"description\":\"JUJUTSU. VM i jujutsu i Abu Dhabi \u00e4r i full g\u00e5ng och hittills har landslagstruppen vunnit tv\u00e5 brons. Ett av Amanda Vikingsson i stilen newaza och ett genom junioren Livia H\u00f6gbom i fight.\",\"breadcrumb\":{\"@id\":\"https:\/\/www.budokampsport.se\/2022\/11\/03\/tva-vm-brons-i-jujutsu-sakrade\/#breadcrumb\"},\"inLanguage\":\"sv-SE\",\"potentialAction\":[{\"@type\":\"ReadAction\",\"target\":[\"https:\/\/www.budokampsport.se\/2022\/11\/03\/tva-vm-brons-i-jujutsu-sakrade\/\"]}]},{\"@type\":\"ImageObject\",\"inLanguage\":\"sv-SE\",\"@id\":\"https:\/\/www.budokampsport.se\/2022\/11\/03\/tva-vm-brons-i-jujutsu-sakrade\/#primaryimage\",\"url\":\"https:\/\/www.budokampsport.se\/wp-content\/uploads\/2022\/11\/jujutsu.jpg\",\"contentUrl\":\"https:\/\/www.budokampsport.se\/wp-content\/uploads\/2022\/11\/jujutsu.jpg\",\"width\":850,\"height\":632,\"caption\":\"Foto: Jonathan Broberg\"},{\"@type\":\"BreadcrumbList\",\"@id\":\"https:\/\/www.budokampsport.se\/2022\/11\/03\/tva-vm-brons-i-jujutsu-sakrade\/#breadcrumb\",\"itemListElement\":[{\"@type\":\"ListItem\",\"position\":1,\"name\":\"Hem\",\"item\":\"https:\/\/www.budokampsport.se\/\"},{\"@type\":\"ListItem\",\"position\":2,\"name\":\"Tv\u00e5 VM-brons i jujutsu s\u00e4krade\"}]},{\"@type\":\"WebSite\",\"@id\":\"https:\/\/www.budokampsport.se\/#website\",\"url\":\"https:\/\/www.budokampsport.se\/\",\"name\":\"Svenska Budo &amp; Kampsportsf\u00f6rbundet\",\"description\":\"T\u00e4vling, Tr\u00e4ning, Tradition\",\"potentialAction\":[{\"@type\":\"SearchAction\",\"target\":{\"@type\":\"EntryPoint\",\"urlTemplate\":\"https:\/\/www.budokampsport.se\/?s={search_term_string}\"},\"query-input\":{\"@type\":\"PropertyValueSpecification\",\"valueRequired\":true,\"valueName\":\"search_term_string\"}}],\"inLanguage\":\"sv-SE\"},{\"@type\":\"Person\",\"@id\":\"https:\/\/www.budokampsport.se\/#\/schema\/person\/5c06d81d14850e2a8ce5493386560145\",\"name\":\"Jonathan Broberg\",\"image\":{\"@type\":\"ImageObject\",\"inLanguage\":\"sv-SE\",\"@id\":\"https:\/\/www.budokampsport.se\/#\/schema\/person\/image\/\",\"url\":\"https:\/\/secure.gravatar.com\/avatar\/a58041c6cea9128bd9c40ee2f26d4136?s=96&d=blank&r=g\",\"contentUrl\":\"https:\/\/secure.gravatar.com\/avatar\/a58041c6cea9128bd9c40ee2f26d4136?s=96&d=blank&r=g\",\"caption\":\"Jonathan Broberg\"},\"sameAs\":[\"https:\/\/www.facebook.com\/jonathan.broberg.7\"],\"url\":\"https:\/\/www.budokampsport.se\/author\/jonathan\/\"}]}<\/script>\n<!-- \/ Yoast SEO plugin. -->","yoast_head_json":{"title":"Tv\u00e5 VM-brons i jujutsu s\u00e4krade - Svenska Budo &amp; Kampsportsf\u00f6rbundet","description":"JUJUTSU. VM i jujutsu i Abu Dhabi \u00e4r i full g\u00e5ng och hittills har landslagstruppen vunnit tv\u00e5 brons. Ett av Amanda Vikingsson i stilen newaza och ett genom junioren Livia H\u00f6gbom i fight.","robots":{"index":"index","follow":"follow","max-snippet":"max-snippet:-1","max-image-preview":"max-image-preview:large","max-video-preview":"max-video-preview:-1"},"canonical":"https:\/\/www.budokampsport.se\/2022\/11\/03\/tva-vm-brons-i-jujutsu-sakrade\/","og_locale":"sv_SE","og_type":"article","og_title":"Tv\u00e5 VM-brons i jujutsu s\u00e4krade - Svenska Budo &amp; Kampsportsf\u00f6rbundet","og_description":"JUJUTSU. VM i jujutsu i Abu Dhabi \u00e4r i full g\u00e5ng och hittills har landslagstruppen vunnit tv\u00e5 brons. Ett av Amanda Vikingsson i stilen newaza och ett genom junioren Livia H\u00f6gbom i fight.","og_url":"https:\/\/www.budokampsport.se\/2022\/11\/03\/tva-vm-brons-i-jujutsu-sakrade\/","og_site_name":"Svenska Budo &amp; Kampsportsf\u00f6rbundet","article_author":"https:\/\/www.facebook.com\/jonathan.broberg.7","article_published_time":"2022-11-03T15:14:11+00:00","article_modified_time":"2022-11-03T15:17:37+00:00","og_image":[{"width":850,"height":632,"url":"https:\/\/www.budokampsport.se\/wp-content\/uploads\/2022\/11\/jujutsu.jpg","type":"image\/jpeg"}],"author":"Jonathan Broberg","twitter_card":"summary_large_image","twitter_misc":{"Skriven av":"Jonathan Broberg","Ber\u00e4knad l\u00e4stid":"1 minut"},"schema":{"@context":"https:\/\/schema.org","@graph":[{"@type":"Article","@id":"https:\/\/www.budokampsport.se\/2022\/11\/03\/tva-vm-brons-i-jujutsu-sakrade\/#article","isPartOf":{"@id":"https:\/\/www.budokampsport.se\/2022\/11\/03\/tva-vm-brons-i-jujutsu-sakrade\/"},"author":{"name":"Jonathan Broberg","@id":"https:\/\/www.budokampsport.se\/#\/schema\/person\/5c06d81d14850e2a8ce5493386560145"},"headline":"Tv\u00e5 VM-brons i jujutsu s\u00e4krade","datePublished":"2022-11-03T15:14:11+00:00","dateModified":"2022-11-03T15:17:37+00:00","mainEntityOfPage":{"@id":"https:\/\/www.budokampsport.se\/2022\/11\/03\/tva-vm-brons-i-jujutsu-sakrade\/"},"wordCount":164,"commentCount":0,"image":{"@id":"https:\/\/www.budokampsport.se\/2022\/11\/03\/tva-vm-brons-i-jujutsu-sakrade\/#primaryimage"},"thumbnailUrl":"https:\/\/www.budokampsport.se\/wp-content\/uploads\/2022\/11\/jujutsu.jpg","inLanguage":"sv-SE","potentialAction":[{"@type":"CommentAction","name":"Comment","target":["https:\/\/www.budokampsport.se\/2022\/11\/03\/tva-vm-brons-i-jujutsu-sakrade\/#respond"]}]},{"@type":"WebPage","@id":"https:\/\/www.budokampsport.se\/2022\/11\/03\/tva-vm-brons-i-jujutsu-sakrade\/","url":"https:\/\/www.budokampsport.se\/2022\/11\/03\/tva-vm-brons-i-jujutsu-sakrade\/","name":"Tv\u00e5 VM-brons i jujutsu s\u00e4krade - Svenska Budo &amp; Kampsportsf\u00f6rbundet","isPartOf":{"@id":"https:\/\/www.budokampsport.se\/#website"},"primaryImageOfPage":{"@id":"https:\/\/www.budokampsport.se\/2022\/11\/03\/tva-vm-brons-i-jujutsu-sakrade\/#primaryimage"},"image":{"@id":"https:\/\/www.budokampsport.se\/2022\/11\/03\/tva-vm-brons-i-jujutsu-sakrade\/#primaryimage"},"thumbnailUrl":"https:\/\/www.budokampsport.se\/wp-content\/uploads\/2022\/11\/jujutsu.jpg","datePublished":"2022-11-03T15:14:11+00:00","dateModified":"2022-11-03T15:17:37+00:00","author":{"@id":"https:\/\/www.budokampsport.se\/#\/schema\/person\/5c06d81d14850e2a8ce5493386560145"},"description":"JUJUTSU. VM i jujutsu i Abu Dhabi \u00e4r i full g\u00e5ng och hittills har landslagstruppen vunnit tv\u00e5 brons. Ett av Amanda Vikingsson i stilen newaza och ett genom junioren Livia H\u00f6gbom i fight.","breadcrumb":{"@id":"https:\/\/www.budokampsport.se\/2022\/11\/03\/tva-vm-brons-i-jujutsu-sakrade\/#breadcrumb"},"inLanguage":"sv-SE","potentialAction":[{"@type":"ReadAction","target":["https:\/\/www.budokampsport.se\/2022\/11\/03\/tva-vm-brons-i-jujutsu-sakrade\/"]}]},{"@type":"ImageObject","inLanguage":"sv-SE","@id":"https:\/\/www.budokampsport.se\/2022\/11\/03\/tva-vm-brons-i-jujutsu-sakrade\/#primaryimage","url":"https:\/\/www.budokampsport.se\/wp-content\/uploads\/2022\/11\/jujutsu.jpg","contentUrl":"https:\/\/www.budokampsport.se\/wp-content\/uploads\/2022\/11\/jujutsu.jpg","width":850,"height":632,"caption":"Foto: Jonathan Broberg"},{"@type":"BreadcrumbList","@id":"https:\/\/www.budokampsport.se\/2022\/11\/03\/tva-vm-brons-i-jujutsu-sakrade\/#breadcrumb","itemListElement":[{"@type":"ListItem","position":1,"name":"Hem","item":"https:\/\/www.budokampsport.se\/"},{"@type":"ListItem","position":2,"name":"Tv\u00e5 VM-brons i jujutsu s\u00e4krade"}]},{"@type":"WebSite","@id":"https:\/\/www.budokampsport.se\/#website","url":"https:\/\/www.budokampsport.se\/","name":"Svenska Budo &amp; Kampsportsf\u00f6rbundet","description":"T\u00e4vling, Tr\u00e4ning, Tradition","potentialAction":[{"@type":"SearchAction","target":{"@type":"EntryPoint","urlTemplate":"https:\/\/www.budokampsport.se\/?s={search_term_string}"},"query-input":{"@type":"PropertyValueSpecification","valueRequired":true,"valueName":"search_term_string"}}],"inLanguage":"sv-SE"},{"@type":"Person","@id":"https:\/\/www.budokampsport.se\/#\/schema\/person\/5c06d81d14850e2a8ce5493386560145","name":"Jonathan Broberg","image":{"@type":"ImageObject","inLanguage":"sv-SE","@id":"https:\/\/www.budokampsport.se\/#\/schema\/person\/image\/","url":"https:\/\/secure.gravatar.com\/avatar\/a58041c6cea9128bd9c40ee2f26d4136?s=96&d=blank&r=g","contentUrl":"https:\/\/secure.gravatar.com\/avatar\/a58041c6cea9128bd9c40ee2f26d4136?s=96&d=blank&r=g","caption":"Jonathan Broberg"},"sameAs":["https:\/\/www.facebook.com\/jonathan.broberg.7"],"url":"https:\/\/www.budokampsport.se\/author\/jonathan\/"}]}},"_links":{"self":[{"href":"https:\/\/www.budokampsport.se\/api\/wp\/v2\/posts\/144270","targetHints":{"allow":["GET"]}}],"collection":[{"href":"https:\/\/www.budokampsport.se\/api\/wp\/v2\/posts"}],"about":[{"href":"https:\/\/www.budokampsport.se\/api\/wp\/v2\/types\/post"}],"author":[{"embeddable":true,"href":"https:\/\/www.budokampsport.se\/api\/wp\/v2\/users\/7"}],"replies":[{"embeddable":true,"href":"https:\/\/www.budokampsport.se\/api\/wp\/v2\/comments?post=144270"}],"version-history":[{"count":0,"href":"https:\/\/www.budokampsport.se\/api\/wp\/v2\/posts\/144270\/revisions"}],"wp:featuredmedia":[{"embeddable":true,"href":"https:\/\/www.budokampsport.se\/api\/wp\/v2\/media\/144272"}],"wp:attachment":[{"href":"https:\/\/www.budokampsport.se\/api\/wp\/v2\/media?parent=144270"}],"wp:term":[{"taxonomy":"category","embeddable":true,"href":"https:\/\/www.budokampsport.se\/api\/wp\/v2\/categories?post=144270"},{"taxonomy":"post_tag","embeddable":true,"href":"https:\/\/www.budokampsport.se\/api\/wp\/v2\/tags?post=144270"}],"curies":[{"name":"wp","href":"https:\/\/api.w.org\/{rel}","templated":true}]}}