{"id":144767,"date":"2022-11-15T16:10:38","date_gmt":"2022-11-15T15:10:38","guid":{"rendered":"https:\/\/www.budokampsport.se\/?p=144767"},"modified":"2023-01-24T12:07:46","modified_gmt":"2023-01-24T11:07:46","slug":"tva-nya-em-guld-i-wushu-nu-i-sanda","status":"publish","type":"post","link":"https:\/\/www.budokampsport.se\/2022\/11\/15\/tva-nya-em-guld-i-wushu-nu-i-sanda\/","title":{"rendered":"Tv\u00e5 nya EM-guld i wushu \u2013 nu i sanda"},"content":{"rendered":"<p><a href=\"https:\/\/www.budokampsport.se\/2022\/11\/14\/tva-svenska-guld-under-helgens-em\/\" target=\"_blank\" rel=\"noopener\">Ig\u00e5r<\/a> blev det tv\u00e5 svenska EM-guld i wushu i stilen taolu.<\/p>\n<p>Idag n\u00e4r sandan avgjordes var fyra bl\u00e5gula fajters i final. Det slutade med tv\u00e5 nya svenska EM-guld och tv\u00e5 silver.<\/p>\n<p>Gulden vanns av <strong>Younes Oukhti<\/strong> och <strong>Andr\u00e9 Adolfo <\/strong>(bilden).<\/p>\n<p>Younes Oukhti besegrade rum\u00e4nen Georgian Valentin Boboc i -75-kilosklassen, medan Andr\u00e9 Adolfo vann \u00f6ver italienaren Nicholas Rubini i -70 kg.<\/p>\n<p>F\u00f6r <strong>Ali Mohammed Jawad<\/strong> i -90 kg och <strong>Emil Wickman<\/strong> i -85 kg stannade EM-resan vid fina silvermedaljer.<\/p>\n<p>Text: Jonathan Broberg<\/p>\n","protected":false},"excerpt":{"rendered":"<p>WUSHU. EM i wushu h\u00e5ller som b\u00e4st p\u00e5 det har blivit tv\u00e5 nya bl\u00e5gula guldmedaljer i Grekland. Den h\u00e4r g\u00e5ngen till Younes Oukhti och Andr\u00e9 Adolfo i stilen sanda.<br \/><br>(Foto: Peder Finnsi\u00f6)<\/p><br>","protected":false},"author":7,"featured_media":144768,"comment_status":"closed","ping_status":"open","sticky":false,"template":"","format":"standard","meta":{"_acf_changed":false,"footnotes":""},"categories":[1],"tags":[],"class_list":["post-144767","post","type-post","status-publish","format-standard","has-post-thumbnail","hentry","category-okategoriserade"],"acf":[],"yoast_head":"<!-- This site is optimized with the Yoast SEO plugin v26.8 - https:\/\/yoast.com\/product\/yoast-seo-wordpress\/ -->\n<title>Tv\u00e5 nya EM-guld i wushu \u2013 nu i sanda - Svenska Budo &amp; Kampsportsf\u00f6rbundet<\/title>\n<meta name=\"description\" content=\"WUSHU. EM i wushu h\u00e5ller som b\u00e4st p\u00e5 det har blivit tv\u00e5 nya bl\u00e5gula guldmedaljer i Grekland. Den h\u00e4r g\u00e5ngen till Younes Oukhti och Andr\u00e9 Adolfo i stilen sanda. (Foto: Peder Finnsi\u00f6)\" \/>\n<meta name=\"robots\" content=\"index, follow, max-snippet:-1, max-image-preview:large, max-video-preview:-1\" \/>\n<link rel=\"canonical\" href=\"https:\/\/www.budokampsport.se\/2022\/11\/15\/tva-nya-em-guld-i-wushu-nu-i-sanda\/\" \/>\n<meta property=\"og:locale\" content=\"sv_SE\" \/>\n<meta property=\"og:type\" content=\"article\" \/>\n<meta property=\"og:title\" content=\"Tv\u00e5 nya EM-guld i wushu \u2013 nu i sanda - Svenska Budo &amp; Kampsportsf\u00f6rbundet\" \/>\n<meta property=\"og:description\" content=\"WUSHU. EM i wushu h\u00e5ller som b\u00e4st p\u00e5 det har blivit tv\u00e5 nya bl\u00e5gula guldmedaljer i Grekland. Den h\u00e4r g\u00e5ngen till Younes Oukhti och Andr\u00e9 Adolfo i stilen sanda. (Foto: Peder Finnsi\u00f6)\" \/>\n<meta property=\"og:url\" content=\"https:\/\/www.budokampsport.se\/2022\/11\/15\/tva-nya-em-guld-i-wushu-nu-i-sanda\/\" \/>\n<meta property=\"og:site_name\" content=\"Svenska Budo &amp; Kampsportsf\u00f6rbundet\" \/>\n<meta property=\"article:author\" content=\"https:\/\/www.facebook.com\/jonathan.broberg.7\" \/>\n<meta property=\"article:published_time\" content=\"2022-11-15T15:10:38+00:00\" \/>\n<meta property=\"article:modified_time\" content=\"2023-01-24T11:07:46+00:00\" \/>\n<meta property=\"og:image\" content=\"https:\/\/www.budokampsport.se\/wp-content\/uploads\/2022\/11\/andre_younes.jpg\" \/>\n\t<meta property=\"og:image:width\" content=\"2048\" \/>\n\t<meta property=\"og:image:height\" content=\"1384\" \/>\n\t<meta property=\"og:image:type\" content=\"image\/jpeg\" \/>\n<meta name=\"author\" content=\"Jonathan Broberg\" \/>\n<meta name=\"twitter:card\" content=\"summary_large_image\" \/>\n<meta name=\"twitter:label1\" content=\"Skriven av\" \/>\n\t<meta name=\"twitter:data1\" content=\"Jonathan Broberg\" \/>\n<script type=\"application\/ld+json\" class=\"yoast-schema-graph\">{\"@context\":\"https:\/\/schema.org\",\"@graph\":[{\"@type\":\"Article\",\"@id\":\"https:\/\/www.budokampsport.se\/2022\/11\/15\/tva-nya-em-guld-i-wushu-nu-i-sanda\/#article\",\"isPartOf\":{\"@id\":\"https:\/\/www.budokampsport.se\/2022\/11\/15\/tva-nya-em-guld-i-wushu-nu-i-sanda\/\"},\"author\":{\"name\":\"Jonathan Broberg\",\"@id\":\"https:\/\/www.budokampsport.se\/#\/schema\/person\/5c06d81d14850e2a8ce5493386560145\"},\"headline\":\"Tv\u00e5 nya EM-guld i wushu \u2013 nu i sanda\",\"datePublished\":\"2022-11-15T15:10:38+00:00\",\"dateModified\":\"2023-01-24T11:07:46+00:00\",\"mainEntityOfPage\":{\"@id\":\"https:\/\/www.budokampsport.se\/2022\/11\/15\/tva-nya-em-guld-i-wushu-nu-i-sanda\/\"},\"wordCount\":95,\"image\":{\"@id\":\"https:\/\/www.budokampsport.se\/2022\/11\/15\/tva-nya-em-guld-i-wushu-nu-i-sanda\/#primaryimage\"},\"thumbnailUrl\":\"https:\/\/www.budokampsport.se\/wp-content\/uploads\/2022\/11\/andre_younes-e1757061800646.jpg\",\"inLanguage\":\"sv-SE\"},{\"@type\":\"WebPage\",\"@id\":\"https:\/\/www.budokampsport.se\/2022\/11\/15\/tva-nya-em-guld-i-wushu-nu-i-sanda\/\",\"url\":\"https:\/\/www.budokampsport.se\/2022\/11\/15\/tva-nya-em-guld-i-wushu-nu-i-sanda\/\",\"name\":\"Tv\u00e5 nya EM-guld i wushu \u2013 nu i sanda - Svenska Budo &amp; Kampsportsf\u00f6rbundet\",\"isPartOf\":{\"@id\":\"https:\/\/www.budokampsport.se\/#website\"},\"primaryImageOfPage\":{\"@id\":\"https:\/\/www.budokampsport.se\/2022\/11\/15\/tva-nya-em-guld-i-wushu-nu-i-sanda\/#primaryimage\"},\"image\":{\"@id\":\"https:\/\/www.budokampsport.se\/2022\/11\/15\/tva-nya-em-guld-i-wushu-nu-i-sanda\/#primaryimage\"},\"thumbnailUrl\":\"https:\/\/www.budokampsport.se\/wp-content\/uploads\/2022\/11\/andre_younes-e1757061800646.jpg\",\"datePublished\":\"2022-11-15T15:10:38+00:00\",\"dateModified\":\"2023-01-24T11:07:46+00:00\",\"author\":{\"@id\":\"https:\/\/www.budokampsport.se\/#\/schema\/person\/5c06d81d14850e2a8ce5493386560145\"},\"description\":\"WUSHU. EM i wushu h\u00e5ller som b\u00e4st p\u00e5 det har blivit tv\u00e5 nya bl\u00e5gula guldmedaljer i Grekland. Den h\u00e4r g\u00e5ngen till Younes Oukhti och Andr\u00e9 Adolfo i stilen sanda. (Foto: Peder Finnsi\u00f6)\",\"breadcrumb\":{\"@id\":\"https:\/\/www.budokampsport.se\/2022\/11\/15\/tva-nya-em-guld-i-wushu-nu-i-sanda\/#breadcrumb\"},\"inLanguage\":\"sv-SE\",\"potentialAction\":[{\"@type\":\"ReadAction\",\"target\":[\"https:\/\/www.budokampsport.se\/2022\/11\/15\/tva-nya-em-guld-i-wushu-nu-i-sanda\/\"]}]},{\"@type\":\"ImageObject\",\"inLanguage\":\"sv-SE\",\"@id\":\"https:\/\/www.budokampsport.se\/2022\/11\/15\/tva-nya-em-guld-i-wushu-nu-i-sanda\/#primaryimage\",\"url\":\"https:\/\/www.budokampsport.se\/wp-content\/uploads\/2022\/11\/andre_younes-e1757061800646.jpg\",\"contentUrl\":\"https:\/\/www.budokampsport.se\/wp-content\/uploads\/2022\/11\/andre_younes-e1757061800646.jpg\",\"width\":1072,\"height\":806,\"caption\":\"Foto: Peder Finnsi\u00f6\"},{\"@type\":\"BreadcrumbList\",\"@id\":\"https:\/\/www.budokampsport.se\/2022\/11\/15\/tva-nya-em-guld-i-wushu-nu-i-sanda\/#breadcrumb\",\"itemListElement\":[{\"@type\":\"ListItem\",\"position\":1,\"name\":\"Hem\",\"item\":\"https:\/\/www.budokampsport.se\/\"},{\"@type\":\"ListItem\",\"position\":2,\"name\":\"Tv\u00e5 nya EM-guld i wushu \u2013 nu i sanda\"}]},{\"@type\":\"WebSite\",\"@id\":\"https:\/\/www.budokampsport.se\/#website\",\"url\":\"https:\/\/www.budokampsport.se\/\",\"name\":\"Svenska Budo &amp; Kampsportsf\u00f6rbundet\",\"description\":\"T\u00e4vling, Tr\u00e4ning, Tradition\",\"potentialAction\":[{\"@type\":\"SearchAction\",\"target\":{\"@type\":\"EntryPoint\",\"urlTemplate\":\"https:\/\/www.budokampsport.se\/?s={search_term_string}\"},\"query-input\":{\"@type\":\"PropertyValueSpecification\",\"valueRequired\":true,\"valueName\":\"search_term_string\"}}],\"inLanguage\":\"sv-SE\"},{\"@type\":\"Person\",\"@id\":\"https:\/\/www.budokampsport.se\/#\/schema\/person\/5c06d81d14850e2a8ce5493386560145\",\"name\":\"Jonathan Broberg\",\"image\":{\"@type\":\"ImageObject\",\"inLanguage\":\"sv-SE\",\"@id\":\"https:\/\/www.budokampsport.se\/#\/schema\/person\/image\/\",\"url\":\"https:\/\/secure.gravatar.com\/avatar\/a58041c6cea9128bd9c40ee2f26d4136?s=96&d=blank&r=g\",\"contentUrl\":\"https:\/\/secure.gravatar.com\/avatar\/a58041c6cea9128bd9c40ee2f26d4136?s=96&d=blank&r=g\",\"caption\":\"Jonathan Broberg\"},\"sameAs\":[\"https:\/\/www.facebook.com\/jonathan.broberg.7\"],\"url\":\"https:\/\/www.budokampsport.se\/author\/jonathan\/\"}]}<\/script>\n<!-- \/ Yoast SEO plugin. -->","yoast_head_json":{"title":"Tv\u00e5 nya EM-guld i wushu \u2013 nu i sanda - Svenska Budo &amp; Kampsportsf\u00f6rbundet","description":"WUSHU. EM i wushu h\u00e5ller som b\u00e4st p\u00e5 det har blivit tv\u00e5 nya bl\u00e5gula guldmedaljer i Grekland. Den h\u00e4r g\u00e5ngen till Younes Oukhti och Andr\u00e9 Adolfo i stilen sanda. (Foto: Peder Finnsi\u00f6)","robots":{"index":"index","follow":"follow","max-snippet":"max-snippet:-1","max-image-preview":"max-image-preview:large","max-video-preview":"max-video-preview:-1"},"canonical":"https:\/\/www.budokampsport.se\/2022\/11\/15\/tva-nya-em-guld-i-wushu-nu-i-sanda\/","og_locale":"sv_SE","og_type":"article","og_title":"Tv\u00e5 nya EM-guld i wushu \u2013 nu i sanda - Svenska Budo &amp; Kampsportsf\u00f6rbundet","og_description":"WUSHU. EM i wushu h\u00e5ller som b\u00e4st p\u00e5 det har blivit tv\u00e5 nya bl\u00e5gula guldmedaljer i Grekland. Den h\u00e4r g\u00e5ngen till Younes Oukhti och Andr\u00e9 Adolfo i stilen sanda. (Foto: Peder Finnsi\u00f6)","og_url":"https:\/\/www.budokampsport.se\/2022\/11\/15\/tva-nya-em-guld-i-wushu-nu-i-sanda\/","og_site_name":"Svenska Budo &amp; Kampsportsf\u00f6rbundet","article_author":"https:\/\/www.facebook.com\/jonathan.broberg.7","article_published_time":"2022-11-15T15:10:38+00:00","article_modified_time":"2023-01-24T11:07:46+00:00","og_image":[{"width":2048,"height":1384,"url":"https:\/\/www.budokampsport.se\/wp-content\/uploads\/2022\/11\/andre_younes.jpg","type":"image\/jpeg"}],"author":"Jonathan Broberg","twitter_card":"summary_large_image","twitter_misc":{"Skriven av":"Jonathan Broberg"},"schema":{"@context":"https:\/\/schema.org","@graph":[{"@type":"Article","@id":"https:\/\/www.budokampsport.se\/2022\/11\/15\/tva-nya-em-guld-i-wushu-nu-i-sanda\/#article","isPartOf":{"@id":"https:\/\/www.budokampsport.se\/2022\/11\/15\/tva-nya-em-guld-i-wushu-nu-i-sanda\/"},"author":{"name":"Jonathan Broberg","@id":"https:\/\/www.budokampsport.se\/#\/schema\/person\/5c06d81d14850e2a8ce5493386560145"},"headline":"Tv\u00e5 nya EM-guld i wushu \u2013 nu i sanda","datePublished":"2022-11-15T15:10:38+00:00","dateModified":"2023-01-24T11:07:46+00:00","mainEntityOfPage":{"@id":"https:\/\/www.budokampsport.se\/2022\/11\/15\/tva-nya-em-guld-i-wushu-nu-i-sanda\/"},"wordCount":95,"image":{"@id":"https:\/\/www.budokampsport.se\/2022\/11\/15\/tva-nya-em-guld-i-wushu-nu-i-sanda\/#primaryimage"},"thumbnailUrl":"https:\/\/www.budokampsport.se\/wp-content\/uploads\/2022\/11\/andre_younes-e1757061800646.jpg","inLanguage":"sv-SE"},{"@type":"WebPage","@id":"https:\/\/www.budokampsport.se\/2022\/11\/15\/tva-nya-em-guld-i-wushu-nu-i-sanda\/","url":"https:\/\/www.budokampsport.se\/2022\/11\/15\/tva-nya-em-guld-i-wushu-nu-i-sanda\/","name":"Tv\u00e5 nya EM-guld i wushu \u2013 nu i sanda - Svenska Budo &amp; Kampsportsf\u00f6rbundet","isPartOf":{"@id":"https:\/\/www.budokampsport.se\/#website"},"primaryImageOfPage":{"@id":"https:\/\/www.budokampsport.se\/2022\/11\/15\/tva-nya-em-guld-i-wushu-nu-i-sanda\/#primaryimage"},"image":{"@id":"https:\/\/www.budokampsport.se\/2022\/11\/15\/tva-nya-em-guld-i-wushu-nu-i-sanda\/#primaryimage"},"thumbnailUrl":"https:\/\/www.budokampsport.se\/wp-content\/uploads\/2022\/11\/andre_younes-e1757061800646.jpg","datePublished":"2022-11-15T15:10:38+00:00","dateModified":"2023-01-24T11:07:46+00:00","author":{"@id":"https:\/\/www.budokampsport.se\/#\/schema\/person\/5c06d81d14850e2a8ce5493386560145"},"description":"WUSHU. EM i wushu h\u00e5ller som b\u00e4st p\u00e5 det har blivit tv\u00e5 nya bl\u00e5gula guldmedaljer i Grekland. Den h\u00e4r g\u00e5ngen till Younes Oukhti och Andr\u00e9 Adolfo i stilen sanda. (Foto: Peder Finnsi\u00f6)","breadcrumb":{"@id":"https:\/\/www.budokampsport.se\/2022\/11\/15\/tva-nya-em-guld-i-wushu-nu-i-sanda\/#breadcrumb"},"inLanguage":"sv-SE","potentialAction":[{"@type":"ReadAction","target":["https:\/\/www.budokampsport.se\/2022\/11\/15\/tva-nya-em-guld-i-wushu-nu-i-sanda\/"]}]},{"@type":"ImageObject","inLanguage":"sv-SE","@id":"https:\/\/www.budokampsport.se\/2022\/11\/15\/tva-nya-em-guld-i-wushu-nu-i-sanda\/#primaryimage","url":"https:\/\/www.budokampsport.se\/wp-content\/uploads\/2022\/11\/andre_younes-e1757061800646.jpg","contentUrl":"https:\/\/www.budokampsport.se\/wp-content\/uploads\/2022\/11\/andre_younes-e1757061800646.jpg","width":1072,"height":806,"caption":"Foto: Peder Finnsi\u00f6"},{"@type":"BreadcrumbList","@id":"https:\/\/www.budokampsport.se\/2022\/11\/15\/tva-nya-em-guld-i-wushu-nu-i-sanda\/#breadcrumb","itemListElement":[{"@type":"ListItem","position":1,"name":"Hem","item":"https:\/\/www.budokampsport.se\/"},{"@type":"ListItem","position":2,"name":"Tv\u00e5 nya EM-guld i wushu \u2013 nu i sanda"}]},{"@type":"WebSite","@id":"https:\/\/www.budokampsport.se\/#website","url":"https:\/\/www.budokampsport.se\/","name":"Svenska Budo &amp; Kampsportsf\u00f6rbundet","description":"T\u00e4vling, Tr\u00e4ning, Tradition","potentialAction":[{"@type":"SearchAction","target":{"@type":"EntryPoint","urlTemplate":"https:\/\/www.budokampsport.se\/?s={search_term_string}"},"query-input":{"@type":"PropertyValueSpecification","valueRequired":true,"valueName":"search_term_string"}}],"inLanguage":"sv-SE"},{"@type":"Person","@id":"https:\/\/www.budokampsport.se\/#\/schema\/person\/5c06d81d14850e2a8ce5493386560145","name":"Jonathan Broberg","image":{"@type":"ImageObject","inLanguage":"sv-SE","@id":"https:\/\/www.budokampsport.se\/#\/schema\/person\/image\/","url":"https:\/\/secure.gravatar.com\/avatar\/a58041c6cea9128bd9c40ee2f26d4136?s=96&d=blank&r=g","contentUrl":"https:\/\/secure.gravatar.com\/avatar\/a58041c6cea9128bd9c40ee2f26d4136?s=96&d=blank&r=g","caption":"Jonathan Broberg"},"sameAs":["https:\/\/www.facebook.com\/jonathan.broberg.7"],"url":"https:\/\/www.budokampsport.se\/author\/jonathan\/"}]}},"_links":{"self":[{"href":"https:\/\/www.budokampsport.se\/api\/wp\/v2\/posts\/144767","targetHints":{"allow":["GET"]}}],"collection":[{"href":"https:\/\/www.budokampsport.se\/api\/wp\/v2\/posts"}],"about":[{"href":"https:\/\/www.budokampsport.se\/api\/wp\/v2\/types\/post"}],"author":[{"embeddable":true,"href":"https:\/\/www.budokampsport.se\/api\/wp\/v2\/users\/7"}],"replies":[{"embeddable":true,"href":"https:\/\/www.budokampsport.se\/api\/wp\/v2\/comments?post=144767"}],"version-history":[{"count":0,"href":"https:\/\/www.budokampsport.se\/api\/wp\/v2\/posts\/144767\/revisions"}],"wp:featuredmedia":[{"embeddable":true,"href":"https:\/\/www.budokampsport.se\/api\/wp\/v2\/media\/144768"}],"wp:attachment":[{"href":"https:\/\/www.budokampsport.se\/api\/wp\/v2\/media?parent=144767"}],"wp:term":[{"taxonomy":"category","embeddable":true,"href":"https:\/\/www.budokampsport.se\/api\/wp\/v2\/categories?post=144767"},{"taxonomy":"post_tag","embeddable":true,"href":"https:\/\/www.budokampsport.se\/api\/wp\/v2\/tags?post=144767"}],"curies":[{"name":"wp","href":"https:\/\/api.w.org\/{rel}","templated":true}]}}