{"id":145310,"date":"2022-12-05T14:50:05","date_gmt":"2022-12-05T13:50:05","guid":{"rendered":"https:\/\/www.budokampsport.se\/?p=145310"},"modified":"2023-01-24T12:07:21","modified_gmt":"2023-01-24T11:07:21","slug":"em-silver-till-mirjam-bjorklund","status":"publish","type":"post","link":"https:\/\/www.budokampsport.se\/2022\/12\/05\/em-silver-till-mirjam-bjorklund\/","title":{"rendered":"EM-silver till Mirjam Bj\u00f6rklund"},"content":{"rendered":"<p>F\u00f6r Mirjam Bj\u00f6rklund blev det ett lyckat <a href=\"https:\/\/eko.kumitetechnology.com\/en\/tournament\/89\/\" target=\"_blank\" rel=\"noopener\">EM<\/a> i helgen, silver och direktkvalificering till VM i Tokyo n\u00e4sta \u00e5r.<\/p>\n<p>\u2013 \u201dOverkligt\u201d kanske \u00e4r det b\u00e4sta ordet att beskriva k\u00e4nslan av att ta EM-silver. Att ta en topplacering p\u00e5 ett EM har varit ett l\u00e5ngsiktigt m\u00e5l f\u00f6r mig, men kanske inte \u201djust nu\u201d. Att ta en silverplats p\u00e5 ett EM i \u00f6ppen viktklass k\u00e4ndes osannolikt, med tanke p\u00e5 de tyngre och mer v\u00e4lmeriterade motst\u00e5ndare jag m\u00f6tte, s\u00e4ger Bj\u00f6rklund.<\/p>\n<p>Bj\u00f6rklund inledde helgens t\u00e4vling med att vinna \u00f6ver Sylwia Wr\u00f3bel fr\u00e5n Polen, n\u00e4st p\u00e5 tur var Aneta Meskauskien\u00e9 fr\u00e5n Litauen och strax d\u00e4refter match mot ungerskan Csenge T\u00f3th. Bj\u00f6rklund hade inga st\u00f6rre problem med att ta sig vidare genom turneringen och i semifinalen st\u00e4lldes svenskan mot hemmafightern Marta Lubos fr\u00e5n Polen.<\/p>\n<p>\u2013 Semifinalen var nog den match som k\u00e4ndes b\u00e4st, trots att matchen var mot hemmafavoriten Marta Lubos fr\u00e5n Polen. Jag hade inga f\u00f6rv\u00e4ntningar p\u00e5 att vinna den matchen, jag m\u00f6tte polskan tidigare i v\u00e5ras och f\u00f6rlorade. Samtidigt som jag var ganska n\u00f6jd med att vinna \u00e5ttondelsfinalen, d\u00e5 det gav mig en biljett till VM 2023 i Japan, vilket var mitt m\u00e5l med t\u00e4vlingen fr\u00e5n b\u00f6rjan. N\u00e4r det m\u00e5let var uppn\u00e5tt blev t\u00e4vlandet positivare, s\u00e4ger Bj\u00f6rklund.<\/p>\n<p>I finalen st\u00e4lldes Bj\u00f6rklund mot den v\u00e4lmeriterade bulgariskan Ivanka Popova.<\/p>\n<p>\u2013 V\u00e4l i final var formen inte p\u00e5 topp. Finalen var min femte match f\u00f6r dagen, h\u00e4nderna var trasiga och kroppen hade tagit mycket stryk. Jag hade inte den energin som kr\u00e4vdes f\u00f6r att vinna \u00f6ver meriterade Ivanka Popova fr\u00e5n Bulgarien. Matchen var j\u00e4mn, men i slutet av ronden var hon den b\u00e4ttre av oss, ber\u00e4ttar Bj\u00f6rklund.<\/p>\n<p>Bj\u00f6rklund visade upp en teknisk och underh\u00e5llande kyokushin med h\u00f6g intensitet och bra r\u00f6rlighet m\u00e4sterskapet igenom. Nu v\u00e4ntar VM n\u00e4sta \u00e5r i Tokyo.<\/p>\n<p>F\u00f6r den skadedrabbade <a href=\"https:\/\/www.budokampsport.se\/2022\/11\/29\/sanne-larsson-laddar-infor-em\/\" target=\"_blank\" rel=\"noopener\">Sanne Larsson<\/a> blev det tyv\u00e4rr f\u00f6rlust i f\u00f6rsta matchen mot ukrainskan Alona Veresniak.\u00a0<\/p>\n<p><a href=\"https:\/\/eko.kumitetechnology.com\/en\/tournament\/89\/results\/individual\/\" target=\"_blank\" rel=\"noopener\">Helgens finalresultat<\/a><\/p>\n<p>&nbsp;<\/p>\n<p>Text: Annie Bondefelt<\/p>\n","protected":false},"excerpt":{"rendered":"<p>KYOKUSHIN. Det blev ett svenskt silver n\u00e4r EM i stilen shinkyokushin avgjordes i helgen i Polen.<br \/><br>&#8211; Overkligt \u00e4r kanske det b\u00e4sta ordet att beskriva k\u00e4nslan av att ta EM-silver, s\u00e4ger Bj\u00f6rklund till budokampsport.se<br \/><br>(Foto: Magnus Hanssen)<\/p><br>","protected":false},"author":120,"featured_media":145339,"comment_status":"closed","ping_status":"open","sticky":false,"template":"","format":"standard","meta":{"_acf_changed":false,"footnotes":""},"categories":[451],"tags":[],"class_list":["post-145310","post","type-post","status-publish","format-standard","has-post-thumbnail","hentry","category-elit"],"acf":[],"yoast_head":"<!-- This site is optimized with the Yoast SEO plugin v26.8 - https:\/\/yoast.com\/product\/yoast-seo-wordpress\/ -->\n<title>EM-silver till Mirjam Bj\u00f6rklund - Svenska Budo &amp; Kampsportsf\u00f6rbundet<\/title>\n<meta name=\"description\" content=\"KYOKUSHIN. Det blev ett svenskt silver n\u00e4r EM i stilen shinkyokushin avgjordes i helgen i Polen. - Overkligt \u00e4r kanske det b\u00e4sta ordet att beskriva k\u00e4nslan av att ta EM-silver, s\u00e4ger Bj\u00f6rklund till budokampsport.se (Foto: Magnus Hanssen)\" \/>\n<meta name=\"robots\" content=\"index, follow, max-snippet:-1, max-image-preview:large, max-video-preview:-1\" \/>\n<link rel=\"canonical\" href=\"https:\/\/www.budokampsport.se\/2022\/12\/05\/em-silver-till-mirjam-bjorklund\/\" \/>\n<meta property=\"og:locale\" content=\"sv_SE\" \/>\n<meta property=\"og:type\" content=\"article\" \/>\n<meta property=\"og:title\" content=\"EM-silver till Mirjam Bj\u00f6rklund - Svenska Budo &amp; Kampsportsf\u00f6rbundet\" \/>\n<meta property=\"og:description\" content=\"KYOKUSHIN. Det blev ett svenskt silver n\u00e4r EM i stilen shinkyokushin avgjordes i helgen i Polen. - Overkligt \u00e4r kanske det b\u00e4sta ordet att beskriva k\u00e4nslan av att ta EM-silver, s\u00e4ger Bj\u00f6rklund till budokampsport.se (Foto: Magnus Hanssen)\" \/>\n<meta property=\"og:url\" content=\"https:\/\/www.budokampsport.se\/2022\/12\/05\/em-silver-till-mirjam-bjorklund\/\" \/>\n<meta property=\"og:site_name\" content=\"Svenska Budo &amp; Kampsportsf\u00f6rbundet\" \/>\n<meta property=\"article:published_time\" content=\"2022-12-05T13:50:05+00:00\" \/>\n<meta property=\"article:modified_time\" content=\"2023-01-24T11:07:21+00:00\" \/>\n<meta property=\"og:image\" content=\"https:\/\/www.budokampsport.se\/wp-content\/uploads\/2022\/12\/317152663_483269823940813_380430172323813757_n-1.jpg\" \/>\n\t<meta property=\"og:image:width\" content=\"850\" \/>\n\t<meta property=\"og:image:height\" content=\"617\" \/>\n\t<meta property=\"og:image:type\" content=\"image\/jpeg\" \/>\n<meta name=\"author\" content=\"Annie Carriage\" \/>\n<meta name=\"twitter:card\" content=\"summary_large_image\" \/>\n<meta name=\"twitter:label1\" content=\"Skriven av\" \/>\n\t<meta name=\"twitter:data1\" content=\"Annie Carriage\" \/>\n\t<meta name=\"twitter:label2\" content=\"Ber\u00e4knad l\u00e4stid\" \/>\n\t<meta name=\"twitter:data2\" content=\"2 minuter\" \/>\n<script type=\"application\/ld+json\" class=\"yoast-schema-graph\">{\"@context\":\"https:\/\/schema.org\",\"@graph\":[{\"@type\":\"Article\",\"@id\":\"https:\/\/www.budokampsport.se\/2022\/12\/05\/em-silver-till-mirjam-bjorklund\/#article\",\"isPartOf\":{\"@id\":\"https:\/\/www.budokampsport.se\/2022\/12\/05\/em-silver-till-mirjam-bjorklund\/\"},\"author\":{\"name\":\"Annie Carriage\",\"@id\":\"https:\/\/www.budokampsport.se\/#\/schema\/person\/c838cace8171f692e363fde3f38f208b\"},\"headline\":\"EM-silver till Mirjam Bj\u00f6rklund\",\"datePublished\":\"2022-12-05T13:50:05+00:00\",\"dateModified\":\"2023-01-24T11:07:21+00:00\",\"mainEntityOfPage\":{\"@id\":\"https:\/\/www.budokampsport.se\/2022\/12\/05\/em-silver-till-mirjam-bjorklund\/\"},\"wordCount\":385,\"image\":{\"@id\":\"https:\/\/www.budokampsport.se\/2022\/12\/05\/em-silver-till-mirjam-bjorklund\/#primaryimage\"},\"thumbnailUrl\":\"https:\/\/www.budokampsport.se\/wp-content\/uploads\/2022\/12\/317152663_483269823940813_380430172323813757_n-1.jpg\",\"articleSection\":[\"Elit\"],\"inLanguage\":\"sv-SE\"},{\"@type\":\"WebPage\",\"@id\":\"https:\/\/www.budokampsport.se\/2022\/12\/05\/em-silver-till-mirjam-bjorklund\/\",\"url\":\"https:\/\/www.budokampsport.se\/2022\/12\/05\/em-silver-till-mirjam-bjorklund\/\",\"name\":\"EM-silver till Mirjam Bj\u00f6rklund - Svenska Budo &amp; Kampsportsf\u00f6rbundet\",\"isPartOf\":{\"@id\":\"https:\/\/www.budokampsport.se\/#website\"},\"primaryImageOfPage\":{\"@id\":\"https:\/\/www.budokampsport.se\/2022\/12\/05\/em-silver-till-mirjam-bjorklund\/#primaryimage\"},\"image\":{\"@id\":\"https:\/\/www.budokampsport.se\/2022\/12\/05\/em-silver-till-mirjam-bjorklund\/#primaryimage\"},\"thumbnailUrl\":\"https:\/\/www.budokampsport.se\/wp-content\/uploads\/2022\/12\/317152663_483269823940813_380430172323813757_n-1.jpg\",\"datePublished\":\"2022-12-05T13:50:05+00:00\",\"dateModified\":\"2023-01-24T11:07:21+00:00\",\"author\":{\"@id\":\"https:\/\/www.budokampsport.se\/#\/schema\/person\/c838cace8171f692e363fde3f38f208b\"},\"description\":\"KYOKUSHIN. Det blev ett svenskt silver n\u00e4r EM i stilen shinkyokushin avgjordes i helgen i Polen. - Overkligt \u00e4r kanske det b\u00e4sta ordet att beskriva k\u00e4nslan av att ta EM-silver, s\u00e4ger Bj\u00f6rklund till budokampsport.se (Foto: Magnus Hanssen)\",\"breadcrumb\":{\"@id\":\"https:\/\/www.budokampsport.se\/2022\/12\/05\/em-silver-till-mirjam-bjorklund\/#breadcrumb\"},\"inLanguage\":\"sv-SE\",\"potentialAction\":[{\"@type\":\"ReadAction\",\"target\":[\"https:\/\/www.budokampsport.se\/2022\/12\/05\/em-silver-till-mirjam-bjorklund\/\"]}]},{\"@type\":\"ImageObject\",\"inLanguage\":\"sv-SE\",\"@id\":\"https:\/\/www.budokampsport.se\/2022\/12\/05\/em-silver-till-mirjam-bjorklund\/#primaryimage\",\"url\":\"https:\/\/www.budokampsport.se\/wp-content\/uploads\/2022\/12\/317152663_483269823940813_380430172323813757_n-1.jpg\",\"contentUrl\":\"https:\/\/www.budokampsport.se\/wp-content\/uploads\/2022\/12\/317152663_483269823940813_380430172323813757_n-1.jpg\",\"width\":850,\"height\":617},{\"@type\":\"BreadcrumbList\",\"@id\":\"https:\/\/www.budokampsport.se\/2022\/12\/05\/em-silver-till-mirjam-bjorklund\/#breadcrumb\",\"itemListElement\":[{\"@type\":\"ListItem\",\"position\":1,\"name\":\"Hem\",\"item\":\"https:\/\/www.budokampsport.se\/\"},{\"@type\":\"ListItem\",\"position\":2,\"name\":\"EM-silver till Mirjam Bj\u00f6rklund\"}]},{\"@type\":\"WebSite\",\"@id\":\"https:\/\/www.budokampsport.se\/#website\",\"url\":\"https:\/\/www.budokampsport.se\/\",\"name\":\"Svenska Budo &amp; Kampsportsf\u00f6rbundet\",\"description\":\"T\u00e4vling, Tr\u00e4ning, Tradition\",\"potentialAction\":[{\"@type\":\"SearchAction\",\"target\":{\"@type\":\"EntryPoint\",\"urlTemplate\":\"https:\/\/www.budokampsport.se\/?s={search_term_string}\"},\"query-input\":{\"@type\":\"PropertyValueSpecification\",\"valueRequired\":true,\"valueName\":\"search_term_string\"}}],\"inLanguage\":\"sv-SE\"},{\"@type\":\"Person\",\"@id\":\"https:\/\/www.budokampsport.se\/#\/schema\/person\/c838cace8171f692e363fde3f38f208b\",\"name\":\"Annie Carriage\",\"image\":{\"@type\":\"ImageObject\",\"inLanguage\":\"sv-SE\",\"@id\":\"https:\/\/www.budokampsport.se\/#\/schema\/person\/image\/\",\"url\":\"https:\/\/secure.gravatar.com\/avatar\/9311295560bdfbdf78365a26f7df1876?s=96&d=blank&r=g\",\"contentUrl\":\"https:\/\/secure.gravatar.com\/avatar\/9311295560bdfbdf78365a26f7df1876?s=96&d=blank&r=g\",\"caption\":\"Annie Carriage\"},\"url\":\"https:\/\/www.budokampsport.se\/author\/annie-bondefelt\/\"}]}<\/script>\n<!-- \/ Yoast SEO plugin. -->","yoast_head_json":{"title":"EM-silver till Mirjam Bj\u00f6rklund - Svenska Budo &amp; Kampsportsf\u00f6rbundet","description":"KYOKUSHIN. Det blev ett svenskt silver n\u00e4r EM i stilen shinkyokushin avgjordes i helgen i Polen. - Overkligt \u00e4r kanske det b\u00e4sta ordet att beskriva k\u00e4nslan av att ta EM-silver, s\u00e4ger Bj\u00f6rklund till budokampsport.se (Foto: Magnus Hanssen)","robots":{"index":"index","follow":"follow","max-snippet":"max-snippet:-1","max-image-preview":"max-image-preview:large","max-video-preview":"max-video-preview:-1"},"canonical":"https:\/\/www.budokampsport.se\/2022\/12\/05\/em-silver-till-mirjam-bjorklund\/","og_locale":"sv_SE","og_type":"article","og_title":"EM-silver till Mirjam Bj\u00f6rklund - Svenska Budo &amp; Kampsportsf\u00f6rbundet","og_description":"KYOKUSHIN. Det blev ett svenskt silver n\u00e4r EM i stilen shinkyokushin avgjordes i helgen i Polen. - Overkligt \u00e4r kanske det b\u00e4sta ordet att beskriva k\u00e4nslan av att ta EM-silver, s\u00e4ger Bj\u00f6rklund till budokampsport.se (Foto: Magnus Hanssen)","og_url":"https:\/\/www.budokampsport.se\/2022\/12\/05\/em-silver-till-mirjam-bjorklund\/","og_site_name":"Svenska Budo &amp; Kampsportsf\u00f6rbundet","article_published_time":"2022-12-05T13:50:05+00:00","article_modified_time":"2023-01-24T11:07:21+00:00","og_image":[{"width":850,"height":617,"url":"https:\/\/www.budokampsport.se\/wp-content\/uploads\/2022\/12\/317152663_483269823940813_380430172323813757_n-1.jpg","type":"image\/jpeg"}],"author":"Annie Carriage","twitter_card":"summary_large_image","twitter_misc":{"Skriven av":"Annie Carriage","Ber\u00e4knad l\u00e4stid":"2 minuter"},"schema":{"@context":"https:\/\/schema.org","@graph":[{"@type":"Article","@id":"https:\/\/www.budokampsport.se\/2022\/12\/05\/em-silver-till-mirjam-bjorklund\/#article","isPartOf":{"@id":"https:\/\/www.budokampsport.se\/2022\/12\/05\/em-silver-till-mirjam-bjorklund\/"},"author":{"name":"Annie Carriage","@id":"https:\/\/www.budokampsport.se\/#\/schema\/person\/c838cace8171f692e363fde3f38f208b"},"headline":"EM-silver till Mirjam Bj\u00f6rklund","datePublished":"2022-12-05T13:50:05+00:00","dateModified":"2023-01-24T11:07:21+00:00","mainEntityOfPage":{"@id":"https:\/\/www.budokampsport.se\/2022\/12\/05\/em-silver-till-mirjam-bjorklund\/"},"wordCount":385,"image":{"@id":"https:\/\/www.budokampsport.se\/2022\/12\/05\/em-silver-till-mirjam-bjorklund\/#primaryimage"},"thumbnailUrl":"https:\/\/www.budokampsport.se\/wp-content\/uploads\/2022\/12\/317152663_483269823940813_380430172323813757_n-1.jpg","articleSection":["Elit"],"inLanguage":"sv-SE"},{"@type":"WebPage","@id":"https:\/\/www.budokampsport.se\/2022\/12\/05\/em-silver-till-mirjam-bjorklund\/","url":"https:\/\/www.budokampsport.se\/2022\/12\/05\/em-silver-till-mirjam-bjorklund\/","name":"EM-silver till Mirjam Bj\u00f6rklund - Svenska Budo &amp; Kampsportsf\u00f6rbundet","isPartOf":{"@id":"https:\/\/www.budokampsport.se\/#website"},"primaryImageOfPage":{"@id":"https:\/\/www.budokampsport.se\/2022\/12\/05\/em-silver-till-mirjam-bjorklund\/#primaryimage"},"image":{"@id":"https:\/\/www.budokampsport.se\/2022\/12\/05\/em-silver-till-mirjam-bjorklund\/#primaryimage"},"thumbnailUrl":"https:\/\/www.budokampsport.se\/wp-content\/uploads\/2022\/12\/317152663_483269823940813_380430172323813757_n-1.jpg","datePublished":"2022-12-05T13:50:05+00:00","dateModified":"2023-01-24T11:07:21+00:00","author":{"@id":"https:\/\/www.budokampsport.se\/#\/schema\/person\/c838cace8171f692e363fde3f38f208b"},"description":"KYOKUSHIN. Det blev ett svenskt silver n\u00e4r EM i stilen shinkyokushin avgjordes i helgen i Polen. - Overkligt \u00e4r kanske det b\u00e4sta ordet att beskriva k\u00e4nslan av att ta EM-silver, s\u00e4ger Bj\u00f6rklund till budokampsport.se (Foto: Magnus Hanssen)","breadcrumb":{"@id":"https:\/\/www.budokampsport.se\/2022\/12\/05\/em-silver-till-mirjam-bjorklund\/#breadcrumb"},"inLanguage":"sv-SE","potentialAction":[{"@type":"ReadAction","target":["https:\/\/www.budokampsport.se\/2022\/12\/05\/em-silver-till-mirjam-bjorklund\/"]}]},{"@type":"ImageObject","inLanguage":"sv-SE","@id":"https:\/\/www.budokampsport.se\/2022\/12\/05\/em-silver-till-mirjam-bjorklund\/#primaryimage","url":"https:\/\/www.budokampsport.se\/wp-content\/uploads\/2022\/12\/317152663_483269823940813_380430172323813757_n-1.jpg","contentUrl":"https:\/\/www.budokampsport.se\/wp-content\/uploads\/2022\/12\/317152663_483269823940813_380430172323813757_n-1.jpg","width":850,"height":617},{"@type":"BreadcrumbList","@id":"https:\/\/www.budokampsport.se\/2022\/12\/05\/em-silver-till-mirjam-bjorklund\/#breadcrumb","itemListElement":[{"@type":"ListItem","position":1,"name":"Hem","item":"https:\/\/www.budokampsport.se\/"},{"@type":"ListItem","position":2,"name":"EM-silver till Mirjam Bj\u00f6rklund"}]},{"@type":"WebSite","@id":"https:\/\/www.budokampsport.se\/#website","url":"https:\/\/www.budokampsport.se\/","name":"Svenska Budo &amp; Kampsportsf\u00f6rbundet","description":"T\u00e4vling, Tr\u00e4ning, Tradition","potentialAction":[{"@type":"SearchAction","target":{"@type":"EntryPoint","urlTemplate":"https:\/\/www.budokampsport.se\/?s={search_term_string}"},"query-input":{"@type":"PropertyValueSpecification","valueRequired":true,"valueName":"search_term_string"}}],"inLanguage":"sv-SE"},{"@type":"Person","@id":"https:\/\/www.budokampsport.se\/#\/schema\/person\/c838cace8171f692e363fde3f38f208b","name":"Annie Carriage","image":{"@type":"ImageObject","inLanguage":"sv-SE","@id":"https:\/\/www.budokampsport.se\/#\/schema\/person\/image\/","url":"https:\/\/secure.gravatar.com\/avatar\/9311295560bdfbdf78365a26f7df1876?s=96&d=blank&r=g","contentUrl":"https:\/\/secure.gravatar.com\/avatar\/9311295560bdfbdf78365a26f7df1876?s=96&d=blank&r=g","caption":"Annie Carriage"},"url":"https:\/\/www.budokampsport.se\/author\/annie-bondefelt\/"}]}},"_links":{"self":[{"href":"https:\/\/www.budokampsport.se\/api\/wp\/v2\/posts\/145310","targetHints":{"allow":["GET"]}}],"collection":[{"href":"https:\/\/www.budokampsport.se\/api\/wp\/v2\/posts"}],"about":[{"href":"https:\/\/www.budokampsport.se\/api\/wp\/v2\/types\/post"}],"author":[{"embeddable":true,"href":"https:\/\/www.budokampsport.se\/api\/wp\/v2\/users\/120"}],"replies":[{"embeddable":true,"href":"https:\/\/www.budokampsport.se\/api\/wp\/v2\/comments?post=145310"}],"version-history":[{"count":0,"href":"https:\/\/www.budokampsport.se\/api\/wp\/v2\/posts\/145310\/revisions"}],"wp:featuredmedia":[{"embeddable":true,"href":"https:\/\/www.budokampsport.se\/api\/wp\/v2\/media\/145339"}],"wp:attachment":[{"href":"https:\/\/www.budokampsport.se\/api\/wp\/v2\/media?parent=145310"}],"wp:term":[{"taxonomy":"category","embeddable":true,"href":"https:\/\/www.budokampsport.se\/api\/wp\/v2\/categories?post=145310"},{"taxonomy":"post_tag","embeddable":true,"href":"https:\/\/www.budokampsport.se\/api\/wp\/v2\/tags?post=145310"}],"curies":[{"name":"wp","href":"https:\/\/api.w.org\/{rel}","templated":true}]}}