{"id":145491,"date":"2022-12-14T10:04:44","date_gmt":"2022-12-14T09:04:44","guid":{"rendered":"https:\/\/www.budokampsport.se\/?p=145491"},"modified":"2023-01-24T12:07:21","modified_gmt":"2023-01-24T11:07:21","slug":"ansok-till-elit-utveckling","status":"publish","type":"post","link":"https:\/\/www.budokampsport.se\/2022\/12\/14\/ansok-till-elit-utveckling\/","title":{"rendered":"Ans\u00f6k till Elit &#038; Utveckling"},"content":{"rendered":"<p>I b\u00f6rjan av 2022 lanserades Svenska Budo &amp; Kampsportsf\u00f6rbundets nya elitidrottssatsning\u00a0<a href=\"https:\/\/www.budokampsport.se\/2022\/02\/09\/30-aktiva-uttagna-till-elit-utveckling\/\">Elit &amp; Utveckling<\/a>. Programmets syfte \u00e4r att skapa de b\u00e4sta f\u00f6ruts\u00e4ttningarna f\u00f6r aktiva och ledare f\u00f6r en elitsatsning, b\u00e5de genom att f\u00e5 tillg\u00e5ng till RF:s elitst\u00f6d och SB&amp;K:s egna elitst\u00f6d.<\/p>\n<p><strong><em>Elitgruppen<\/em><\/strong> riktar sig mot seniora ut\u00f6vare som tillh\u00f6r toppskiktet inom sin idrott och som har n\u00e5tt internationell framg\u00e5ng p\u00e5 n\u00e5gon niv\u00e5.<\/p>\n<p><strong><em>Utvecklingsgruppen<\/em><\/strong> (fr\u00e5n 15 \u00e5rs \u00e5lder och upp\u00e5t) inneh\u00e5ller talanger som visat framf\u00f6tterna inom sin idrott p\u00e5 till exempel riksl\u00e4ger, SM eller internationellt.<\/p>\n<p>Grupperna kommer att tr\u00e4ffas fredag till s\u00f6ndag under vecka 11 eller fredag till s\u00f6ndag i vecka 15.<\/p>\n<p>&#8211; Det \u00e4r viktigt att hemmatr\u00e4narna v\u00e4ljer en av de h\u00e4r tr\u00e4ffarna att vara med p\u00e5, det \u00e4r obligatoriskt f\u00f6r att man ska vara i programmet, s\u00e4ger projektledaren Helena Pl\u00fcss till budokampsport.se.<\/p>\n<p>\u00d6vriga kriterier f\u00f6r att ta plats i projektet \u00e4r bland annat<\/p>\n<ul>\n<li>Dokumenterad tr\u00e4ning fr\u00e5n minst ett halv\u00e5r bak\u00e5t i tiden och analys gjord av den aktiva kring vilka grunder som g\u00f6r personen aktuell f\u00f6r framtida framg\u00e5ngar.<\/li>\n<li>En tr\u00e4ningsm\u00e4ngd p\u00e5 400 timmar eller mer per \u00e5r.<\/li>\n<li>En hemmatr\u00e4nare som deltar p\u00e5 sammankomster inom E&amp;U f\u00f6r vidareutveckling och erfarenhetsutbyte med andra elittr\u00e4nare.<\/li>\n<li>En landslagsledning som deltar p\u00e5 sammankomster inom E&amp;U, i den m\u00e5n det \u00e4r genomf\u00f6rbart, men som kontinuerligt h\u00e5ller en dialog kring de aktiva och \u00e4r delaktig i den aktivas utveckling.<\/li>\n<\/ul>\n<p>L\u00e4s om hur du ans\u00f6ker till E&amp;U <a href=\"https:\/\/www.budokampsport.se\/forbund\/elitidrott\/elit-utveckling\/#ansokan\" target=\"_blank\" rel=\"noopener\">h\u00e4r<\/a>.<\/p>\n<p>Har du fr\u00e5gor om satsning, kontakta g\u00e4rna projektledare <a href=\"mailto:pluss@budo.se\">Helena Pl\u00fcss<\/a>.<\/p>\n<p>Text och foto: Jonathan Broberg<\/p>\n","protected":false},"excerpt":{"rendered":"<p>ELIT. Nu \u00f6ppnar vi upp f\u00f6r ytterligare n\u00e5gra ans\u00f6kningar till n\u00e4sta \u00e5r f\u00f6r Elit &#038; Utveckling (E&#038;U).<\/p><br>","protected":false},"author":7,"featured_media":140108,"comment_status":"closed","ping_status":"open","sticky":false,"template":"","format":"standard","meta":{"_acf_changed":false,"footnotes":""},"categories":[1],"tags":[],"class_list":["post-145491","post","type-post","status-publish","format-standard","has-post-thumbnail","hentry","category-okategoriserade"],"acf":[],"yoast_head":"<!-- This site is optimized with the Yoast SEO plugin v26.8 - https:\/\/yoast.com\/product\/yoast-seo-wordpress\/ -->\n<title>Ans\u00f6k till Elit &amp; Utveckling - Svenska Budo &amp; Kampsportsf\u00f6rbundet<\/title>\n<meta name=\"description\" content=\"ELIT. Nu \u00f6ppnar vi upp f\u00f6r ytterligare n\u00e5gra ans\u00f6kningar till n\u00e4sta \u00e5r f\u00f6r Elit &amp; Utveckling (E&amp;U).\" \/>\n<meta name=\"robots\" content=\"index, follow, max-snippet:-1, max-image-preview:large, max-video-preview:-1\" \/>\n<link rel=\"canonical\" href=\"https:\/\/www.budokampsport.se\/2022\/12\/14\/ansok-till-elit-utveckling\/\" \/>\n<meta property=\"og:locale\" content=\"sv_SE\" \/>\n<meta property=\"og:type\" content=\"article\" \/>\n<meta property=\"og:title\" content=\"Ans\u00f6k till Elit &amp; Utveckling - Svenska Budo &amp; Kampsportsf\u00f6rbundet\" \/>\n<meta property=\"og:description\" content=\"ELIT. Nu \u00f6ppnar vi upp f\u00f6r ytterligare n\u00e5gra ans\u00f6kningar till n\u00e4sta \u00e5r f\u00f6r Elit &amp; Utveckling (E&amp;U).\" \/>\n<meta property=\"og:url\" content=\"https:\/\/www.budokampsport.se\/2022\/12\/14\/ansok-till-elit-utveckling\/\" \/>\n<meta property=\"og:site_name\" content=\"Svenska Budo &amp; Kampsportsf\u00f6rbundet\" \/>\n<meta property=\"article:author\" content=\"https:\/\/www.facebook.com\/jonathan.broberg.7\" \/>\n<meta property=\"article:published_time\" content=\"2022-12-14T09:04:44+00:00\" \/>\n<meta property=\"article:modified_time\" content=\"2023-01-24T11:07:21+00:00\" \/>\n<meta property=\"og:image\" content=\"https:\/\/www.budokampsport.se\/wp-content\/uploads\/2022\/06\/eu2.png\" \/>\n\t<meta property=\"og:image:width\" content=\"1200\" \/>\n\t<meta property=\"og:image:height\" content=\"800\" \/>\n\t<meta property=\"og:image:type\" content=\"image\/png\" \/>\n<meta name=\"author\" content=\"Jonathan Broberg\" \/>\n<meta name=\"twitter:card\" content=\"summary_large_image\" \/>\n<meta name=\"twitter:label1\" content=\"Skriven av\" \/>\n\t<meta name=\"twitter:data1\" content=\"Jonathan Broberg\" \/>\n\t<meta name=\"twitter:label2\" content=\"Ber\u00e4knad l\u00e4stid\" \/>\n\t<meta name=\"twitter:data2\" content=\"2 minuter\" \/>\n<script type=\"application\/ld+json\" class=\"yoast-schema-graph\">{\"@context\":\"https:\/\/schema.org\",\"@graph\":[{\"@type\":\"Article\",\"@id\":\"https:\/\/www.budokampsport.se\/2022\/12\/14\/ansok-till-elit-utveckling\/#article\",\"isPartOf\":{\"@id\":\"https:\/\/www.budokampsport.se\/2022\/12\/14\/ansok-till-elit-utveckling\/\"},\"author\":{\"name\":\"Jonathan Broberg\",\"@id\":\"https:\/\/www.budokampsport.se\/#\/schema\/person\/5c06d81d14850e2a8ce5493386560145\"},\"headline\":\"Ans\u00f6k till Elit &#038; Utveckling\",\"datePublished\":\"2022-12-14T09:04:44+00:00\",\"dateModified\":\"2023-01-24T11:07:21+00:00\",\"mainEntityOfPage\":{\"@id\":\"https:\/\/www.budokampsport.se\/2022\/12\/14\/ansok-till-elit-utveckling\/\"},\"wordCount\":310,\"image\":{\"@id\":\"https:\/\/www.budokampsport.se\/2022\/12\/14\/ansok-till-elit-utveckling\/#primaryimage\"},\"thumbnailUrl\":\"https:\/\/www.budokampsport.se\/wp-content\/uploads\/2022\/06\/eu2.png\",\"inLanguage\":\"sv-SE\"},{\"@type\":\"WebPage\",\"@id\":\"https:\/\/www.budokampsport.se\/2022\/12\/14\/ansok-till-elit-utveckling\/\",\"url\":\"https:\/\/www.budokampsport.se\/2022\/12\/14\/ansok-till-elit-utveckling\/\",\"name\":\"Ans\u00f6k till Elit & Utveckling - Svenska Budo &amp; Kampsportsf\u00f6rbundet\",\"isPartOf\":{\"@id\":\"https:\/\/www.budokampsport.se\/#website\"},\"primaryImageOfPage\":{\"@id\":\"https:\/\/www.budokampsport.se\/2022\/12\/14\/ansok-till-elit-utveckling\/#primaryimage\"},\"image\":{\"@id\":\"https:\/\/www.budokampsport.se\/2022\/12\/14\/ansok-till-elit-utveckling\/#primaryimage\"},\"thumbnailUrl\":\"https:\/\/www.budokampsport.se\/wp-content\/uploads\/2022\/06\/eu2.png\",\"datePublished\":\"2022-12-14T09:04:44+00:00\",\"dateModified\":\"2023-01-24T11:07:21+00:00\",\"author\":{\"@id\":\"https:\/\/www.budokampsport.se\/#\/schema\/person\/5c06d81d14850e2a8ce5493386560145\"},\"description\":\"ELIT. Nu \u00f6ppnar vi upp f\u00f6r ytterligare n\u00e5gra ans\u00f6kningar till n\u00e4sta \u00e5r f\u00f6r Elit & Utveckling (E&U).\",\"breadcrumb\":{\"@id\":\"https:\/\/www.budokampsport.se\/2022\/12\/14\/ansok-till-elit-utveckling\/#breadcrumb\"},\"inLanguage\":\"sv-SE\",\"potentialAction\":[{\"@type\":\"ReadAction\",\"target\":[\"https:\/\/www.budokampsport.se\/2022\/12\/14\/ansok-till-elit-utveckling\/\"]}]},{\"@type\":\"ImageObject\",\"inLanguage\":\"sv-SE\",\"@id\":\"https:\/\/www.budokampsport.se\/2022\/12\/14\/ansok-till-elit-utveckling\/#primaryimage\",\"url\":\"https:\/\/www.budokampsport.se\/wp-content\/uploads\/2022\/06\/eu2.png\",\"contentUrl\":\"https:\/\/www.budokampsport.se\/wp-content\/uploads\/2022\/06\/eu2.png\",\"width\":1200,\"height\":800,\"caption\":\"Foto: Jonathan Broberg.\"},{\"@type\":\"BreadcrumbList\",\"@id\":\"https:\/\/www.budokampsport.se\/2022\/12\/14\/ansok-till-elit-utveckling\/#breadcrumb\",\"itemListElement\":[{\"@type\":\"ListItem\",\"position\":1,\"name\":\"Hem\",\"item\":\"https:\/\/www.budokampsport.se\/\"},{\"@type\":\"ListItem\",\"position\":2,\"name\":\"Ans\u00f6k till Elit &#038; Utveckling\"}]},{\"@type\":\"WebSite\",\"@id\":\"https:\/\/www.budokampsport.se\/#website\",\"url\":\"https:\/\/www.budokampsport.se\/\",\"name\":\"Svenska Budo &amp; Kampsportsf\u00f6rbundet\",\"description\":\"T\u00e4vling, Tr\u00e4ning, Tradition\",\"potentialAction\":[{\"@type\":\"SearchAction\",\"target\":{\"@type\":\"EntryPoint\",\"urlTemplate\":\"https:\/\/www.budokampsport.se\/?s={search_term_string}\"},\"query-input\":{\"@type\":\"PropertyValueSpecification\",\"valueRequired\":true,\"valueName\":\"search_term_string\"}}],\"inLanguage\":\"sv-SE\"},{\"@type\":\"Person\",\"@id\":\"https:\/\/www.budokampsport.se\/#\/schema\/person\/5c06d81d14850e2a8ce5493386560145\",\"name\":\"Jonathan Broberg\",\"image\":{\"@type\":\"ImageObject\",\"inLanguage\":\"sv-SE\",\"@id\":\"https:\/\/www.budokampsport.se\/#\/schema\/person\/image\/\",\"url\":\"https:\/\/secure.gravatar.com\/avatar\/a58041c6cea9128bd9c40ee2f26d4136?s=96&d=blank&r=g\",\"contentUrl\":\"https:\/\/secure.gravatar.com\/avatar\/a58041c6cea9128bd9c40ee2f26d4136?s=96&d=blank&r=g\",\"caption\":\"Jonathan Broberg\"},\"sameAs\":[\"https:\/\/www.facebook.com\/jonathan.broberg.7\"],\"url\":\"https:\/\/www.budokampsport.se\/author\/jonathan\/\"}]}<\/script>\n<!-- \/ Yoast SEO plugin. -->","yoast_head_json":{"title":"Ans\u00f6k till Elit & Utveckling - Svenska Budo &amp; Kampsportsf\u00f6rbundet","description":"ELIT. Nu \u00f6ppnar vi upp f\u00f6r ytterligare n\u00e5gra ans\u00f6kningar till n\u00e4sta \u00e5r f\u00f6r Elit & Utveckling (E&U).","robots":{"index":"index","follow":"follow","max-snippet":"max-snippet:-1","max-image-preview":"max-image-preview:large","max-video-preview":"max-video-preview:-1"},"canonical":"https:\/\/www.budokampsport.se\/2022\/12\/14\/ansok-till-elit-utveckling\/","og_locale":"sv_SE","og_type":"article","og_title":"Ans\u00f6k till Elit & Utveckling - Svenska Budo &amp; Kampsportsf\u00f6rbundet","og_description":"ELIT. Nu \u00f6ppnar vi upp f\u00f6r ytterligare n\u00e5gra ans\u00f6kningar till n\u00e4sta \u00e5r f\u00f6r Elit & Utveckling (E&U).","og_url":"https:\/\/www.budokampsport.se\/2022\/12\/14\/ansok-till-elit-utveckling\/","og_site_name":"Svenska Budo &amp; Kampsportsf\u00f6rbundet","article_author":"https:\/\/www.facebook.com\/jonathan.broberg.7","article_published_time":"2022-12-14T09:04:44+00:00","article_modified_time":"2023-01-24T11:07:21+00:00","og_image":[{"width":1200,"height":800,"url":"https:\/\/www.budokampsport.se\/wp-content\/uploads\/2022\/06\/eu2.png","type":"image\/png"}],"author":"Jonathan Broberg","twitter_card":"summary_large_image","twitter_misc":{"Skriven av":"Jonathan Broberg","Ber\u00e4knad l\u00e4stid":"2 minuter"},"schema":{"@context":"https:\/\/schema.org","@graph":[{"@type":"Article","@id":"https:\/\/www.budokampsport.se\/2022\/12\/14\/ansok-till-elit-utveckling\/#article","isPartOf":{"@id":"https:\/\/www.budokampsport.se\/2022\/12\/14\/ansok-till-elit-utveckling\/"},"author":{"name":"Jonathan Broberg","@id":"https:\/\/www.budokampsport.se\/#\/schema\/person\/5c06d81d14850e2a8ce5493386560145"},"headline":"Ans\u00f6k till Elit &#038; Utveckling","datePublished":"2022-12-14T09:04:44+00:00","dateModified":"2023-01-24T11:07:21+00:00","mainEntityOfPage":{"@id":"https:\/\/www.budokampsport.se\/2022\/12\/14\/ansok-till-elit-utveckling\/"},"wordCount":310,"image":{"@id":"https:\/\/www.budokampsport.se\/2022\/12\/14\/ansok-till-elit-utveckling\/#primaryimage"},"thumbnailUrl":"https:\/\/www.budokampsport.se\/wp-content\/uploads\/2022\/06\/eu2.png","inLanguage":"sv-SE"},{"@type":"WebPage","@id":"https:\/\/www.budokampsport.se\/2022\/12\/14\/ansok-till-elit-utveckling\/","url":"https:\/\/www.budokampsport.se\/2022\/12\/14\/ansok-till-elit-utveckling\/","name":"Ans\u00f6k till Elit & Utveckling - Svenska Budo &amp; Kampsportsf\u00f6rbundet","isPartOf":{"@id":"https:\/\/www.budokampsport.se\/#website"},"primaryImageOfPage":{"@id":"https:\/\/www.budokampsport.se\/2022\/12\/14\/ansok-till-elit-utveckling\/#primaryimage"},"image":{"@id":"https:\/\/www.budokampsport.se\/2022\/12\/14\/ansok-till-elit-utveckling\/#primaryimage"},"thumbnailUrl":"https:\/\/www.budokampsport.se\/wp-content\/uploads\/2022\/06\/eu2.png","datePublished":"2022-12-14T09:04:44+00:00","dateModified":"2023-01-24T11:07:21+00:00","author":{"@id":"https:\/\/www.budokampsport.se\/#\/schema\/person\/5c06d81d14850e2a8ce5493386560145"},"description":"ELIT. Nu \u00f6ppnar vi upp f\u00f6r ytterligare n\u00e5gra ans\u00f6kningar till n\u00e4sta \u00e5r f\u00f6r Elit & Utveckling (E&U).","breadcrumb":{"@id":"https:\/\/www.budokampsport.se\/2022\/12\/14\/ansok-till-elit-utveckling\/#breadcrumb"},"inLanguage":"sv-SE","potentialAction":[{"@type":"ReadAction","target":["https:\/\/www.budokampsport.se\/2022\/12\/14\/ansok-till-elit-utveckling\/"]}]},{"@type":"ImageObject","inLanguage":"sv-SE","@id":"https:\/\/www.budokampsport.se\/2022\/12\/14\/ansok-till-elit-utveckling\/#primaryimage","url":"https:\/\/www.budokampsport.se\/wp-content\/uploads\/2022\/06\/eu2.png","contentUrl":"https:\/\/www.budokampsport.se\/wp-content\/uploads\/2022\/06\/eu2.png","width":1200,"height":800,"caption":"Foto: Jonathan Broberg."},{"@type":"BreadcrumbList","@id":"https:\/\/www.budokampsport.se\/2022\/12\/14\/ansok-till-elit-utveckling\/#breadcrumb","itemListElement":[{"@type":"ListItem","position":1,"name":"Hem","item":"https:\/\/www.budokampsport.se\/"},{"@type":"ListItem","position":2,"name":"Ans\u00f6k till Elit &#038; Utveckling"}]},{"@type":"WebSite","@id":"https:\/\/www.budokampsport.se\/#website","url":"https:\/\/www.budokampsport.se\/","name":"Svenska Budo &amp; Kampsportsf\u00f6rbundet","description":"T\u00e4vling, Tr\u00e4ning, Tradition","potentialAction":[{"@type":"SearchAction","target":{"@type":"EntryPoint","urlTemplate":"https:\/\/www.budokampsport.se\/?s={search_term_string}"},"query-input":{"@type":"PropertyValueSpecification","valueRequired":true,"valueName":"search_term_string"}}],"inLanguage":"sv-SE"},{"@type":"Person","@id":"https:\/\/www.budokampsport.se\/#\/schema\/person\/5c06d81d14850e2a8ce5493386560145","name":"Jonathan Broberg","image":{"@type":"ImageObject","inLanguage":"sv-SE","@id":"https:\/\/www.budokampsport.se\/#\/schema\/person\/image\/","url":"https:\/\/secure.gravatar.com\/avatar\/a58041c6cea9128bd9c40ee2f26d4136?s=96&d=blank&r=g","contentUrl":"https:\/\/secure.gravatar.com\/avatar\/a58041c6cea9128bd9c40ee2f26d4136?s=96&d=blank&r=g","caption":"Jonathan Broberg"},"sameAs":["https:\/\/www.facebook.com\/jonathan.broberg.7"],"url":"https:\/\/www.budokampsport.se\/author\/jonathan\/"}]}},"_links":{"self":[{"href":"https:\/\/www.budokampsport.se\/api\/wp\/v2\/posts\/145491","targetHints":{"allow":["GET"]}}],"collection":[{"href":"https:\/\/www.budokampsport.se\/api\/wp\/v2\/posts"}],"about":[{"href":"https:\/\/www.budokampsport.se\/api\/wp\/v2\/types\/post"}],"author":[{"embeddable":true,"href":"https:\/\/www.budokampsport.se\/api\/wp\/v2\/users\/7"}],"replies":[{"embeddable":true,"href":"https:\/\/www.budokampsport.se\/api\/wp\/v2\/comments?post=145491"}],"version-history":[{"count":0,"href":"https:\/\/www.budokampsport.se\/api\/wp\/v2\/posts\/145491\/revisions"}],"wp:featuredmedia":[{"embeddable":true,"href":"https:\/\/www.budokampsport.se\/api\/wp\/v2\/media\/140108"}],"wp:attachment":[{"href":"https:\/\/www.budokampsport.se\/api\/wp\/v2\/media?parent=145491"}],"wp:term":[{"taxonomy":"category","embeddable":true,"href":"https:\/\/www.budokampsport.se\/api\/wp\/v2\/categories?post=145491"},{"taxonomy":"post_tag","embeddable":true,"href":"https:\/\/www.budokampsport.se\/api\/wp\/v2\/tags?post=145491"}],"curies":[{"name":"wp","href":"https:\/\/api.w.org\/{rel}","templated":true}]}}