{"id":146479,"date":"2022-12-30T08:56:17","date_gmt":"2022-12-30T07:56:17","guid":{"rendered":"https:\/\/www.budokampsport.se\/?p=146479"},"modified":"2024-07-23T15:19:25","modified_gmt":"2024-07-23T13:19:25","slug":"thabo-motsieloa-valkomnar-anlaggningsguiden","status":"publish","type":"post","link":"https:\/\/www.budokampsport.se\/2022\/12\/30\/thabo-motsieloa-valkomnar-anlaggningsguiden\/","title":{"rendered":"Thabo Motsieloa v\u00e4lkomnar Anl\u00e4ggningsguiden"},"content":{"rendered":"<p>P\u00e5 annandagen sl\u00e4pptes Svenska Budo &amp; Kampsportsf\u00f6rbundets Anl\u00e4ggningsguide. D\u00e4r ber\u00e4ttas om f\u00f6rbundets 27 aktiva idrotter och deras lokalbehov. Under rubriken <em>Framtidens kampsportsanl\u00e4ggningar<\/em> finns flera artiklar om hur man kan t\u00e4nka fram\u00f6ver n\u00e4r det g\u00e4ller moderna och praktiska lokaler.<\/p>\n<p>En som har varit djupt involverad i anl\u00e4ggningsfr\u00e5gan under en l\u00e4ngre tid \u00e4r kampsportsprofilen Thabo Motsieloa, som \u00e4r aktiv i s\u00e5v\u00e4l f\u00f6rening (S\u00f6dermalms Shaolin), underf\u00f6rbund (Svenska Allstylef\u00f6rbundet) som distrikt (Stockholms Budo &amp; Kampsportf\u00f6rbund).<\/p>\n<p>P\u00e5 senare \u00e5r har han bland annat medverkat i <a href=\"https:\/\/www.budokampsport.se\/2021\/01\/14\/samtal-i-tv4-om-kampsportsklubbarnas-tuffa-tid\/\" target=\"_blank\" rel=\"noopener\">TV4:s Nyhetsmorgon<\/a> samt <a href=\"https:\/\/www.budokampsport.se\/2022\/08\/19\/thabo-motsieloa-kampsporten-har-en-unikt-dalig-situation\/\" target=\"_blank\" rel=\"noopener\">anordnat paneldebatt<\/a> p\u00e5 Sergels Torg i Stockholm n\u00e4r det g\u00e4ller dessa fr\u00e5gor.<\/p>\n<p>&#8211; Jag tycker att guiden \u00e4r ett bra och nyttigt st\u00f6d. Den ger en lekman en snabb \u00f6verblick av de olika kampidrotternas behov, s\u00e4ger han.<\/p>\n<p>Framf\u00f6r allt tycker han att det \u00e4r viktigt att det tydligg\u00f6rs att flertalet av f\u00f6rbundets idrotter, samt \u00e4ven idrotter i andra specialidrottsf\u00f6rbund, i m\u00e5nga fall har liknande lokalbehov.<\/p>\n<p>&#8211; Anl\u00e4ggningsguiden pekar ju p\u00e5 att m\u00e5nga av de h\u00e4r behoven \u00e4r i \u00f6verenst\u00e4mmelse med varandra, vilket borde vara en f\u00f6rdel n\u00e4r man projekterar anl\u00e4ggningar. Vissa av idrotterna \u00e4r lite st\u00f6rre och kan beh\u00f6va egna rum men m\u00e5nga idrotter har snarlika behov och kan dela rum med varandra. Det blir \u00e5sk\u00e5dliggjort genom den h\u00e4r guiden. Det g\u00f6r det ocks\u00e5 l\u00e4ttare f\u00f6r politiker och andra beslutsfattare att \u00f6verblicka och samordna behoven.<\/p>\n<p>Thabo Motsieloa menar att det \u00e4ven ligger i tiden att olika kampsporter och discipliner samsas under samma tak.<\/p>\n<p>&#8211; Den moderna kampsportsklubben idag inkorporerar redan flera kampidrotter. I min f\u00f6rening ut\u00f6var vi kickboxning, sanda och allstyle i samma lokaler. M\u00e5nga andra f\u00f6reningar h\u00e5ller p\u00e5 med BJJ, MMA och submission wrestling och kanske kryddar med lite thaiboxning.<\/p>\n<p>Han forts\u00e4tter:<\/p>\n<p>&#8211; Om en f\u00f6rening kan f\u00e5 de h\u00e4r idrotterna att samsas i sina lokaler s\u00e5 \u00e4r det klart att \u00e4ven n\u00e4r man ordnar hallar i kommunal regi s\u00e5 g\u00e5r det att \u00e5stadkomma \u00f6verlappande funktioner och <em>multipurpose<\/em>-l\u00f6sningar. Tack vare Anl\u00e4ggningsguiden kanske man l\u00e4ttare f\u00f6rst\u00e5r, och kan f\u00e5 id\u00e9er f\u00f6r, hur man ska l\u00f6sa multifunktionaliteten.<\/p>\n<p>Enligt Thabo Motsieloa brottas fortfarande m\u00e5nga f\u00f6reningar med effekterna av coronapandemin, n\u00e5got som blev extra k\u00e4nnbart f\u00f6r dem som inte hade sin verksamhet i offentliga lokaler.<\/p>\n<p>&#8211; Jag tycker att medvetenheten om behovet av kommunalt finansierade lokaler f\u00f6r kampidrott har \u00f6kat. Pandemin f\u00f6rsatte oss n\u00e4ra nog i panikl\u00e4ge, den blottlade att det fanns grundl\u00e4ggande strukturella problem. De hade funnits d\u00e4r hela tiden men n\u00e4r pandemin kom s\u00e5 fick de full effekt. Andra idrotters f\u00f6reningar kunde l\u00e4mna idrottshallen och v\u00e4nta p\u00e5 att dyka upp igen, idrottshallen stod ju kvar. Men m\u00e5nga kampsportsf\u00f6reningar som hade egna lokaler, men som inte kunde bedriva tr\u00e4ning, fick l\u00e4gga ner. Och andra \u00e4r fortfarande starkt \u00e4rrade, s\u00e4ger han.<\/p>\n<p>Projektering av nya kommunala kampsportslokaler p\u00e5g\u00e5r just nu i en rad av Sveriges st\u00f6rsta st\u00e4der. Flera av dem v\u00e4nder bland annat blickarna mot nybyggda m\u00e5ngmiljonsatsningen Kampsportens Hus i K\u00f6penhamn, som det ber\u00e4ttas om i ett reportage i Anl\u00e4ggningsguiden.<\/p>\n<p>\u00c4ven Thabo Motsieloa ser ljusare p\u00e5 m\u00f6jligheterna till bra lokaler fram\u00f6ver.<\/p>\n<p>&#8211; Men vi m\u00e5ste f\u00f6r\u00e4ndra grunden f\u00f6r kampsportsf\u00f6reningarna, understryker han. Att vi inte har egna lokaler som \u00e4r kommunalt finansierade \u00e4r en f\u00f6ljd av hur man har betraktat kampidrotterna \u2013 och \u00e4ven hur kampidrotterna har betraktat sig sj\u00e4lva. Vi ska bli respekterade idrotter p\u00e5 samma villkor som alla andra idrotter. Men mer beh\u00f6ver g\u00f6ras och nu g\u00e4ller det att vi inom kampsporten \u00e4r uth\u00e5lliga, vilket vi inte alltid har varit. Jag hoppas att guiden kan vara en viktig l\u00e4nk i kedjan fram\u00f6ver.<\/p>\n<h3><strong>Mer information<\/strong><\/h3>\n<p>Anl\u00e4ggningsguiden finns publicerad p\u00e5 v\u00e5r nya undersida <a href=\"https:\/\/www.budokampsport.se\/forbund\/anlaggning\" target=\"_blank\" rel=\"noopener\">Anl\u00e4ggning<\/a>.<\/p>\n<p><strong>Tidigare artiklar:<\/strong><br \/>\n\u00bb <a href=\"https:\/\/www.budokampsport.se\/2022\/10\/12\/forbundet-tar-fram-anlaggningsguide\/\" target=\"_blank\" rel=\"noopener\">F\u00f6rbundet tar fram anl\u00e4ggningsguide<\/a><br \/>\n\u00bb <a href=\"https:\/\/www.budokampsport.se\/2022\/12\/26\/premiar-for-anlaggningsguiden\/\" target=\"_blank\" rel=\"noopener\">Premi\u00e4r f\u00f6r Anl\u00e4ggningsguiden<\/a><br \/>\n\u00bb <a href=\"https:\/\/www.budokampsport.se\/2022\/12\/28\/projektledaren-mats-lilja-om-arbetet-med-anlaggningsguiden\/\" target=\"_blank\" rel=\"noopener\">Projektledaren Mats Lilja om arbetet med Anl\u00e4ggningsguiden<\/a><\/p>\n<p>Text: Mats Lilja<\/p>\n","protected":false},"excerpt":{"rendered":"<p>ANL\u00c4GGNINGSGUIDEN. Profilen hoppas att guiden blir en viktig l\u00e4nk fram\u00f6ver.<br \/><br>(Foto: Privat samt Niclas J\u00f6nsson\/Bildbyr\u00e5n [montage])<\/p><br>","protected":false},"author":914,"featured_media":146522,"comment_status":"closed","ping_status":"open","sticky":false,"template":"","format":"standard","meta":{"_acf_changed":false,"footnotes":""},"categories":[577,531],"tags":[],"class_list":["post-146479","post","type-post","status-publish","format-standard","has-post-thumbnail","hentry","category-anlaggning","category-sbk-2"],"acf":[],"yoast_head":"<!-- This site is optimized with the Yoast SEO plugin v26.8 - https:\/\/yoast.com\/product\/yoast-seo-wordpress\/ -->\n<title>Thabo Motsieloa v\u00e4lkomnar Anl\u00e4ggningsguiden - Svenska Budo &amp; Kampsportsf\u00f6rbundet<\/title>\n<meta name=\"description\" content=\"ANL\u00c4GGNINGSGUIDEN. Profilen hoppas att guiden blir en viktig l\u00e4nk fram\u00f6ver. (Foto: Privat samt Niclas J\u00f6nsson\/Bildbyr\u00e5n )\" \/>\n<meta name=\"robots\" content=\"index, follow, max-snippet:-1, max-image-preview:large, max-video-preview:-1\" \/>\n<link rel=\"canonical\" href=\"https:\/\/www.budokampsport.se\/2022\/12\/30\/thabo-motsieloa-valkomnar-anlaggningsguiden\/\" \/>\n<meta property=\"og:locale\" content=\"sv_SE\" \/>\n<meta property=\"og:type\" content=\"article\" \/>\n<meta property=\"og:title\" content=\"Thabo Motsieloa v\u00e4lkomnar Anl\u00e4ggningsguiden - Svenska Budo &amp; Kampsportsf\u00f6rbundet\" \/>\n<meta property=\"og:description\" content=\"ANL\u00c4GGNINGSGUIDEN. Profilen hoppas att guiden blir en viktig l\u00e4nk fram\u00f6ver. (Foto: Privat samt Niclas J\u00f6nsson\/Bildbyr\u00e5n )\" \/>\n<meta property=\"og:url\" content=\"https:\/\/www.budokampsport.se\/2022\/12\/30\/thabo-motsieloa-valkomnar-anlaggningsguiden\/\" \/>\n<meta property=\"og:site_name\" content=\"Svenska Budo &amp; Kampsportsf\u00f6rbundet\" \/>\n<meta property=\"article:published_time\" content=\"2022-12-30T07:56:17+00:00\" \/>\n<meta property=\"article:modified_time\" content=\"2024-07-23T13:19:25+00:00\" \/>\n<meta property=\"og:image\" content=\"https:\/\/www.budokampsport.se\/wp-content\/uploads\/2022\/12\/anlaggningsguidentm.png\" \/>\n\t<meta property=\"og:image:width\" content=\"847\" \/>\n\t<meta property=\"og:image:height\" content=\"565\" \/>\n\t<meta property=\"og:image:type\" content=\"image\/png\" \/>\n<meta name=\"author\" content=\"Mats Lilja\" \/>\n<meta name=\"twitter:card\" content=\"summary_large_image\" \/>\n<meta name=\"twitter:label1\" content=\"Skriven av\" \/>\n\t<meta name=\"twitter:data1\" content=\"Mats Lilja\" \/>\n\t<meta name=\"twitter:label2\" content=\"Ber\u00e4knad l\u00e4stid\" \/>\n\t<meta name=\"twitter:data2\" content=\"4 minuter\" \/>\n<script type=\"application\/ld+json\" class=\"yoast-schema-graph\">{\"@context\":\"https:\/\/schema.org\",\"@graph\":[{\"@type\":\"Article\",\"@id\":\"https:\/\/www.budokampsport.se\/2022\/12\/30\/thabo-motsieloa-valkomnar-anlaggningsguiden\/#article\",\"isPartOf\":{\"@id\":\"https:\/\/www.budokampsport.se\/2022\/12\/30\/thabo-motsieloa-valkomnar-anlaggningsguiden\/\"},\"author\":{\"name\":\"Mats Lilja\",\"@id\":\"https:\/\/www.budokampsport.se\/#\/schema\/person\/d80c0bc61f1787703168fc250ce69522\"},\"headline\":\"Thabo Motsieloa v\u00e4lkomnar Anl\u00e4ggningsguiden\",\"datePublished\":\"2022-12-30T07:56:17+00:00\",\"dateModified\":\"2024-07-23T13:19:25+00:00\",\"mainEntityOfPage\":{\"@id\":\"https:\/\/www.budokampsport.se\/2022\/12\/30\/thabo-motsieloa-valkomnar-anlaggningsguiden\/\"},\"wordCount\":723,\"image\":{\"@id\":\"https:\/\/www.budokampsport.se\/2022\/12\/30\/thabo-motsieloa-valkomnar-anlaggningsguiden\/#primaryimage\"},\"thumbnailUrl\":\"https:\/\/www.budokampsport.se\/wp-content\/uploads\/2022\/12\/anlaggningsguidentm.png\",\"articleSection\":[\"Anl\u00e4ggning\",\"SB&amp;K\"],\"inLanguage\":\"sv-SE\"},{\"@type\":\"WebPage\",\"@id\":\"https:\/\/www.budokampsport.se\/2022\/12\/30\/thabo-motsieloa-valkomnar-anlaggningsguiden\/\",\"url\":\"https:\/\/www.budokampsport.se\/2022\/12\/30\/thabo-motsieloa-valkomnar-anlaggningsguiden\/\",\"name\":\"Thabo Motsieloa v\u00e4lkomnar Anl\u00e4ggningsguiden - Svenska Budo &amp; Kampsportsf\u00f6rbundet\",\"isPartOf\":{\"@id\":\"https:\/\/www.budokampsport.se\/#website\"},\"primaryImageOfPage\":{\"@id\":\"https:\/\/www.budokampsport.se\/2022\/12\/30\/thabo-motsieloa-valkomnar-anlaggningsguiden\/#primaryimage\"},\"image\":{\"@id\":\"https:\/\/www.budokampsport.se\/2022\/12\/30\/thabo-motsieloa-valkomnar-anlaggningsguiden\/#primaryimage\"},\"thumbnailUrl\":\"https:\/\/www.budokampsport.se\/wp-content\/uploads\/2022\/12\/anlaggningsguidentm.png\",\"datePublished\":\"2022-12-30T07:56:17+00:00\",\"dateModified\":\"2024-07-23T13:19:25+00:00\",\"author\":{\"@id\":\"https:\/\/www.budokampsport.se\/#\/schema\/person\/d80c0bc61f1787703168fc250ce69522\"},\"description\":\"ANL\u00c4GGNINGSGUIDEN. Profilen hoppas att guiden blir en viktig l\u00e4nk fram\u00f6ver. (Foto: Privat samt Niclas J\u00f6nsson\/Bildbyr\u00e5n )\",\"breadcrumb\":{\"@id\":\"https:\/\/www.budokampsport.se\/2022\/12\/30\/thabo-motsieloa-valkomnar-anlaggningsguiden\/#breadcrumb\"},\"inLanguage\":\"sv-SE\",\"potentialAction\":[{\"@type\":\"ReadAction\",\"target\":[\"https:\/\/www.budokampsport.se\/2022\/12\/30\/thabo-motsieloa-valkomnar-anlaggningsguiden\/\"]}]},{\"@type\":\"ImageObject\",\"inLanguage\":\"sv-SE\",\"@id\":\"https:\/\/www.budokampsport.se\/2022\/12\/30\/thabo-motsieloa-valkomnar-anlaggningsguiden\/#primaryimage\",\"url\":\"https:\/\/www.budokampsport.se\/wp-content\/uploads\/2022\/12\/anlaggningsguidentm.png\",\"contentUrl\":\"https:\/\/www.budokampsport.se\/wp-content\/uploads\/2022\/12\/anlaggningsguidentm.png\",\"width\":847,\"height\":565,\"caption\":\"Foto: Privat samt Niclas J\u00f6nsson\/Bildbyr\u00e5n (montage av Mats Lilja).\"},{\"@type\":\"BreadcrumbList\",\"@id\":\"https:\/\/www.budokampsport.se\/2022\/12\/30\/thabo-motsieloa-valkomnar-anlaggningsguiden\/#breadcrumb\",\"itemListElement\":[{\"@type\":\"ListItem\",\"position\":1,\"name\":\"Hem\",\"item\":\"https:\/\/www.budokampsport.se\/\"},{\"@type\":\"ListItem\",\"position\":2,\"name\":\"Thabo Motsieloa v\u00e4lkomnar Anl\u00e4ggningsguiden\"}]},{\"@type\":\"WebSite\",\"@id\":\"https:\/\/www.budokampsport.se\/#website\",\"url\":\"https:\/\/www.budokampsport.se\/\",\"name\":\"Svenska Budo &amp; Kampsportsf\u00f6rbundet\",\"description\":\"T\u00e4vling, Tr\u00e4ning, Tradition\",\"potentialAction\":[{\"@type\":\"SearchAction\",\"target\":{\"@type\":\"EntryPoint\",\"urlTemplate\":\"https:\/\/www.budokampsport.se\/?s={search_term_string}\"},\"query-input\":{\"@type\":\"PropertyValueSpecification\",\"valueRequired\":true,\"valueName\":\"search_term_string\"}}],\"inLanguage\":\"sv-SE\"},{\"@type\":\"Person\",\"@id\":\"https:\/\/www.budokampsport.se\/#\/schema\/person\/d80c0bc61f1787703168fc250ce69522\",\"name\":\"Mats Lilja\",\"image\":{\"@type\":\"ImageObject\",\"inLanguage\":\"sv-SE\",\"@id\":\"https:\/\/www.budokampsport.se\/#\/schema\/person\/image\/\",\"url\":\"https:\/\/secure.gravatar.com\/avatar\/607f84918e96abe1ebbd8611782fa57d?s=96&d=blank&r=g\",\"contentUrl\":\"https:\/\/secure.gravatar.com\/avatar\/607f84918e96abe1ebbd8611782fa57d?s=96&d=blank&r=g\",\"caption\":\"Mats Lilja\"},\"url\":\"https:\/\/www.budokampsport.se\/author\/mats-lilja\/\"}]}<\/script>\n<!-- \/ Yoast SEO plugin. -->","yoast_head_json":{"title":"Thabo Motsieloa v\u00e4lkomnar Anl\u00e4ggningsguiden - Svenska Budo &amp; Kampsportsf\u00f6rbundet","description":"ANL\u00c4GGNINGSGUIDEN. Profilen hoppas att guiden blir en viktig l\u00e4nk fram\u00f6ver. (Foto: Privat samt Niclas J\u00f6nsson\/Bildbyr\u00e5n )","robots":{"index":"index","follow":"follow","max-snippet":"max-snippet:-1","max-image-preview":"max-image-preview:large","max-video-preview":"max-video-preview:-1"},"canonical":"https:\/\/www.budokampsport.se\/2022\/12\/30\/thabo-motsieloa-valkomnar-anlaggningsguiden\/","og_locale":"sv_SE","og_type":"article","og_title":"Thabo Motsieloa v\u00e4lkomnar Anl\u00e4ggningsguiden - Svenska Budo &amp; Kampsportsf\u00f6rbundet","og_description":"ANL\u00c4GGNINGSGUIDEN. Profilen hoppas att guiden blir en viktig l\u00e4nk fram\u00f6ver. (Foto: Privat samt Niclas J\u00f6nsson\/Bildbyr\u00e5n )","og_url":"https:\/\/www.budokampsport.se\/2022\/12\/30\/thabo-motsieloa-valkomnar-anlaggningsguiden\/","og_site_name":"Svenska Budo &amp; Kampsportsf\u00f6rbundet","article_published_time":"2022-12-30T07:56:17+00:00","article_modified_time":"2024-07-23T13:19:25+00:00","og_image":[{"width":847,"height":565,"url":"https:\/\/www.budokampsport.se\/wp-content\/uploads\/2022\/12\/anlaggningsguidentm.png","type":"image\/png"}],"author":"Mats Lilja","twitter_card":"summary_large_image","twitter_misc":{"Skriven av":"Mats Lilja","Ber\u00e4knad l\u00e4stid":"4 minuter"},"schema":{"@context":"https:\/\/schema.org","@graph":[{"@type":"Article","@id":"https:\/\/www.budokampsport.se\/2022\/12\/30\/thabo-motsieloa-valkomnar-anlaggningsguiden\/#article","isPartOf":{"@id":"https:\/\/www.budokampsport.se\/2022\/12\/30\/thabo-motsieloa-valkomnar-anlaggningsguiden\/"},"author":{"name":"Mats Lilja","@id":"https:\/\/www.budokampsport.se\/#\/schema\/person\/d80c0bc61f1787703168fc250ce69522"},"headline":"Thabo Motsieloa v\u00e4lkomnar Anl\u00e4ggningsguiden","datePublished":"2022-12-30T07:56:17+00:00","dateModified":"2024-07-23T13:19:25+00:00","mainEntityOfPage":{"@id":"https:\/\/www.budokampsport.se\/2022\/12\/30\/thabo-motsieloa-valkomnar-anlaggningsguiden\/"},"wordCount":723,"image":{"@id":"https:\/\/www.budokampsport.se\/2022\/12\/30\/thabo-motsieloa-valkomnar-anlaggningsguiden\/#primaryimage"},"thumbnailUrl":"https:\/\/www.budokampsport.se\/wp-content\/uploads\/2022\/12\/anlaggningsguidentm.png","articleSection":["Anl\u00e4ggning","SB&amp;K"],"inLanguage":"sv-SE"},{"@type":"WebPage","@id":"https:\/\/www.budokampsport.se\/2022\/12\/30\/thabo-motsieloa-valkomnar-anlaggningsguiden\/","url":"https:\/\/www.budokampsport.se\/2022\/12\/30\/thabo-motsieloa-valkomnar-anlaggningsguiden\/","name":"Thabo Motsieloa v\u00e4lkomnar Anl\u00e4ggningsguiden - Svenska Budo &amp; Kampsportsf\u00f6rbundet","isPartOf":{"@id":"https:\/\/www.budokampsport.se\/#website"},"primaryImageOfPage":{"@id":"https:\/\/www.budokampsport.se\/2022\/12\/30\/thabo-motsieloa-valkomnar-anlaggningsguiden\/#primaryimage"},"image":{"@id":"https:\/\/www.budokampsport.se\/2022\/12\/30\/thabo-motsieloa-valkomnar-anlaggningsguiden\/#primaryimage"},"thumbnailUrl":"https:\/\/www.budokampsport.se\/wp-content\/uploads\/2022\/12\/anlaggningsguidentm.png","datePublished":"2022-12-30T07:56:17+00:00","dateModified":"2024-07-23T13:19:25+00:00","author":{"@id":"https:\/\/www.budokampsport.se\/#\/schema\/person\/d80c0bc61f1787703168fc250ce69522"},"description":"ANL\u00c4GGNINGSGUIDEN. Profilen hoppas att guiden blir en viktig l\u00e4nk fram\u00f6ver. (Foto: Privat samt Niclas J\u00f6nsson\/Bildbyr\u00e5n )","breadcrumb":{"@id":"https:\/\/www.budokampsport.se\/2022\/12\/30\/thabo-motsieloa-valkomnar-anlaggningsguiden\/#breadcrumb"},"inLanguage":"sv-SE","potentialAction":[{"@type":"ReadAction","target":["https:\/\/www.budokampsport.se\/2022\/12\/30\/thabo-motsieloa-valkomnar-anlaggningsguiden\/"]}]},{"@type":"ImageObject","inLanguage":"sv-SE","@id":"https:\/\/www.budokampsport.se\/2022\/12\/30\/thabo-motsieloa-valkomnar-anlaggningsguiden\/#primaryimage","url":"https:\/\/www.budokampsport.se\/wp-content\/uploads\/2022\/12\/anlaggningsguidentm.png","contentUrl":"https:\/\/www.budokampsport.se\/wp-content\/uploads\/2022\/12\/anlaggningsguidentm.png","width":847,"height":565,"caption":"Foto: Privat samt Niclas J\u00f6nsson\/Bildbyr\u00e5n (montage av Mats Lilja)."},{"@type":"BreadcrumbList","@id":"https:\/\/www.budokampsport.se\/2022\/12\/30\/thabo-motsieloa-valkomnar-anlaggningsguiden\/#breadcrumb","itemListElement":[{"@type":"ListItem","position":1,"name":"Hem","item":"https:\/\/www.budokampsport.se\/"},{"@type":"ListItem","position":2,"name":"Thabo Motsieloa v\u00e4lkomnar Anl\u00e4ggningsguiden"}]},{"@type":"WebSite","@id":"https:\/\/www.budokampsport.se\/#website","url":"https:\/\/www.budokampsport.se\/","name":"Svenska Budo &amp; Kampsportsf\u00f6rbundet","description":"T\u00e4vling, Tr\u00e4ning, Tradition","potentialAction":[{"@type":"SearchAction","target":{"@type":"EntryPoint","urlTemplate":"https:\/\/www.budokampsport.se\/?s={search_term_string}"},"query-input":{"@type":"PropertyValueSpecification","valueRequired":true,"valueName":"search_term_string"}}],"inLanguage":"sv-SE"},{"@type":"Person","@id":"https:\/\/www.budokampsport.se\/#\/schema\/person\/d80c0bc61f1787703168fc250ce69522","name":"Mats Lilja","image":{"@type":"ImageObject","inLanguage":"sv-SE","@id":"https:\/\/www.budokampsport.se\/#\/schema\/person\/image\/","url":"https:\/\/secure.gravatar.com\/avatar\/607f84918e96abe1ebbd8611782fa57d?s=96&d=blank&r=g","contentUrl":"https:\/\/secure.gravatar.com\/avatar\/607f84918e96abe1ebbd8611782fa57d?s=96&d=blank&r=g","caption":"Mats Lilja"},"url":"https:\/\/www.budokampsport.se\/author\/mats-lilja\/"}]}},"_links":{"self":[{"href":"https:\/\/www.budokampsport.se\/api\/wp\/v2\/posts\/146479","targetHints":{"allow":["GET"]}}],"collection":[{"href":"https:\/\/www.budokampsport.se\/api\/wp\/v2\/posts"}],"about":[{"href":"https:\/\/www.budokampsport.se\/api\/wp\/v2\/types\/post"}],"author":[{"embeddable":true,"href":"https:\/\/www.budokampsport.se\/api\/wp\/v2\/users\/914"}],"replies":[{"embeddable":true,"href":"https:\/\/www.budokampsport.se\/api\/wp\/v2\/comments?post=146479"}],"version-history":[{"count":0,"href":"https:\/\/www.budokampsport.se\/api\/wp\/v2\/posts\/146479\/revisions"}],"wp:featuredmedia":[{"embeddable":true,"href":"https:\/\/www.budokampsport.se\/api\/wp\/v2\/media\/146522"}],"wp:attachment":[{"href":"https:\/\/www.budokampsport.se\/api\/wp\/v2\/media?parent=146479"}],"wp:term":[{"taxonomy":"category","embeddable":true,"href":"https:\/\/www.budokampsport.se\/api\/wp\/v2\/categories?post=146479"},{"taxonomy":"post_tag","embeddable":true,"href":"https:\/\/www.budokampsport.se\/api\/wp\/v2\/tags?post=146479"}],"curies":[{"name":"wp","href":"https:\/\/api.w.org\/{rel}","templated":true}]}}