{"id":148092,"date":"2023-01-30T13:36:56","date_gmt":"2023-01-30T12:36:56","guid":{"rendered":"https:\/\/www.budokampsport.se\/?p=148092"},"modified":"2023-04-04T10:50:57","modified_gmt":"2023-04-04T08:50:57","slug":"nedslag-hos-nedre-norr","status":"publish","type":"post","link":"https:\/\/www.budokampsport.se\/2023\/01\/30\/nedslag-hos-nedre-norr\/","title":{"rendered":"Nedslag hos Nedre Norr"},"content":{"rendered":"<p>Under tv\u00e5 intensiva dagar p\u00e5 Best Western Hotel Baltic sammanfattades f\u00f6reg\u00e5ende \u00e5rs insatser och penseldrag drogs f\u00f6r framtiden.\u00a0<\/p>\n<p>&#8211; Det k\u00e4nns viktigt att samlas f\u00f6r att arbeta tillsammans utifr\u00e5n v\u00e5rt uppdrag men ocks\u00e5 f\u00f6r att forts\u00e4tta bygga gemenskapen i styrelsen, s\u00e4ger ordf\u00f6rande Magnus Larsson.<\/p>\n<p>Styrelsen ser som en viktig uppgift att m\u00f6ta f\u00f6reningarna i deras vardag och f\u00e5nga upp deras behov. H\u00e4r arbetar de upps\u00f6kande med att tr\u00e4ffa n\u00e5gra f\u00f6reningar var p\u00e5 respektive f\u00f6renings hemmaplan. I den l\u00e5ngsiktiga planen ing\u00e5r \u00e4ven att bjuda in till en gemensam inspirationstr\u00e4ff.<\/p>\n<p>&#8211; Vi vill hj\u00e4lpa till att bygga broar mellan distriktets f\u00f6reningar och dess olika idrotter f\u00f6r att kunna dra nytta av varandras erfarenheter, ber\u00e4ttar suppleant Sofia Friberg.<\/p>\n<p>Distriktet har ett aktivt samarbete med de b\u00e5da RF-SISU distrikt som det geografiskt sp\u00e4nner \u00f6ver, <a href=\"https:\/\/www.rfsisu.se\/distrikt\/vasternorrland\" target=\"_blank\" rel=\"noopener\">RF-SISU V\u00e4sternorrland<\/a> och <a href=\"https:\/\/www.rfsisu.se\/distrikt\/jamtland-harjedalen\" target=\"_blank\" rel=\"noopener\">RF-SISU J\u00e4mtland-H\u00e4rjedalen<\/a>. En utmaning upplevs vara att n\u00e5 ut till f\u00f6reningar med information om de olika st\u00f6d som kostnadsfritt finns att ta del av. Styrelsen medskick till f\u00f6reningar \u00e4r att ta kontakt f\u00f6r ett f\u00f6rsta samtal, oavsett fundering.<\/p>\n<p>Sett till antal f\u00f6reningar och medlemmar \u00e4r distriktet f\u00f6rbundets minsta men det finns en tydlig ambition att v\u00e4xa. Nyligen h\u00e4lsades <a href=\"https:\/\/www.rfsisu.se\/distrikt\/jamtland-harjedalen\/nyhetsarkiv\/2023\/2023-01-09-jamtlands-senaste-tillskott-bland-idrottsforeningar-ostersunds-taidoklubb.\" target=\"_blank\" rel=\"noopener\">\u00d6stersunds Taidoklubb<\/a> v\u00e4lkommen och blev d\u00e4rmed landets nordligast bel\u00e4gna f\u00f6rening med verksamhet inom taido.<\/p>\n<table style=\"border-collapse: collapse; width: 100%; height: 72px;\">\n<tbody>\n<tr style=\"height: 24px;\">\n<td style=\"width: 25%; height: 24px;\"><strong>Nedre Norr<\/strong><\/td>\n<td style=\"width: 25%; height: 24px;\"><strong>2020<\/strong><\/td>\n<td style=\"width: 25%; height: 24px;\"><strong>2021<\/strong><\/td>\n<td style=\"width: 25%; height: 24px;\"><strong>2022<\/strong><\/td>\n<\/tr>\n<tr style=\"height: 24px;\">\n<td style=\"width: 25%; height: 24px;\"><strong>F\u00f6reningar<\/strong><\/td>\n<td style=\"width: 25%; height: 24px;\">23<\/td>\n<td style=\"width: 25%; height: 24px;\">22<\/td>\n<td style=\"width: 25%; height: 24px;\">24<\/td>\n<\/tr>\n<tr style=\"height: 24px;\">\n<td style=\"width: 25%; height: 24px;\"><strong>Medlemmar<\/strong><\/td>\n<td style=\"width: 25%; height: 24px;\">1132<\/td>\n<td style=\"width: 25%; height: 24px;\">1097<\/td>\n<td style=\"width: 25%; height: 24px;\">1052<\/td>\n<\/tr>\n<\/tbody>\n<\/table>\n<p>&nbsp;<\/p>\n<p>Medan en del av helgens diskussioner fokuserade p\u00e5 l\u00e5ngsiktiga m\u00e5l handlade andra arbetspass om att f\u00e4rdigst\u00e4lla dokument, s\u00e5 som budget och verksamhetsplan, vilka inom kort ska presenteras inf\u00f6r distriktets \u00e5rsm\u00f6te.\u00a0<\/p>\n<p>\u00c5rsm\u00f6tet genomf\u00f6rs den 25 februari med m\u00f6jlighet till fysiskt deltagande i H\u00e4rn\u00f6sand. En laddad styrelse h\u00e4lsar alla medlemsf\u00f6reningar varmt v\u00e4lkomna!<\/p>\n<p><img loading=\"lazy\" decoding=\"async\" class=\"alignnone size-full wp-image-152066\" src=\"https:\/\/www.budokampsport.se\/wp-content\/uploads\/2023\/01\/SBK_Distrikt-Nedre-Norr_logotyp_liggande.png\" alt=\"\" width=\"12530\" height=\"2369\" srcset=\"https:\/\/www.budokampsport.se\/wp-content\/uploads\/2023\/01\/SBK_Distrikt-Nedre-Norr_logotyp_liggande.png 12530w, https:\/\/www.budokampsport.se\/wp-content\/uploads\/2023\/01\/SBK_Distrikt-Nedre-Norr_logotyp_liggande-600x113.png 600w\" sizes=\"auto, (max-width: 12530px) 100vw, 12530px\" \/><\/p>\n<p>\n<strong>Mer information<\/strong><br \/>\n\u00bb <a href=\"https:\/\/www.budokampsport.se\/forbund\/distrikt\/\" target=\"_blank\" rel=\"noopener\">Distrikt<\/a><br \/>\n\u00bb <a href=\"https:\/\/www.budokampsport.se\/forbund\/arsmoten\/\" target=\"_blank\" rel=\"noopener\">\u00c5rsm\u00f6ten<\/a><\/p>\n<p>\nText: Sofia Arnbom<\/p>\n","protected":false},"excerpt":{"rendered":"<p>DISTRIKT. Styrelsen i f\u00f6rbundets distrikt Nedre Norr samlades i Sundsvall f\u00f6r en gedigen arbetshelg. Engagemanget var p\u00e5tagligt och diskussionerna livliga.<br \/><br>(Foto: Sofia Arnbom)<\/p><br>","protected":false},"author":47,"featured_media":148281,"comment_status":"closed","ping_status":"closed","sticky":false,"template":"","format":"standard","meta":{"_acf_changed":false,"footnotes":""},"categories":[419],"tags":[],"class_list":["post-148092","post","type-post","status-publish","format-standard","has-post-thumbnail","hentry","category-distrikt"],"acf":[],"yoast_head":"<!-- This site is optimized with the Yoast SEO plugin v26.8 - https:\/\/yoast.com\/product\/yoast-seo-wordpress\/ -->\n<title>Nedslag hos Nedre Norr - Svenska Budo &amp; Kampsportsf\u00f6rbundet<\/title>\n<meta name=\"description\" content=\"DISTRIKT. Styrelsen i f\u00f6rbundets distrikt Nedre Norr samlades i Sundsvall f\u00f6r en gedigen arbetshelg. Engagemanget var p\u00e5tagligt och diskussionerna livliga. (Foto: Sofia Arnbom)\" \/>\n<meta name=\"robots\" content=\"index, follow, max-snippet:-1, max-image-preview:large, max-video-preview:-1\" \/>\n<link rel=\"canonical\" href=\"https:\/\/www.budokampsport.se\/2023\/01\/30\/nedslag-hos-nedre-norr\/\" \/>\n<meta property=\"og:locale\" content=\"sv_SE\" \/>\n<meta property=\"og:type\" content=\"article\" \/>\n<meta property=\"og:title\" content=\"Nedslag hos Nedre Norr - Svenska Budo &amp; Kampsportsf\u00f6rbundet\" \/>\n<meta property=\"og:description\" content=\"DISTRIKT. Styrelsen i f\u00f6rbundets distrikt Nedre Norr samlades i Sundsvall f\u00f6r en gedigen arbetshelg. Engagemanget var p\u00e5tagligt och diskussionerna livliga. (Foto: Sofia Arnbom)\" \/>\n<meta property=\"og:url\" content=\"https:\/\/www.budokampsport.se\/2023\/01\/30\/nedslag-hos-nedre-norr\/\" \/>\n<meta property=\"og:site_name\" content=\"Svenska Budo &amp; Kampsportsf\u00f6rbundet\" \/>\n<meta property=\"article:published_time\" content=\"2023-01-30T12:36:56+00:00\" \/>\n<meta property=\"article:modified_time\" content=\"2023-04-04T08:50:57+00:00\" \/>\n<meta property=\"og:image\" content=\"https:\/\/www.budokampsport.se\/wp-content\/uploads\/2023\/01\/20230128_sdf_nedre_norr-scaled.jpg\" \/>\n\t<meta property=\"og:image:width\" content=\"2560\" \/>\n\t<meta property=\"og:image:height\" content=\"1549\" \/>\n\t<meta property=\"og:image:type\" content=\"image\/jpeg\" \/>\n<meta name=\"author\" content=\"Sofia Arnbom\" \/>\n<meta name=\"twitter:card\" content=\"summary_large_image\" \/>\n<meta name=\"twitter:label1\" content=\"Skriven av\" \/>\n\t<meta name=\"twitter:data1\" content=\"Sofia Arnbom\" \/>\n\t<meta name=\"twitter:label2\" content=\"Ber\u00e4knad l\u00e4stid\" \/>\n\t<meta name=\"twitter:data2\" content=\"2 minuter\" \/>\n<script type=\"application\/ld+json\" class=\"yoast-schema-graph\">{\"@context\":\"https:\/\/schema.org\",\"@graph\":[{\"@type\":\"Article\",\"@id\":\"https:\/\/www.budokampsport.se\/2023\/01\/30\/nedslag-hos-nedre-norr\/#article\",\"isPartOf\":{\"@id\":\"https:\/\/www.budokampsport.se\/2023\/01\/30\/nedslag-hos-nedre-norr\/\"},\"author\":{\"name\":\"Sofia Arnbom\",\"@id\":\"https:\/\/www.budokampsport.se\/#\/schema\/person\/666f754cfbc6f9a83a8c253cd24ad660\"},\"headline\":\"Nedslag hos Nedre Norr\",\"datePublished\":\"2023-01-30T12:36:56+00:00\",\"dateModified\":\"2023-04-04T08:50:57+00:00\",\"mainEntityOfPage\":{\"@id\":\"https:\/\/www.budokampsport.se\/2023\/01\/30\/nedslag-hos-nedre-norr\/\"},\"wordCount\":331,\"image\":{\"@id\":\"https:\/\/www.budokampsport.se\/2023\/01\/30\/nedslag-hos-nedre-norr\/#primaryimage\"},\"thumbnailUrl\":\"https:\/\/www.budokampsport.se\/wp-content\/uploads\/2023\/01\/20230128_sdf_nedre_norr-scaled.jpg\",\"articleSection\":[\"Distrikt\"],\"inLanguage\":\"sv-SE\"},{\"@type\":\"WebPage\",\"@id\":\"https:\/\/www.budokampsport.se\/2023\/01\/30\/nedslag-hos-nedre-norr\/\",\"url\":\"https:\/\/www.budokampsport.se\/2023\/01\/30\/nedslag-hos-nedre-norr\/\",\"name\":\"Nedslag hos Nedre Norr - Svenska Budo &amp; Kampsportsf\u00f6rbundet\",\"isPartOf\":{\"@id\":\"https:\/\/www.budokampsport.se\/#website\"},\"primaryImageOfPage\":{\"@id\":\"https:\/\/www.budokampsport.se\/2023\/01\/30\/nedslag-hos-nedre-norr\/#primaryimage\"},\"image\":{\"@id\":\"https:\/\/www.budokampsport.se\/2023\/01\/30\/nedslag-hos-nedre-norr\/#primaryimage\"},\"thumbnailUrl\":\"https:\/\/www.budokampsport.se\/wp-content\/uploads\/2023\/01\/20230128_sdf_nedre_norr-scaled.jpg\",\"datePublished\":\"2023-01-30T12:36:56+00:00\",\"dateModified\":\"2023-04-04T08:50:57+00:00\",\"author\":{\"@id\":\"https:\/\/www.budokampsport.se\/#\/schema\/person\/666f754cfbc6f9a83a8c253cd24ad660\"},\"description\":\"DISTRIKT. Styrelsen i f\u00f6rbundets distrikt Nedre Norr samlades i Sundsvall f\u00f6r en gedigen arbetshelg. Engagemanget var p\u00e5tagligt och diskussionerna livliga. (Foto: Sofia Arnbom)\",\"breadcrumb\":{\"@id\":\"https:\/\/www.budokampsport.se\/2023\/01\/30\/nedslag-hos-nedre-norr\/#breadcrumb\"},\"inLanguage\":\"sv-SE\",\"potentialAction\":[{\"@type\":\"ReadAction\",\"target\":[\"https:\/\/www.budokampsport.se\/2023\/01\/30\/nedslag-hos-nedre-norr\/\"]}]},{\"@type\":\"ImageObject\",\"inLanguage\":\"sv-SE\",\"@id\":\"https:\/\/www.budokampsport.se\/2023\/01\/30\/nedslag-hos-nedre-norr\/#primaryimage\",\"url\":\"https:\/\/www.budokampsport.se\/wp-content\/uploads\/2023\/01\/20230128_sdf_nedre_norr-scaled.jpg\",\"contentUrl\":\"https:\/\/www.budokampsport.se\/wp-content\/uploads\/2023\/01\/20230128_sdf_nedre_norr-scaled.jpg\",\"width\":2560,\"height\":1549,\"caption\":\"Styrelsen distrikt Nedre Norr vid arbetshelg januari 2023. Foto: Sofia Arnbom\"},{\"@type\":\"BreadcrumbList\",\"@id\":\"https:\/\/www.budokampsport.se\/2023\/01\/30\/nedslag-hos-nedre-norr\/#breadcrumb\",\"itemListElement\":[{\"@type\":\"ListItem\",\"position\":1,\"name\":\"Hem\",\"item\":\"https:\/\/www.budokampsport.se\/\"},{\"@type\":\"ListItem\",\"position\":2,\"name\":\"Nedslag hos Nedre Norr\"}]},{\"@type\":\"WebSite\",\"@id\":\"https:\/\/www.budokampsport.se\/#website\",\"url\":\"https:\/\/www.budokampsport.se\/\",\"name\":\"Svenska Budo &amp; Kampsportsf\u00f6rbundet\",\"description\":\"T\u00e4vling, Tr\u00e4ning, Tradition\",\"potentialAction\":[{\"@type\":\"SearchAction\",\"target\":{\"@type\":\"EntryPoint\",\"urlTemplate\":\"https:\/\/www.budokampsport.se\/?s={search_term_string}\"},\"query-input\":{\"@type\":\"PropertyValueSpecification\",\"valueRequired\":true,\"valueName\":\"search_term_string\"}}],\"inLanguage\":\"sv-SE\"},{\"@type\":\"Person\",\"@id\":\"https:\/\/www.budokampsport.se\/#\/schema\/person\/666f754cfbc6f9a83a8c253cd24ad660\",\"name\":\"Sofia Arnbom\",\"image\":{\"@type\":\"ImageObject\",\"inLanguage\":\"sv-SE\",\"@id\":\"https:\/\/www.budokampsport.se\/#\/schema\/person\/image\/\",\"url\":\"https:\/\/secure.gravatar.com\/avatar\/a69f673c99635f06ea6cb1eb10ca7e92?s=96&d=blank&r=g\",\"contentUrl\":\"https:\/\/secure.gravatar.com\/avatar\/a69f673c99635f06ea6cb1eb10ca7e92?s=96&d=blank&r=g\",\"caption\":\"Sofia Arnbom\"},\"url\":\"https:\/\/www.budokampsport.se\/author\/sofia-arnbom\/\"}]}<\/script>\n<!-- \/ Yoast SEO plugin. -->","yoast_head_json":{"title":"Nedslag hos Nedre Norr - Svenska Budo &amp; Kampsportsf\u00f6rbundet","description":"DISTRIKT. Styrelsen i f\u00f6rbundets distrikt Nedre Norr samlades i Sundsvall f\u00f6r en gedigen arbetshelg. Engagemanget var p\u00e5tagligt och diskussionerna livliga. (Foto: Sofia Arnbom)","robots":{"index":"index","follow":"follow","max-snippet":"max-snippet:-1","max-image-preview":"max-image-preview:large","max-video-preview":"max-video-preview:-1"},"canonical":"https:\/\/www.budokampsport.se\/2023\/01\/30\/nedslag-hos-nedre-norr\/","og_locale":"sv_SE","og_type":"article","og_title":"Nedslag hos Nedre Norr - Svenska Budo &amp; Kampsportsf\u00f6rbundet","og_description":"DISTRIKT. Styrelsen i f\u00f6rbundets distrikt Nedre Norr samlades i Sundsvall f\u00f6r en gedigen arbetshelg. Engagemanget var p\u00e5tagligt och diskussionerna livliga. (Foto: Sofia Arnbom)","og_url":"https:\/\/www.budokampsport.se\/2023\/01\/30\/nedslag-hos-nedre-norr\/","og_site_name":"Svenska Budo &amp; Kampsportsf\u00f6rbundet","article_published_time":"2023-01-30T12:36:56+00:00","article_modified_time":"2023-04-04T08:50:57+00:00","og_image":[{"width":2560,"height":1549,"url":"https:\/\/www.budokampsport.se\/wp-content\/uploads\/2023\/01\/20230128_sdf_nedre_norr-scaled.jpg","type":"image\/jpeg"}],"author":"Sofia Arnbom","twitter_card":"summary_large_image","twitter_misc":{"Skriven av":"Sofia Arnbom","Ber\u00e4knad l\u00e4stid":"2 minuter"},"schema":{"@context":"https:\/\/schema.org","@graph":[{"@type":"Article","@id":"https:\/\/www.budokampsport.se\/2023\/01\/30\/nedslag-hos-nedre-norr\/#article","isPartOf":{"@id":"https:\/\/www.budokampsport.se\/2023\/01\/30\/nedslag-hos-nedre-norr\/"},"author":{"name":"Sofia Arnbom","@id":"https:\/\/www.budokampsport.se\/#\/schema\/person\/666f754cfbc6f9a83a8c253cd24ad660"},"headline":"Nedslag hos Nedre Norr","datePublished":"2023-01-30T12:36:56+00:00","dateModified":"2023-04-04T08:50:57+00:00","mainEntityOfPage":{"@id":"https:\/\/www.budokampsport.se\/2023\/01\/30\/nedslag-hos-nedre-norr\/"},"wordCount":331,"image":{"@id":"https:\/\/www.budokampsport.se\/2023\/01\/30\/nedslag-hos-nedre-norr\/#primaryimage"},"thumbnailUrl":"https:\/\/www.budokampsport.se\/wp-content\/uploads\/2023\/01\/20230128_sdf_nedre_norr-scaled.jpg","articleSection":["Distrikt"],"inLanguage":"sv-SE"},{"@type":"WebPage","@id":"https:\/\/www.budokampsport.se\/2023\/01\/30\/nedslag-hos-nedre-norr\/","url":"https:\/\/www.budokampsport.se\/2023\/01\/30\/nedslag-hos-nedre-norr\/","name":"Nedslag hos Nedre Norr - Svenska Budo &amp; Kampsportsf\u00f6rbundet","isPartOf":{"@id":"https:\/\/www.budokampsport.se\/#website"},"primaryImageOfPage":{"@id":"https:\/\/www.budokampsport.se\/2023\/01\/30\/nedslag-hos-nedre-norr\/#primaryimage"},"image":{"@id":"https:\/\/www.budokampsport.se\/2023\/01\/30\/nedslag-hos-nedre-norr\/#primaryimage"},"thumbnailUrl":"https:\/\/www.budokampsport.se\/wp-content\/uploads\/2023\/01\/20230128_sdf_nedre_norr-scaled.jpg","datePublished":"2023-01-30T12:36:56+00:00","dateModified":"2023-04-04T08:50:57+00:00","author":{"@id":"https:\/\/www.budokampsport.se\/#\/schema\/person\/666f754cfbc6f9a83a8c253cd24ad660"},"description":"DISTRIKT. Styrelsen i f\u00f6rbundets distrikt Nedre Norr samlades i Sundsvall f\u00f6r en gedigen arbetshelg. Engagemanget var p\u00e5tagligt och diskussionerna livliga. (Foto: Sofia Arnbom)","breadcrumb":{"@id":"https:\/\/www.budokampsport.se\/2023\/01\/30\/nedslag-hos-nedre-norr\/#breadcrumb"},"inLanguage":"sv-SE","potentialAction":[{"@type":"ReadAction","target":["https:\/\/www.budokampsport.se\/2023\/01\/30\/nedslag-hos-nedre-norr\/"]}]},{"@type":"ImageObject","inLanguage":"sv-SE","@id":"https:\/\/www.budokampsport.se\/2023\/01\/30\/nedslag-hos-nedre-norr\/#primaryimage","url":"https:\/\/www.budokampsport.se\/wp-content\/uploads\/2023\/01\/20230128_sdf_nedre_norr-scaled.jpg","contentUrl":"https:\/\/www.budokampsport.se\/wp-content\/uploads\/2023\/01\/20230128_sdf_nedre_norr-scaled.jpg","width":2560,"height":1549,"caption":"Styrelsen distrikt Nedre Norr vid arbetshelg januari 2023. Foto: Sofia Arnbom"},{"@type":"BreadcrumbList","@id":"https:\/\/www.budokampsport.se\/2023\/01\/30\/nedslag-hos-nedre-norr\/#breadcrumb","itemListElement":[{"@type":"ListItem","position":1,"name":"Hem","item":"https:\/\/www.budokampsport.se\/"},{"@type":"ListItem","position":2,"name":"Nedslag hos Nedre Norr"}]},{"@type":"WebSite","@id":"https:\/\/www.budokampsport.se\/#website","url":"https:\/\/www.budokampsport.se\/","name":"Svenska Budo &amp; Kampsportsf\u00f6rbundet","description":"T\u00e4vling, Tr\u00e4ning, Tradition","potentialAction":[{"@type":"SearchAction","target":{"@type":"EntryPoint","urlTemplate":"https:\/\/www.budokampsport.se\/?s={search_term_string}"},"query-input":{"@type":"PropertyValueSpecification","valueRequired":true,"valueName":"search_term_string"}}],"inLanguage":"sv-SE"},{"@type":"Person","@id":"https:\/\/www.budokampsport.se\/#\/schema\/person\/666f754cfbc6f9a83a8c253cd24ad660","name":"Sofia Arnbom","image":{"@type":"ImageObject","inLanguage":"sv-SE","@id":"https:\/\/www.budokampsport.se\/#\/schema\/person\/image\/","url":"https:\/\/secure.gravatar.com\/avatar\/a69f673c99635f06ea6cb1eb10ca7e92?s=96&d=blank&r=g","contentUrl":"https:\/\/secure.gravatar.com\/avatar\/a69f673c99635f06ea6cb1eb10ca7e92?s=96&d=blank&r=g","caption":"Sofia Arnbom"},"url":"https:\/\/www.budokampsport.se\/author\/sofia-arnbom\/"}]}},"_links":{"self":[{"href":"https:\/\/www.budokampsport.se\/api\/wp\/v2\/posts\/148092","targetHints":{"allow":["GET"]}}],"collection":[{"href":"https:\/\/www.budokampsport.se\/api\/wp\/v2\/posts"}],"about":[{"href":"https:\/\/www.budokampsport.se\/api\/wp\/v2\/types\/post"}],"author":[{"embeddable":true,"href":"https:\/\/www.budokampsport.se\/api\/wp\/v2\/users\/47"}],"replies":[{"embeddable":true,"href":"https:\/\/www.budokampsport.se\/api\/wp\/v2\/comments?post=148092"}],"version-history":[{"count":0,"href":"https:\/\/www.budokampsport.se\/api\/wp\/v2\/posts\/148092\/revisions"}],"wp:featuredmedia":[{"embeddable":true,"href":"https:\/\/www.budokampsport.se\/api\/wp\/v2\/media\/148281"}],"wp:attachment":[{"href":"https:\/\/www.budokampsport.se\/api\/wp\/v2\/media?parent=148092"}],"wp:term":[{"taxonomy":"category","embeddable":true,"href":"https:\/\/www.budokampsport.se\/api\/wp\/v2\/categories?post=148092"},{"taxonomy":"post_tag","embeddable":true,"href":"https:\/\/www.budokampsport.se\/api\/wp\/v2\/tags?post=148092"}],"curies":[{"name":"wp","href":"https:\/\/api.w.org\/{rel}","templated":true}]}}