{"id":149087,"date":"2023-02-10T10:44:51","date_gmt":"2023-02-10T09:44:51","guid":{"rendered":"https:\/\/www.budokampsport.se\/?p=149087"},"modified":"2023-02-10T10:44:51","modified_gmt":"2023-02-10T09:44:51","slug":"landslagscoachen-besam-yousef-infor-vm-i-mma","status":"publish","type":"post","link":"https:\/\/www.budokampsport.se\/2023\/02\/10\/landslagscoachen-besam-yousef-infor-vm-i-mma\/","title":{"rendered":"Landslagscoachen Besam Yousef inf\u00f6r VM i MMA"},"content":{"rendered":"<p>\u00c5rets VM i MMA h\u00e5lls mellan den 11-17 februari, matcherna kommer avg\u00f6ras i Stark Arena som ligger i Belgrad. Med 520 anm\u00e4lda fighters ser eventet ut att bli IMMAF:s st\u00f6rsta n\u00e5gonsin. Landslagscoach Besam Yousef ger sin syn p\u00e5 landslagets eventuella medaljm\u00f6jligheter.<\/p>\n<p>\u2013 Majoriteten av g\u00e4nget som var med p\u00e5 <a href=\"https:\/\/www.budokampsport.se\/2022\/10\/02\/ett-guld-och-tre-brons-under-mma-em\/\" target=\"_blank\" rel=\"noopener\">EM i Italien<\/a> \u00e4r med oss h\u00e4r ocks\u00e5 tillsammans med n\u00e5gra nya. N\u00e5gra tackade nej till att forts\u00e4tta i landslaget p\u00e5 grund av de ska bli proffs och lite andra orsaker. Det ska bli intressant att \u00e5ka ner till Serbien och se vad de nya kan leverera. Vi hoppas alltid p\u00e5 medaljer s\u00e5klart. Sen, efter detta VM, s\u00e5 kommer vi ha ett SM p\u00e5 hemmaplan och d\u00e4r f\u00e5r vi se vilka som kommer f\u00e5 beh\u00e5lla sin landslagsplats eller om vi kommer f\u00e5 n\u00e5gra nya landslagsatleter, s\u00e4ger Besam Yousef till budokampsport.se<\/p>\n<h3>Landslagstruppen<\/h3>\n<p><strong>DAMER<\/p>\n<p><\/strong><\/p>\n<table style=\"border-collapse: collapse; width: 76.584%;\">\n<tbody>\n<tr>\n<td style=\"width: 33.3333%;\"><img loading=\"lazy\" decoding=\"async\" class=\"alignnone size-full wp-image-122883\" src=\"https:\/\/www.budokampsport.se\/wp-content\/uploads\/2020\/11\/sweden-flag-icon-16.png\" alt=\"Sveriges flagga\" width=\"16\" height=\"10\" \/> Astrid Vikgren<\/td>\n<td style=\"width: 20.5234%;\">52kg<\/td>\n<td style=\"width: 22.7272%;\">junior<\/td>\n<\/tr>\n<tr>\n<td style=\"width: 33.3333%;\"><img loading=\"lazy\" decoding=\"async\" class=\"alignnone size-full wp-image-122883\" src=\"https:\/\/www.budokampsport.se\/wp-content\/uploads\/2020\/11\/sweden-flag-icon-16.png\" alt=\"Sveriges flagga\" width=\"16\" height=\"10\" \/> Hanna Palmqvist<\/td>\n<td style=\"width: 20.5234%;\">57kg<\/td>\n<td style=\"width: 22.7272%;\">senior<\/td>\n<\/tr>\n<tr>\n<td style=\"width: 33.3333%;\"><img loading=\"lazy\" decoding=\"async\" class=\"alignnone size-full wp-image-122883\" src=\"https:\/\/www.budokampsport.se\/wp-content\/uploads\/2020\/11\/sweden-flag-icon-16.png\" alt=\"Sveriges flagga\" width=\"16\" height=\"10\" \/> Ellen Karlsson<\/td>\n<td style=\"width: 20.5234%;\">61kg<\/td>\n<td style=\"width: 22.7272%;\">senior<\/td>\n<\/tr>\n<tr>\n<td style=\"width: 33.3333%;\"><img loading=\"lazy\" decoding=\"async\" class=\"alignnone size-full wp-image-122883\" src=\"https:\/\/www.budokampsport.se\/wp-content\/uploads\/2020\/11\/sweden-flag-icon-16.png\" alt=\"Sveriges flagga\" width=\"16\" height=\"10\" \/> Emma Schi\u00f6ler<\/td>\n<td style=\"width: 20.5234%;\">66kg<\/td>\n<td style=\"width: 22.7272%;\">senior<\/td>\n<\/tr>\n<tr>\n<td style=\"width: 33.3333%;\"><img loading=\"lazy\" decoding=\"async\" class=\"alignnone size-full wp-image-122883\" src=\"https:\/\/www.budokampsport.se\/wp-content\/uploads\/2020\/11\/sweden-flag-icon-16.png\" alt=\"Sveriges flagga\" width=\"16\" height=\"10\" \/> Yrsa Sandin<\/td>\n<td style=\"width: 20.5234%;\">70kg<\/td>\n<td style=\"width: 22.7272%;\">senior<\/td>\n<\/tr>\n<\/tbody>\n<\/table>\n<p><strong><br \/>\nHERRAR<\/strong><\/p>\n<table style=\"border-collapse: collapse; width: 75.6198%; height: 216px;\">\n<tbody>\n<tr style=\"height: 24px;\">\n<td style=\"width: 33.3333%; height: 24px;\"><img loading=\"lazy\" decoding=\"async\" class=\"alignnone size-full wp-image-122883\" src=\"https:\/\/www.budokampsport.se\/wp-content\/uploads\/2020\/11\/sweden-flag-icon-16.png\" alt=\"Sveriges flagga\" width=\"16\" height=\"10\" \/> Arsen Tughanov<\/td>\n<td style=\"width: 20.3856%; height: 24px;\">57kg<\/td>\n<td style=\"width: 21.9008%; height: 24px;\">senior<\/td>\n<\/tr>\n<tr style=\"height: 24px;\">\n<td style=\"width: 33.3333%; height: 24px;\"><img loading=\"lazy\" decoding=\"async\" class=\"alignnone size-full wp-image-122883\" src=\"https:\/\/www.budokampsport.se\/wp-content\/uploads\/2020\/11\/sweden-flag-icon-16.png\" alt=\"Sveriges flagga\" width=\"16\" height=\"10\" \/> Ali Al Jassim<\/td>\n<td style=\"width: 20.3856%; height: 24px;\">61kg<\/td>\n<td style=\"width: 21.9008%; height: 24px;\">senior<\/td>\n<\/tr>\n<tr style=\"height: 24px;\">\n<td style=\"width: 33.3333%; height: 24px;\"><img loading=\"lazy\" decoding=\"async\" class=\"alignnone size-full wp-image-122883\" src=\"https:\/\/www.budokampsport.se\/wp-content\/uploads\/2020\/11\/sweden-flag-icon-16.png\" alt=\"Sveriges flagga\" width=\"16\" height=\"10\" \/> Raham Kafaei<\/td>\n<td style=\"width: 20.3856%; height: 24px;\">66kg<\/td>\n<td style=\"width: 21.9008%; height: 24px;\">senior<\/td>\n<\/tr>\n<tr style=\"height: 24px;\">\n<td style=\"width: 33.3333%; height: 24px;\"><img loading=\"lazy\" decoding=\"async\" class=\"alignnone size-full wp-image-122883\" src=\"https:\/\/www.budokampsport.se\/wp-content\/uploads\/2020\/11\/sweden-flag-icon-16.png\" alt=\"Sveriges flagga\" width=\"16\" height=\"10\" \/> Benjamin Hajijan<\/td>\n<td style=\"width: 20.3856%; height: 24px;\">66kg<\/td>\n<td style=\"width: 21.9008%; height: 24px;\">junior<\/td>\n<\/tr>\n<tr style=\"height: 24px;\">\n<td style=\"width: 33.3333%; height: 24px;\"><img loading=\"lazy\" decoding=\"async\" class=\"alignnone size-full wp-image-122883\" src=\"https:\/\/www.budokampsport.se\/wp-content\/uploads\/2020\/11\/sweden-flag-icon-16.png\" alt=\"Sveriges flagga\" width=\"16\" height=\"10\" \/> Aria Afrasiabi<\/td>\n<td style=\"width: 20.3856%; height: 24px;\">70kg<\/td>\n<td style=\"width: 21.9008%; height: 24px;\">senior<\/td>\n<\/tr>\n<tr style=\"height: 24px;\">\n<td style=\"width: 33.3333%; height: 24px;\"><img loading=\"lazy\" decoding=\"async\" class=\"alignnone size-full wp-image-122883\" src=\"https:\/\/www.budokampsport.se\/wp-content\/uploads\/2020\/11\/sweden-flag-icon-16.png\" alt=\"Sveriges flagga\" width=\"16\" height=\"10\" \/> Robin Kohzadi<\/td>\n<td style=\"width: 20.3856%; height: 24px;\">70kg<\/td>\n<td style=\"width: 21.9008%; height: 24px;\">junior<\/td>\n<\/tr>\n<tr style=\"height: 24px;\">\n<td style=\"width: 33.3333%; height: 24px;\"><img loading=\"lazy\" decoding=\"async\" class=\"alignnone size-full wp-image-122883\" src=\"https:\/\/www.budokampsport.se\/wp-content\/uploads\/2020\/11\/sweden-flag-icon-16.png\" alt=\"Sveriges flagga\" width=\"16\" height=\"10\" \/> Ratko Tomic<\/td>\n<td style=\"width: 20.3856%; height: 24px;\">77kg<\/td>\n<td style=\"width: 21.9008%; height: 24px;\">senior<\/td>\n<\/tr>\n<tr style=\"height: 24px;\">\n<td style=\"width: 33.3333%; height: 24px;\"><img loading=\"lazy\" decoding=\"async\" class=\"alignnone size-full wp-image-122883\" src=\"https:\/\/www.budokampsport.se\/wp-content\/uploads\/2020\/11\/sweden-flag-icon-16.png\" alt=\"Sveriges flagga\" width=\"16\" height=\"10\" \/> Rafael Kveldstad<\/td>\n<td style=\"width: 20.3856%; height: 24px;\">84 kg<\/td>\n<td style=\"width: 21.9008%; height: 24px;\">senior<\/td>\n<\/tr>\n<tr style=\"height: 24px;\">\n<td style=\"width: 33.3333%; height: 24px;\"><img loading=\"lazy\" decoding=\"async\" class=\"alignnone size-full wp-image-122883\" src=\"https:\/\/www.budokampsport.se\/wp-content\/uploads\/2020\/11\/sweden-flag-icon-16.png\" alt=\"Sveriges flagga\" width=\"16\" height=\"10\" \/> Alfred Olsson<\/td>\n<td style=\"width: 20.3856%; height: 24px;\">93kg<\/td>\n<td style=\"width: 21.9008%; height: 24px;\">senior<\/td>\n<\/tr>\n<\/tbody>\n<\/table>\n<p>&nbsp;<\/p>\n<p>L\u00e4s mer om eventet och om hur du mot en kostnad kan f\u00f6lja det live<a href=\"https:\/\/immaf.org\/championship\/2022-immaf-world-championships\/\" target=\"_blank\" rel=\"noopener\"> h\u00e4r<\/a>.<\/p>\n<p>&nbsp;<\/p>\n<p>Text: Annie Bondefelt<\/p>\n","protected":false},"excerpt":{"rendered":"<p>MMA. VM i MMA n\u00e4rmar sig med stormsteg, t\u00e4vlingen inleds imorgon i den serbiska huvudstaden Belgrad.<br \/><br>(Foto: MMA-landslaget)<\/p><br>","protected":false},"author":120,"featured_media":142133,"comment_status":"closed","ping_status":"closed","sticky":false,"template":"","format":"standard","meta":{"_acf_changed":false,"footnotes":""},"categories":[451],"tags":[],"class_list":["post-149087","post","type-post","status-publish","format-standard","has-post-thumbnail","hentry","category-elit"],"acf":[],"yoast_head":"<!-- This site is optimized with the Yoast SEO plugin v26.8 - https:\/\/yoast.com\/product\/yoast-seo-wordpress\/ -->\n<title>Landslagscoachen Besam Yousef inf\u00f6r VM i MMA - Svenska Budo &amp; Kampsportsf\u00f6rbundet<\/title>\n<meta name=\"description\" content=\"MMA. VM i MMA n\u00e4rmar sig med stormsteg, t\u00e4vlingen inleds imorgon i den serbiska huvudstaden Belgrad. (Foto: MMA-landslaget)\" \/>\n<meta name=\"robots\" content=\"index, follow, max-snippet:-1, max-image-preview:large, max-video-preview:-1\" \/>\n<link rel=\"canonical\" href=\"https:\/\/www.budokampsport.se\/2023\/02\/10\/landslagscoachen-besam-yousef-infor-vm-i-mma\/\" \/>\n<meta property=\"og:locale\" content=\"sv_SE\" \/>\n<meta property=\"og:type\" content=\"article\" \/>\n<meta property=\"og:title\" content=\"Landslagscoachen Besam Yousef inf\u00f6r VM i MMA - Svenska Budo &amp; Kampsportsf\u00f6rbundet\" \/>\n<meta property=\"og:description\" content=\"MMA. VM i MMA n\u00e4rmar sig med stormsteg, t\u00e4vlingen inleds imorgon i den serbiska huvudstaden Belgrad. (Foto: MMA-landslaget)\" \/>\n<meta property=\"og:url\" content=\"https:\/\/www.budokampsport.se\/2023\/02\/10\/landslagscoachen-besam-yousef-infor-vm-i-mma\/\" \/>\n<meta property=\"og:site_name\" content=\"Svenska Budo &amp; Kampsportsf\u00f6rbundet\" \/>\n<meta property=\"article:published_time\" content=\"2023-02-10T09:44:51+00:00\" \/>\n<meta property=\"og:image\" content=\"https:\/\/www.budokampsport.se\/wp-content\/uploads\/2022\/09\/besam.jpg\" \/>\n\t<meta property=\"og:image:width\" content=\"836\" \/>\n\t<meta property=\"og:image:height\" content=\"612\" \/>\n\t<meta property=\"og:image:type\" content=\"image\/jpeg\" \/>\n<meta name=\"author\" content=\"Annie Carriage\" \/>\n<meta name=\"twitter:card\" content=\"summary_large_image\" \/>\n<meta name=\"twitter:label1\" content=\"Skriven av\" \/>\n\t<meta name=\"twitter:data1\" content=\"Annie Carriage\" \/>\n\t<meta name=\"twitter:label2\" content=\"Ber\u00e4knad l\u00e4stid\" \/>\n\t<meta name=\"twitter:data2\" content=\"1 minut\" \/>\n<script type=\"application\/ld+json\" class=\"yoast-schema-graph\">{\"@context\":\"https:\/\/schema.org\",\"@graph\":[{\"@type\":\"Article\",\"@id\":\"https:\/\/www.budokampsport.se\/2023\/02\/10\/landslagscoachen-besam-yousef-infor-vm-i-mma\/#article\",\"isPartOf\":{\"@id\":\"https:\/\/www.budokampsport.se\/2023\/02\/10\/landslagscoachen-besam-yousef-infor-vm-i-mma\/\"},\"author\":{\"name\":\"Annie Carriage\",\"@id\":\"https:\/\/www.budokampsport.se\/#\/schema\/person\/c838cace8171f692e363fde3f38f208b\"},\"headline\":\"Landslagscoachen Besam Yousef inf\u00f6r VM i MMA\",\"datePublished\":\"2023-02-10T09:44:51+00:00\",\"mainEntityOfPage\":{\"@id\":\"https:\/\/www.budokampsport.se\/2023\/02\/10\/landslagscoachen-besam-yousef-infor-vm-i-mma\/\"},\"wordCount\":249,\"image\":{\"@id\":\"https:\/\/www.budokampsport.se\/2023\/02\/10\/landslagscoachen-besam-yousef-infor-vm-i-mma\/#primaryimage\"},\"thumbnailUrl\":\"https:\/\/www.budokampsport.se\/wp-content\/uploads\/2022\/09\/besam.jpg\",\"articleSection\":[\"Elit\"],\"inLanguage\":\"sv-SE\"},{\"@type\":\"WebPage\",\"@id\":\"https:\/\/www.budokampsport.se\/2023\/02\/10\/landslagscoachen-besam-yousef-infor-vm-i-mma\/\",\"url\":\"https:\/\/www.budokampsport.se\/2023\/02\/10\/landslagscoachen-besam-yousef-infor-vm-i-mma\/\",\"name\":\"Landslagscoachen Besam Yousef inf\u00f6r VM i MMA - Svenska Budo &amp; Kampsportsf\u00f6rbundet\",\"isPartOf\":{\"@id\":\"https:\/\/www.budokampsport.se\/#website\"},\"primaryImageOfPage\":{\"@id\":\"https:\/\/www.budokampsport.se\/2023\/02\/10\/landslagscoachen-besam-yousef-infor-vm-i-mma\/#primaryimage\"},\"image\":{\"@id\":\"https:\/\/www.budokampsport.se\/2023\/02\/10\/landslagscoachen-besam-yousef-infor-vm-i-mma\/#primaryimage\"},\"thumbnailUrl\":\"https:\/\/www.budokampsport.se\/wp-content\/uploads\/2022\/09\/besam.jpg\",\"datePublished\":\"2023-02-10T09:44:51+00:00\",\"author\":{\"@id\":\"https:\/\/www.budokampsport.se\/#\/schema\/person\/c838cace8171f692e363fde3f38f208b\"},\"description\":\"MMA. VM i MMA n\u00e4rmar sig med stormsteg, t\u00e4vlingen inleds imorgon i den serbiska huvudstaden Belgrad. (Foto: MMA-landslaget)\",\"breadcrumb\":{\"@id\":\"https:\/\/www.budokampsport.se\/2023\/02\/10\/landslagscoachen-besam-yousef-infor-vm-i-mma\/#breadcrumb\"},\"inLanguage\":\"sv-SE\",\"potentialAction\":[{\"@type\":\"ReadAction\",\"target\":[\"https:\/\/www.budokampsport.se\/2023\/02\/10\/landslagscoachen-besam-yousef-infor-vm-i-mma\/\"]}]},{\"@type\":\"ImageObject\",\"inLanguage\":\"sv-SE\",\"@id\":\"https:\/\/www.budokampsport.se\/2023\/02\/10\/landslagscoachen-besam-yousef-infor-vm-i-mma\/#primaryimage\",\"url\":\"https:\/\/www.budokampsport.se\/wp-content\/uploads\/2022\/09\/besam.jpg\",\"contentUrl\":\"https:\/\/www.budokampsport.se\/wp-content\/uploads\/2022\/09\/besam.jpg\",\"width\":836,\"height\":612},{\"@type\":\"BreadcrumbList\",\"@id\":\"https:\/\/www.budokampsport.se\/2023\/02\/10\/landslagscoachen-besam-yousef-infor-vm-i-mma\/#breadcrumb\",\"itemListElement\":[{\"@type\":\"ListItem\",\"position\":1,\"name\":\"Hem\",\"item\":\"https:\/\/www.budokampsport.se\/\"},{\"@type\":\"ListItem\",\"position\":2,\"name\":\"Landslagscoachen Besam Yousef inf\u00f6r VM i MMA\"}]},{\"@type\":\"WebSite\",\"@id\":\"https:\/\/www.budokampsport.se\/#website\",\"url\":\"https:\/\/www.budokampsport.se\/\",\"name\":\"Svenska Budo &amp; Kampsportsf\u00f6rbundet\",\"description\":\"T\u00e4vling, Tr\u00e4ning, Tradition\",\"potentialAction\":[{\"@type\":\"SearchAction\",\"target\":{\"@type\":\"EntryPoint\",\"urlTemplate\":\"https:\/\/www.budokampsport.se\/?s={search_term_string}\"},\"query-input\":{\"@type\":\"PropertyValueSpecification\",\"valueRequired\":true,\"valueName\":\"search_term_string\"}}],\"inLanguage\":\"sv-SE\"},{\"@type\":\"Person\",\"@id\":\"https:\/\/www.budokampsport.se\/#\/schema\/person\/c838cace8171f692e363fde3f38f208b\",\"name\":\"Annie Carriage\",\"image\":{\"@type\":\"ImageObject\",\"inLanguage\":\"sv-SE\",\"@id\":\"https:\/\/www.budokampsport.se\/#\/schema\/person\/image\/\",\"url\":\"https:\/\/secure.gravatar.com\/avatar\/9311295560bdfbdf78365a26f7df1876?s=96&d=blank&r=g\",\"contentUrl\":\"https:\/\/secure.gravatar.com\/avatar\/9311295560bdfbdf78365a26f7df1876?s=96&d=blank&r=g\",\"caption\":\"Annie Carriage\"},\"url\":\"https:\/\/www.budokampsport.se\/author\/annie-bondefelt\/\"}]}<\/script>\n<!-- \/ Yoast SEO plugin. -->","yoast_head_json":{"title":"Landslagscoachen Besam Yousef inf\u00f6r VM i MMA - Svenska Budo &amp; Kampsportsf\u00f6rbundet","description":"MMA. VM i MMA n\u00e4rmar sig med stormsteg, t\u00e4vlingen inleds imorgon i den serbiska huvudstaden Belgrad. (Foto: MMA-landslaget)","robots":{"index":"index","follow":"follow","max-snippet":"max-snippet:-1","max-image-preview":"max-image-preview:large","max-video-preview":"max-video-preview:-1"},"canonical":"https:\/\/www.budokampsport.se\/2023\/02\/10\/landslagscoachen-besam-yousef-infor-vm-i-mma\/","og_locale":"sv_SE","og_type":"article","og_title":"Landslagscoachen Besam Yousef inf\u00f6r VM i MMA - Svenska Budo &amp; Kampsportsf\u00f6rbundet","og_description":"MMA. VM i MMA n\u00e4rmar sig med stormsteg, t\u00e4vlingen inleds imorgon i den serbiska huvudstaden Belgrad. (Foto: MMA-landslaget)","og_url":"https:\/\/www.budokampsport.se\/2023\/02\/10\/landslagscoachen-besam-yousef-infor-vm-i-mma\/","og_site_name":"Svenska Budo &amp; Kampsportsf\u00f6rbundet","article_published_time":"2023-02-10T09:44:51+00:00","og_image":[{"width":836,"height":612,"url":"https:\/\/www.budokampsport.se\/wp-content\/uploads\/2022\/09\/besam.jpg","type":"image\/jpeg"}],"author":"Annie Carriage","twitter_card":"summary_large_image","twitter_misc":{"Skriven av":"Annie Carriage","Ber\u00e4knad l\u00e4stid":"1 minut"},"schema":{"@context":"https:\/\/schema.org","@graph":[{"@type":"Article","@id":"https:\/\/www.budokampsport.se\/2023\/02\/10\/landslagscoachen-besam-yousef-infor-vm-i-mma\/#article","isPartOf":{"@id":"https:\/\/www.budokampsport.se\/2023\/02\/10\/landslagscoachen-besam-yousef-infor-vm-i-mma\/"},"author":{"name":"Annie Carriage","@id":"https:\/\/www.budokampsport.se\/#\/schema\/person\/c838cace8171f692e363fde3f38f208b"},"headline":"Landslagscoachen Besam Yousef inf\u00f6r VM i MMA","datePublished":"2023-02-10T09:44:51+00:00","mainEntityOfPage":{"@id":"https:\/\/www.budokampsport.se\/2023\/02\/10\/landslagscoachen-besam-yousef-infor-vm-i-mma\/"},"wordCount":249,"image":{"@id":"https:\/\/www.budokampsport.se\/2023\/02\/10\/landslagscoachen-besam-yousef-infor-vm-i-mma\/#primaryimage"},"thumbnailUrl":"https:\/\/www.budokampsport.se\/wp-content\/uploads\/2022\/09\/besam.jpg","articleSection":["Elit"],"inLanguage":"sv-SE"},{"@type":"WebPage","@id":"https:\/\/www.budokampsport.se\/2023\/02\/10\/landslagscoachen-besam-yousef-infor-vm-i-mma\/","url":"https:\/\/www.budokampsport.se\/2023\/02\/10\/landslagscoachen-besam-yousef-infor-vm-i-mma\/","name":"Landslagscoachen Besam Yousef inf\u00f6r VM i MMA - Svenska Budo &amp; Kampsportsf\u00f6rbundet","isPartOf":{"@id":"https:\/\/www.budokampsport.se\/#website"},"primaryImageOfPage":{"@id":"https:\/\/www.budokampsport.se\/2023\/02\/10\/landslagscoachen-besam-yousef-infor-vm-i-mma\/#primaryimage"},"image":{"@id":"https:\/\/www.budokampsport.se\/2023\/02\/10\/landslagscoachen-besam-yousef-infor-vm-i-mma\/#primaryimage"},"thumbnailUrl":"https:\/\/www.budokampsport.se\/wp-content\/uploads\/2022\/09\/besam.jpg","datePublished":"2023-02-10T09:44:51+00:00","author":{"@id":"https:\/\/www.budokampsport.se\/#\/schema\/person\/c838cace8171f692e363fde3f38f208b"},"description":"MMA. VM i MMA n\u00e4rmar sig med stormsteg, t\u00e4vlingen inleds imorgon i den serbiska huvudstaden Belgrad. (Foto: MMA-landslaget)","breadcrumb":{"@id":"https:\/\/www.budokampsport.se\/2023\/02\/10\/landslagscoachen-besam-yousef-infor-vm-i-mma\/#breadcrumb"},"inLanguage":"sv-SE","potentialAction":[{"@type":"ReadAction","target":["https:\/\/www.budokampsport.se\/2023\/02\/10\/landslagscoachen-besam-yousef-infor-vm-i-mma\/"]}]},{"@type":"ImageObject","inLanguage":"sv-SE","@id":"https:\/\/www.budokampsport.se\/2023\/02\/10\/landslagscoachen-besam-yousef-infor-vm-i-mma\/#primaryimage","url":"https:\/\/www.budokampsport.se\/wp-content\/uploads\/2022\/09\/besam.jpg","contentUrl":"https:\/\/www.budokampsport.se\/wp-content\/uploads\/2022\/09\/besam.jpg","width":836,"height":612},{"@type":"BreadcrumbList","@id":"https:\/\/www.budokampsport.se\/2023\/02\/10\/landslagscoachen-besam-yousef-infor-vm-i-mma\/#breadcrumb","itemListElement":[{"@type":"ListItem","position":1,"name":"Hem","item":"https:\/\/www.budokampsport.se\/"},{"@type":"ListItem","position":2,"name":"Landslagscoachen Besam Yousef inf\u00f6r VM i MMA"}]},{"@type":"WebSite","@id":"https:\/\/www.budokampsport.se\/#website","url":"https:\/\/www.budokampsport.se\/","name":"Svenska Budo &amp; Kampsportsf\u00f6rbundet","description":"T\u00e4vling, Tr\u00e4ning, Tradition","potentialAction":[{"@type":"SearchAction","target":{"@type":"EntryPoint","urlTemplate":"https:\/\/www.budokampsport.se\/?s={search_term_string}"},"query-input":{"@type":"PropertyValueSpecification","valueRequired":true,"valueName":"search_term_string"}}],"inLanguage":"sv-SE"},{"@type":"Person","@id":"https:\/\/www.budokampsport.se\/#\/schema\/person\/c838cace8171f692e363fde3f38f208b","name":"Annie Carriage","image":{"@type":"ImageObject","inLanguage":"sv-SE","@id":"https:\/\/www.budokampsport.se\/#\/schema\/person\/image\/","url":"https:\/\/secure.gravatar.com\/avatar\/9311295560bdfbdf78365a26f7df1876?s=96&d=blank&r=g","contentUrl":"https:\/\/secure.gravatar.com\/avatar\/9311295560bdfbdf78365a26f7df1876?s=96&d=blank&r=g","caption":"Annie Carriage"},"url":"https:\/\/www.budokampsport.se\/author\/annie-bondefelt\/"}]}},"_links":{"self":[{"href":"https:\/\/www.budokampsport.se\/api\/wp\/v2\/posts\/149087","targetHints":{"allow":["GET"]}}],"collection":[{"href":"https:\/\/www.budokampsport.se\/api\/wp\/v2\/posts"}],"about":[{"href":"https:\/\/www.budokampsport.se\/api\/wp\/v2\/types\/post"}],"author":[{"embeddable":true,"href":"https:\/\/www.budokampsport.se\/api\/wp\/v2\/users\/120"}],"replies":[{"embeddable":true,"href":"https:\/\/www.budokampsport.se\/api\/wp\/v2\/comments?post=149087"}],"version-history":[{"count":0,"href":"https:\/\/www.budokampsport.se\/api\/wp\/v2\/posts\/149087\/revisions"}],"wp:featuredmedia":[{"embeddable":true,"href":"https:\/\/www.budokampsport.se\/api\/wp\/v2\/media\/142133"}],"wp:attachment":[{"href":"https:\/\/www.budokampsport.se\/api\/wp\/v2\/media?parent=149087"}],"wp:term":[{"taxonomy":"category","embeddable":true,"href":"https:\/\/www.budokampsport.se\/api\/wp\/v2\/categories?post=149087"},{"taxonomy":"post_tag","embeddable":true,"href":"https:\/\/www.budokampsport.se\/api\/wp\/v2\/tags?post=149087"}],"curies":[{"name":"wp","href":"https:\/\/api.w.org\/{rel}","templated":true}]}}