{"id":151062,"date":"2023-03-14T13:49:10","date_gmt":"2023-03-14T12:49:10","guid":{"rendered":"https:\/\/www.budokampsport.se\/?p=151062"},"modified":"2023-03-14T13:49:10","modified_gmt":"2023-03-14T12:49:10","slug":"tva-finalister-i-arets-eldsjal","status":"publish","type":"post","link":"https:\/\/www.budokampsport.se\/2023\/03\/14\/tva-finalister-i-arets-eldsjal\/","title":{"rendered":"Tv\u00e5 finalister i \u00c5rets Eldsj\u00e4l"},"content":{"rendered":"<p><a href=\"https:\/\/www.folkspel.se\/aretseldsjal\/om-arets-eldsjal\/\" target=\"_blank\" rel=\"noopener\">\u00c5rets Eldsj\u00e4l<\/a> \u00e4r ett initiativ som drivs av Folkspel, ett tillf\u00e4lle skapat f\u00f6r att lyfta fram de inom f\u00f6reningslivet som har gjort n\u00e5got ut\u00f6ver det vanliga.\u00a0 \u00c5rets omr\u00f6stning \u00e4r uppdelad i fyra kategorier. Inkludering, h\u00e4lsa, ledare och f\u00f6rening. SB&amp;K \u00e4r glada och stolta \u00f6ver att detta \u00e5r ha tv\u00e5 finalister, <a href=\"https:\/\/www.folkspel.se\/aretseldsjal\/finalister-halsa\/finalist-3\/\" target=\"_blank\" rel=\"noopener\">Bodil Frick<\/a> i kategorin H\u00e4lsa och HEMA-f\u00f6reningen, <a href=\"https:\/\/www.folkspel.se\/aretseldsjal\/finalister-idrottsforening\/finalist-1\/\" target=\"_blank\" rel=\"noopener\">Malm\u00f6 Historiska F\u00e4ktskola<\/a>, i kategorin \u00c5rets f\u00f6rening.<\/p>\n<p>Finalen kommer ske under en direkts\u00e4nd gala p\u00e5 Cirkus i Stockholm den 15 maj. R\u00f6stningen avslutas den 30 april klockan 15:00.<\/p>\n<p>L\u00e4s mer om SB&amp;K:s finalister och deras arbete.<br \/>\n<a href=\"https:\/\/www.folkspel.se\/aretseldsjal\/finalister-halsa\/finalist-3\/\" target=\"_blank\" rel=\"noopener\">Bodil Frick<\/a><br \/>\n<a href=\"https:\/\/www.folkspel.se\/aretseldsjal\/finalister-idrottsforening\/finalist-1\/\" target=\"_blank\" rel=\"noopener\">Malm\u00f6 Historiska F\u00e4ktskola<\/a><\/p>\n<p>Text: Annie Bondefelt<\/p>\n","protected":false},"excerpt":{"rendered":"<p>KAMPSPORT. I \u00e5r har SB&#038;K tv\u00e5 finalister i omr\u00f6stningen av \u00c5rets Eldsj\u00e4l, Bodil Frick och Malm\u00f6 Historiska F\u00e4ktskola. <\/p><br>","protected":false},"author":120,"featured_media":151064,"comment_status":"closed","ping_status":"closed","sticky":false,"template":"","format":"standard","meta":{"_acf_changed":false,"footnotes":""},"categories":[481],"tags":[],"class_list":["post-151062","post","type-post","status-publish","format-standard","has-post-thumbnail","hentry","category-forening"],"acf":[],"yoast_head":"<!-- This site is optimized with the Yoast SEO plugin v26.8 - https:\/\/yoast.com\/product\/yoast-seo-wordpress\/ -->\n<title>Tv\u00e5 finalister i \u00c5rets Eldsj\u00e4l - Svenska Budo &amp; Kampsportsf\u00f6rbundet<\/title>\n<meta name=\"description\" content=\"KAMPSPORT. I \u00e5r har SB&amp;K tv\u00e5 finalister i omr\u00f6stningen av \u00c5rets Eldsj\u00e4l, Bodil Frick och Malm\u00f6 Historiska F\u00e4ktskola.\" \/>\n<meta name=\"robots\" content=\"index, follow, max-snippet:-1, max-image-preview:large, max-video-preview:-1\" \/>\n<link rel=\"canonical\" href=\"https:\/\/www.budokampsport.se\/2023\/03\/14\/tva-finalister-i-arets-eldsjal\/\" \/>\n<meta property=\"og:locale\" content=\"sv_SE\" \/>\n<meta property=\"og:type\" content=\"article\" \/>\n<meta property=\"og:title\" content=\"Tv\u00e5 finalister i \u00c5rets Eldsj\u00e4l - Svenska Budo &amp; Kampsportsf\u00f6rbundet\" \/>\n<meta property=\"og:description\" content=\"KAMPSPORT. I \u00e5r har SB&amp;K tv\u00e5 finalister i omr\u00f6stningen av \u00c5rets Eldsj\u00e4l, Bodil Frick och Malm\u00f6 Historiska F\u00e4ktskola.\" \/>\n<meta property=\"og:url\" content=\"https:\/\/www.budokampsport.se\/2023\/03\/14\/tva-finalister-i-arets-eldsjal\/\" \/>\n<meta property=\"og:site_name\" content=\"Svenska Budo &amp; Kampsportsf\u00f6rbundet\" \/>\n<meta property=\"article:published_time\" content=\"2023-03-14T12:49:10+00:00\" \/>\n<meta property=\"og:image\" content=\"https:\/\/www.budokampsport.se\/wp-content\/uploads\/2023\/03\/334389816_594324969376512_6915141158777105019_n.jpg\" \/>\n\t<meta property=\"og:image:width\" content=\"850\" \/>\n\t<meta property=\"og:image:height\" content=\"452\" \/>\n\t<meta property=\"og:image:type\" content=\"image\/jpeg\" \/>\n<meta name=\"author\" content=\"Annie Carriage\" \/>\n<meta name=\"twitter:card\" content=\"summary_large_image\" \/>\n<meta name=\"twitter:label1\" content=\"Skriven av\" \/>\n\t<meta name=\"twitter:data1\" content=\"Annie Carriage\" \/>\n\t<meta name=\"twitter:label2\" content=\"Ber\u00e4knad l\u00e4stid\" \/>\n\t<meta name=\"twitter:data2\" content=\"1 minut\" \/>\n<script type=\"application\/ld+json\" class=\"yoast-schema-graph\">{\"@context\":\"https:\/\/schema.org\",\"@graph\":[{\"@type\":\"Article\",\"@id\":\"https:\/\/www.budokampsport.se\/2023\/03\/14\/tva-finalister-i-arets-eldsjal\/#article\",\"isPartOf\":{\"@id\":\"https:\/\/www.budokampsport.se\/2023\/03\/14\/tva-finalister-i-arets-eldsjal\/\"},\"author\":{\"name\":\"Annie Carriage\",\"@id\":\"https:\/\/www.budokampsport.se\/#\/schema\/person\/c838cace8171f692e363fde3f38f208b\"},\"headline\":\"Tv\u00e5 finalister i \u00c5rets Eldsj\u00e4l\",\"datePublished\":\"2023-03-14T12:49:10+00:00\",\"mainEntityOfPage\":{\"@id\":\"https:\/\/www.budokampsport.se\/2023\/03\/14\/tva-finalister-i-arets-eldsjal\/\"},\"wordCount\":126,\"image\":{\"@id\":\"https:\/\/www.budokampsport.se\/2023\/03\/14\/tva-finalister-i-arets-eldsjal\/#primaryimage\"},\"thumbnailUrl\":\"https:\/\/www.budokampsport.se\/wp-content\/uploads\/2023\/03\/334389816_594324969376512_6915141158777105019_n.jpg\",\"articleSection\":[\"F\u00f6rening\"],\"inLanguage\":\"sv-SE\"},{\"@type\":\"WebPage\",\"@id\":\"https:\/\/www.budokampsport.se\/2023\/03\/14\/tva-finalister-i-arets-eldsjal\/\",\"url\":\"https:\/\/www.budokampsport.se\/2023\/03\/14\/tva-finalister-i-arets-eldsjal\/\",\"name\":\"Tv\u00e5 finalister i \u00c5rets Eldsj\u00e4l - Svenska Budo &amp; Kampsportsf\u00f6rbundet\",\"isPartOf\":{\"@id\":\"https:\/\/www.budokampsport.se\/#website\"},\"primaryImageOfPage\":{\"@id\":\"https:\/\/www.budokampsport.se\/2023\/03\/14\/tva-finalister-i-arets-eldsjal\/#primaryimage\"},\"image\":{\"@id\":\"https:\/\/www.budokampsport.se\/2023\/03\/14\/tva-finalister-i-arets-eldsjal\/#primaryimage\"},\"thumbnailUrl\":\"https:\/\/www.budokampsport.se\/wp-content\/uploads\/2023\/03\/334389816_594324969376512_6915141158777105019_n.jpg\",\"datePublished\":\"2023-03-14T12:49:10+00:00\",\"author\":{\"@id\":\"https:\/\/www.budokampsport.se\/#\/schema\/person\/c838cace8171f692e363fde3f38f208b\"},\"description\":\"KAMPSPORT. I \u00e5r har SB&K tv\u00e5 finalister i omr\u00f6stningen av \u00c5rets Eldsj\u00e4l, Bodil Frick och Malm\u00f6 Historiska F\u00e4ktskola.\",\"breadcrumb\":{\"@id\":\"https:\/\/www.budokampsport.se\/2023\/03\/14\/tva-finalister-i-arets-eldsjal\/#breadcrumb\"},\"inLanguage\":\"sv-SE\",\"potentialAction\":[{\"@type\":\"ReadAction\",\"target\":[\"https:\/\/www.budokampsport.se\/2023\/03\/14\/tva-finalister-i-arets-eldsjal\/\"]}]},{\"@type\":\"ImageObject\",\"inLanguage\":\"sv-SE\",\"@id\":\"https:\/\/www.budokampsport.se\/2023\/03\/14\/tva-finalister-i-arets-eldsjal\/#primaryimage\",\"url\":\"https:\/\/www.budokampsport.se\/wp-content\/uploads\/2023\/03\/334389816_594324969376512_6915141158777105019_n.jpg\",\"contentUrl\":\"https:\/\/www.budokampsport.se\/wp-content\/uploads\/2023\/03\/334389816_594324969376512_6915141158777105019_n.jpg\",\"width\":850,\"height\":452,\"caption\":\"eldsj\u00e4l\"},{\"@type\":\"BreadcrumbList\",\"@id\":\"https:\/\/www.budokampsport.se\/2023\/03\/14\/tva-finalister-i-arets-eldsjal\/#breadcrumb\",\"itemListElement\":[{\"@type\":\"ListItem\",\"position\":1,\"name\":\"Hem\",\"item\":\"https:\/\/www.budokampsport.se\/\"},{\"@type\":\"ListItem\",\"position\":2,\"name\":\"Tv\u00e5 finalister i \u00c5rets Eldsj\u00e4l\"}]},{\"@type\":\"WebSite\",\"@id\":\"https:\/\/www.budokampsport.se\/#website\",\"url\":\"https:\/\/www.budokampsport.se\/\",\"name\":\"Svenska Budo &amp; Kampsportsf\u00f6rbundet\",\"description\":\"T\u00e4vling, Tr\u00e4ning, Tradition\",\"potentialAction\":[{\"@type\":\"SearchAction\",\"target\":{\"@type\":\"EntryPoint\",\"urlTemplate\":\"https:\/\/www.budokampsport.se\/?s={search_term_string}\"},\"query-input\":{\"@type\":\"PropertyValueSpecification\",\"valueRequired\":true,\"valueName\":\"search_term_string\"}}],\"inLanguage\":\"sv-SE\"},{\"@type\":\"Person\",\"@id\":\"https:\/\/www.budokampsport.se\/#\/schema\/person\/c838cace8171f692e363fde3f38f208b\",\"name\":\"Annie Carriage\",\"image\":{\"@type\":\"ImageObject\",\"inLanguage\":\"sv-SE\",\"@id\":\"https:\/\/www.budokampsport.se\/#\/schema\/person\/image\/\",\"url\":\"https:\/\/secure.gravatar.com\/avatar\/9311295560bdfbdf78365a26f7df1876?s=96&d=blank&r=g\",\"contentUrl\":\"https:\/\/secure.gravatar.com\/avatar\/9311295560bdfbdf78365a26f7df1876?s=96&d=blank&r=g\",\"caption\":\"Annie Carriage\"},\"url\":\"https:\/\/www.budokampsport.se\/author\/annie-bondefelt\/\"}]}<\/script>\n<!-- \/ Yoast SEO plugin. -->","yoast_head_json":{"title":"Tv\u00e5 finalister i \u00c5rets Eldsj\u00e4l - Svenska Budo &amp; Kampsportsf\u00f6rbundet","description":"KAMPSPORT. I \u00e5r har SB&K tv\u00e5 finalister i omr\u00f6stningen av \u00c5rets Eldsj\u00e4l, Bodil Frick och Malm\u00f6 Historiska F\u00e4ktskola.","robots":{"index":"index","follow":"follow","max-snippet":"max-snippet:-1","max-image-preview":"max-image-preview:large","max-video-preview":"max-video-preview:-1"},"canonical":"https:\/\/www.budokampsport.se\/2023\/03\/14\/tva-finalister-i-arets-eldsjal\/","og_locale":"sv_SE","og_type":"article","og_title":"Tv\u00e5 finalister i \u00c5rets Eldsj\u00e4l - Svenska Budo &amp; Kampsportsf\u00f6rbundet","og_description":"KAMPSPORT. I \u00e5r har SB&K tv\u00e5 finalister i omr\u00f6stningen av \u00c5rets Eldsj\u00e4l, Bodil Frick och Malm\u00f6 Historiska F\u00e4ktskola.","og_url":"https:\/\/www.budokampsport.se\/2023\/03\/14\/tva-finalister-i-arets-eldsjal\/","og_site_name":"Svenska Budo &amp; Kampsportsf\u00f6rbundet","article_published_time":"2023-03-14T12:49:10+00:00","og_image":[{"width":850,"height":452,"url":"https:\/\/www.budokampsport.se\/wp-content\/uploads\/2023\/03\/334389816_594324969376512_6915141158777105019_n.jpg","type":"image\/jpeg"}],"author":"Annie Carriage","twitter_card":"summary_large_image","twitter_misc":{"Skriven av":"Annie Carriage","Ber\u00e4knad l\u00e4stid":"1 minut"},"schema":{"@context":"https:\/\/schema.org","@graph":[{"@type":"Article","@id":"https:\/\/www.budokampsport.se\/2023\/03\/14\/tva-finalister-i-arets-eldsjal\/#article","isPartOf":{"@id":"https:\/\/www.budokampsport.se\/2023\/03\/14\/tva-finalister-i-arets-eldsjal\/"},"author":{"name":"Annie Carriage","@id":"https:\/\/www.budokampsport.se\/#\/schema\/person\/c838cace8171f692e363fde3f38f208b"},"headline":"Tv\u00e5 finalister i \u00c5rets Eldsj\u00e4l","datePublished":"2023-03-14T12:49:10+00:00","mainEntityOfPage":{"@id":"https:\/\/www.budokampsport.se\/2023\/03\/14\/tva-finalister-i-arets-eldsjal\/"},"wordCount":126,"image":{"@id":"https:\/\/www.budokampsport.se\/2023\/03\/14\/tva-finalister-i-arets-eldsjal\/#primaryimage"},"thumbnailUrl":"https:\/\/www.budokampsport.se\/wp-content\/uploads\/2023\/03\/334389816_594324969376512_6915141158777105019_n.jpg","articleSection":["F\u00f6rening"],"inLanguage":"sv-SE"},{"@type":"WebPage","@id":"https:\/\/www.budokampsport.se\/2023\/03\/14\/tva-finalister-i-arets-eldsjal\/","url":"https:\/\/www.budokampsport.se\/2023\/03\/14\/tva-finalister-i-arets-eldsjal\/","name":"Tv\u00e5 finalister i \u00c5rets Eldsj\u00e4l - Svenska Budo &amp; Kampsportsf\u00f6rbundet","isPartOf":{"@id":"https:\/\/www.budokampsport.se\/#website"},"primaryImageOfPage":{"@id":"https:\/\/www.budokampsport.se\/2023\/03\/14\/tva-finalister-i-arets-eldsjal\/#primaryimage"},"image":{"@id":"https:\/\/www.budokampsport.se\/2023\/03\/14\/tva-finalister-i-arets-eldsjal\/#primaryimage"},"thumbnailUrl":"https:\/\/www.budokampsport.se\/wp-content\/uploads\/2023\/03\/334389816_594324969376512_6915141158777105019_n.jpg","datePublished":"2023-03-14T12:49:10+00:00","author":{"@id":"https:\/\/www.budokampsport.se\/#\/schema\/person\/c838cace8171f692e363fde3f38f208b"},"description":"KAMPSPORT. I \u00e5r har SB&K tv\u00e5 finalister i omr\u00f6stningen av \u00c5rets Eldsj\u00e4l, Bodil Frick och Malm\u00f6 Historiska F\u00e4ktskola.","breadcrumb":{"@id":"https:\/\/www.budokampsport.se\/2023\/03\/14\/tva-finalister-i-arets-eldsjal\/#breadcrumb"},"inLanguage":"sv-SE","potentialAction":[{"@type":"ReadAction","target":["https:\/\/www.budokampsport.se\/2023\/03\/14\/tva-finalister-i-arets-eldsjal\/"]}]},{"@type":"ImageObject","inLanguage":"sv-SE","@id":"https:\/\/www.budokampsport.se\/2023\/03\/14\/tva-finalister-i-arets-eldsjal\/#primaryimage","url":"https:\/\/www.budokampsport.se\/wp-content\/uploads\/2023\/03\/334389816_594324969376512_6915141158777105019_n.jpg","contentUrl":"https:\/\/www.budokampsport.se\/wp-content\/uploads\/2023\/03\/334389816_594324969376512_6915141158777105019_n.jpg","width":850,"height":452,"caption":"eldsj\u00e4l"},{"@type":"BreadcrumbList","@id":"https:\/\/www.budokampsport.se\/2023\/03\/14\/tva-finalister-i-arets-eldsjal\/#breadcrumb","itemListElement":[{"@type":"ListItem","position":1,"name":"Hem","item":"https:\/\/www.budokampsport.se\/"},{"@type":"ListItem","position":2,"name":"Tv\u00e5 finalister i \u00c5rets Eldsj\u00e4l"}]},{"@type":"WebSite","@id":"https:\/\/www.budokampsport.se\/#website","url":"https:\/\/www.budokampsport.se\/","name":"Svenska Budo &amp; Kampsportsf\u00f6rbundet","description":"T\u00e4vling, Tr\u00e4ning, Tradition","potentialAction":[{"@type":"SearchAction","target":{"@type":"EntryPoint","urlTemplate":"https:\/\/www.budokampsport.se\/?s={search_term_string}"},"query-input":{"@type":"PropertyValueSpecification","valueRequired":true,"valueName":"search_term_string"}}],"inLanguage":"sv-SE"},{"@type":"Person","@id":"https:\/\/www.budokampsport.se\/#\/schema\/person\/c838cace8171f692e363fde3f38f208b","name":"Annie Carriage","image":{"@type":"ImageObject","inLanguage":"sv-SE","@id":"https:\/\/www.budokampsport.se\/#\/schema\/person\/image\/","url":"https:\/\/secure.gravatar.com\/avatar\/9311295560bdfbdf78365a26f7df1876?s=96&d=blank&r=g","contentUrl":"https:\/\/secure.gravatar.com\/avatar\/9311295560bdfbdf78365a26f7df1876?s=96&d=blank&r=g","caption":"Annie Carriage"},"url":"https:\/\/www.budokampsport.se\/author\/annie-bondefelt\/"}]}},"_links":{"self":[{"href":"https:\/\/www.budokampsport.se\/api\/wp\/v2\/posts\/151062","targetHints":{"allow":["GET"]}}],"collection":[{"href":"https:\/\/www.budokampsport.se\/api\/wp\/v2\/posts"}],"about":[{"href":"https:\/\/www.budokampsport.se\/api\/wp\/v2\/types\/post"}],"author":[{"embeddable":true,"href":"https:\/\/www.budokampsport.se\/api\/wp\/v2\/users\/120"}],"replies":[{"embeddable":true,"href":"https:\/\/www.budokampsport.se\/api\/wp\/v2\/comments?post=151062"}],"version-history":[{"count":0,"href":"https:\/\/www.budokampsport.se\/api\/wp\/v2\/posts\/151062\/revisions"}],"wp:featuredmedia":[{"embeddable":true,"href":"https:\/\/www.budokampsport.se\/api\/wp\/v2\/media\/151064"}],"wp:attachment":[{"href":"https:\/\/www.budokampsport.se\/api\/wp\/v2\/media?parent=151062"}],"wp:term":[{"taxonomy":"category","embeddable":true,"href":"https:\/\/www.budokampsport.se\/api\/wp\/v2\/categories?post=151062"},{"taxonomy":"post_tag","embeddable":true,"href":"https:\/\/www.budokampsport.se\/api\/wp\/v2\/tags?post=151062"}],"curies":[{"name":"wp","href":"https:\/\/api.w.org\/{rel}","templated":true}]}}