{"id":151689,"date":"2023-03-28T08:34:54","date_gmt":"2023-03-28T06:34:54","guid":{"rendered":"https:\/\/www.budokampsport.se\/?p=151689"},"modified":"2023-03-31T08:23:43","modified_gmt":"2023-03-31T06:23:43","slug":"sista-paminnelsen-betalning-av-medlemsavgiften-2023","status":"publish","type":"post","link":"https:\/\/www.budokampsport.se\/2023\/03\/28\/sista-paminnelsen-betalning-av-medlemsavgiften-2023\/","title":{"rendered":"Sista p\u00e5minnelsen &#8211; betalning av medlemsavgiften 2023"},"content":{"rendered":"<p>Rapporteringen av f\u00f6reningarnas medlemmar sker digitalt, vilket vi har <a href=\"https:\/\/www.budokampsport.se\/2022\/11\/15\/snart-oppnar-medlemsrapporteringen-for-2023\/\" target=\"_blank\" rel=\"noopener noreferrer\">ber\u00e4ttat om tidigare<\/a>.<\/p>\n<p>Rapporteringsl\u00e4nk skickades den 14 december 2022 till den mailadress som f\u00f6reningen har uppgett i <a href=\"https:\/\/www.budokampsport.se\/klubbar\/\" target=\"_blank\" rel=\"noopener noreferrer\">Klubbregistret<\/a>.\u00a0Instruktioner kring rapporteringen finns i <a href=\"https:\/\/www.budokampsport.se\/forening\/medlemsrapport\/\" target=\"_blank\" rel=\"noopener noreferrer\">den h\u00e4r artikeln<\/a>.<\/p>\n<p>Flera p\u00e5minnelser har skickats ut till de f\u00f6reningar som ej har fullf\u00f6ljt sina f\u00f6rpliktelser. Ig\u00e5r skickades den sista p\u00e5minnelsen ut.<\/p>\n<p>D\u00e5 f\u00f6rbundet beh\u00f6ver h\u00e5lla sina register aktuella kommer f\u00f6reningar som varken har betalat eller kontaktat SB&amp;K att vara f\u00f6rem\u00e5l f\u00f6r uteslutning ur f\u00f6rbundet. Detta enligt normalt f\u00f6rfarande.<\/p>\n<p>Fr\u00e5gor g\u00e4llande detta kan st\u00e4llas till <a href=\"mailto:info@budo.se\">info@budo.se<\/a>.<\/p>\n<hr \/>\n<p><strong>Kansliet<\/strong><br \/>\n<strong>Svenska Budo &amp; Kampsportsf\u00f6rbundet<\/strong><\/p>\n","protected":false},"excerpt":{"rendered":"<p>SB&#038;K. Senast den 31 januari skulle Svenska Budo &#038; Kampsportsf\u00f6rbundets medlemsf\u00f6reningar ha rapporterat antalet medlemmar och betalat medlemsavgift f\u00f6r 2023. De f\u00f6reningar som fortfarande inte har gjort detta riskerar nu uteslutning.<br \/><br>(Foto: Erik Simander\/Bildbyr\u00e5n)<\/p><br>","protected":false},"author":8,"featured_media":126381,"comment_status":"open","ping_status":"open","sticky":false,"template":"","format":"standard","meta":{"_acf_changed":false,"footnotes":""},"categories":[481],"tags":[],"class_list":["post-151689","post","type-post","status-publish","format-standard","has-post-thumbnail","hentry","category-forening"],"acf":[],"yoast_head":"<!-- This site is optimized with the Yoast SEO plugin v26.8 - https:\/\/yoast.com\/product\/yoast-seo-wordpress\/ -->\n<title>Sista p\u00e5minnelsen - betalning av medlemsavgiften 2023 - Svenska Budo &amp; Kampsportsf\u00f6rbundet<\/title>\n<meta name=\"description\" content=\"SB&amp;K. Senast den 31 januari skulle Svenska Budo &amp; Kampsportsf\u00f6rbundets medlemsf\u00f6reningar ha rapporterat antalet medlemmar och betalat medlemsavgift f\u00f6r 2023. De f\u00f6reningar som fortfarande inte har gjort detta riskerar nu uteslutning. (Foto: Erik Simander\/Bildbyr\u00e5n)\" \/>\n<meta name=\"robots\" content=\"index, follow, max-snippet:-1, max-image-preview:large, max-video-preview:-1\" \/>\n<link rel=\"canonical\" href=\"https:\/\/www.budokampsport.se\/2023\/03\/28\/sista-paminnelsen-betalning-av-medlemsavgiften-2023\/\" \/>\n<meta property=\"og:locale\" content=\"sv_SE\" \/>\n<meta property=\"og:type\" content=\"article\" \/>\n<meta property=\"og:title\" content=\"Sista p\u00e5minnelsen - betalning av medlemsavgiften 2023 - Svenska Budo &amp; Kampsportsf\u00f6rbundet\" \/>\n<meta property=\"og:description\" content=\"SB&amp;K. Senast den 31 januari skulle Svenska Budo &amp; Kampsportsf\u00f6rbundets medlemsf\u00f6reningar ha rapporterat antalet medlemmar och betalat medlemsavgift f\u00f6r 2023. De f\u00f6reningar som fortfarande inte har gjort detta riskerar nu uteslutning. (Foto: Erik Simander\/Bildbyr\u00e5n)\" \/>\n<meta property=\"og:url\" content=\"https:\/\/www.budokampsport.se\/2023\/03\/28\/sista-paminnelsen-betalning-av-medlemsavgiften-2023\/\" \/>\n<meta property=\"og:site_name\" content=\"Svenska Budo &amp; Kampsportsf\u00f6rbundet\" \/>\n<meta property=\"article:published_time\" content=\"2023-03-28T06:34:54+00:00\" \/>\n<meta property=\"article:modified_time\" content=\"2023-03-31T06:23:43+00:00\" \/>\n<meta property=\"og:image\" content=\"https:\/\/www.budokampsport.se\/wp-content\/uploads\/2021\/06\/BB210219ES012-847px.jpg\" \/>\n\t<meta property=\"og:image:width\" content=\"847\" \/>\n\t<meta property=\"og:image:height\" content=\"565\" \/>\n\t<meta property=\"og:image:type\" content=\"image\/jpeg\" \/>\n<meta name=\"author\" content=\"Matilda Ritz\u00e9n\" \/>\n<meta name=\"twitter:card\" content=\"summary_large_image\" \/>\n<meta name=\"twitter:label1\" content=\"Skriven av\" \/>\n\t<meta name=\"twitter:data1\" content=\"Matilda Ritz\u00e9n\" \/>\n\t<meta name=\"twitter:label2\" content=\"Ber\u00e4knad l\u00e4stid\" \/>\n\t<meta name=\"twitter:data2\" content=\"1 minut\" \/>\n<script type=\"application\/ld+json\" class=\"yoast-schema-graph\">{\"@context\":\"https:\/\/schema.org\",\"@graph\":[{\"@type\":\"Article\",\"@id\":\"https:\/\/www.budokampsport.se\/2023\/03\/28\/sista-paminnelsen-betalning-av-medlemsavgiften-2023\/#article\",\"isPartOf\":{\"@id\":\"https:\/\/www.budokampsport.se\/2023\/03\/28\/sista-paminnelsen-betalning-av-medlemsavgiften-2023\/\"},\"author\":{\"name\":\"Matilda Ritz\u00e9n\",\"@id\":\"https:\/\/www.budokampsport.se\/#\/schema\/person\/b908a71d19d66edc50c85c2ce93ecfa8\"},\"headline\":\"Sista p\u00e5minnelsen &#8211; betalning av medlemsavgiften 2023\",\"datePublished\":\"2023-03-28T06:34:54+00:00\",\"dateModified\":\"2023-03-31T06:23:43+00:00\",\"mainEntityOfPage\":{\"@id\":\"https:\/\/www.budokampsport.se\/2023\/03\/28\/sista-paminnelsen-betalning-av-medlemsavgiften-2023\/\"},\"wordCount\":127,\"commentCount\":0,\"image\":{\"@id\":\"https:\/\/www.budokampsport.se\/2023\/03\/28\/sista-paminnelsen-betalning-av-medlemsavgiften-2023\/#primaryimage\"},\"thumbnailUrl\":\"https:\/\/www.budokampsport.se\/wp-content\/uploads\/2021\/06\/BB210219ES012-847px.jpg\",\"articleSection\":[\"F\u00f6rening\"],\"inLanguage\":\"sv-SE\",\"potentialAction\":[{\"@type\":\"CommentAction\",\"name\":\"Comment\",\"target\":[\"https:\/\/www.budokampsport.se\/2023\/03\/28\/sista-paminnelsen-betalning-av-medlemsavgiften-2023\/#respond\"]}]},{\"@type\":\"WebPage\",\"@id\":\"https:\/\/www.budokampsport.se\/2023\/03\/28\/sista-paminnelsen-betalning-av-medlemsavgiften-2023\/\",\"url\":\"https:\/\/www.budokampsport.se\/2023\/03\/28\/sista-paminnelsen-betalning-av-medlemsavgiften-2023\/\",\"name\":\"Sista p\u00e5minnelsen - betalning av medlemsavgiften 2023 - Svenska Budo &amp; Kampsportsf\u00f6rbundet\",\"isPartOf\":{\"@id\":\"https:\/\/www.budokampsport.se\/#website\"},\"primaryImageOfPage\":{\"@id\":\"https:\/\/www.budokampsport.se\/2023\/03\/28\/sista-paminnelsen-betalning-av-medlemsavgiften-2023\/#primaryimage\"},\"image\":{\"@id\":\"https:\/\/www.budokampsport.se\/2023\/03\/28\/sista-paminnelsen-betalning-av-medlemsavgiften-2023\/#primaryimage\"},\"thumbnailUrl\":\"https:\/\/www.budokampsport.se\/wp-content\/uploads\/2021\/06\/BB210219ES012-847px.jpg\",\"datePublished\":\"2023-03-28T06:34:54+00:00\",\"dateModified\":\"2023-03-31T06:23:43+00:00\",\"author\":{\"@id\":\"https:\/\/www.budokampsport.se\/#\/schema\/person\/b908a71d19d66edc50c85c2ce93ecfa8\"},\"description\":\"SB&K. Senast den 31 januari skulle Svenska Budo & Kampsportsf\u00f6rbundets medlemsf\u00f6reningar ha rapporterat antalet medlemmar och betalat medlemsavgift f\u00f6r 2023. De f\u00f6reningar som fortfarande inte har gjort detta riskerar nu uteslutning. (Foto: Erik Simander\/Bildbyr\u00e5n)\",\"breadcrumb\":{\"@id\":\"https:\/\/www.budokampsport.se\/2023\/03\/28\/sista-paminnelsen-betalning-av-medlemsavgiften-2023\/#breadcrumb\"},\"inLanguage\":\"sv-SE\",\"potentialAction\":[{\"@type\":\"ReadAction\",\"target\":[\"https:\/\/www.budokampsport.se\/2023\/03\/28\/sista-paminnelsen-betalning-av-medlemsavgiften-2023\/\"]}]},{\"@type\":\"ImageObject\",\"inLanguage\":\"sv-SE\",\"@id\":\"https:\/\/www.budokampsport.se\/2023\/03\/28\/sista-paminnelsen-betalning-av-medlemsavgiften-2023\/#primaryimage\",\"url\":\"https:\/\/www.budokampsport.se\/wp-content\/uploads\/2021\/06\/BB210219ES012-847px.jpg\",\"contentUrl\":\"https:\/\/www.budokampsport.se\/wp-content\/uploads\/2021\/06\/BB210219ES012-847px.jpg\",\"width\":847,\"height\":565,\"caption\":\"210219 Fingrar p\u00e5 tangentbord den 19 februari 2021 i Stockholm. Foto: Erik Simander \/ BILDBYR\u00c5N \/ COP 201 \/ ES0012\"},{\"@type\":\"BreadcrumbList\",\"@id\":\"https:\/\/www.budokampsport.se\/2023\/03\/28\/sista-paminnelsen-betalning-av-medlemsavgiften-2023\/#breadcrumb\",\"itemListElement\":[{\"@type\":\"ListItem\",\"position\":1,\"name\":\"Hem\",\"item\":\"https:\/\/www.budokampsport.se\/\"},{\"@type\":\"ListItem\",\"position\":2,\"name\":\"Sista p\u00e5minnelsen &#8211; betalning av medlemsavgiften 2023\"}]},{\"@type\":\"WebSite\",\"@id\":\"https:\/\/www.budokampsport.se\/#website\",\"url\":\"https:\/\/www.budokampsport.se\/\",\"name\":\"Svenska Budo &amp; Kampsportsf\u00f6rbundet\",\"description\":\"T\u00e4vling, Tr\u00e4ning, Tradition\",\"potentialAction\":[{\"@type\":\"SearchAction\",\"target\":{\"@type\":\"EntryPoint\",\"urlTemplate\":\"https:\/\/www.budokampsport.se\/?s={search_term_string}\"},\"query-input\":{\"@type\":\"PropertyValueSpecification\",\"valueRequired\":true,\"valueName\":\"search_term_string\"}}],\"inLanguage\":\"sv-SE\"},{\"@type\":\"Person\",\"@id\":\"https:\/\/www.budokampsport.se\/#\/schema\/person\/b908a71d19d66edc50c85c2ce93ecfa8\",\"name\":\"Matilda Ritz\u00e9n\",\"image\":{\"@type\":\"ImageObject\",\"inLanguage\":\"sv-SE\",\"@id\":\"https:\/\/www.budokampsport.se\/#\/schema\/person\/image\/\",\"url\":\"https:\/\/secure.gravatar.com\/avatar\/b7b14d78eca96b18793155cd487c77df?s=96&d=blank&r=g\",\"contentUrl\":\"https:\/\/secure.gravatar.com\/avatar\/b7b14d78eca96b18793155cd487c77df?s=96&d=blank&r=g\",\"caption\":\"Matilda Ritz\u00e9n\"},\"url\":\"https:\/\/www.budokampsport.se\/author\/matilda\/\"}]}<\/script>\n<!-- \/ Yoast SEO plugin. -->","yoast_head_json":{"title":"Sista p\u00e5minnelsen - betalning av medlemsavgiften 2023 - Svenska Budo &amp; Kampsportsf\u00f6rbundet","description":"SB&K. Senast den 31 januari skulle Svenska Budo & Kampsportsf\u00f6rbundets medlemsf\u00f6reningar ha rapporterat antalet medlemmar och betalat medlemsavgift f\u00f6r 2023. De f\u00f6reningar som fortfarande inte har gjort detta riskerar nu uteslutning. (Foto: Erik Simander\/Bildbyr\u00e5n)","robots":{"index":"index","follow":"follow","max-snippet":"max-snippet:-1","max-image-preview":"max-image-preview:large","max-video-preview":"max-video-preview:-1"},"canonical":"https:\/\/www.budokampsport.se\/2023\/03\/28\/sista-paminnelsen-betalning-av-medlemsavgiften-2023\/","og_locale":"sv_SE","og_type":"article","og_title":"Sista p\u00e5minnelsen - betalning av medlemsavgiften 2023 - Svenska Budo &amp; Kampsportsf\u00f6rbundet","og_description":"SB&K. Senast den 31 januari skulle Svenska Budo & Kampsportsf\u00f6rbundets medlemsf\u00f6reningar ha rapporterat antalet medlemmar och betalat medlemsavgift f\u00f6r 2023. De f\u00f6reningar som fortfarande inte har gjort detta riskerar nu uteslutning. (Foto: Erik Simander\/Bildbyr\u00e5n)","og_url":"https:\/\/www.budokampsport.se\/2023\/03\/28\/sista-paminnelsen-betalning-av-medlemsavgiften-2023\/","og_site_name":"Svenska Budo &amp; Kampsportsf\u00f6rbundet","article_published_time":"2023-03-28T06:34:54+00:00","article_modified_time":"2023-03-31T06:23:43+00:00","og_image":[{"width":847,"height":565,"url":"https:\/\/www.budokampsport.se\/wp-content\/uploads\/2021\/06\/BB210219ES012-847px.jpg","type":"image\/jpeg"}],"author":"Matilda Ritz\u00e9n","twitter_card":"summary_large_image","twitter_misc":{"Skriven av":"Matilda Ritz\u00e9n","Ber\u00e4knad l\u00e4stid":"1 minut"},"schema":{"@context":"https:\/\/schema.org","@graph":[{"@type":"Article","@id":"https:\/\/www.budokampsport.se\/2023\/03\/28\/sista-paminnelsen-betalning-av-medlemsavgiften-2023\/#article","isPartOf":{"@id":"https:\/\/www.budokampsport.se\/2023\/03\/28\/sista-paminnelsen-betalning-av-medlemsavgiften-2023\/"},"author":{"name":"Matilda Ritz\u00e9n","@id":"https:\/\/www.budokampsport.se\/#\/schema\/person\/b908a71d19d66edc50c85c2ce93ecfa8"},"headline":"Sista p\u00e5minnelsen &#8211; betalning av medlemsavgiften 2023","datePublished":"2023-03-28T06:34:54+00:00","dateModified":"2023-03-31T06:23:43+00:00","mainEntityOfPage":{"@id":"https:\/\/www.budokampsport.se\/2023\/03\/28\/sista-paminnelsen-betalning-av-medlemsavgiften-2023\/"},"wordCount":127,"commentCount":0,"image":{"@id":"https:\/\/www.budokampsport.se\/2023\/03\/28\/sista-paminnelsen-betalning-av-medlemsavgiften-2023\/#primaryimage"},"thumbnailUrl":"https:\/\/www.budokampsport.se\/wp-content\/uploads\/2021\/06\/BB210219ES012-847px.jpg","articleSection":["F\u00f6rening"],"inLanguage":"sv-SE","potentialAction":[{"@type":"CommentAction","name":"Comment","target":["https:\/\/www.budokampsport.se\/2023\/03\/28\/sista-paminnelsen-betalning-av-medlemsavgiften-2023\/#respond"]}]},{"@type":"WebPage","@id":"https:\/\/www.budokampsport.se\/2023\/03\/28\/sista-paminnelsen-betalning-av-medlemsavgiften-2023\/","url":"https:\/\/www.budokampsport.se\/2023\/03\/28\/sista-paminnelsen-betalning-av-medlemsavgiften-2023\/","name":"Sista p\u00e5minnelsen - betalning av medlemsavgiften 2023 - Svenska Budo &amp; Kampsportsf\u00f6rbundet","isPartOf":{"@id":"https:\/\/www.budokampsport.se\/#website"},"primaryImageOfPage":{"@id":"https:\/\/www.budokampsport.se\/2023\/03\/28\/sista-paminnelsen-betalning-av-medlemsavgiften-2023\/#primaryimage"},"image":{"@id":"https:\/\/www.budokampsport.se\/2023\/03\/28\/sista-paminnelsen-betalning-av-medlemsavgiften-2023\/#primaryimage"},"thumbnailUrl":"https:\/\/www.budokampsport.se\/wp-content\/uploads\/2021\/06\/BB210219ES012-847px.jpg","datePublished":"2023-03-28T06:34:54+00:00","dateModified":"2023-03-31T06:23:43+00:00","author":{"@id":"https:\/\/www.budokampsport.se\/#\/schema\/person\/b908a71d19d66edc50c85c2ce93ecfa8"},"description":"SB&K. Senast den 31 januari skulle Svenska Budo & Kampsportsf\u00f6rbundets medlemsf\u00f6reningar ha rapporterat antalet medlemmar och betalat medlemsavgift f\u00f6r 2023. De f\u00f6reningar som fortfarande inte har gjort detta riskerar nu uteslutning. (Foto: Erik Simander\/Bildbyr\u00e5n)","breadcrumb":{"@id":"https:\/\/www.budokampsport.se\/2023\/03\/28\/sista-paminnelsen-betalning-av-medlemsavgiften-2023\/#breadcrumb"},"inLanguage":"sv-SE","potentialAction":[{"@type":"ReadAction","target":["https:\/\/www.budokampsport.se\/2023\/03\/28\/sista-paminnelsen-betalning-av-medlemsavgiften-2023\/"]}]},{"@type":"ImageObject","inLanguage":"sv-SE","@id":"https:\/\/www.budokampsport.se\/2023\/03\/28\/sista-paminnelsen-betalning-av-medlemsavgiften-2023\/#primaryimage","url":"https:\/\/www.budokampsport.se\/wp-content\/uploads\/2021\/06\/BB210219ES012-847px.jpg","contentUrl":"https:\/\/www.budokampsport.se\/wp-content\/uploads\/2021\/06\/BB210219ES012-847px.jpg","width":847,"height":565,"caption":"210219 Fingrar p\u00e5 tangentbord den 19 februari 2021 i Stockholm. Foto: Erik Simander \/ BILDBYR\u00c5N \/ COP 201 \/ ES0012"},{"@type":"BreadcrumbList","@id":"https:\/\/www.budokampsport.se\/2023\/03\/28\/sista-paminnelsen-betalning-av-medlemsavgiften-2023\/#breadcrumb","itemListElement":[{"@type":"ListItem","position":1,"name":"Hem","item":"https:\/\/www.budokampsport.se\/"},{"@type":"ListItem","position":2,"name":"Sista p\u00e5minnelsen &#8211; betalning av medlemsavgiften 2023"}]},{"@type":"WebSite","@id":"https:\/\/www.budokampsport.se\/#website","url":"https:\/\/www.budokampsport.se\/","name":"Svenska Budo &amp; Kampsportsf\u00f6rbundet","description":"T\u00e4vling, Tr\u00e4ning, Tradition","potentialAction":[{"@type":"SearchAction","target":{"@type":"EntryPoint","urlTemplate":"https:\/\/www.budokampsport.se\/?s={search_term_string}"},"query-input":{"@type":"PropertyValueSpecification","valueRequired":true,"valueName":"search_term_string"}}],"inLanguage":"sv-SE"},{"@type":"Person","@id":"https:\/\/www.budokampsport.se\/#\/schema\/person\/b908a71d19d66edc50c85c2ce93ecfa8","name":"Matilda Ritz\u00e9n","image":{"@type":"ImageObject","inLanguage":"sv-SE","@id":"https:\/\/www.budokampsport.se\/#\/schema\/person\/image\/","url":"https:\/\/secure.gravatar.com\/avatar\/b7b14d78eca96b18793155cd487c77df?s=96&d=blank&r=g","contentUrl":"https:\/\/secure.gravatar.com\/avatar\/b7b14d78eca96b18793155cd487c77df?s=96&d=blank&r=g","caption":"Matilda Ritz\u00e9n"},"url":"https:\/\/www.budokampsport.se\/author\/matilda\/"}]}},"_links":{"self":[{"href":"https:\/\/www.budokampsport.se\/api\/wp\/v2\/posts\/151689","targetHints":{"allow":["GET"]}}],"collection":[{"href":"https:\/\/www.budokampsport.se\/api\/wp\/v2\/posts"}],"about":[{"href":"https:\/\/www.budokampsport.se\/api\/wp\/v2\/types\/post"}],"author":[{"embeddable":true,"href":"https:\/\/www.budokampsport.se\/api\/wp\/v2\/users\/8"}],"replies":[{"embeddable":true,"href":"https:\/\/www.budokampsport.se\/api\/wp\/v2\/comments?post=151689"}],"version-history":[{"count":0,"href":"https:\/\/www.budokampsport.se\/api\/wp\/v2\/posts\/151689\/revisions"}],"wp:featuredmedia":[{"embeddable":true,"href":"https:\/\/www.budokampsport.se\/api\/wp\/v2\/media\/126381"}],"wp:attachment":[{"href":"https:\/\/www.budokampsport.se\/api\/wp\/v2\/media?parent=151689"}],"wp:term":[{"taxonomy":"category","embeddable":true,"href":"https:\/\/www.budokampsport.se\/api\/wp\/v2\/categories?post=151689"},{"taxonomy":"post_tag","embeddable":true,"href":"https:\/\/www.budokampsport.se\/api\/wp\/v2\/tags?post=151689"}],"curies":[{"name":"wp","href":"https:\/\/api.w.org\/{rel}","templated":true}]}}