{"id":151877,"date":"2023-04-13T13:44:28","date_gmt":"2023-04-13T11:44:28","guid":{"rendered":"https:\/\/www.budokampsport.se\/?p=151877"},"modified":"2023-04-28T12:06:07","modified_gmt":"2023-04-28T10:06:07","slug":"evenemang-och-engagemang-hos-distrikt-vast","status":"publish","type":"post","link":"https:\/\/www.budokampsport.se\/2023\/04\/13\/evenemang-och-engagemang-hos-distrikt-vast\/","title":{"rendered":"Evenemang och engagemang hos Distrikt V\u00e4st"},"content":{"rendered":"<p>Bit f\u00f6r bit l\u00e4ggs mattan p\u00e5 plats i Partille Arena. Det n\u00e4rmar sig midnatt dagen innan <a href=\"https:\/\/www.budokampsport.se\/2023\/04\/01\/tva-em-brons-i-kumite\/\" target=\"_blank\" rel=\"noopener\">EM i kyokushin<\/a> och Svenska Budo &amp; Kampsportsf\u00f6rbundets Distrikt V\u00e4sts pusselmatta bidrar till den fysiska grunden f\u00f6r t\u00e4vlingen. Under <a href=\"https:\/\/smveckan.se\/skovde-2023\/\" target=\"_blank\" rel=\"noopener\">SM-veckan i Sk\u00f6vde<\/a> nyttjade arrang\u00f6rsf\u00f6reningen <a href=\"https:\/\/www.ifskk.se\/start\/?ID=89026\" target=\"_blank\" rel=\"noopener\">IF Sk\u00f6vde Karate Kai<\/a> distriktets utl\u00e5ning av material till evenemanget.<\/p>\n<p>&#8211; I v\u00e5rt uppdrag ligger att st\u00f6dja medlemsf\u00f6reningar och dess verksamhet. Att bidra till genomf\u00f6randet av evenemang som lyfter v\u00e5ra idrotter och idrottare ligger helt i linje med flera av punkterna i v\u00e5r verksamhetsplan s\u00e4ger Mikael Bengtsson, ordf\u00f6rande Distrikt V\u00e4st.<\/p>\n<p>Just material f\u00f6r uppvisning, l\u00e4ger, t\u00e4vling och marknadsf\u00f6ring \u00e4r n\u00e5got som distriktet har investerat i och erbjuder f\u00f6reningar att l\u00e5na kostnadsfritt. Det \u00e4r \u00e4ven m\u00f6jligt f\u00f6r f\u00f6reningar att fr\u00e5n distriktet s\u00f6ka bidrag f\u00f6r ovanst\u00e5ende omr\u00e5den samt f\u00f6reningsutveckling. <br \/>\n\u00bb <a href=\"https:\/\/kampsportvast.se\/service\/material\/\" target=\"_blank\" rel=\"noopener\">Material att l\u00e5na<\/a><br \/>\n\u00bb <a href=\"https:\/\/kampsportvast.se\/bidragsansokan\/\" target=\"_blank\" rel=\"noopener\">Bidrag att s\u00f6ka<\/a><\/p>\n<figure id=\"attachment_152102\" aria-describedby=\"caption-attachment-152102\" style=\"width: 850px\" class=\"wp-caption alignnone\"><img loading=\"lazy\" decoding=\"async\" class=\"size-full wp-image-152102\" src=\"https:\/\/www.budokampsport.se\/wp-content\/uploads\/2023\/04\/20230401_em_kyokushin_flaggor_sdf_vast_sofia_arnbom.jpg\" alt=\"\" width=\"850\" height=\"566\" srcset=\"https:\/\/www.budokampsport.se\/wp-content\/uploads\/2023\/04\/20230401_em_kyokushin_flaggor_sdf_vast_sofia_arnbom.jpg 850w, https:\/\/www.budokampsport.se\/wp-content\/uploads\/2023\/04\/20230401_em_kyokushin_flaggor_sdf_vast_sofia_arnbom-600x400.jpg 600w, https:\/\/www.budokampsport.se\/wp-content\/uploads\/2023\/04\/20230401_em_kyokushin_flaggor_sdf_vast_sofia_arnbom-376x250.jpg 376w, https:\/\/www.budokampsport.se\/wp-content\/uploads\/2023\/04\/20230401_em_kyokushin_flaggor_sdf_vast_sofia_arnbom-847x564.jpg 847w, https:\/\/www.budokampsport.se\/wp-content\/uploads\/2023\/04\/20230401_em_kyokushin_flaggor_sdf_vast_sofia_arnbom-278x185.jpg 278w, https:\/\/www.budokampsport.se\/wp-content\/uploads\/2023\/04\/20230401_em_kyokushin_flaggor_sdf_vast_sofia_arnbom-572x381.jpg 572w\" sizes=\"auto, (max-width: 850px) 100vw, 850px\" \/><figcaption id=\"caption-attachment-152102\" class=\"wp-caption-text\"><span style=\"font-size: 10pt;\">Flaggor vid EM i kyokushin 2023. Foto: Sofia Arnbom<\/span><\/figcaption><\/figure>\n<p>Styrelsen ser det som en viktig uppgift att bedriva samh\u00e4llsp\u00e5verkan. Tillsammans med <a href=\"https:\/\/www.rfsisu.se\/distrikt\/vastra-gotaland\" target=\"_blank\" rel=\"noopener\">RF-SISU V\u00e4stra G\u00f6taland<\/a> och <a href=\"https:\/\/www.rfsisu.se\/distrikt\/halland\" target=\"_blank\" rel=\"noopener\">RF-SISU Halland<\/a> har distriktet till exempel deltagit i olika forum f\u00f6r att p\u00e5verka kommuners styrdokument r\u00f6rande exempelvis lokal- och anl\u00e4ggningsfr\u00e5gor.<\/p>\n<p>&#8211; Vi arbetar st\u00e4ndigt med att utveckla distriktets organisation och m\u00f6jlighet att st\u00f6dja v\u00e5ra medlemmar. Som distrikt tar vi plats i allt fler sammanhang f\u00f6r att synligg\u00f6ra och st\u00e4rka v\u00e5ra idrotter i samh\u00e4llet s\u00e4ger ordf\u00f6rande Mikael Bengtsson.<\/p>\n<p>Distriktet \u00e4r f\u00f6rbundets n\u00e4st st\u00f6rsta sett till antal f\u00f6reningar och medlemmar. Efter ett pandemitapp har en \u00e5terh\u00e4mtning skett och i skrivande stund \u00e4r antalet inrapporterade medlemmar \u00e5ter en bit \u00f6ver 12 000.<\/p>\n<table style=\"border-collapse: collapse; width: 100%; height: 72px;\">\n<tbody>\n<tr style=\"height: 24px;\">\n<td style=\"width: 25%; height: 24px;\"><strong>V\u00e4st<\/strong><\/td>\n<td style=\"width: 25%; height: 24px;\"><strong>2020<\/strong><\/td>\n<td style=\"width: 25%; height: 24px;\"><strong>2021<\/strong><\/td>\n<td style=\"width: 25%; height: 24px;\"><strong>2022<\/strong><\/td>\n<\/tr>\n<tr style=\"height: 24px;\">\n<td style=\"width: 25%; height: 24px;\"><strong>F\u00f6reningar<\/strong><\/td>\n<td style=\"width: 25%; height: 24px;\">159<\/td>\n<td style=\"width: 25%; height: 24px;\">153<\/td>\n<td style=\"width: 25%; height: 24px;\">162<\/td>\n<\/tr>\n<tr style=\"height: 24px;\">\n<td style=\"width: 25%; height: 24px;\"><strong>Medlemmar<\/strong><\/td>\n<td style=\"width: 25%; height: 24px;\">12 471<\/td>\n<td style=\"width: 25%; height: 24px;\">10 289<\/td>\n<td style=\"width: 25%; height: 24px;\">11 667<\/td>\n<\/tr>\n<\/tbody>\n<\/table>\n<p>&nbsp;<\/p>\n<p>Om v\u00e4stkusten v\u00e4lkomnade med bl\u00f6t sn\u00f6 i slutet p\u00e5 mars s\u00e5 \u00e4r m\u00e5naden efter t\u00e4nkt att avslutas bland blommande k\u00f6rsb\u00e4rstr\u00e4d i G\u00f6teborgs Botaniska tr\u00e4dg\u00e5rd. D\u00e4r firas Hanami den 29-30 april med en festival som hyllar japansk kultur. Uppvisning och prova-p\u00e5 verksamhet samordnas av distriktet och alla budof\u00f6reningar \u00e4r v\u00e4lkomna att delta. <br \/>\n\u00bb <a href=\"https:\/\/kampsportvast.se\/wp-content\/uploads\/2023\/03\/inbjudan-hanami-2023-v2.pdf\" target=\"_blank\" rel=\"noopener\">Information och anm\u00e4lan<\/a><\/p>\n<p>En \u00f6kad kontakt och samverkan med f\u00f6reningarna inom distriktet \u00e4r n\u00e5got som styrelsen st\u00e4ndigt efterstr\u00e4var. Representanter har med anledning av det deltagit p\u00e5 allt fr\u00e5n tr\u00e4ningar till \u00e5rsm\u00f6ten hos f\u00f6reningarna. Den som har en fr\u00e5ga eller \u00f6nskar ett bes\u00f6k \u00e4r alltid varmt v\u00e4lkommen att h\u00f6ra av sig!<br \/>\n\u00bb <a href=\"https:\/\/kampsportvast.se\/\" target=\"_blank\" rel=\"noopener\">kampsportvast.se<\/a><\/p>\n<p>&nbsp;<\/p>\n<p><img loading=\"lazy\" decoding=\"async\" class=\"alignnone size-full wp-image-152061\" src=\"https:\/\/www.budokampsport.se\/wp-content\/uploads\/2023\/04\/SBK_Distrikt-Vast_logotyp_liggande.png\" alt=\"\" width=\"12530\" height=\"2369\" srcset=\"https:\/\/www.budokampsport.se\/wp-content\/uploads\/2023\/04\/SBK_Distrikt-Vast_logotyp_liggande.png 12530w, https:\/\/www.budokampsport.se\/wp-content\/uploads\/2023\/04\/SBK_Distrikt-Vast_logotyp_liggande-600x113.png 600w\" sizes=\"auto, (max-width: 12530px) 100vw, 12530px\" \/><\/p>\n<p>&nbsp;<\/p>\n<p><strong>Tidigare distriktsbes\u00f6k<\/strong><br \/>\n\u00bb <a href=\"https:\/\/www.budokampsport.se\/2023\/01\/30\/nedslag-hos-nedre-norr\/\" target=\"_blank\" rel=\"noopener\">Nedslag hos Nedre Norr<\/a><\/p>\n<p>\nText och foto: Sofia Arnbom<\/p>\n","protected":false},"excerpt":{"rendered":"<p>DISTRIKT. Oavsett om de l\u00e5nar ut marknadsf\u00f6ringsmaterial till en f\u00f6rening eller pratar anl\u00e4ggning med kommuner ligger fokus p\u00e5 samverkan hos Distrikt V\u00e4st.<br \/><br>(Foto: Sofia Arnbom)<\/p><br>","protected":false},"author":47,"featured_media":152101,"comment_status":"closed","ping_status":"closed","sticky":false,"template":"","format":"standard","meta":{"_acf_changed":false,"footnotes":""},"categories":[419],"tags":[],"class_list":["post-151877","post","type-post","status-publish","format-standard","has-post-thumbnail","hentry","category-distrikt"],"acf":[],"yoast_head":"<!-- This site is optimized with the Yoast SEO plugin v26.8 - https:\/\/yoast.com\/product\/yoast-seo-wordpress\/ -->\n<title>Evenemang och engagemang hos Distrikt V\u00e4st - Svenska Budo &amp; Kampsportsf\u00f6rbundet<\/title>\n<meta name=\"description\" content=\"DISTRIKT. Oavsett om de l\u00e5nar ut marknadsf\u00f6ringsmaterial till en f\u00f6rening eller pratar anl\u00e4ggning med kommuner ligger fokus p\u00e5 samverkan hos Distrikt V\u00e4st. (Foto: Sofia Arnbom)\" \/>\n<meta name=\"robots\" content=\"index, follow, max-snippet:-1, max-image-preview:large, max-video-preview:-1\" \/>\n<link rel=\"canonical\" href=\"https:\/\/www.budokampsport.se\/2023\/04\/13\/evenemang-och-engagemang-hos-distrikt-vast\/\" \/>\n<meta property=\"og:locale\" content=\"sv_SE\" \/>\n<meta property=\"og:type\" content=\"article\" \/>\n<meta property=\"og:title\" content=\"Evenemang och engagemang hos Distrikt V\u00e4st - Svenska Budo &amp; Kampsportsf\u00f6rbundet\" \/>\n<meta property=\"og:description\" content=\"DISTRIKT. Oavsett om de l\u00e5nar ut marknadsf\u00f6ringsmaterial till en f\u00f6rening eller pratar anl\u00e4ggning med kommuner ligger fokus p\u00e5 samverkan hos Distrikt V\u00e4st. (Foto: Sofia Arnbom)\" \/>\n<meta property=\"og:url\" content=\"https:\/\/www.budokampsport.se\/2023\/04\/13\/evenemang-och-engagemang-hos-distrikt-vast\/\" \/>\n<meta property=\"og:site_name\" content=\"Svenska Budo &amp; Kampsportsf\u00f6rbundet\" \/>\n<meta property=\"article:published_time\" content=\"2023-04-13T11:44:28+00:00\" \/>\n<meta property=\"article:modified_time\" content=\"2023-04-28T10:06:07+00:00\" \/>\n<meta property=\"og:image\" content=\"https:\/\/www.budokampsport.se\/wp-content\/uploads\/2023\/04\/20230401_em_kyokushin_pusselmatta_sofia_arnbom.jpg\" \/>\n\t<meta property=\"og:image:width\" content=\"850\" \/>\n\t<meta property=\"og:image:height\" content=\"525\" \/>\n\t<meta property=\"og:image:type\" content=\"image\/jpeg\" \/>\n<meta name=\"author\" content=\"Sofia Arnbom\" \/>\n<meta name=\"twitter:card\" content=\"summary_large_image\" \/>\n<meta name=\"twitter:label1\" content=\"Skriven av\" \/>\n\t<meta name=\"twitter:data1\" content=\"Sofia Arnbom\" \/>\n\t<meta name=\"twitter:label2\" content=\"Ber\u00e4knad l\u00e4stid\" \/>\n\t<meta name=\"twitter:data2\" content=\"3 minuter\" \/>\n<script type=\"application\/ld+json\" class=\"yoast-schema-graph\">{\"@context\":\"https:\/\/schema.org\",\"@graph\":[{\"@type\":\"Article\",\"@id\":\"https:\/\/www.budokampsport.se\/2023\/04\/13\/evenemang-och-engagemang-hos-distrikt-vast\/#article\",\"isPartOf\":{\"@id\":\"https:\/\/www.budokampsport.se\/2023\/04\/13\/evenemang-och-engagemang-hos-distrikt-vast\/\"},\"author\":{\"name\":\"Sofia Arnbom\",\"@id\":\"https:\/\/www.budokampsport.se\/#\/schema\/person\/666f754cfbc6f9a83a8c253cd24ad660\"},\"headline\":\"Evenemang och engagemang hos Distrikt V\u00e4st\",\"datePublished\":\"2023-04-13T11:44:28+00:00\",\"dateModified\":\"2023-04-28T10:06:07+00:00\",\"mainEntityOfPage\":{\"@id\":\"https:\/\/www.budokampsport.se\/2023\/04\/13\/evenemang-och-engagemang-hos-distrikt-vast\/\"},\"wordCount\":472,\"image\":{\"@id\":\"https:\/\/www.budokampsport.se\/2023\/04\/13\/evenemang-och-engagemang-hos-distrikt-vast\/#primaryimage\"},\"thumbnailUrl\":\"https:\/\/www.budokampsport.se\/wp-content\/uploads\/2023\/04\/20230401_em_kyokushin_pusselmatta_sofia_arnbom.jpg\",\"articleSection\":[\"Distrikt\"],\"inLanguage\":\"sv-SE\"},{\"@type\":\"WebPage\",\"@id\":\"https:\/\/www.budokampsport.se\/2023\/04\/13\/evenemang-och-engagemang-hos-distrikt-vast\/\",\"url\":\"https:\/\/www.budokampsport.se\/2023\/04\/13\/evenemang-och-engagemang-hos-distrikt-vast\/\",\"name\":\"Evenemang och engagemang hos Distrikt V\u00e4st - Svenska Budo &amp; Kampsportsf\u00f6rbundet\",\"isPartOf\":{\"@id\":\"https:\/\/www.budokampsport.se\/#website\"},\"primaryImageOfPage\":{\"@id\":\"https:\/\/www.budokampsport.se\/2023\/04\/13\/evenemang-och-engagemang-hos-distrikt-vast\/#primaryimage\"},\"image\":{\"@id\":\"https:\/\/www.budokampsport.se\/2023\/04\/13\/evenemang-och-engagemang-hos-distrikt-vast\/#primaryimage\"},\"thumbnailUrl\":\"https:\/\/www.budokampsport.se\/wp-content\/uploads\/2023\/04\/20230401_em_kyokushin_pusselmatta_sofia_arnbom.jpg\",\"datePublished\":\"2023-04-13T11:44:28+00:00\",\"dateModified\":\"2023-04-28T10:06:07+00:00\",\"author\":{\"@id\":\"https:\/\/www.budokampsport.se\/#\/schema\/person\/666f754cfbc6f9a83a8c253cd24ad660\"},\"description\":\"DISTRIKT. Oavsett om de l\u00e5nar ut marknadsf\u00f6ringsmaterial till en f\u00f6rening eller pratar anl\u00e4ggning med kommuner ligger fokus p\u00e5 samverkan hos Distrikt V\u00e4st. (Foto: Sofia Arnbom)\",\"breadcrumb\":{\"@id\":\"https:\/\/www.budokampsport.se\/2023\/04\/13\/evenemang-och-engagemang-hos-distrikt-vast\/#breadcrumb\"},\"inLanguage\":\"sv-SE\",\"potentialAction\":[{\"@type\":\"ReadAction\",\"target\":[\"https:\/\/www.budokampsport.se\/2023\/04\/13\/evenemang-och-engagemang-hos-distrikt-vast\/\"]}]},{\"@type\":\"ImageObject\",\"inLanguage\":\"sv-SE\",\"@id\":\"https:\/\/www.budokampsport.se\/2023\/04\/13\/evenemang-och-engagemang-hos-distrikt-vast\/#primaryimage\",\"url\":\"https:\/\/www.budokampsport.se\/wp-content\/uploads\/2023\/04\/20230401_em_kyokushin_pusselmatta_sofia_arnbom.jpg\",\"contentUrl\":\"https:\/\/www.budokampsport.se\/wp-content\/uploads\/2023\/04\/20230401_em_kyokushin_pusselmatta_sofia_arnbom.jpg\",\"width\":850,\"height\":525,\"caption\":\"Foto: Sofia Arnbom\"},{\"@type\":\"BreadcrumbList\",\"@id\":\"https:\/\/www.budokampsport.se\/2023\/04\/13\/evenemang-och-engagemang-hos-distrikt-vast\/#breadcrumb\",\"itemListElement\":[{\"@type\":\"ListItem\",\"position\":1,\"name\":\"Hem\",\"item\":\"https:\/\/www.budokampsport.se\/\"},{\"@type\":\"ListItem\",\"position\":2,\"name\":\"Evenemang och engagemang hos Distrikt V\u00e4st\"}]},{\"@type\":\"WebSite\",\"@id\":\"https:\/\/www.budokampsport.se\/#website\",\"url\":\"https:\/\/www.budokampsport.se\/\",\"name\":\"Svenska Budo &amp; Kampsportsf\u00f6rbundet\",\"description\":\"T\u00e4vling, Tr\u00e4ning, Tradition\",\"potentialAction\":[{\"@type\":\"SearchAction\",\"target\":{\"@type\":\"EntryPoint\",\"urlTemplate\":\"https:\/\/www.budokampsport.se\/?s={search_term_string}\"},\"query-input\":{\"@type\":\"PropertyValueSpecification\",\"valueRequired\":true,\"valueName\":\"search_term_string\"}}],\"inLanguage\":\"sv-SE\"},{\"@type\":\"Person\",\"@id\":\"https:\/\/www.budokampsport.se\/#\/schema\/person\/666f754cfbc6f9a83a8c253cd24ad660\",\"name\":\"Sofia Arnbom\",\"image\":{\"@type\":\"ImageObject\",\"inLanguage\":\"sv-SE\",\"@id\":\"https:\/\/www.budokampsport.se\/#\/schema\/person\/image\/\",\"url\":\"https:\/\/secure.gravatar.com\/avatar\/a69f673c99635f06ea6cb1eb10ca7e92?s=96&d=blank&r=g\",\"contentUrl\":\"https:\/\/secure.gravatar.com\/avatar\/a69f673c99635f06ea6cb1eb10ca7e92?s=96&d=blank&r=g\",\"caption\":\"Sofia Arnbom\"},\"url\":\"https:\/\/www.budokampsport.se\/author\/sofia-arnbom\/\"}]}<\/script>\n<!-- \/ Yoast SEO plugin. -->","yoast_head_json":{"title":"Evenemang och engagemang hos Distrikt V\u00e4st - Svenska Budo &amp; Kampsportsf\u00f6rbundet","description":"DISTRIKT. Oavsett om de l\u00e5nar ut marknadsf\u00f6ringsmaterial till en f\u00f6rening eller pratar anl\u00e4ggning med kommuner ligger fokus p\u00e5 samverkan hos Distrikt V\u00e4st. (Foto: Sofia Arnbom)","robots":{"index":"index","follow":"follow","max-snippet":"max-snippet:-1","max-image-preview":"max-image-preview:large","max-video-preview":"max-video-preview:-1"},"canonical":"https:\/\/www.budokampsport.se\/2023\/04\/13\/evenemang-och-engagemang-hos-distrikt-vast\/","og_locale":"sv_SE","og_type":"article","og_title":"Evenemang och engagemang hos Distrikt V\u00e4st - Svenska Budo &amp; Kampsportsf\u00f6rbundet","og_description":"DISTRIKT. Oavsett om de l\u00e5nar ut marknadsf\u00f6ringsmaterial till en f\u00f6rening eller pratar anl\u00e4ggning med kommuner ligger fokus p\u00e5 samverkan hos Distrikt V\u00e4st. (Foto: Sofia Arnbom)","og_url":"https:\/\/www.budokampsport.se\/2023\/04\/13\/evenemang-och-engagemang-hos-distrikt-vast\/","og_site_name":"Svenska Budo &amp; Kampsportsf\u00f6rbundet","article_published_time":"2023-04-13T11:44:28+00:00","article_modified_time":"2023-04-28T10:06:07+00:00","og_image":[{"width":850,"height":525,"url":"https:\/\/www.budokampsport.se\/wp-content\/uploads\/2023\/04\/20230401_em_kyokushin_pusselmatta_sofia_arnbom.jpg","type":"image\/jpeg"}],"author":"Sofia Arnbom","twitter_card":"summary_large_image","twitter_misc":{"Skriven av":"Sofia Arnbom","Ber\u00e4knad l\u00e4stid":"3 minuter"},"schema":{"@context":"https:\/\/schema.org","@graph":[{"@type":"Article","@id":"https:\/\/www.budokampsport.se\/2023\/04\/13\/evenemang-och-engagemang-hos-distrikt-vast\/#article","isPartOf":{"@id":"https:\/\/www.budokampsport.se\/2023\/04\/13\/evenemang-och-engagemang-hos-distrikt-vast\/"},"author":{"name":"Sofia Arnbom","@id":"https:\/\/www.budokampsport.se\/#\/schema\/person\/666f754cfbc6f9a83a8c253cd24ad660"},"headline":"Evenemang och engagemang hos Distrikt V\u00e4st","datePublished":"2023-04-13T11:44:28+00:00","dateModified":"2023-04-28T10:06:07+00:00","mainEntityOfPage":{"@id":"https:\/\/www.budokampsport.se\/2023\/04\/13\/evenemang-och-engagemang-hos-distrikt-vast\/"},"wordCount":472,"image":{"@id":"https:\/\/www.budokampsport.se\/2023\/04\/13\/evenemang-och-engagemang-hos-distrikt-vast\/#primaryimage"},"thumbnailUrl":"https:\/\/www.budokampsport.se\/wp-content\/uploads\/2023\/04\/20230401_em_kyokushin_pusselmatta_sofia_arnbom.jpg","articleSection":["Distrikt"],"inLanguage":"sv-SE"},{"@type":"WebPage","@id":"https:\/\/www.budokampsport.se\/2023\/04\/13\/evenemang-och-engagemang-hos-distrikt-vast\/","url":"https:\/\/www.budokampsport.se\/2023\/04\/13\/evenemang-och-engagemang-hos-distrikt-vast\/","name":"Evenemang och engagemang hos Distrikt V\u00e4st - Svenska Budo &amp; Kampsportsf\u00f6rbundet","isPartOf":{"@id":"https:\/\/www.budokampsport.se\/#website"},"primaryImageOfPage":{"@id":"https:\/\/www.budokampsport.se\/2023\/04\/13\/evenemang-och-engagemang-hos-distrikt-vast\/#primaryimage"},"image":{"@id":"https:\/\/www.budokampsport.se\/2023\/04\/13\/evenemang-och-engagemang-hos-distrikt-vast\/#primaryimage"},"thumbnailUrl":"https:\/\/www.budokampsport.se\/wp-content\/uploads\/2023\/04\/20230401_em_kyokushin_pusselmatta_sofia_arnbom.jpg","datePublished":"2023-04-13T11:44:28+00:00","dateModified":"2023-04-28T10:06:07+00:00","author":{"@id":"https:\/\/www.budokampsport.se\/#\/schema\/person\/666f754cfbc6f9a83a8c253cd24ad660"},"description":"DISTRIKT. Oavsett om de l\u00e5nar ut marknadsf\u00f6ringsmaterial till en f\u00f6rening eller pratar anl\u00e4ggning med kommuner ligger fokus p\u00e5 samverkan hos Distrikt V\u00e4st. (Foto: Sofia Arnbom)","breadcrumb":{"@id":"https:\/\/www.budokampsport.se\/2023\/04\/13\/evenemang-och-engagemang-hos-distrikt-vast\/#breadcrumb"},"inLanguage":"sv-SE","potentialAction":[{"@type":"ReadAction","target":["https:\/\/www.budokampsport.se\/2023\/04\/13\/evenemang-och-engagemang-hos-distrikt-vast\/"]}]},{"@type":"ImageObject","inLanguage":"sv-SE","@id":"https:\/\/www.budokampsport.se\/2023\/04\/13\/evenemang-och-engagemang-hos-distrikt-vast\/#primaryimage","url":"https:\/\/www.budokampsport.se\/wp-content\/uploads\/2023\/04\/20230401_em_kyokushin_pusselmatta_sofia_arnbom.jpg","contentUrl":"https:\/\/www.budokampsport.se\/wp-content\/uploads\/2023\/04\/20230401_em_kyokushin_pusselmatta_sofia_arnbom.jpg","width":850,"height":525,"caption":"Foto: Sofia Arnbom"},{"@type":"BreadcrumbList","@id":"https:\/\/www.budokampsport.se\/2023\/04\/13\/evenemang-och-engagemang-hos-distrikt-vast\/#breadcrumb","itemListElement":[{"@type":"ListItem","position":1,"name":"Hem","item":"https:\/\/www.budokampsport.se\/"},{"@type":"ListItem","position":2,"name":"Evenemang och engagemang hos Distrikt V\u00e4st"}]},{"@type":"WebSite","@id":"https:\/\/www.budokampsport.se\/#website","url":"https:\/\/www.budokampsport.se\/","name":"Svenska Budo &amp; Kampsportsf\u00f6rbundet","description":"T\u00e4vling, Tr\u00e4ning, Tradition","potentialAction":[{"@type":"SearchAction","target":{"@type":"EntryPoint","urlTemplate":"https:\/\/www.budokampsport.se\/?s={search_term_string}"},"query-input":{"@type":"PropertyValueSpecification","valueRequired":true,"valueName":"search_term_string"}}],"inLanguage":"sv-SE"},{"@type":"Person","@id":"https:\/\/www.budokampsport.se\/#\/schema\/person\/666f754cfbc6f9a83a8c253cd24ad660","name":"Sofia Arnbom","image":{"@type":"ImageObject","inLanguage":"sv-SE","@id":"https:\/\/www.budokampsport.se\/#\/schema\/person\/image\/","url":"https:\/\/secure.gravatar.com\/avatar\/a69f673c99635f06ea6cb1eb10ca7e92?s=96&d=blank&r=g","contentUrl":"https:\/\/secure.gravatar.com\/avatar\/a69f673c99635f06ea6cb1eb10ca7e92?s=96&d=blank&r=g","caption":"Sofia Arnbom"},"url":"https:\/\/www.budokampsport.se\/author\/sofia-arnbom\/"}]}},"_links":{"self":[{"href":"https:\/\/www.budokampsport.se\/api\/wp\/v2\/posts\/151877","targetHints":{"allow":["GET"]}}],"collection":[{"href":"https:\/\/www.budokampsport.se\/api\/wp\/v2\/posts"}],"about":[{"href":"https:\/\/www.budokampsport.se\/api\/wp\/v2\/types\/post"}],"author":[{"embeddable":true,"href":"https:\/\/www.budokampsport.se\/api\/wp\/v2\/users\/47"}],"replies":[{"embeddable":true,"href":"https:\/\/www.budokampsport.se\/api\/wp\/v2\/comments?post=151877"}],"version-history":[{"count":0,"href":"https:\/\/www.budokampsport.se\/api\/wp\/v2\/posts\/151877\/revisions"}],"wp:featuredmedia":[{"embeddable":true,"href":"https:\/\/www.budokampsport.se\/api\/wp\/v2\/media\/152101"}],"wp:attachment":[{"href":"https:\/\/www.budokampsport.se\/api\/wp\/v2\/media?parent=151877"}],"wp:term":[{"taxonomy":"category","embeddable":true,"href":"https:\/\/www.budokampsport.se\/api\/wp\/v2\/categories?post=151877"},{"taxonomy":"post_tag","embeddable":true,"href":"https:\/\/www.budokampsport.se\/api\/wp\/v2\/tags?post=151877"}],"curies":[{"name":"wp","href":"https:\/\/api.w.org\/{rel}","templated":true}]}}