{"id":151964,"date":"2023-04-01T19:55:51","date_gmt":"2023-04-01T17:55:51","guid":{"rendered":"https:\/\/www.budokampsport.se\/?p=151964"},"modified":"2023-04-01T19:55:51","modified_gmt":"2023-04-01T17:55:51","slug":"em-brons-till-andreas-tampe","status":"publish","type":"post","link":"https:\/\/www.budokampsport.se\/2023\/04\/01\/em-brons-till-andreas-tampe\/","title":{"rendered":"EM-brons till Andreas Tampe"},"content":{"rendered":"<p>Det svenska mix kata teamet inledde svenskarnas \u00e4ventyr p\u00e5 mattan, tyv\u00e4rr var det inte svenskarnas dag och de n\u00e5dde ingen semifinal.\u00a0<\/p>\n<p><strong>Ella Elvander<\/strong> fr\u00e5n Uppsala var f\u00f6rst ut i de individuella t\u00e4vlingarna, hon fick m\u00f6ta Sophie Piens fr\u00e5n Frankrike och vann en klar 4-0 seger. I \u00e5ttondelsfinalen mot polska Anna Kolasinska f\u00f6rlorade dock Elvander tyv\u00e4rr och var d\u00e4rmed utslagen. \u00c4ven <strong>Alicia Edin<\/strong> vann sitt f\u00f6rsta m\u00f6te mot Siyana Stratieva fr\u00e5n Bulgarien men fick sen sig besegrad i \u00e5ttondelsfinalen mot ungerskan Panni Balazs.<\/p>\n<p>En som gick vidare fr\u00e5n sin \u00e5ttondelsfinal var <strong>Ki Pasanen<\/strong>, hon vann en j\u00e4mn match mot rum\u00e4nskan Oana Pavel innan hon i kvartfinalen fick g\u00e5 upp p\u00e5 mattan mot en av stornationerna inom idrotten, Litauen. Litauiskan Diana Maciute blev en f\u00f6r stor utmaning f\u00f6r svenskan som f\u00f6rlorade matchen. Dock kan Pasanen gl\u00e4djas \u00e5t att hennes placering i t\u00e4vlingen s\u00e4krade en biljett till VM i Japan i h\u00f6st.<\/p>\n<p>\u2013 S\u00e5klart v\u00e4ldigt kul med ett EM p\u00e5 hemmaplan och att det gick s\u00e5 pass bra f\u00f6r mig ocks\u00e5. Nu f\u00e5r jag chans att utvecklas vidare i VM i oktober. Jag \u00e4r n\u00f6jd med min insats, s\u00e4ger Pasanen till budokampsport.se<\/p>\n<p><img loading=\"lazy\" decoding=\"async\" class=\"size-medium wp-image-151978\" src=\"https:\/\/www.budokampsport.se\/wp-content\/uploads\/2023\/04\/Ki-Pasanen-376x251.jpg\" alt=\"\" width=\"376\" height=\"251\" srcset=\"https:\/\/www.budokampsport.se\/wp-content\/uploads\/2023\/04\/Ki-Pasanen-376x251.jpg 376w, https:\/\/www.budokampsport.se\/wp-content\/uploads\/2023\/04\/Ki-Pasanen-600x400.jpg 600w, https:\/\/www.budokampsport.se\/wp-content\/uploads\/2023\/04\/Ki-Pasanen-847x565.jpg 847w, https:\/\/www.budokampsport.se\/wp-content\/uploads\/2023\/04\/Ki-Pasanen-278x185.jpg 278w, https:\/\/www.budokampsport.se\/wp-content\/uploads\/2023\/04\/Ki-Pasanen-572x382.jpg 572w, https:\/\/www.budokampsport.se\/wp-content\/uploads\/2023\/04\/Ki-Pasanen.jpg 850w\" sizes=\"auto, (max-width: 376px) 100vw, 376px\" \/><\/p>\n<p>\n<strong>Adam Rog\u00e5rd<\/strong> gick sin f\u00f6rsta match mot Nikolaj Lunn Jensen, dansken tog vinsten och blev senare den som tog hem guldet. En liknande v\u00e4g fick <strong>Morgan Nordin<\/strong> g\u00e5 som \u00e4ven han f\u00f6rlorade sin f\u00f6rsta match mot Bogdan Petrean fr\u00e5n Rum\u00e4nien.<\/p>\n<p>Den svensk som n\u00e5dde l\u00e4ngst denna t\u00e4vlingsdag var <strong>Andreas Tampe<\/strong>. Svensken vann \u00e5ttondelsfinalen mot Attila Toth fr\u00e5n Ungern, Tampe tog sig ocks\u00e5 vidare fr\u00e5n kvartsfinalen mot Tomas Zienius fr\u00e5n Litauen. Men i semifinalen tog det stop d\u00e5 han m\u00f6tte samme dansk Rog\u00e5rd tidigare m\u00f6tt under dagen, Nikolaj Lunn Jensen.<\/p>\n<p>\u2013 Det k\u00e4nns fantastiskt kul! Jag k\u00e4nde mig laddad idag och allt st\u00e4mde bra. Jag tr\u00e4nat i 30 \u00e5r och deltagit p\u00e5 EM f\u00f6rut, d\u00e5 blev det en femte plats som b\u00e4st men nu gick det b\u00e4ttre och det blev ett brons. Jag k\u00e4nde mig fokuserad och direkt n\u00e4r jag k\u00f6rde katan k\u00e4nde jag att den satt, allt st\u00e4mde och jag blev mer och mer fokuserad f\u00f6r varje match. Det var fantastiskt att f\u00e5 representera Sverige p\u00e5 hemmaplan, att f\u00e5 visa upp en fin kata och g\u00e5 hela v\u00e4gen till pallen. Nu blir n\u00e4sta m\u00e5l VM i Japan i mitten p\u00e5 oktober, s\u00e4ger Tampe till budokampsport.se<\/p>\n<p><img loading=\"lazy\" decoding=\"async\" class=\"size-medium wp-image-151967\" src=\"https:\/\/www.budokampsport.se\/wp-content\/uploads\/2023\/03\/Andreas-Tampe_tva-376x251.jpg\" alt=\"\" width=\"376\" height=\"251\" srcset=\"https:\/\/www.budokampsport.se\/wp-content\/uploads\/2023\/03\/Andreas-Tampe_tva-376x251.jpg 376w, https:\/\/www.budokampsport.se\/wp-content\/uploads\/2023\/03\/Andreas-Tampe_tva-600x400.jpg 600w, https:\/\/www.budokampsport.se\/wp-content\/uploads\/2023\/03\/Andreas-Tampe_tva-847x565.jpg 847w, https:\/\/www.budokampsport.se\/wp-content\/uploads\/2023\/03\/Andreas-Tampe_tva-278x185.jpg 278w, https:\/\/www.budokampsport.se\/wp-content\/uploads\/2023\/03\/Andreas-Tampe_tva-572x382.jpg 572w, https:\/\/www.budokampsport.se\/wp-content\/uploads\/2023\/03\/Andreas-Tampe_tva.jpg 850w\" sizes=\"auto, (max-width: 376px) 100vw, 376px\" \/><\/p>\n<p>Text: Annie Bondefelt<\/p>\n","protected":false},"excerpt":{"rendered":"<p>KYOKUSHIN. Under dagen avgjordes EM i Partille Arena i G\u00f6teborg. T\u00e4vlingarna i kata var f\u00f6rst ut och d\u00e4r blev det en svensk bronspeng.<br \/><br>\u2013 Det k\u00e4nns fantastiskt kul! Jag k\u00e4nde mig laddad idag och allt st\u00e4mde bra, s\u00e4ger Andreas Tampe till budokampsport.se<\/p><br>","protected":false},"author":120,"featured_media":151968,"comment_status":"closed","ping_status":"closed","sticky":false,"template":"","format":"standard","meta":{"_acf_changed":false,"footnotes":""},"categories":[451],"tags":[],"class_list":["post-151964","post","type-post","status-publish","format-standard","has-post-thumbnail","hentry","category-elit"],"acf":[],"yoast_head":"<!-- This site is optimized with the Yoast SEO plugin v26.8 - https:\/\/yoast.com\/product\/yoast-seo-wordpress\/ -->\n<title>EM-brons till Andreas Tampe - Svenska Budo &amp; Kampsportsf\u00f6rbundet<\/title>\n<meta name=\"description\" content=\"KYOKUSHIN. Under dagen avgjordes EM i Partille Arena i G\u00f6teborg. T\u00e4vlingarna i kata var f\u00f6rst ut och d\u00e4r blev det en svensk bronspeng. \u2013 Det k\u00e4nns fantastiskt kul! Jag k\u00e4nde mig laddad idag och allt st\u00e4mde bra, s\u00e4ger Andreas Tampe till budokampsport.se\" \/>\n<meta name=\"robots\" content=\"index, follow, max-snippet:-1, max-image-preview:large, max-video-preview:-1\" \/>\n<link rel=\"canonical\" href=\"https:\/\/www.budokampsport.se\/2023\/04\/01\/em-brons-till-andreas-tampe\/\" \/>\n<meta property=\"og:locale\" content=\"sv_SE\" \/>\n<meta property=\"og:type\" content=\"article\" \/>\n<meta property=\"og:title\" content=\"EM-brons till Andreas Tampe - Svenska Budo &amp; Kampsportsf\u00f6rbundet\" \/>\n<meta property=\"og:description\" content=\"KYOKUSHIN. Under dagen avgjordes EM i Partille Arena i G\u00f6teborg. T\u00e4vlingarna i kata var f\u00f6rst ut och d\u00e4r blev det en svensk bronspeng. \u2013 Det k\u00e4nns fantastiskt kul! Jag k\u00e4nde mig laddad idag och allt st\u00e4mde bra, s\u00e4ger Andreas Tampe till budokampsport.se\" \/>\n<meta property=\"og:url\" content=\"https:\/\/www.budokampsport.se\/2023\/04\/01\/em-brons-till-andreas-tampe\/\" \/>\n<meta property=\"og:site_name\" content=\"Svenska Budo &amp; Kampsportsf\u00f6rbundet\" \/>\n<meta property=\"article:published_time\" content=\"2023-04-01T17:55:51+00:00\" \/>\n<meta property=\"og:image\" content=\"https:\/\/www.budokampsport.se\/wp-content\/uploads\/2023\/03\/Andreas-Tampe.jpg\" \/>\n\t<meta property=\"og:image:width\" content=\"850\" \/>\n\t<meta property=\"og:image:height\" content=\"567\" \/>\n\t<meta property=\"og:image:type\" content=\"image\/jpeg\" \/>\n<meta name=\"author\" content=\"Annie Carriage\" \/>\n<meta name=\"twitter:card\" content=\"summary_large_image\" \/>\n<meta name=\"twitter:label1\" content=\"Skriven av\" \/>\n\t<meta name=\"twitter:data1\" content=\"Annie Carriage\" \/>\n\t<meta name=\"twitter:label2\" content=\"Ber\u00e4knad l\u00e4stid\" \/>\n\t<meta name=\"twitter:data2\" content=\"3 minuter\" \/>\n<script type=\"application\/ld+json\" class=\"yoast-schema-graph\">{\"@context\":\"https:\/\/schema.org\",\"@graph\":[{\"@type\":\"Article\",\"@id\":\"https:\/\/www.budokampsport.se\/2023\/04\/01\/em-brons-till-andreas-tampe\/#article\",\"isPartOf\":{\"@id\":\"https:\/\/www.budokampsport.se\/2023\/04\/01\/em-brons-till-andreas-tampe\/\"},\"author\":{\"name\":\"Annie Carriage\",\"@id\":\"https:\/\/www.budokampsport.se\/#\/schema\/person\/c838cace8171f692e363fde3f38f208b\"},\"headline\":\"EM-brons till Andreas Tampe\",\"datePublished\":\"2023-04-01T17:55:51+00:00\",\"mainEntityOfPage\":{\"@id\":\"https:\/\/www.budokampsport.se\/2023\/04\/01\/em-brons-till-andreas-tampe\/\"},\"wordCount\":452,\"image\":{\"@id\":\"https:\/\/www.budokampsport.se\/2023\/04\/01\/em-brons-till-andreas-tampe\/#primaryimage\"},\"thumbnailUrl\":\"https:\/\/www.budokampsport.se\/wp-content\/uploads\/2023\/03\/Andreas-Tampe.jpg\",\"articleSection\":[\"Elit\"],\"inLanguage\":\"sv-SE\"},{\"@type\":\"WebPage\",\"@id\":\"https:\/\/www.budokampsport.se\/2023\/04\/01\/em-brons-till-andreas-tampe\/\",\"url\":\"https:\/\/www.budokampsport.se\/2023\/04\/01\/em-brons-till-andreas-tampe\/\",\"name\":\"EM-brons till Andreas Tampe - Svenska Budo &amp; Kampsportsf\u00f6rbundet\",\"isPartOf\":{\"@id\":\"https:\/\/www.budokampsport.se\/#website\"},\"primaryImageOfPage\":{\"@id\":\"https:\/\/www.budokampsport.se\/2023\/04\/01\/em-brons-till-andreas-tampe\/#primaryimage\"},\"image\":{\"@id\":\"https:\/\/www.budokampsport.se\/2023\/04\/01\/em-brons-till-andreas-tampe\/#primaryimage\"},\"thumbnailUrl\":\"https:\/\/www.budokampsport.se\/wp-content\/uploads\/2023\/03\/Andreas-Tampe.jpg\",\"datePublished\":\"2023-04-01T17:55:51+00:00\",\"author\":{\"@id\":\"https:\/\/www.budokampsport.se\/#\/schema\/person\/c838cace8171f692e363fde3f38f208b\"},\"description\":\"KYOKUSHIN. Under dagen avgjordes EM i Partille Arena i G\u00f6teborg. T\u00e4vlingarna i kata var f\u00f6rst ut och d\u00e4r blev det en svensk bronspeng. \u2013 Det k\u00e4nns fantastiskt kul! Jag k\u00e4nde mig laddad idag och allt st\u00e4mde bra, s\u00e4ger Andreas Tampe till budokampsport.se\",\"breadcrumb\":{\"@id\":\"https:\/\/www.budokampsport.se\/2023\/04\/01\/em-brons-till-andreas-tampe\/#breadcrumb\"},\"inLanguage\":\"sv-SE\",\"potentialAction\":[{\"@type\":\"ReadAction\",\"target\":[\"https:\/\/www.budokampsport.se\/2023\/04\/01\/em-brons-till-andreas-tampe\/\"]}]},{\"@type\":\"ImageObject\",\"inLanguage\":\"sv-SE\",\"@id\":\"https:\/\/www.budokampsport.se\/2023\/04\/01\/em-brons-till-andreas-tampe\/#primaryimage\",\"url\":\"https:\/\/www.budokampsport.se\/wp-content\/uploads\/2023\/03\/Andreas-Tampe.jpg\",\"contentUrl\":\"https:\/\/www.budokampsport.se\/wp-content\/uploads\/2023\/03\/Andreas-Tampe.jpg\",\"width\":850,\"height\":567,\"caption\":\"Foto: Annie Bondefelt\"},{\"@type\":\"BreadcrumbList\",\"@id\":\"https:\/\/www.budokampsport.se\/2023\/04\/01\/em-brons-till-andreas-tampe\/#breadcrumb\",\"itemListElement\":[{\"@type\":\"ListItem\",\"position\":1,\"name\":\"Hem\",\"item\":\"https:\/\/www.budokampsport.se\/\"},{\"@type\":\"ListItem\",\"position\":2,\"name\":\"EM-brons till Andreas Tampe\"}]},{\"@type\":\"WebSite\",\"@id\":\"https:\/\/www.budokampsport.se\/#website\",\"url\":\"https:\/\/www.budokampsport.se\/\",\"name\":\"Svenska Budo &amp; Kampsportsf\u00f6rbundet\",\"description\":\"T\u00e4vling, Tr\u00e4ning, Tradition\",\"potentialAction\":[{\"@type\":\"SearchAction\",\"target\":{\"@type\":\"EntryPoint\",\"urlTemplate\":\"https:\/\/www.budokampsport.se\/?s={search_term_string}\"},\"query-input\":{\"@type\":\"PropertyValueSpecification\",\"valueRequired\":true,\"valueName\":\"search_term_string\"}}],\"inLanguage\":\"sv-SE\"},{\"@type\":\"Person\",\"@id\":\"https:\/\/www.budokampsport.se\/#\/schema\/person\/c838cace8171f692e363fde3f38f208b\",\"name\":\"Annie Carriage\",\"image\":{\"@type\":\"ImageObject\",\"inLanguage\":\"sv-SE\",\"@id\":\"https:\/\/www.budokampsport.se\/#\/schema\/person\/image\/\",\"url\":\"https:\/\/secure.gravatar.com\/avatar\/9311295560bdfbdf78365a26f7df1876?s=96&d=blank&r=g\",\"contentUrl\":\"https:\/\/secure.gravatar.com\/avatar\/9311295560bdfbdf78365a26f7df1876?s=96&d=blank&r=g\",\"caption\":\"Annie Carriage\"},\"url\":\"https:\/\/www.budokampsport.se\/author\/annie-bondefelt\/\"}]}<\/script>\n<!-- \/ Yoast SEO plugin. -->","yoast_head_json":{"title":"EM-brons till Andreas Tampe - Svenska Budo &amp; Kampsportsf\u00f6rbundet","description":"KYOKUSHIN. Under dagen avgjordes EM i Partille Arena i G\u00f6teborg. T\u00e4vlingarna i kata var f\u00f6rst ut och d\u00e4r blev det en svensk bronspeng. \u2013 Det k\u00e4nns fantastiskt kul! Jag k\u00e4nde mig laddad idag och allt st\u00e4mde bra, s\u00e4ger Andreas Tampe till budokampsport.se","robots":{"index":"index","follow":"follow","max-snippet":"max-snippet:-1","max-image-preview":"max-image-preview:large","max-video-preview":"max-video-preview:-1"},"canonical":"https:\/\/www.budokampsport.se\/2023\/04\/01\/em-brons-till-andreas-tampe\/","og_locale":"sv_SE","og_type":"article","og_title":"EM-brons till Andreas Tampe - Svenska Budo &amp; Kampsportsf\u00f6rbundet","og_description":"KYOKUSHIN. Under dagen avgjordes EM i Partille Arena i G\u00f6teborg. T\u00e4vlingarna i kata var f\u00f6rst ut och d\u00e4r blev det en svensk bronspeng. \u2013 Det k\u00e4nns fantastiskt kul! Jag k\u00e4nde mig laddad idag och allt st\u00e4mde bra, s\u00e4ger Andreas Tampe till budokampsport.se","og_url":"https:\/\/www.budokampsport.se\/2023\/04\/01\/em-brons-till-andreas-tampe\/","og_site_name":"Svenska Budo &amp; Kampsportsf\u00f6rbundet","article_published_time":"2023-04-01T17:55:51+00:00","og_image":[{"width":850,"height":567,"url":"https:\/\/www.budokampsport.se\/wp-content\/uploads\/2023\/03\/Andreas-Tampe.jpg","type":"image\/jpeg"}],"author":"Annie Carriage","twitter_card":"summary_large_image","twitter_misc":{"Skriven av":"Annie Carriage","Ber\u00e4knad l\u00e4stid":"3 minuter"},"schema":{"@context":"https:\/\/schema.org","@graph":[{"@type":"Article","@id":"https:\/\/www.budokampsport.se\/2023\/04\/01\/em-brons-till-andreas-tampe\/#article","isPartOf":{"@id":"https:\/\/www.budokampsport.se\/2023\/04\/01\/em-brons-till-andreas-tampe\/"},"author":{"name":"Annie Carriage","@id":"https:\/\/www.budokampsport.se\/#\/schema\/person\/c838cace8171f692e363fde3f38f208b"},"headline":"EM-brons till Andreas Tampe","datePublished":"2023-04-01T17:55:51+00:00","mainEntityOfPage":{"@id":"https:\/\/www.budokampsport.se\/2023\/04\/01\/em-brons-till-andreas-tampe\/"},"wordCount":452,"image":{"@id":"https:\/\/www.budokampsport.se\/2023\/04\/01\/em-brons-till-andreas-tampe\/#primaryimage"},"thumbnailUrl":"https:\/\/www.budokampsport.se\/wp-content\/uploads\/2023\/03\/Andreas-Tampe.jpg","articleSection":["Elit"],"inLanguage":"sv-SE"},{"@type":"WebPage","@id":"https:\/\/www.budokampsport.se\/2023\/04\/01\/em-brons-till-andreas-tampe\/","url":"https:\/\/www.budokampsport.se\/2023\/04\/01\/em-brons-till-andreas-tampe\/","name":"EM-brons till Andreas Tampe - Svenska Budo &amp; Kampsportsf\u00f6rbundet","isPartOf":{"@id":"https:\/\/www.budokampsport.se\/#website"},"primaryImageOfPage":{"@id":"https:\/\/www.budokampsport.se\/2023\/04\/01\/em-brons-till-andreas-tampe\/#primaryimage"},"image":{"@id":"https:\/\/www.budokampsport.se\/2023\/04\/01\/em-brons-till-andreas-tampe\/#primaryimage"},"thumbnailUrl":"https:\/\/www.budokampsport.se\/wp-content\/uploads\/2023\/03\/Andreas-Tampe.jpg","datePublished":"2023-04-01T17:55:51+00:00","author":{"@id":"https:\/\/www.budokampsport.se\/#\/schema\/person\/c838cace8171f692e363fde3f38f208b"},"description":"KYOKUSHIN. Under dagen avgjordes EM i Partille Arena i G\u00f6teborg. T\u00e4vlingarna i kata var f\u00f6rst ut och d\u00e4r blev det en svensk bronspeng. \u2013 Det k\u00e4nns fantastiskt kul! Jag k\u00e4nde mig laddad idag och allt st\u00e4mde bra, s\u00e4ger Andreas Tampe till budokampsport.se","breadcrumb":{"@id":"https:\/\/www.budokampsport.se\/2023\/04\/01\/em-brons-till-andreas-tampe\/#breadcrumb"},"inLanguage":"sv-SE","potentialAction":[{"@type":"ReadAction","target":["https:\/\/www.budokampsport.se\/2023\/04\/01\/em-brons-till-andreas-tampe\/"]}]},{"@type":"ImageObject","inLanguage":"sv-SE","@id":"https:\/\/www.budokampsport.se\/2023\/04\/01\/em-brons-till-andreas-tampe\/#primaryimage","url":"https:\/\/www.budokampsport.se\/wp-content\/uploads\/2023\/03\/Andreas-Tampe.jpg","contentUrl":"https:\/\/www.budokampsport.se\/wp-content\/uploads\/2023\/03\/Andreas-Tampe.jpg","width":850,"height":567,"caption":"Foto: Annie Bondefelt"},{"@type":"BreadcrumbList","@id":"https:\/\/www.budokampsport.se\/2023\/04\/01\/em-brons-till-andreas-tampe\/#breadcrumb","itemListElement":[{"@type":"ListItem","position":1,"name":"Hem","item":"https:\/\/www.budokampsport.se\/"},{"@type":"ListItem","position":2,"name":"EM-brons till Andreas Tampe"}]},{"@type":"WebSite","@id":"https:\/\/www.budokampsport.se\/#website","url":"https:\/\/www.budokampsport.se\/","name":"Svenska Budo &amp; Kampsportsf\u00f6rbundet","description":"T\u00e4vling, Tr\u00e4ning, Tradition","potentialAction":[{"@type":"SearchAction","target":{"@type":"EntryPoint","urlTemplate":"https:\/\/www.budokampsport.se\/?s={search_term_string}"},"query-input":{"@type":"PropertyValueSpecification","valueRequired":true,"valueName":"search_term_string"}}],"inLanguage":"sv-SE"},{"@type":"Person","@id":"https:\/\/www.budokampsport.se\/#\/schema\/person\/c838cace8171f692e363fde3f38f208b","name":"Annie Carriage","image":{"@type":"ImageObject","inLanguage":"sv-SE","@id":"https:\/\/www.budokampsport.se\/#\/schema\/person\/image\/","url":"https:\/\/secure.gravatar.com\/avatar\/9311295560bdfbdf78365a26f7df1876?s=96&d=blank&r=g","contentUrl":"https:\/\/secure.gravatar.com\/avatar\/9311295560bdfbdf78365a26f7df1876?s=96&d=blank&r=g","caption":"Annie Carriage"},"url":"https:\/\/www.budokampsport.se\/author\/annie-bondefelt\/"}]}},"_links":{"self":[{"href":"https:\/\/www.budokampsport.se\/api\/wp\/v2\/posts\/151964","targetHints":{"allow":["GET"]}}],"collection":[{"href":"https:\/\/www.budokampsport.se\/api\/wp\/v2\/posts"}],"about":[{"href":"https:\/\/www.budokampsport.se\/api\/wp\/v2\/types\/post"}],"author":[{"embeddable":true,"href":"https:\/\/www.budokampsport.se\/api\/wp\/v2\/users\/120"}],"replies":[{"embeddable":true,"href":"https:\/\/www.budokampsport.se\/api\/wp\/v2\/comments?post=151964"}],"version-history":[{"count":0,"href":"https:\/\/www.budokampsport.se\/api\/wp\/v2\/posts\/151964\/revisions"}],"wp:featuredmedia":[{"embeddable":true,"href":"https:\/\/www.budokampsport.se\/api\/wp\/v2\/media\/151968"}],"wp:attachment":[{"href":"https:\/\/www.budokampsport.se\/api\/wp\/v2\/media?parent=151964"}],"wp:term":[{"taxonomy":"category","embeddable":true,"href":"https:\/\/www.budokampsport.se\/api\/wp\/v2\/categories?post=151964"},{"taxonomy":"post_tag","embeddable":true,"href":"https:\/\/www.budokampsport.se\/api\/wp\/v2\/tags?post=151964"}],"curies":[{"name":"wp","href":"https:\/\/api.w.org\/{rel}","templated":true}]}}