{"id":152389,"date":"2023-04-14T15:30:39","date_gmt":"2023-04-14T13:30:39","guid":{"rendered":"https:\/\/www.budokampsport.se\/?p=152389"},"modified":"2023-04-14T15:42:19","modified_gmt":"2023-04-14T13:42:19","slug":"soka-medlemskap","status":"publish","type":"post","link":"https:\/\/www.budokampsport.se\/2023\/04\/14\/soka-medlemskap\/","title":{"rendered":"S\u00f6ka medlemskap"},"content":{"rendered":"<p><span class=\"TextRun SCXW122227163 BCX0\" lang=\"SV-SE\" xml:lang=\"SV-SE\" data-contrast=\"none\"><span class=\"NormalTextRun SCXW122227163 BCX0\"><span class=\"TextRun SCXW23332461 BCX0\" lang=\"SV-SE\" xml:lang=\"SV-SE\" data-contrast=\"none\"><span class=\"NormalTextRun SCXW23332461 BCX0\">En idrottsf\u00f6rening som bedriver en eller flera idrotter anslutna till SB&amp;K kan ans\u00f6ka om medlemskap i f\u00f6rbundet.\u00a0<\/span><\/span><\/span><\/span><\/p>\n<p><span class=\"TextRun SCXW122227163 BCX0\" lang=\"SV-SE\" xml:lang=\"SV-SE\" data-contrast=\"none\"><span class=\"NormalTextRun SCXW122227163 BCX0\">Information om hur ans\u00f6kan g\u00f6rs, vad ans\u00f6kan ska inneh\u00e5lla och hur a<\/span><\/span>ns\u00f6kningsprocessen ser ut finns beskrivet p\u00e5 <a href=\"https:\/\/www.budokampsport.se\/forening\/\">F\u00f6rening<\/a> \u203a <a href=\"https:\/\/www.budokampsport.se\/forening\/medlemskap\/\" target=\"_blank\" rel=\"noopener\">Medlemskap<\/a> \u203a <strong><a href=\"https:\/\/www.budokampsport.se\/forening\/ansokningsprocessen\/\" target=\"_blank\" rel=\"noopener\">Ans\u00f6kningsprocess f\u00f6r medlemskap<\/a> <\/strong><\/p>\n<p><span class=\"TextRun SCXW122227163 BCX0\" lang=\"SV-SE\" xml:lang=\"SV-SE\" data-contrast=\"none\"><span class=\"NormalTextRun SCXW122227163 BCX0\"><span class=\"EOP SCXW23332461 BCX0\" data-ccp-props=\"{&quot;201341983&quot;:0,&quot;335559739&quot;:160,&quot;335559740&quot;:259}\">F<\/span><\/span><\/span><span class=\"TextRun SCXW122227163 BCX0\" lang=\"SV-SE\" xml:lang=\"SV-SE\" data-contrast=\"none\"><span class=\"NormalTextRun SCXW122227163 BCX0\">\u00f6rening som redan \u00e4r medlem i SB&amp;K och \u00f6nskar ansluta till ytterligare en eller flera av <\/span><\/span><span class=\"SpellingError SCXW122227163 BCX0\">f\u00f6rbundets idrotter <\/span><span class=\"NormalTextRun SCXW122227163 BCX0\"><a href=\"https:\/\/www.budokampsport.se\/forening\/laggtillidrott\/\" target=\"_blank\" rel=\"noopener\">l\u00e4ser h\u00e4r<\/a>.<\/span><\/p>\n<p>&nbsp;<\/p>\n","protected":false},"excerpt":{"rendered":"<p>F\u00d6RENING. P\u00e5 f\u00f6reningssidorna har vi samlat information som riktar sig till f\u00f6reningar som \u00e4r eller vill bli medlemmar i Svenska Budo &#038; Kampsportsf\u00f6rbundet. (Foto: Simon Hasteg\u00e5rd\/Bildbyr\u00e5n.)<\/p><br>","protected":false},"author":1195,"featured_media":152390,"comment_status":"closed","ping_status":"closed","sticky":false,"template":"","format":"standard","meta":{"_acf_changed":false,"footnotes":""},"categories":[481],"tags":[],"class_list":["post-152389","post","type-post","status-publish","format-standard","has-post-thumbnail","hentry","category-forening"],"acf":[],"yoast_head":"<!-- This site is optimized with the Yoast SEO plugin v26.8 - https:\/\/yoast.com\/product\/yoast-seo-wordpress\/ -->\n<title>S\u00f6ka medlemskap - Svenska Budo &amp; Kampsportsf\u00f6rbundet<\/title>\n<meta name=\"description\" content=\"F\u00d6RENING. P\u00e5 f\u00f6reningssidorna har vi samlat information som riktar sig till f\u00f6reningar som \u00e4r eller vill bli medlemmar i Svenska Budo &amp; Kampsportsf\u00f6rbundet. (Foto: Simon Hasteg\u00e5rd\/Bildbyr\u00e5n.)\" \/>\n<meta name=\"robots\" content=\"index, follow, max-snippet:-1, max-image-preview:large, max-video-preview:-1\" \/>\n<link rel=\"canonical\" href=\"https:\/\/www.budokampsport.se\/2023\/04\/14\/soka-medlemskap\/\" \/>\n<meta property=\"og:locale\" content=\"sv_SE\" \/>\n<meta property=\"og:type\" content=\"article\" \/>\n<meta property=\"og:title\" content=\"S\u00f6ka medlemskap - Svenska Budo &amp; Kampsportsf\u00f6rbundet\" \/>\n<meta property=\"og:description\" content=\"F\u00d6RENING. P\u00e5 f\u00f6reningssidorna har vi samlat information som riktar sig till f\u00f6reningar som \u00e4r eller vill bli medlemmar i Svenska Budo &amp; Kampsportsf\u00f6rbundet. (Foto: Simon Hasteg\u00e5rd\/Bildbyr\u00e5n.)\" \/>\n<meta property=\"og:url\" content=\"https:\/\/www.budokampsport.se\/2023\/04\/14\/soka-medlemskap\/\" \/>\n<meta property=\"og:site_name\" content=\"Svenska Budo &amp; Kampsportsf\u00f6rbundet\" \/>\n<meta property=\"article:published_time\" content=\"2023-04-14T13:30:39+00:00\" \/>\n<meta property=\"article:modified_time\" content=\"2023-04-14T13:42:19+00:00\" \/>\n<meta property=\"og:image\" content=\"https:\/\/www.budokampsport.se\/wp-content\/uploads\/2023\/04\/BB130515BB674-scaled.jpg\" \/>\n\t<meta property=\"og:image:width\" content=\"2560\" \/>\n\t<meta property=\"og:image:height\" content=\"1837\" \/>\n\t<meta property=\"og:image:type\" content=\"image\/jpeg\" \/>\n<meta name=\"author\" content=\"Kansliet\" \/>\n<meta name=\"twitter:card\" content=\"summary_large_image\" \/>\n<meta name=\"twitter:label1\" content=\"Skriven av\" \/>\n\t<meta name=\"twitter:data1\" content=\"Kansliet\" \/>\n\t<meta name=\"twitter:label2\" content=\"Ber\u00e4knad l\u00e4stid\" \/>\n\t<meta name=\"twitter:data2\" content=\"1 minut\" \/>\n<script type=\"application\/ld+json\" class=\"yoast-schema-graph\">{\"@context\":\"https:\/\/schema.org\",\"@graph\":[{\"@type\":\"Article\",\"@id\":\"https:\/\/www.budokampsport.se\/2023\/04\/14\/soka-medlemskap\/#article\",\"isPartOf\":{\"@id\":\"https:\/\/www.budokampsport.se\/2023\/04\/14\/soka-medlemskap\/\"},\"author\":{\"name\":\"Kansliet\",\"@id\":\"https:\/\/www.budokampsport.se\/#\/schema\/person\/4879786a5505c6e8fc3f5d619a753c3e\"},\"headline\":\"S\u00f6ka medlemskap\",\"datePublished\":\"2023-04-14T13:30:39+00:00\",\"dateModified\":\"2023-04-14T13:42:19+00:00\",\"mainEntityOfPage\":{\"@id\":\"https:\/\/www.budokampsport.se\/2023\/04\/14\/soka-medlemskap\/\"},\"wordCount\":83,\"image\":{\"@id\":\"https:\/\/www.budokampsport.se\/2023\/04\/14\/soka-medlemskap\/#primaryimage\"},\"thumbnailUrl\":\"https:\/\/www.budokampsport.se\/wp-content\/uploads\/2023\/04\/BB130515BB674-scaled.jpg\",\"articleSection\":[\"F\u00f6rening\"],\"inLanguage\":\"sv-SE\"},{\"@type\":\"WebPage\",\"@id\":\"https:\/\/www.budokampsport.se\/2023\/04\/14\/soka-medlemskap\/\",\"url\":\"https:\/\/www.budokampsport.se\/2023\/04\/14\/soka-medlemskap\/\",\"name\":\"S\u00f6ka medlemskap - Svenska Budo &amp; Kampsportsf\u00f6rbundet\",\"isPartOf\":{\"@id\":\"https:\/\/www.budokampsport.se\/#website\"},\"primaryImageOfPage\":{\"@id\":\"https:\/\/www.budokampsport.se\/2023\/04\/14\/soka-medlemskap\/#primaryimage\"},\"image\":{\"@id\":\"https:\/\/www.budokampsport.se\/2023\/04\/14\/soka-medlemskap\/#primaryimage\"},\"thumbnailUrl\":\"https:\/\/www.budokampsport.se\/wp-content\/uploads\/2023\/04\/BB130515BB674-scaled.jpg\",\"datePublished\":\"2023-04-14T13:30:39+00:00\",\"dateModified\":\"2023-04-14T13:42:19+00:00\",\"author\":{\"@id\":\"https:\/\/www.budokampsport.se\/#\/schema\/person\/4879786a5505c6e8fc3f5d619a753c3e\"},\"description\":\"F\u00d6RENING. P\u00e5 f\u00f6reningssidorna har vi samlat information som riktar sig till f\u00f6reningar som \u00e4r eller vill bli medlemmar i Svenska Budo & Kampsportsf\u00f6rbundet. (Foto: Simon Hasteg\u00e5rd\/Bildbyr\u00e5n.)\",\"breadcrumb\":{\"@id\":\"https:\/\/www.budokampsport.se\/2023\/04\/14\/soka-medlemskap\/#breadcrumb\"},\"inLanguage\":\"sv-SE\",\"potentialAction\":[{\"@type\":\"ReadAction\",\"target\":[\"https:\/\/www.budokampsport.se\/2023\/04\/14\/soka-medlemskap\/\"]}]},{\"@type\":\"ImageObject\",\"inLanguage\":\"sv-SE\",\"@id\":\"https:\/\/www.budokampsport.se\/2023\/04\/14\/soka-medlemskap\/#primaryimage\",\"url\":\"https:\/\/www.budokampsport.se\/wp-content\/uploads\/2023\/04\/BB130515BB674-scaled.jpg\",\"contentUrl\":\"https:\/\/www.budokampsport.se\/wp-content\/uploads\/2023\/04\/BB130515BB674-scaled.jpg\",\"width\":2560,\"height\":1837,\"caption\":\"130515 Capoeira, tr\u00e4ning, Malm\u00f6: Tv\u00e5 pojkar utmanar varandra inf\u00f6r resten av deltagarna. \u00a9 Bildbyr\u00e5n - 134098 - Foto: Simon Hasteg\u00e5rd \/ Bildbyr\u00e5n\"},{\"@type\":\"BreadcrumbList\",\"@id\":\"https:\/\/www.budokampsport.se\/2023\/04\/14\/soka-medlemskap\/#breadcrumb\",\"itemListElement\":[{\"@type\":\"ListItem\",\"position\":1,\"name\":\"Hem\",\"item\":\"https:\/\/www.budokampsport.se\/\"},{\"@type\":\"ListItem\",\"position\":2,\"name\":\"S\u00f6ka medlemskap\"}]},{\"@type\":\"WebSite\",\"@id\":\"https:\/\/www.budokampsport.se\/#website\",\"url\":\"https:\/\/www.budokampsport.se\/\",\"name\":\"Svenska Budo &amp; Kampsportsf\u00f6rbundet\",\"description\":\"T\u00e4vling, Tr\u00e4ning, Tradition\",\"potentialAction\":[{\"@type\":\"SearchAction\",\"target\":{\"@type\":\"EntryPoint\",\"urlTemplate\":\"https:\/\/www.budokampsport.se\/?s={search_term_string}\"},\"query-input\":{\"@type\":\"PropertyValueSpecification\",\"valueRequired\":true,\"valueName\":\"search_term_string\"}}],\"inLanguage\":\"sv-SE\"},{\"@type\":\"Person\",\"@id\":\"https:\/\/www.budokampsport.se\/#\/schema\/person\/4879786a5505c6e8fc3f5d619a753c3e\",\"name\":\"Kansliet\",\"image\":{\"@type\":\"ImageObject\",\"inLanguage\":\"sv-SE\",\"@id\":\"https:\/\/www.budokampsport.se\/#\/schema\/person\/image\/\",\"url\":\"https:\/\/secure.gravatar.com\/avatar\/14cbc5bb355f5ca0b294dcf8d8981cf4?s=96&d=blank&r=g\",\"contentUrl\":\"https:\/\/secure.gravatar.com\/avatar\/14cbc5bb355f5ca0b294dcf8d8981cf4?s=96&d=blank&r=g\",\"caption\":\"Kansliet\"},\"url\":\"https:\/\/www.budokampsport.se\/author\/kansliet\/\"}]}<\/script>\n<!-- \/ Yoast SEO plugin. -->","yoast_head_json":{"title":"S\u00f6ka medlemskap - Svenska Budo &amp; Kampsportsf\u00f6rbundet","description":"F\u00d6RENING. P\u00e5 f\u00f6reningssidorna har vi samlat information som riktar sig till f\u00f6reningar som \u00e4r eller vill bli medlemmar i Svenska Budo & Kampsportsf\u00f6rbundet. (Foto: Simon Hasteg\u00e5rd\/Bildbyr\u00e5n.)","robots":{"index":"index","follow":"follow","max-snippet":"max-snippet:-1","max-image-preview":"max-image-preview:large","max-video-preview":"max-video-preview:-1"},"canonical":"https:\/\/www.budokampsport.se\/2023\/04\/14\/soka-medlemskap\/","og_locale":"sv_SE","og_type":"article","og_title":"S\u00f6ka medlemskap - Svenska Budo &amp; Kampsportsf\u00f6rbundet","og_description":"F\u00d6RENING. P\u00e5 f\u00f6reningssidorna har vi samlat information som riktar sig till f\u00f6reningar som \u00e4r eller vill bli medlemmar i Svenska Budo & Kampsportsf\u00f6rbundet. (Foto: Simon Hasteg\u00e5rd\/Bildbyr\u00e5n.)","og_url":"https:\/\/www.budokampsport.se\/2023\/04\/14\/soka-medlemskap\/","og_site_name":"Svenska Budo &amp; Kampsportsf\u00f6rbundet","article_published_time":"2023-04-14T13:30:39+00:00","article_modified_time":"2023-04-14T13:42:19+00:00","og_image":[{"width":2560,"height":1837,"url":"https:\/\/www.budokampsport.se\/wp-content\/uploads\/2023\/04\/BB130515BB674-scaled.jpg","type":"image\/jpeg"}],"author":"Kansliet","twitter_card":"summary_large_image","twitter_misc":{"Skriven av":"Kansliet","Ber\u00e4knad l\u00e4stid":"1 minut"},"schema":{"@context":"https:\/\/schema.org","@graph":[{"@type":"Article","@id":"https:\/\/www.budokampsport.se\/2023\/04\/14\/soka-medlemskap\/#article","isPartOf":{"@id":"https:\/\/www.budokampsport.se\/2023\/04\/14\/soka-medlemskap\/"},"author":{"name":"Kansliet","@id":"https:\/\/www.budokampsport.se\/#\/schema\/person\/4879786a5505c6e8fc3f5d619a753c3e"},"headline":"S\u00f6ka medlemskap","datePublished":"2023-04-14T13:30:39+00:00","dateModified":"2023-04-14T13:42:19+00:00","mainEntityOfPage":{"@id":"https:\/\/www.budokampsport.se\/2023\/04\/14\/soka-medlemskap\/"},"wordCount":83,"image":{"@id":"https:\/\/www.budokampsport.se\/2023\/04\/14\/soka-medlemskap\/#primaryimage"},"thumbnailUrl":"https:\/\/www.budokampsport.se\/wp-content\/uploads\/2023\/04\/BB130515BB674-scaled.jpg","articleSection":["F\u00f6rening"],"inLanguage":"sv-SE"},{"@type":"WebPage","@id":"https:\/\/www.budokampsport.se\/2023\/04\/14\/soka-medlemskap\/","url":"https:\/\/www.budokampsport.se\/2023\/04\/14\/soka-medlemskap\/","name":"S\u00f6ka medlemskap - Svenska Budo &amp; Kampsportsf\u00f6rbundet","isPartOf":{"@id":"https:\/\/www.budokampsport.se\/#website"},"primaryImageOfPage":{"@id":"https:\/\/www.budokampsport.se\/2023\/04\/14\/soka-medlemskap\/#primaryimage"},"image":{"@id":"https:\/\/www.budokampsport.se\/2023\/04\/14\/soka-medlemskap\/#primaryimage"},"thumbnailUrl":"https:\/\/www.budokampsport.se\/wp-content\/uploads\/2023\/04\/BB130515BB674-scaled.jpg","datePublished":"2023-04-14T13:30:39+00:00","dateModified":"2023-04-14T13:42:19+00:00","author":{"@id":"https:\/\/www.budokampsport.se\/#\/schema\/person\/4879786a5505c6e8fc3f5d619a753c3e"},"description":"F\u00d6RENING. P\u00e5 f\u00f6reningssidorna har vi samlat information som riktar sig till f\u00f6reningar som \u00e4r eller vill bli medlemmar i Svenska Budo & Kampsportsf\u00f6rbundet. (Foto: Simon Hasteg\u00e5rd\/Bildbyr\u00e5n.)","breadcrumb":{"@id":"https:\/\/www.budokampsport.se\/2023\/04\/14\/soka-medlemskap\/#breadcrumb"},"inLanguage":"sv-SE","potentialAction":[{"@type":"ReadAction","target":["https:\/\/www.budokampsport.se\/2023\/04\/14\/soka-medlemskap\/"]}]},{"@type":"ImageObject","inLanguage":"sv-SE","@id":"https:\/\/www.budokampsport.se\/2023\/04\/14\/soka-medlemskap\/#primaryimage","url":"https:\/\/www.budokampsport.se\/wp-content\/uploads\/2023\/04\/BB130515BB674-scaled.jpg","contentUrl":"https:\/\/www.budokampsport.se\/wp-content\/uploads\/2023\/04\/BB130515BB674-scaled.jpg","width":2560,"height":1837,"caption":"130515 Capoeira, tr\u00e4ning, Malm\u00f6: Tv\u00e5 pojkar utmanar varandra inf\u00f6r resten av deltagarna. \u00a9 Bildbyr\u00e5n - 134098 - Foto: Simon Hasteg\u00e5rd \/ Bildbyr\u00e5n"},{"@type":"BreadcrumbList","@id":"https:\/\/www.budokampsport.se\/2023\/04\/14\/soka-medlemskap\/#breadcrumb","itemListElement":[{"@type":"ListItem","position":1,"name":"Hem","item":"https:\/\/www.budokampsport.se\/"},{"@type":"ListItem","position":2,"name":"S\u00f6ka medlemskap"}]},{"@type":"WebSite","@id":"https:\/\/www.budokampsport.se\/#website","url":"https:\/\/www.budokampsport.se\/","name":"Svenska Budo &amp; Kampsportsf\u00f6rbundet","description":"T\u00e4vling, Tr\u00e4ning, Tradition","potentialAction":[{"@type":"SearchAction","target":{"@type":"EntryPoint","urlTemplate":"https:\/\/www.budokampsport.se\/?s={search_term_string}"},"query-input":{"@type":"PropertyValueSpecification","valueRequired":true,"valueName":"search_term_string"}}],"inLanguage":"sv-SE"},{"@type":"Person","@id":"https:\/\/www.budokampsport.se\/#\/schema\/person\/4879786a5505c6e8fc3f5d619a753c3e","name":"Kansliet","image":{"@type":"ImageObject","inLanguage":"sv-SE","@id":"https:\/\/www.budokampsport.se\/#\/schema\/person\/image\/","url":"https:\/\/secure.gravatar.com\/avatar\/14cbc5bb355f5ca0b294dcf8d8981cf4?s=96&d=blank&r=g","contentUrl":"https:\/\/secure.gravatar.com\/avatar\/14cbc5bb355f5ca0b294dcf8d8981cf4?s=96&d=blank&r=g","caption":"Kansliet"},"url":"https:\/\/www.budokampsport.se\/author\/kansliet\/"}]}},"_links":{"self":[{"href":"https:\/\/www.budokampsport.se\/api\/wp\/v2\/posts\/152389","targetHints":{"allow":["GET"]}}],"collection":[{"href":"https:\/\/www.budokampsport.se\/api\/wp\/v2\/posts"}],"about":[{"href":"https:\/\/www.budokampsport.se\/api\/wp\/v2\/types\/post"}],"author":[{"embeddable":true,"href":"https:\/\/www.budokampsport.se\/api\/wp\/v2\/users\/1195"}],"replies":[{"embeddable":true,"href":"https:\/\/www.budokampsport.se\/api\/wp\/v2\/comments?post=152389"}],"version-history":[{"count":0,"href":"https:\/\/www.budokampsport.se\/api\/wp\/v2\/posts\/152389\/revisions"}],"wp:featuredmedia":[{"embeddable":true,"href":"https:\/\/www.budokampsport.se\/api\/wp\/v2\/media\/152390"}],"wp:attachment":[{"href":"https:\/\/www.budokampsport.se\/api\/wp\/v2\/media?parent=152389"}],"wp:term":[{"taxonomy":"category","embeddable":true,"href":"https:\/\/www.budokampsport.se\/api\/wp\/v2\/categories?post=152389"},{"taxonomy":"post_tag","embeddable":true,"href":"https:\/\/www.budokampsport.se\/api\/wp\/v2\/tags?post=152389"}],"curies":[{"name":"wp","href":"https:\/\/api.w.org\/{rel}","templated":true}]}}