{"id":152394,"date":"2023-05-15T09:43:54","date_gmt":"2023-05-15T07:43:54","guid":{"rendered":"https:\/\/www.budokampsport.se\/?p=152394"},"modified":"2023-05-15T09:43:54","modified_gmt":"2023-05-15T07:43:54","slug":"foreningsfragor-i-fokus-hos-skanes-budo-kampsportsforbund","status":"publish","type":"post","link":"https:\/\/www.budokampsport.se\/2023\/05\/15\/foreningsfragor-i-fokus-hos-skanes-budo-kampsportsforbund\/","title":{"rendered":"F\u00f6reningsfr\u00e5gor i fokus hos Sk\u00e5nes Budo &#038; Kampsportsf\u00f6rbund"},"content":{"rendered":"<p>Solen str\u00e5lar \u00f6ver det sk\u00e5nska sl\u00e4ttlandskapet och rapsf\u00e4ltens gula lyster \u00e4r p\u00e5 upp\u00e5tg\u00e5ende. Det \u00e4r en tisdag i maj och styrelsen f\u00f6r landets sydligaste distrikt har samlats i Svedala. Ett stenkast fr\u00e5n stationen ligger lokalen som distriktet numera f\u00f6rfogar \u00f6ver och kv\u00e4llens tr\u00e4ff inleds med en gemensam insats f\u00f6r att f\u00e5 in bord och stolar att m\u00f6blera med.<\/p>\n<p>P\u00e5 agendan f\u00f6r styrelsem\u00f6tet finns bland annat en \u00e5terblick p\u00e5 \u00e5rsm\u00f6tet samt behandling av aktuella medlemsans\u00f6kningar fr\u00e5n f\u00f6reningar. Distriktet har flera olika bidrag som f\u00f6reningar kan s\u00f6ka och p\u00e5 m\u00f6tet f\u00f6ljs tidigare beslut upp och detaljerna f\u00f6r <a href=\"https:\/\/budonet.info\/ansokan-om-materialbidrag\/\" target=\"_blank\" rel=\"noopener\">Materialbidraget<\/a> finslipas inf\u00f6r den stundande ans\u00f6kningsperioden (15 maj \u2013 15 juni).<\/p>\n<p>&#8211; Den viktigaste uppgiften distriktet har \u00e4r att st\u00f6dja och hj\u00e4lpa v\u00e5ra medlemsf\u00f6reningar. Det kan vara med ekonomiska bidrag, utl\u00e5ning av mattor och material men \u00e4ven med olika typer av f\u00f6reningsfr\u00e5gor s\u00e4ger Andr\u00e9 Angantyr, ordf\u00f6rande Sk\u00e5nes Budo &amp; Kampsportsf\u00f6rbund.<\/p>\n<figure id=\"attachment_153423\" aria-describedby=\"caption-attachment-153423\" style=\"width: 2560px\" class=\"wp-caption alignnone\"><img loading=\"lazy\" decoding=\"async\" class=\"size-full wp-image-153423\" src=\"https:\/\/www.budokampsport.se\/wp-content\/uploads\/2023\/05\/20230509_sdf_skane_styrelsemote-scaled.jpg\" alt=\"\" width=\"2560\" height=\"1725\" srcset=\"https:\/\/www.budokampsport.se\/wp-content\/uploads\/2023\/05\/20230509_sdf_skane_styrelsemote-scaled.jpg 2560w, https:\/\/www.budokampsport.se\/wp-content\/uploads\/2023\/05\/20230509_sdf_skane_styrelsemote-scaled-600x404.jpg 600w, https:\/\/www.budokampsport.se\/wp-content\/uploads\/2023\/05\/20230509_sdf_skane_styrelsemote-376x253.jpg 376w, https:\/\/www.budokampsport.se\/wp-content\/uploads\/2023\/05\/20230509_sdf_skane_styrelsemote-847x571.jpg 847w, https:\/\/www.budokampsport.se\/wp-content\/uploads\/2023\/05\/20230509_sdf_skane_styrelsemote-278x187.jpg 278w, https:\/\/www.budokampsport.se\/wp-content\/uploads\/2023\/05\/20230509_sdf_skane_styrelsemote-1536x1035.jpg 1536w, https:\/\/www.budokampsport.se\/wp-content\/uploads\/2023\/05\/20230509_sdf_skane_styrelsemote-2048x1380.jpg 2048w, https:\/\/www.budokampsport.se\/wp-content\/uploads\/2023\/05\/20230509_sdf_skane_styrelsemote-572x385.jpg 572w\" sizes=\"auto, (max-width: 2560px) 100vw, 2560px\" \/><figcaption id=\"caption-attachment-153423\" class=\"wp-caption-text\"><span style=\"font-size: 10pt;\">Styrelsem\u00f6te Sk\u00e5nes Budo &amp; Kampsportsf\u00f6rbund. Foto: Sofia Arnbom<\/span><\/figcaption><\/figure>\n<p>I verksamhetsplanen f\u00f6r 2023 lyfts utbildningens betydelse f\u00f6r distriktets idrotter och f\u00f6reningars framtid. SB&amp;K:s <a href=\"https:\/\/www.budokampsport.se\/forbund\/utbildningar\/\" target=\"_blank\" rel=\"noopener\">tr\u00e4narutbildning steg 1<\/a> genomf\u00f6rs i Malm\u00f6 8-9 juli och distriktet arbetar aktivt f\u00f6r att flera tillf\u00e4llen och steg ska f\u00f6rl\u00e4ggas inom distriktet under h\u00f6sten.<\/p>\n<p>Planer finns \u00e4ven p\u00e5 att tillsammans med <a href=\"https:\/\/www.rfsisu.se\/distrikt\/skane\" target=\"_blank\" rel=\"noopener\">RF-SISU Sk\u00e5ne<\/a> fram\u00f6ver erbjuda en heldag med kompetensutveckling genom f\u00f6rel\u00e4sningar, workshops och erfarenhetsutbyte f\u00f6r medlemsf\u00f6reningarnas styrelser.<\/p>\n<p>&#8211; Genom att m\u00f6ta f\u00f6reningarna tillsammans med specialidrottsf\u00f6rbundets distrikt kan vi hj\u00e4lpas \u00e5t att knyta kontakter och visa p\u00e5 den bredd av st\u00f6d som f\u00f6reningarna har m\u00f6jlighet att ta del av s\u00e4ger Betty Nylander, idrottskonsulent RF-SISU Sk\u00e5ne.<\/p>\n<figure id=\"attachment_153425\" aria-describedby=\"caption-attachment-153425\" style=\"width: 1907px\" class=\"wp-caption alignnone\"><img loading=\"lazy\" decoding=\"async\" class=\"size-full wp-image-153425\" src=\"https:\/\/www.budokampsport.se\/wp-content\/uploads\/2023\/05\/rf-sisu_skane_kristianstad.jpg\" alt=\"\" width=\"1907\" height=\"1383\" srcset=\"https:\/\/www.budokampsport.se\/wp-content\/uploads\/2023\/05\/rf-sisu_skane_kristianstad.jpg 1907w, https:\/\/www.budokampsport.se\/wp-content\/uploads\/2023\/05\/rf-sisu_skane_kristianstad-600x435.jpg 600w, https:\/\/www.budokampsport.se\/wp-content\/uploads\/2023\/05\/rf-sisu_skane_kristianstad-376x273.jpg 376w, https:\/\/www.budokampsport.se\/wp-content\/uploads\/2023\/05\/rf-sisu_skane_kristianstad-847x614.jpg 847w, https:\/\/www.budokampsport.se\/wp-content\/uploads\/2023\/05\/rf-sisu_skane_kristianstad-278x202.jpg 278w, https:\/\/www.budokampsport.se\/wp-content\/uploads\/2023\/05\/rf-sisu_skane_kristianstad-1536x1114.jpg 1536w, https:\/\/www.budokampsport.se\/wp-content\/uploads\/2023\/05\/rf-sisu_skane_kristianstad-572x415.jpg 572w\" sizes=\"auto, (max-width: 1907px) 100vw, 1907px\" \/><figcaption id=\"caption-attachment-153425\" class=\"wp-caption-text\"><span style=\"font-size: 10pt;\">RF-SISU Sk\u00e5ne har fyra lokalkontor, i Kristianstad delas hus med Sveriges Radio. Foto: Sofia Arnbom<\/span><\/figcaption><\/figure>\n<p>En tidigare ambition var att arrangera ett sk\u00e5nskt distriktsm\u00e4sterskap (DM) med s\u00e5 m\u00e5nga av f\u00f6rbundets idrotter som m\u00f6jligt representerade under ett och samma tak. Det har visat sig vara ett v\u00e4l gediget projekt att ta sig an bland annat utifr\u00e5n m\u00e4ngden olika t\u00e4vlingsbest\u00e4mmelser som finns att f\u00f6rh\u00e5lla sig till. I nul\u00e4get arbetar distriktet ist\u00e4llet fr\u00e4mst med att hj\u00e4lpa de f\u00f6reningar eller underf\u00f6rbund som \u00f6nskar arrangera DM med att exempelvis hitta l\u00e4mpliga lokaler.<\/p>\n<p>I b\u00f6rjan av maj 2023 har distriktet n\u00e5got f\u00e4rre f\u00f6reningar anslutna \u00e4n vid utg\u00e5ngen av 2022. Antalet inrapporterade medlemmar \u00e4r dock \u00f6ver 8700 och d\u00e4rmed ett snitt p\u00e5 83 medlemmar per f\u00f6rening vilket \u00e4r h\u00f6gst i landet.<\/p>\n<table style=\"border-collapse: collapse; width: 100%; height: 72px;\">\n<tbody>\n<tr style=\"height: 24px;\">\n<td style=\"width: 25%; height: 24px;\"><strong>Sk\u00e5ne<\/strong><\/td>\n<td style=\"width: 25%; height: 24px;\"><strong>2020<\/strong><\/td>\n<td style=\"width: 25%; height: 24px;\"><strong>2021<\/strong><\/td>\n<td style=\"width: 25%; height: 24px;\"><strong>2022<\/strong><\/td>\n<\/tr>\n<tr style=\"height: 24px;\">\n<td style=\"width: 25%; height: 24px;\"><strong>F\u00f6reningar<\/strong><\/td>\n<td style=\"width: 25%; height: 24px;\">108<\/td>\n<td style=\"width: 25%; height: 24px;\">105<\/td>\n<td style=\"width: 25%; height: 24px;\">108<\/td>\n<\/tr>\n<tr style=\"height: 24px;\">\n<td style=\"width: 25%; height: 24px;\"><strong>Medlemmar<\/strong><\/td>\n<td style=\"width: 25%; height: 24px;\">7 959<\/td>\n<td style=\"width: 25%; height: 24px;\">6 748<\/td>\n<td style=\"width: 25%; height: 24px;\">7 673<\/td>\n<\/tr>\n<\/tbody>\n<\/table>\n<p>&nbsp;<\/p>\n<p>Att synas och n\u00e5 ut till medlemsf\u00f6reningarna upplevs ibland som en utmaning. Distriktets styrelse v\u00e4lkomnar alltid medlemsf\u00f6reningar att ta kontakt med fr\u00e5gor eller id\u00e9er p\u00e5 vad f\u00f6reningarna \u00f6nskar. Kontaktuppgifter s\u00e5v\u00e4l som information om material att l\u00e5na som bidrag att s\u00f6ka finns p\u00e5 hemsidan.<br \/>\n\u00bb <a href=\"http:\/\/www.skanesbudokampsport.se\/\" target=\"_blank\" rel=\"noopener\">skanesbudokampsport.se<\/a><\/p>\n<p>&nbsp;<\/p>\n<p><img loading=\"lazy\" decoding=\"async\" class=\"alignnone size-full wp-image-152063\" src=\"https:\/\/www.budokampsport.se\/wp-content\/uploads\/2023\/01\/Skanes-Budo-Kampsportsforbund_logotyp_liggande.png\" alt=\"\" width=\"10395\" height=\"2369\" \/><\/p>\n<p>&nbsp;<\/p>\n<p><strong>Tidigare distriktsbes\u00f6k<\/strong><br \/>\n\u00bb <a href=\"https:\/\/www.budokampsport.se\/2023\/01\/30\/nedslag-hos-nedre-norr\/\" target=\"_blank\" rel=\"noopener\">Nedslag hos Nedre Norr<\/a><br \/>\n\u00bb <a href=\"https:\/\/www.budokampsport.se\/2023\/04\/13\/evenemang-och-engagemang-hos-distrikt-vast\/\" target=\"_blank\" rel=\"noopener\">Evenemang och engagemang hos Distrikt V\u00e4st<\/a><\/p>\n<p>Text och foto: Sofia Arnbom<\/p>\n","protected":false},"excerpt":{"rendered":"<p>DISTRIKT. Hj\u00e4rtlig st\u00e4mning och m\u00e5nga \u00e5rs f\u00f6reningsengagemang runt bordet n\u00e4r styrelsen i Sk\u00e5nes Budo &#038; Kampsportsf\u00f6rbund samlas f\u00f6r m\u00f6te i sin alldeles egna lokal.<br \/><br>(Foto: Sofia Arnbom)<\/p><br>","protected":false},"author":47,"featured_media":153422,"comment_status":"closed","ping_status":"closed","sticky":false,"template":"","format":"standard","meta":{"_acf_changed":false,"footnotes":""},"categories":[419],"tags":[],"class_list":["post-152394","post","type-post","status-publish","format-standard","has-post-thumbnail","hentry","category-distrikt"],"acf":[],"yoast_head":"<!-- This site is optimized with the Yoast SEO plugin v26.8 - https:\/\/yoast.com\/product\/yoast-seo-wordpress\/ -->\n<title>F\u00f6reningsfr\u00e5gor i fokus hos Sk\u00e5nes Budo &amp; Kampsportsf\u00f6rbund - Svenska Budo &amp; Kampsportsf\u00f6rbundet<\/title>\n<meta name=\"description\" content=\"DISTRIKT. Hj\u00e4rtlig st\u00e4mning och m\u00e5nga \u00e5rs f\u00f6reningsengagemang runt bordet n\u00e4r styrelsen i Sk\u00e5nes Budo &amp; Kampsportsf\u00f6rbund samlas f\u00f6r m\u00f6te i sin alldeles egna lokal.  (Foto: Sofia Arnbom)\" \/>\n<meta name=\"robots\" content=\"index, follow, max-snippet:-1, max-image-preview:large, max-video-preview:-1\" \/>\n<link rel=\"canonical\" href=\"https:\/\/www.budokampsport.se\/2023\/05\/15\/foreningsfragor-i-fokus-hos-skanes-budo-kampsportsforbund\/\" \/>\n<meta property=\"og:locale\" content=\"sv_SE\" \/>\n<meta property=\"og:type\" content=\"article\" \/>\n<meta property=\"og:title\" content=\"F\u00f6reningsfr\u00e5gor i fokus hos Sk\u00e5nes Budo &amp; Kampsportsf\u00f6rbund - Svenska Budo &amp; Kampsportsf\u00f6rbundet\" \/>\n<meta property=\"og:description\" content=\"DISTRIKT. Hj\u00e4rtlig st\u00e4mning och m\u00e5nga \u00e5rs f\u00f6reningsengagemang runt bordet n\u00e4r styrelsen i Sk\u00e5nes Budo &amp; Kampsportsf\u00f6rbund samlas f\u00f6r m\u00f6te i sin alldeles egna lokal.  (Foto: Sofia Arnbom)\" \/>\n<meta property=\"og:url\" content=\"https:\/\/www.budokampsport.se\/2023\/05\/15\/foreningsfragor-i-fokus-hos-skanes-budo-kampsportsforbund\/\" \/>\n<meta property=\"og:site_name\" content=\"Svenska Budo &amp; Kampsportsf\u00f6rbundet\" \/>\n<meta property=\"article:published_time\" content=\"2023-05-15T07:43:54+00:00\" \/>\n<meta property=\"og:image\" content=\"https:\/\/www.budokampsport.se\/wp-content\/uploads\/2023\/05\/20230509_sdf_skane_mugg-scaled.jpg\" \/>\n\t<meta property=\"og:image:width\" content=\"2560\" \/>\n\t<meta property=\"og:image:height\" content=\"1670\" \/>\n\t<meta property=\"og:image:type\" content=\"image\/jpeg\" \/>\n<meta name=\"author\" content=\"Sofia Arnbom\" \/>\n<meta name=\"twitter:card\" content=\"summary_large_image\" \/>\n<meta name=\"twitter:label1\" content=\"Skriven av\" \/>\n\t<meta name=\"twitter:data1\" content=\"Sofia Arnbom\" \/>\n\t<meta name=\"twitter:label2\" content=\"Ber\u00e4knad l\u00e4stid\" \/>\n\t<meta name=\"twitter:data2\" content=\"3 minuter\" \/>\n<script type=\"application\/ld+json\" class=\"yoast-schema-graph\">{\"@context\":\"https:\/\/schema.org\",\"@graph\":[{\"@type\":\"Article\",\"@id\":\"https:\/\/www.budokampsport.se\/2023\/05\/15\/foreningsfragor-i-fokus-hos-skanes-budo-kampsportsforbund\/#article\",\"isPartOf\":{\"@id\":\"https:\/\/www.budokampsport.se\/2023\/05\/15\/foreningsfragor-i-fokus-hos-skanes-budo-kampsportsforbund\/\"},\"author\":{\"name\":\"Sofia Arnbom\",\"@id\":\"https:\/\/www.budokampsport.se\/#\/schema\/person\/666f754cfbc6f9a83a8c253cd24ad660\"},\"headline\":\"F\u00f6reningsfr\u00e5gor i fokus hos Sk\u00e5nes Budo &#038; Kampsportsf\u00f6rbund\",\"datePublished\":\"2023-05-15T07:43:54+00:00\",\"mainEntityOfPage\":{\"@id\":\"https:\/\/www.budokampsport.se\/2023\/05\/15\/foreningsfragor-i-fokus-hos-skanes-budo-kampsportsforbund\/\"},\"wordCount\":569,\"image\":{\"@id\":\"https:\/\/www.budokampsport.se\/2023\/05\/15\/foreningsfragor-i-fokus-hos-skanes-budo-kampsportsforbund\/#primaryimage\"},\"thumbnailUrl\":\"https:\/\/www.budokampsport.se\/wp-content\/uploads\/2023\/05\/20230509_sdf_skane_mugg-scaled.jpg\",\"articleSection\":[\"Distrikt\"],\"inLanguage\":\"sv-SE\"},{\"@type\":\"WebPage\",\"@id\":\"https:\/\/www.budokampsport.se\/2023\/05\/15\/foreningsfragor-i-fokus-hos-skanes-budo-kampsportsforbund\/\",\"url\":\"https:\/\/www.budokampsport.se\/2023\/05\/15\/foreningsfragor-i-fokus-hos-skanes-budo-kampsportsforbund\/\",\"name\":\"F\u00f6reningsfr\u00e5gor i fokus hos Sk\u00e5nes Budo & Kampsportsf\u00f6rbund - Svenska Budo &amp; Kampsportsf\u00f6rbundet\",\"isPartOf\":{\"@id\":\"https:\/\/www.budokampsport.se\/#website\"},\"primaryImageOfPage\":{\"@id\":\"https:\/\/www.budokampsport.se\/2023\/05\/15\/foreningsfragor-i-fokus-hos-skanes-budo-kampsportsforbund\/#primaryimage\"},\"image\":{\"@id\":\"https:\/\/www.budokampsport.se\/2023\/05\/15\/foreningsfragor-i-fokus-hos-skanes-budo-kampsportsforbund\/#primaryimage\"},\"thumbnailUrl\":\"https:\/\/www.budokampsport.se\/wp-content\/uploads\/2023\/05\/20230509_sdf_skane_mugg-scaled.jpg\",\"datePublished\":\"2023-05-15T07:43:54+00:00\",\"author\":{\"@id\":\"https:\/\/www.budokampsport.se\/#\/schema\/person\/666f754cfbc6f9a83a8c253cd24ad660\"},\"description\":\"DISTRIKT. Hj\u00e4rtlig st\u00e4mning och m\u00e5nga \u00e5rs f\u00f6reningsengagemang runt bordet n\u00e4r styrelsen i Sk\u00e5nes Budo & Kampsportsf\u00f6rbund samlas f\u00f6r m\u00f6te i sin alldeles egna lokal. (Foto: Sofia Arnbom)\",\"breadcrumb\":{\"@id\":\"https:\/\/www.budokampsport.se\/2023\/05\/15\/foreningsfragor-i-fokus-hos-skanes-budo-kampsportsforbund\/#breadcrumb\"},\"inLanguage\":\"sv-SE\",\"potentialAction\":[{\"@type\":\"ReadAction\",\"target\":[\"https:\/\/www.budokampsport.se\/2023\/05\/15\/foreningsfragor-i-fokus-hos-skanes-budo-kampsportsforbund\/\"]}]},{\"@type\":\"ImageObject\",\"inLanguage\":\"sv-SE\",\"@id\":\"https:\/\/www.budokampsport.se\/2023\/05\/15\/foreningsfragor-i-fokus-hos-skanes-budo-kampsportsforbund\/#primaryimage\",\"url\":\"https:\/\/www.budokampsport.se\/wp-content\/uploads\/2023\/05\/20230509_sdf_skane_mugg-scaled.jpg\",\"contentUrl\":\"https:\/\/www.budokampsport.se\/wp-content\/uploads\/2023\/05\/20230509_sdf_skane_mugg-scaled.jpg\",\"width\":2560,\"height\":1670,\"caption\":\"Foto: Sofia Arnbom\"},{\"@type\":\"BreadcrumbList\",\"@id\":\"https:\/\/www.budokampsport.se\/2023\/05\/15\/foreningsfragor-i-fokus-hos-skanes-budo-kampsportsforbund\/#breadcrumb\",\"itemListElement\":[{\"@type\":\"ListItem\",\"position\":1,\"name\":\"Hem\",\"item\":\"https:\/\/www.budokampsport.se\/\"},{\"@type\":\"ListItem\",\"position\":2,\"name\":\"F\u00f6reningsfr\u00e5gor i fokus hos Sk\u00e5nes Budo &#038; Kampsportsf\u00f6rbund\"}]},{\"@type\":\"WebSite\",\"@id\":\"https:\/\/www.budokampsport.se\/#website\",\"url\":\"https:\/\/www.budokampsport.se\/\",\"name\":\"Svenska Budo &amp; Kampsportsf\u00f6rbundet\",\"description\":\"T\u00e4vling, Tr\u00e4ning, Tradition\",\"potentialAction\":[{\"@type\":\"SearchAction\",\"target\":{\"@type\":\"EntryPoint\",\"urlTemplate\":\"https:\/\/www.budokampsport.se\/?s={search_term_string}\"},\"query-input\":{\"@type\":\"PropertyValueSpecification\",\"valueRequired\":true,\"valueName\":\"search_term_string\"}}],\"inLanguage\":\"sv-SE\"},{\"@type\":\"Person\",\"@id\":\"https:\/\/www.budokampsport.se\/#\/schema\/person\/666f754cfbc6f9a83a8c253cd24ad660\",\"name\":\"Sofia Arnbom\",\"image\":{\"@type\":\"ImageObject\",\"inLanguage\":\"sv-SE\",\"@id\":\"https:\/\/www.budokampsport.se\/#\/schema\/person\/image\/\",\"url\":\"https:\/\/secure.gravatar.com\/avatar\/a69f673c99635f06ea6cb1eb10ca7e92?s=96&d=blank&r=g\",\"contentUrl\":\"https:\/\/secure.gravatar.com\/avatar\/a69f673c99635f06ea6cb1eb10ca7e92?s=96&d=blank&r=g\",\"caption\":\"Sofia Arnbom\"},\"url\":\"https:\/\/www.budokampsport.se\/author\/sofia-arnbom\/\"}]}<\/script>\n<!-- \/ Yoast SEO plugin. -->","yoast_head_json":{"title":"F\u00f6reningsfr\u00e5gor i fokus hos Sk\u00e5nes Budo & Kampsportsf\u00f6rbund - Svenska Budo &amp; Kampsportsf\u00f6rbundet","description":"DISTRIKT. Hj\u00e4rtlig st\u00e4mning och m\u00e5nga \u00e5rs f\u00f6reningsengagemang runt bordet n\u00e4r styrelsen i Sk\u00e5nes Budo & Kampsportsf\u00f6rbund samlas f\u00f6r m\u00f6te i sin alldeles egna lokal.  (Foto: Sofia Arnbom)","robots":{"index":"index","follow":"follow","max-snippet":"max-snippet:-1","max-image-preview":"max-image-preview:large","max-video-preview":"max-video-preview:-1"},"canonical":"https:\/\/www.budokampsport.se\/2023\/05\/15\/foreningsfragor-i-fokus-hos-skanes-budo-kampsportsforbund\/","og_locale":"sv_SE","og_type":"article","og_title":"F\u00f6reningsfr\u00e5gor i fokus hos Sk\u00e5nes Budo & Kampsportsf\u00f6rbund - Svenska Budo &amp; Kampsportsf\u00f6rbundet","og_description":"DISTRIKT. Hj\u00e4rtlig st\u00e4mning och m\u00e5nga \u00e5rs f\u00f6reningsengagemang runt bordet n\u00e4r styrelsen i Sk\u00e5nes Budo & Kampsportsf\u00f6rbund samlas f\u00f6r m\u00f6te i sin alldeles egna lokal.  (Foto: Sofia Arnbom)","og_url":"https:\/\/www.budokampsport.se\/2023\/05\/15\/foreningsfragor-i-fokus-hos-skanes-budo-kampsportsforbund\/","og_site_name":"Svenska Budo &amp; Kampsportsf\u00f6rbundet","article_published_time":"2023-05-15T07:43:54+00:00","og_image":[{"width":2560,"height":1670,"url":"https:\/\/www.budokampsport.se\/wp-content\/uploads\/2023\/05\/20230509_sdf_skane_mugg-scaled.jpg","type":"image\/jpeg"}],"author":"Sofia Arnbom","twitter_card":"summary_large_image","twitter_misc":{"Skriven av":"Sofia Arnbom","Ber\u00e4knad l\u00e4stid":"3 minuter"},"schema":{"@context":"https:\/\/schema.org","@graph":[{"@type":"Article","@id":"https:\/\/www.budokampsport.se\/2023\/05\/15\/foreningsfragor-i-fokus-hos-skanes-budo-kampsportsforbund\/#article","isPartOf":{"@id":"https:\/\/www.budokampsport.se\/2023\/05\/15\/foreningsfragor-i-fokus-hos-skanes-budo-kampsportsforbund\/"},"author":{"name":"Sofia Arnbom","@id":"https:\/\/www.budokampsport.se\/#\/schema\/person\/666f754cfbc6f9a83a8c253cd24ad660"},"headline":"F\u00f6reningsfr\u00e5gor i fokus hos Sk\u00e5nes Budo &#038; Kampsportsf\u00f6rbund","datePublished":"2023-05-15T07:43:54+00:00","mainEntityOfPage":{"@id":"https:\/\/www.budokampsport.se\/2023\/05\/15\/foreningsfragor-i-fokus-hos-skanes-budo-kampsportsforbund\/"},"wordCount":569,"image":{"@id":"https:\/\/www.budokampsport.se\/2023\/05\/15\/foreningsfragor-i-fokus-hos-skanes-budo-kampsportsforbund\/#primaryimage"},"thumbnailUrl":"https:\/\/www.budokampsport.se\/wp-content\/uploads\/2023\/05\/20230509_sdf_skane_mugg-scaled.jpg","articleSection":["Distrikt"],"inLanguage":"sv-SE"},{"@type":"WebPage","@id":"https:\/\/www.budokampsport.se\/2023\/05\/15\/foreningsfragor-i-fokus-hos-skanes-budo-kampsportsforbund\/","url":"https:\/\/www.budokampsport.se\/2023\/05\/15\/foreningsfragor-i-fokus-hos-skanes-budo-kampsportsforbund\/","name":"F\u00f6reningsfr\u00e5gor i fokus hos Sk\u00e5nes Budo & Kampsportsf\u00f6rbund - Svenska Budo &amp; Kampsportsf\u00f6rbundet","isPartOf":{"@id":"https:\/\/www.budokampsport.se\/#website"},"primaryImageOfPage":{"@id":"https:\/\/www.budokampsport.se\/2023\/05\/15\/foreningsfragor-i-fokus-hos-skanes-budo-kampsportsforbund\/#primaryimage"},"image":{"@id":"https:\/\/www.budokampsport.se\/2023\/05\/15\/foreningsfragor-i-fokus-hos-skanes-budo-kampsportsforbund\/#primaryimage"},"thumbnailUrl":"https:\/\/www.budokampsport.se\/wp-content\/uploads\/2023\/05\/20230509_sdf_skane_mugg-scaled.jpg","datePublished":"2023-05-15T07:43:54+00:00","author":{"@id":"https:\/\/www.budokampsport.se\/#\/schema\/person\/666f754cfbc6f9a83a8c253cd24ad660"},"description":"DISTRIKT. Hj\u00e4rtlig st\u00e4mning och m\u00e5nga \u00e5rs f\u00f6reningsengagemang runt bordet n\u00e4r styrelsen i Sk\u00e5nes Budo & Kampsportsf\u00f6rbund samlas f\u00f6r m\u00f6te i sin alldeles egna lokal. (Foto: Sofia Arnbom)","breadcrumb":{"@id":"https:\/\/www.budokampsport.se\/2023\/05\/15\/foreningsfragor-i-fokus-hos-skanes-budo-kampsportsforbund\/#breadcrumb"},"inLanguage":"sv-SE","potentialAction":[{"@type":"ReadAction","target":["https:\/\/www.budokampsport.se\/2023\/05\/15\/foreningsfragor-i-fokus-hos-skanes-budo-kampsportsforbund\/"]}]},{"@type":"ImageObject","inLanguage":"sv-SE","@id":"https:\/\/www.budokampsport.se\/2023\/05\/15\/foreningsfragor-i-fokus-hos-skanes-budo-kampsportsforbund\/#primaryimage","url":"https:\/\/www.budokampsport.se\/wp-content\/uploads\/2023\/05\/20230509_sdf_skane_mugg-scaled.jpg","contentUrl":"https:\/\/www.budokampsport.se\/wp-content\/uploads\/2023\/05\/20230509_sdf_skane_mugg-scaled.jpg","width":2560,"height":1670,"caption":"Foto: Sofia Arnbom"},{"@type":"BreadcrumbList","@id":"https:\/\/www.budokampsport.se\/2023\/05\/15\/foreningsfragor-i-fokus-hos-skanes-budo-kampsportsforbund\/#breadcrumb","itemListElement":[{"@type":"ListItem","position":1,"name":"Hem","item":"https:\/\/www.budokampsport.se\/"},{"@type":"ListItem","position":2,"name":"F\u00f6reningsfr\u00e5gor i fokus hos Sk\u00e5nes Budo &#038; Kampsportsf\u00f6rbund"}]},{"@type":"WebSite","@id":"https:\/\/www.budokampsport.se\/#website","url":"https:\/\/www.budokampsport.se\/","name":"Svenska Budo &amp; Kampsportsf\u00f6rbundet","description":"T\u00e4vling, Tr\u00e4ning, Tradition","potentialAction":[{"@type":"SearchAction","target":{"@type":"EntryPoint","urlTemplate":"https:\/\/www.budokampsport.se\/?s={search_term_string}"},"query-input":{"@type":"PropertyValueSpecification","valueRequired":true,"valueName":"search_term_string"}}],"inLanguage":"sv-SE"},{"@type":"Person","@id":"https:\/\/www.budokampsport.se\/#\/schema\/person\/666f754cfbc6f9a83a8c253cd24ad660","name":"Sofia Arnbom","image":{"@type":"ImageObject","inLanguage":"sv-SE","@id":"https:\/\/www.budokampsport.se\/#\/schema\/person\/image\/","url":"https:\/\/secure.gravatar.com\/avatar\/a69f673c99635f06ea6cb1eb10ca7e92?s=96&d=blank&r=g","contentUrl":"https:\/\/secure.gravatar.com\/avatar\/a69f673c99635f06ea6cb1eb10ca7e92?s=96&d=blank&r=g","caption":"Sofia Arnbom"},"url":"https:\/\/www.budokampsport.se\/author\/sofia-arnbom\/"}]}},"_links":{"self":[{"href":"https:\/\/www.budokampsport.se\/api\/wp\/v2\/posts\/152394","targetHints":{"allow":["GET"]}}],"collection":[{"href":"https:\/\/www.budokampsport.se\/api\/wp\/v2\/posts"}],"about":[{"href":"https:\/\/www.budokampsport.se\/api\/wp\/v2\/types\/post"}],"author":[{"embeddable":true,"href":"https:\/\/www.budokampsport.se\/api\/wp\/v2\/users\/47"}],"replies":[{"embeddable":true,"href":"https:\/\/www.budokampsport.se\/api\/wp\/v2\/comments?post=152394"}],"version-history":[{"count":0,"href":"https:\/\/www.budokampsport.se\/api\/wp\/v2\/posts\/152394\/revisions"}],"wp:featuredmedia":[{"embeddable":true,"href":"https:\/\/www.budokampsport.se\/api\/wp\/v2\/media\/153422"}],"wp:attachment":[{"href":"https:\/\/www.budokampsport.se\/api\/wp\/v2\/media?parent=152394"}],"wp:term":[{"taxonomy":"category","embeddable":true,"href":"https:\/\/www.budokampsport.se\/api\/wp\/v2\/categories?post=152394"},{"taxonomy":"post_tag","embeddable":true,"href":"https:\/\/www.budokampsport.se\/api\/wp\/v2\/tags?post=152394"}],"curies":[{"name":"wp","href":"https:\/\/api.w.org\/{rel}","templated":true}]}}