{"id":152767,"date":"2023-04-24T14:54:18","date_gmt":"2023-04-24T12:54:18","guid":{"rendered":"https:\/\/www.budokampsport.se\/?p=152767"},"modified":"2025-04-16T09:12:30","modified_gmt":"2025-04-16T09:12:30","slug":"sbk-ett-hjarta-i-samhallet","status":"publish","type":"post","link":"https:\/\/www.budokampsport.se\/2023\/04\/24\/sbk-ett-hjarta-i-samhallet\/","title":{"rendered":"SB&#038;K &#8211; ett hj\u00e4rta i samh\u00e4llet"},"content":{"rendered":"<p>Svenska Budo &amp; Kampsportsf\u00f6rbundet \u00e4r ett av 15 utvalda specialidrottsf\u00f6rbund inom RF som kommer att tilldelas resurser f\u00f6r en satsning p\u00e5 idrottslig n\u00e4rvaro i det polisen kallar utsatta omr\u00e5den.<\/p>\n<p>SB&amp;K vill, som den nya <a href=\"https:\/\/www.budokampsport.se\/forbund\/visionochvardegrund\/\" target=\"_blank\" rel=\"noopener\">visionen<\/a> f\u00f6rt\u00e4ljer, vara ett hj\u00e4rta i samh\u00e4llet och v\u00e4lkomnar den nya satsningen.<\/p>\n<p>Patrik Asplund, vice ordf\u00f6rande i SB&amp;K, har l\u00e5ng erfarenhet via stiftelsen Goodsport med idrottsprojekt i utsatta omr\u00e5den. Han gl\u00e4ds \u00e5t den h\u00e4r satsningen.<\/p>\n<p>&#8211; Vi vet att vi kan g\u00f6ra goda insatser \u00e4ven utanf\u00f6r mattorna och ringarna. Det har v\u00e5ra f\u00f6reningar visat genom \u00e5ren. Med den h\u00e4r satsningen vill vi verkligen f\u00e5 chans att visa att v\u00e5ra idrotter kan vara ett hj\u00e4rta i samh\u00e4llet, s\u00e4ger Patrik Asplund.<\/p>\n<p>Det var i januari i \u00e5r som Riksidrottsstyrelsen beslutade om en strategi f\u00f6r att st\u00e4rka idrottsr\u00f6relsens n\u00e4rvaro i vissa anvisade omr\u00e5den genom Riksidrottsf\u00f6rbundet och utvalda specialf\u00f6rbund. Och i regeringens budget f\u00f6r 2023 tillf\u00f6rs ett \u00e5rligt st\u00f6d p\u00e5 100 miljoner kronor. Det skriver RF p\u00e5 sin <a href=\"https:\/\/www.rf.se\/nyhetsarkiv\/nyheter\/2023-04-20-idrottsrorelsen-inkluderingsarbete-vaxlar-upp\" target=\"_blank\" rel=\"noopener\">hemsida<\/a>.<\/p>\n<p>Efter en ans\u00f6kningsprocess har SB&amp;K valts ut tillsammans med 14 andra f\u00f6rbund till att medverka i satsningen.<\/p>\n<p>&#8211; Det \u00e4r s\u00e5 klart gl\u00e4djande att f\u00e5 det h\u00e4r f\u00f6rtroendet fr\u00e5n idrottsr\u00f6relsen. Vi vet att v\u00e5ra idrotter besitter en stark kunskap och en fin tradition av att verka \u00e4ven utanf\u00f6r tr\u00e4ning- och t\u00e4vlingsytorna. Och vi vill s\u00e5klart, med budo och kampsport, som verktyg f\u00f6rs\u00f6ka ge m\u00e4nniskor en mer meningsfylld vardag, s\u00e4ger Asplund.<\/p>\n<p>Svenska Budo &amp; Kampsportsf\u00f6rbundet \u00e5terkommer snart med mer information.<\/p>\n<p>Text: Jonathan Broberg<\/p>\n","protected":false},"excerpt":{"rendered":"<p>SB&#038;K. Nu \u00e4r det klart att Svenska Budo &#038; Kampsportsf\u00f6rbundet \u00e4r ett av de sammanlagt 15 specialidrottsf\u00f6rbund inom RF som tilldelats stora medel f\u00f6r satsning i utsatta omr\u00e5den.<br \/><br>&#8211; Vi vet att vi kan g\u00f6ra goda insatser \u00e4ven utanf\u00f6r mattorna och ringarna, s\u00e4ger SB&#038;K:s vice ordf\u00f6rande Patrik Asplund till budokampsport.se.<br \/><br>(Illustration: Ida Brogren)<\/p><br>","protected":false},"author":7,"featured_media":146375,"comment_status":"closed","ping_status":"closed","sticky":false,"template":"","format":"standard","meta":{"_acf_changed":false,"footnotes":""},"categories":[602,531],"tags":[],"class_list":["post-152767","post","type-post","status-publish","format-standard","has-post-thumbnail","hentry","category-idrottsklivet","category-sbk-2"],"acf":[],"yoast_head":"<!-- This site is optimized with the Yoast SEO plugin v26.8 - https:\/\/yoast.com\/product\/yoast-seo-wordpress\/ -->\n<title>SB&amp;K - ett hj\u00e4rta i samh\u00e4llet - Svenska Budo &amp; Kampsportsf\u00f6rbundet<\/title>\n<meta name=\"description\" content=\"SB&amp;K. Nu \u00e4r det klart att Svenska Budo &amp; Kampsportsf\u00f6rbundet \u00e4r ett av de sammanlagt 15 specialidrottsf\u00f6rbund inom RF som tilldelats stora medel f\u00f6r satsning i utsatta omr\u00e5den. - Vi vet att vi kan g\u00f6ra goda insatser \u00e4ven utanf\u00f6r mattorna och ringarna, s\u00e4ger SB&amp;K:s vice ordf\u00f6rande Patrik Asplund till budokampsport.se. (Illustration: Ida Brogren)\" \/>\n<meta name=\"robots\" content=\"index, follow, max-snippet:-1, max-image-preview:large, max-video-preview:-1\" \/>\n<link rel=\"canonical\" href=\"https:\/\/www.budokampsport.se\/2023\/04\/24\/sbk-ett-hjarta-i-samhallet\/\" \/>\n<meta property=\"og:locale\" content=\"sv_SE\" \/>\n<meta property=\"og:type\" content=\"article\" \/>\n<meta property=\"og:title\" content=\"SB&amp;K - ett hj\u00e4rta i samh\u00e4llet - Svenska Budo &amp; Kampsportsf\u00f6rbundet\" \/>\n<meta property=\"og:description\" content=\"SB&amp;K. Nu \u00e4r det klart att Svenska Budo &amp; Kampsportsf\u00f6rbundet \u00e4r ett av de sammanlagt 15 specialidrottsf\u00f6rbund inom RF som tilldelats stora medel f\u00f6r satsning i utsatta omr\u00e5den. - Vi vet att vi kan g\u00f6ra goda insatser \u00e4ven utanf\u00f6r mattorna och ringarna, s\u00e4ger SB&amp;K:s vice ordf\u00f6rande Patrik Asplund till budokampsport.se. (Illustration: Ida Brogren)\" \/>\n<meta property=\"og:url\" content=\"https:\/\/www.budokampsport.se\/2023\/04\/24\/sbk-ett-hjarta-i-samhallet\/\" \/>\n<meta property=\"og:site_name\" content=\"Svenska Budo &amp; Kampsportsf\u00f6rbundet\" \/>\n<meta property=\"article:author\" content=\"https:\/\/www.facebook.com\/jonathan.broberg.7\" \/>\n<meta property=\"article:published_time\" content=\"2023-04-24T12:54:18+00:00\" \/>\n<meta property=\"article:modified_time\" content=\"2025-04-16T09:12:30+00:00\" \/>\n<meta property=\"og:image\" content=\"https:\/\/www.budokampsport.se\/wp-content\/uploads\/2022\/12\/hjartat-e1744205515652.jpg\" \/>\n\t<meta property=\"og:image:width\" content=\"540\" \/>\n\t<meta property=\"og:image:height\" content=\"490\" \/>\n\t<meta property=\"og:image:type\" content=\"image\/jpeg\" \/>\n<meta name=\"author\" content=\"Jonathan Broberg\" \/>\n<meta name=\"twitter:card\" content=\"summary_large_image\" \/>\n<meta name=\"twitter:label1\" content=\"Skriven av\" \/>\n\t<meta name=\"twitter:data1\" content=\"Jonathan Broberg\" \/>\n\t<meta name=\"twitter:label2\" content=\"Ber\u00e4knad l\u00e4stid\" \/>\n\t<meta name=\"twitter:data2\" content=\"2 minuter\" \/>\n<script type=\"application\/ld+json\" class=\"yoast-schema-graph\">{\"@context\":\"https:\/\/schema.org\",\"@graph\":[{\"@type\":\"Article\",\"@id\":\"https:\/\/www.budokampsport.se\/2023\/04\/24\/sbk-ett-hjarta-i-samhallet\/#article\",\"isPartOf\":{\"@id\":\"https:\/\/www.budokampsport.se\/2023\/04\/24\/sbk-ett-hjarta-i-samhallet\/\"},\"author\":{\"name\":\"Jonathan Broberg\",\"@id\":\"https:\/\/www.budokampsport.se\/#\/schema\/person\/5c06d81d14850e2a8ce5493386560145\"},\"headline\":\"SB&#038;K &#8211; ett hj\u00e4rta i samh\u00e4llet\",\"datePublished\":\"2023-04-24T12:54:18+00:00\",\"dateModified\":\"2025-04-16T09:12:30+00:00\",\"mainEntityOfPage\":{\"@id\":\"https:\/\/www.budokampsport.se\/2023\/04\/24\/sbk-ett-hjarta-i-samhallet\/\"},\"wordCount\":303,\"image\":{\"@id\":\"https:\/\/www.budokampsport.se\/2023\/04\/24\/sbk-ett-hjarta-i-samhallet\/#primaryimage\"},\"thumbnailUrl\":\"https:\/\/www.budokampsport.se\/wp-content\/uploads\/2022\/12\/hjartat-e1744205515652.jpg\",\"articleSection\":[\"Idrottsklivet\",\"SB&amp;K\"],\"inLanguage\":\"sv-SE\"},{\"@type\":\"WebPage\",\"@id\":\"https:\/\/www.budokampsport.se\/2023\/04\/24\/sbk-ett-hjarta-i-samhallet\/\",\"url\":\"https:\/\/www.budokampsport.se\/2023\/04\/24\/sbk-ett-hjarta-i-samhallet\/\",\"name\":\"SB&K - ett hj\u00e4rta i samh\u00e4llet - Svenska Budo &amp; Kampsportsf\u00f6rbundet\",\"isPartOf\":{\"@id\":\"https:\/\/www.budokampsport.se\/#website\"},\"primaryImageOfPage\":{\"@id\":\"https:\/\/www.budokampsport.se\/2023\/04\/24\/sbk-ett-hjarta-i-samhallet\/#primaryimage\"},\"image\":{\"@id\":\"https:\/\/www.budokampsport.se\/2023\/04\/24\/sbk-ett-hjarta-i-samhallet\/#primaryimage\"},\"thumbnailUrl\":\"https:\/\/www.budokampsport.se\/wp-content\/uploads\/2022\/12\/hjartat-e1744205515652.jpg\",\"datePublished\":\"2023-04-24T12:54:18+00:00\",\"dateModified\":\"2025-04-16T09:12:30+00:00\",\"author\":{\"@id\":\"https:\/\/www.budokampsport.se\/#\/schema\/person\/5c06d81d14850e2a8ce5493386560145\"},\"description\":\"SB&K. Nu \u00e4r det klart att Svenska Budo & Kampsportsf\u00f6rbundet \u00e4r ett av de sammanlagt 15 specialidrottsf\u00f6rbund inom RF som tilldelats stora medel f\u00f6r satsning i utsatta omr\u00e5den. - Vi vet att vi kan g\u00f6ra goda insatser \u00e4ven utanf\u00f6r mattorna och ringarna, s\u00e4ger SB&K:s vice ordf\u00f6rande Patrik Asplund till budokampsport.se. (Illustration: Ida Brogren)\",\"breadcrumb\":{\"@id\":\"https:\/\/www.budokampsport.se\/2023\/04\/24\/sbk-ett-hjarta-i-samhallet\/#breadcrumb\"},\"inLanguage\":\"sv-SE\",\"potentialAction\":[{\"@type\":\"ReadAction\",\"target\":[\"https:\/\/www.budokampsport.se\/2023\/04\/24\/sbk-ett-hjarta-i-samhallet\/\"]}]},{\"@type\":\"ImageObject\",\"inLanguage\":\"sv-SE\",\"@id\":\"https:\/\/www.budokampsport.se\/2023\/04\/24\/sbk-ett-hjarta-i-samhallet\/#primaryimage\",\"url\":\"https:\/\/www.budokampsport.se\/wp-content\/uploads\/2022\/12\/hjartat-e1744205515652.jpg\",\"contentUrl\":\"https:\/\/www.budokampsport.se\/wp-content\/uploads\/2022\/12\/hjartat-e1744205515652.jpg\",\"width\":540,\"height\":490},{\"@type\":\"BreadcrumbList\",\"@id\":\"https:\/\/www.budokampsport.se\/2023\/04\/24\/sbk-ett-hjarta-i-samhallet\/#breadcrumb\",\"itemListElement\":[{\"@type\":\"ListItem\",\"position\":1,\"name\":\"Hem\",\"item\":\"https:\/\/www.budokampsport.se\/\"},{\"@type\":\"ListItem\",\"position\":2,\"name\":\"SB&#038;K &#8211; ett hj\u00e4rta i samh\u00e4llet\"}]},{\"@type\":\"WebSite\",\"@id\":\"https:\/\/www.budokampsport.se\/#website\",\"url\":\"https:\/\/www.budokampsport.se\/\",\"name\":\"Svenska Budo &amp; Kampsportsf\u00f6rbundet\",\"description\":\"T\u00e4vling, Tr\u00e4ning, Tradition\",\"potentialAction\":[{\"@type\":\"SearchAction\",\"target\":{\"@type\":\"EntryPoint\",\"urlTemplate\":\"https:\/\/www.budokampsport.se\/?s={search_term_string}\"},\"query-input\":{\"@type\":\"PropertyValueSpecification\",\"valueRequired\":true,\"valueName\":\"search_term_string\"}}],\"inLanguage\":\"sv-SE\"},{\"@type\":\"Person\",\"@id\":\"https:\/\/www.budokampsport.se\/#\/schema\/person\/5c06d81d14850e2a8ce5493386560145\",\"name\":\"Jonathan Broberg\",\"image\":{\"@type\":\"ImageObject\",\"inLanguage\":\"sv-SE\",\"@id\":\"https:\/\/www.budokampsport.se\/#\/schema\/person\/image\/\",\"url\":\"https:\/\/secure.gravatar.com\/avatar\/a58041c6cea9128bd9c40ee2f26d4136?s=96&d=blank&r=g\",\"contentUrl\":\"https:\/\/secure.gravatar.com\/avatar\/a58041c6cea9128bd9c40ee2f26d4136?s=96&d=blank&r=g\",\"caption\":\"Jonathan Broberg\"},\"sameAs\":[\"https:\/\/www.facebook.com\/jonathan.broberg.7\"],\"url\":\"https:\/\/www.budokampsport.se\/author\/jonathan\/\"}]}<\/script>\n<!-- \/ Yoast SEO plugin. -->","yoast_head_json":{"title":"SB&K - ett hj\u00e4rta i samh\u00e4llet - Svenska Budo &amp; Kampsportsf\u00f6rbundet","description":"SB&K. Nu \u00e4r det klart att Svenska Budo & Kampsportsf\u00f6rbundet \u00e4r ett av de sammanlagt 15 specialidrottsf\u00f6rbund inom RF som tilldelats stora medel f\u00f6r satsning i utsatta omr\u00e5den. - Vi vet att vi kan g\u00f6ra goda insatser \u00e4ven utanf\u00f6r mattorna och ringarna, s\u00e4ger SB&K:s vice ordf\u00f6rande Patrik Asplund till budokampsport.se. (Illustration: Ida Brogren)","robots":{"index":"index","follow":"follow","max-snippet":"max-snippet:-1","max-image-preview":"max-image-preview:large","max-video-preview":"max-video-preview:-1"},"canonical":"https:\/\/www.budokampsport.se\/2023\/04\/24\/sbk-ett-hjarta-i-samhallet\/","og_locale":"sv_SE","og_type":"article","og_title":"SB&K - ett hj\u00e4rta i samh\u00e4llet - Svenska Budo &amp; Kampsportsf\u00f6rbundet","og_description":"SB&K. Nu \u00e4r det klart att Svenska Budo & Kampsportsf\u00f6rbundet \u00e4r ett av de sammanlagt 15 specialidrottsf\u00f6rbund inom RF som tilldelats stora medel f\u00f6r satsning i utsatta omr\u00e5den. - Vi vet att vi kan g\u00f6ra goda insatser \u00e4ven utanf\u00f6r mattorna och ringarna, s\u00e4ger SB&K:s vice ordf\u00f6rande Patrik Asplund till budokampsport.se. (Illustration: Ida Brogren)","og_url":"https:\/\/www.budokampsport.se\/2023\/04\/24\/sbk-ett-hjarta-i-samhallet\/","og_site_name":"Svenska Budo &amp; Kampsportsf\u00f6rbundet","article_author":"https:\/\/www.facebook.com\/jonathan.broberg.7","article_published_time":"2023-04-24T12:54:18+00:00","article_modified_time":"2025-04-16T09:12:30+00:00","og_image":[{"width":540,"height":490,"url":"https:\/\/www.budokampsport.se\/wp-content\/uploads\/2022\/12\/hjartat-e1744205515652.jpg","type":"image\/jpeg"}],"author":"Jonathan Broberg","twitter_card":"summary_large_image","twitter_misc":{"Skriven av":"Jonathan Broberg","Ber\u00e4knad l\u00e4stid":"2 minuter"},"schema":{"@context":"https:\/\/schema.org","@graph":[{"@type":"Article","@id":"https:\/\/www.budokampsport.se\/2023\/04\/24\/sbk-ett-hjarta-i-samhallet\/#article","isPartOf":{"@id":"https:\/\/www.budokampsport.se\/2023\/04\/24\/sbk-ett-hjarta-i-samhallet\/"},"author":{"name":"Jonathan Broberg","@id":"https:\/\/www.budokampsport.se\/#\/schema\/person\/5c06d81d14850e2a8ce5493386560145"},"headline":"SB&#038;K &#8211; ett hj\u00e4rta i samh\u00e4llet","datePublished":"2023-04-24T12:54:18+00:00","dateModified":"2025-04-16T09:12:30+00:00","mainEntityOfPage":{"@id":"https:\/\/www.budokampsport.se\/2023\/04\/24\/sbk-ett-hjarta-i-samhallet\/"},"wordCount":303,"image":{"@id":"https:\/\/www.budokampsport.se\/2023\/04\/24\/sbk-ett-hjarta-i-samhallet\/#primaryimage"},"thumbnailUrl":"https:\/\/www.budokampsport.se\/wp-content\/uploads\/2022\/12\/hjartat-e1744205515652.jpg","articleSection":["Idrottsklivet","SB&amp;K"],"inLanguage":"sv-SE"},{"@type":"WebPage","@id":"https:\/\/www.budokampsport.se\/2023\/04\/24\/sbk-ett-hjarta-i-samhallet\/","url":"https:\/\/www.budokampsport.se\/2023\/04\/24\/sbk-ett-hjarta-i-samhallet\/","name":"SB&K - ett hj\u00e4rta i samh\u00e4llet - Svenska Budo &amp; Kampsportsf\u00f6rbundet","isPartOf":{"@id":"https:\/\/www.budokampsport.se\/#website"},"primaryImageOfPage":{"@id":"https:\/\/www.budokampsport.se\/2023\/04\/24\/sbk-ett-hjarta-i-samhallet\/#primaryimage"},"image":{"@id":"https:\/\/www.budokampsport.se\/2023\/04\/24\/sbk-ett-hjarta-i-samhallet\/#primaryimage"},"thumbnailUrl":"https:\/\/www.budokampsport.se\/wp-content\/uploads\/2022\/12\/hjartat-e1744205515652.jpg","datePublished":"2023-04-24T12:54:18+00:00","dateModified":"2025-04-16T09:12:30+00:00","author":{"@id":"https:\/\/www.budokampsport.se\/#\/schema\/person\/5c06d81d14850e2a8ce5493386560145"},"description":"SB&K. Nu \u00e4r det klart att Svenska Budo & Kampsportsf\u00f6rbundet \u00e4r ett av de sammanlagt 15 specialidrottsf\u00f6rbund inom RF som tilldelats stora medel f\u00f6r satsning i utsatta omr\u00e5den. - Vi vet att vi kan g\u00f6ra goda insatser \u00e4ven utanf\u00f6r mattorna och ringarna, s\u00e4ger SB&K:s vice ordf\u00f6rande Patrik Asplund till budokampsport.se. (Illustration: Ida Brogren)","breadcrumb":{"@id":"https:\/\/www.budokampsport.se\/2023\/04\/24\/sbk-ett-hjarta-i-samhallet\/#breadcrumb"},"inLanguage":"sv-SE","potentialAction":[{"@type":"ReadAction","target":["https:\/\/www.budokampsport.se\/2023\/04\/24\/sbk-ett-hjarta-i-samhallet\/"]}]},{"@type":"ImageObject","inLanguage":"sv-SE","@id":"https:\/\/www.budokampsport.se\/2023\/04\/24\/sbk-ett-hjarta-i-samhallet\/#primaryimage","url":"https:\/\/www.budokampsport.se\/wp-content\/uploads\/2022\/12\/hjartat-e1744205515652.jpg","contentUrl":"https:\/\/www.budokampsport.se\/wp-content\/uploads\/2022\/12\/hjartat-e1744205515652.jpg","width":540,"height":490},{"@type":"BreadcrumbList","@id":"https:\/\/www.budokampsport.se\/2023\/04\/24\/sbk-ett-hjarta-i-samhallet\/#breadcrumb","itemListElement":[{"@type":"ListItem","position":1,"name":"Hem","item":"https:\/\/www.budokampsport.se\/"},{"@type":"ListItem","position":2,"name":"SB&#038;K &#8211; ett hj\u00e4rta i samh\u00e4llet"}]},{"@type":"WebSite","@id":"https:\/\/www.budokampsport.se\/#website","url":"https:\/\/www.budokampsport.se\/","name":"Svenska Budo &amp; Kampsportsf\u00f6rbundet","description":"T\u00e4vling, Tr\u00e4ning, Tradition","potentialAction":[{"@type":"SearchAction","target":{"@type":"EntryPoint","urlTemplate":"https:\/\/www.budokampsport.se\/?s={search_term_string}"},"query-input":{"@type":"PropertyValueSpecification","valueRequired":true,"valueName":"search_term_string"}}],"inLanguage":"sv-SE"},{"@type":"Person","@id":"https:\/\/www.budokampsport.se\/#\/schema\/person\/5c06d81d14850e2a8ce5493386560145","name":"Jonathan Broberg","image":{"@type":"ImageObject","inLanguage":"sv-SE","@id":"https:\/\/www.budokampsport.se\/#\/schema\/person\/image\/","url":"https:\/\/secure.gravatar.com\/avatar\/a58041c6cea9128bd9c40ee2f26d4136?s=96&d=blank&r=g","contentUrl":"https:\/\/secure.gravatar.com\/avatar\/a58041c6cea9128bd9c40ee2f26d4136?s=96&d=blank&r=g","caption":"Jonathan Broberg"},"sameAs":["https:\/\/www.facebook.com\/jonathan.broberg.7"],"url":"https:\/\/www.budokampsport.se\/author\/jonathan\/"}]}},"_links":{"self":[{"href":"https:\/\/www.budokampsport.se\/api\/wp\/v2\/posts\/152767","targetHints":{"allow":["GET"]}}],"collection":[{"href":"https:\/\/www.budokampsport.se\/api\/wp\/v2\/posts"}],"about":[{"href":"https:\/\/www.budokampsport.se\/api\/wp\/v2\/types\/post"}],"author":[{"embeddable":true,"href":"https:\/\/www.budokampsport.se\/api\/wp\/v2\/users\/7"}],"replies":[{"embeddable":true,"href":"https:\/\/www.budokampsport.se\/api\/wp\/v2\/comments?post=152767"}],"version-history":[{"count":0,"href":"https:\/\/www.budokampsport.se\/api\/wp\/v2\/posts\/152767\/revisions"}],"wp:featuredmedia":[{"embeddable":true,"href":"https:\/\/www.budokampsport.se\/api\/wp\/v2\/media\/146375"}],"wp:attachment":[{"href":"https:\/\/www.budokampsport.se\/api\/wp\/v2\/media?parent=152767"}],"wp:term":[{"taxonomy":"category","embeddable":true,"href":"https:\/\/www.budokampsport.se\/api\/wp\/v2\/categories?post=152767"},{"taxonomy":"post_tag","embeddable":true,"href":"https:\/\/www.budokampsport.se\/api\/wp\/v2\/tags?post=152767"}],"curies":[{"name":"wp","href":"https:\/\/api.w.org\/{rel}","templated":true}]}}