{"id":152855,"date":"2023-04-26T15:07:10","date_gmt":"2023-04-26T13:07:10","guid":{"rendered":"https:\/\/www.budokampsport.se\/?p=152855"},"modified":"2023-04-26T15:07:10","modified_gmt":"2023-04-26T13:07:10","slug":"ifk-em-guld-till-ali-hayder","status":"publish","type":"post","link":"https:\/\/www.budokampsport.se\/2023\/04\/26\/ifk-em-guld-till-ali-hayder\/","title":{"rendered":"IFK-EM guld till Ali Hayder"},"content":{"rendered":"<p>M\u00e5nga k\u00e4nner igen hans namn vid det h\u00e4r laget, <strong>Ali Hayder<\/strong>. Under en l\u00e4ngre tid har han tillh\u00f6rt eliten inom kyokushin och f\u00f6r n\u00e5gon m\u00e5nad sen tog han <a href=\"https:\/\/www.budokampsport.se\/2023\/04\/01\/tva-em-brons-i-kumite\/\" target=\"_blank\" rel=\"noopener\">EM-brons<\/a> p\u00e5 hemmaplan i G\u00f6teborg. I helgen var det dags f\u00f6r ytterligare ett EM, IFK-EM, och denna g\u00e5ng n\u00e5dde han h\u00f6gst upp p\u00e5 pallen.<\/p>\n<p>\u2013 Det k\u00e4nns j\u00e4ttebra, vi var fyra svenskar p\u00e5 plats och jag k\u00e4nde att vi var ett bra team. Vi sa fr\u00e5n b\u00f6rjan att nu g\u00e5r vi in och tar fyra guld. Det var en bra inst\u00e4llning och fullt fokus. Jag var mindre nerv\u00f6s \u00e4n i G\u00f6teborg och jag hade en positiv k\u00e4nsla genom hela t\u00e4vlingen, s\u00e4ger Hayder.<\/p>\n<p>Turneringen k\u00e4ndes r\u00e4tt fr\u00e5n b\u00f6rjan och Hayder hade p\u00e5 k\u00e4nn att denna g\u00e5ng skulle han g\u00e5 hela v\u00e4gen.\u00a0<\/p>\n<p>\u2013 Jag hade k\u00e4nslan att jag kunde g\u00e5 hela v\u00e4gen, jag knockade min motst\u00e5ndare i f\u00f6rsta matchen och efter andra k\u00e4nde jag att jag kommer vinna oavsett vem jag m\u00f6ter, s\u00e4ger Hayder. I oktober v\u00e4ntar VM i kyokushin och Hayder ser fram emot turneringen med stor f\u00f6rv\u00e4ntan.<\/p>\n<p>\u2013 Jag tror jag kommer g\u00f6ra n\u00e5gon mer t\u00e4vling innan men m\u00e5let \u00e4r s\u00e5klart VM. Eftersom det \u00e4r en s\u00e5 kallad \u00f6ppen t\u00e4vling s\u00e5 kan jag f\u00e5 m\u00f6ta n\u00e5gon som v\u00e4ger mycket mer s\u00e5 det g\u00e4ller att tr\u00e4na p\u00e5 ordentligt inf\u00f6r, s\u00e4ger Hayder.<\/p>\n<p>\n<\/p>\n<figure id=\"attachment_152868\" aria-describedby=\"caption-attachment-152868\" style=\"width: 376px\" class=\"wp-caption alignnone\"><img loading=\"lazy\" decoding=\"async\" class=\"size-medium wp-image-152868\" src=\"https:\/\/www.budokampsport.se\/wp-content\/uploads\/2023\/04\/ALI-H-2-376x256.jpg\" alt=\"\" width=\"376\" height=\"256\" srcset=\"https:\/\/www.budokampsport.se\/wp-content\/uploads\/2023\/04\/ALI-H-2-376x256.jpg 376w, https:\/\/www.budokampsport.se\/wp-content\/uploads\/2023\/04\/ALI-H-2-600x408.jpg 600w, https:\/\/www.budokampsport.se\/wp-content\/uploads\/2023\/04\/ALI-H-2-847x576.jpg 847w, https:\/\/www.budokampsport.se\/wp-content\/uploads\/2023\/04\/ALI-H-2-278x189.jpg 278w, https:\/\/www.budokampsport.se\/wp-content\/uploads\/2023\/04\/ALI-H-2-572x389.jpg 572w, https:\/\/www.budokampsport.se\/wp-content\/uploads\/2023\/04\/ALI-H-2.jpg 850w\" sizes=\"auto, (max-width: 376px) 100vw, 376px\" \/><figcaption id=\"caption-attachment-152868\" class=\"wp-caption-text\"><span style=\"font-size: 8pt;\">Med p\u00e5 t\u00e4vlingen fanns ocks\u00e5 tre andra svenskar fr\u00e5n en annan organisationen som gjorde fina prestationer.<\/span><\/figcaption><\/figure>\n<p>&nbsp;<\/p>\n<p>Text: Annie Bondefelt<\/p>\n","protected":false},"excerpt":{"rendered":"<p>KYOKUSHIN. IFK EM-guld till Ali Hayder under helgens m\u00e4sterskap i Armenien.<br \/><br>&#8211; Jag hade k\u00e4nslan att jag kunde g\u00e5 hela v\u00e4gen, s\u00e4ger Ali Hayder till budokampsport.se<br \/><br>Foto: Privat<\/p><br>","protected":false},"author":120,"featured_media":152867,"comment_status":"closed","ping_status":"closed","sticky":false,"template":"","format":"standard","meta":{"_acf_changed":false,"footnotes":""},"categories":[451],"tags":[],"class_list":["post-152855","post","type-post","status-publish","format-standard","has-post-thumbnail","hentry","category-elit"],"acf":[],"yoast_head":"<!-- This site is optimized with the Yoast SEO plugin v26.8 - https:\/\/yoast.com\/product\/yoast-seo-wordpress\/ -->\n<title>IFK-EM guld till Ali Hayder - Svenska Budo &amp; Kampsportsf\u00f6rbundet<\/title>\n<meta name=\"description\" content=\"KYOKUSHIN. IFK EM-guld till Ali Hayder under helgens m\u00e4sterskap i Armenien. - Jag hade k\u00e4nslan att jag kunde g\u00e5 hela v\u00e4gen, s\u00e4ger Ali Hayder till budokampsport.se Foto: Privat\" \/>\n<meta name=\"robots\" content=\"index, follow, max-snippet:-1, max-image-preview:large, max-video-preview:-1\" \/>\n<link rel=\"canonical\" href=\"https:\/\/www.budokampsport.se\/2023\/04\/26\/ifk-em-guld-till-ali-hayder\/\" \/>\n<meta property=\"og:locale\" content=\"sv_SE\" \/>\n<meta property=\"og:type\" content=\"article\" \/>\n<meta property=\"og:title\" content=\"IFK-EM guld till Ali Hayder - Svenska Budo &amp; Kampsportsf\u00f6rbundet\" \/>\n<meta property=\"og:description\" content=\"KYOKUSHIN. IFK EM-guld till Ali Hayder under helgens m\u00e4sterskap i Armenien. - Jag hade k\u00e4nslan att jag kunde g\u00e5 hela v\u00e4gen, s\u00e4ger Ali Hayder till budokampsport.se Foto: Privat\" \/>\n<meta property=\"og:url\" content=\"https:\/\/www.budokampsport.se\/2023\/04\/26\/ifk-em-guld-till-ali-hayder\/\" \/>\n<meta property=\"og:site_name\" content=\"Svenska Budo &amp; Kampsportsf\u00f6rbundet\" \/>\n<meta property=\"article:published_time\" content=\"2023-04-26T13:07:10+00:00\" \/>\n<meta property=\"og:image\" content=\"https:\/\/www.budokampsport.se\/wp-content\/uploads\/2023\/04\/ali-h.jpg\" \/>\n\t<meta property=\"og:image:width\" content=\"850\" \/>\n\t<meta property=\"og:image:height\" content=\"581\" \/>\n\t<meta property=\"og:image:type\" content=\"image\/jpeg\" \/>\n<meta name=\"author\" content=\"Annie Carriage\" \/>\n<meta name=\"twitter:card\" content=\"summary_large_image\" \/>\n<meta name=\"twitter:label1\" content=\"Skriven av\" \/>\n\t<meta name=\"twitter:data1\" content=\"Annie Carriage\" \/>\n\t<meta name=\"twitter:label2\" content=\"Ber\u00e4knad l\u00e4stid\" \/>\n\t<meta name=\"twitter:data2\" content=\"2 minuter\" \/>\n<script type=\"application\/ld+json\" class=\"yoast-schema-graph\">{\"@context\":\"https:\/\/schema.org\",\"@graph\":[{\"@type\":\"Article\",\"@id\":\"https:\/\/www.budokampsport.se\/2023\/04\/26\/ifk-em-guld-till-ali-hayder\/#article\",\"isPartOf\":{\"@id\":\"https:\/\/www.budokampsport.se\/2023\/04\/26\/ifk-em-guld-till-ali-hayder\/\"},\"author\":{\"name\":\"Annie Carriage\",\"@id\":\"https:\/\/www.budokampsport.se\/#\/schema\/person\/c838cace8171f692e363fde3f38f208b\"},\"headline\":\"IFK-EM guld till Ali Hayder\",\"datePublished\":\"2023-04-26T13:07:10+00:00\",\"mainEntityOfPage\":{\"@id\":\"https:\/\/www.budokampsport.se\/2023\/04\/26\/ifk-em-guld-till-ali-hayder\/\"},\"wordCount\":304,\"image\":{\"@id\":\"https:\/\/www.budokampsport.se\/2023\/04\/26\/ifk-em-guld-till-ali-hayder\/#primaryimage\"},\"thumbnailUrl\":\"https:\/\/www.budokampsport.se\/wp-content\/uploads\/2023\/04\/ali-h.jpg\",\"articleSection\":[\"Elit\"],\"inLanguage\":\"sv-SE\"},{\"@type\":\"WebPage\",\"@id\":\"https:\/\/www.budokampsport.se\/2023\/04\/26\/ifk-em-guld-till-ali-hayder\/\",\"url\":\"https:\/\/www.budokampsport.se\/2023\/04\/26\/ifk-em-guld-till-ali-hayder\/\",\"name\":\"IFK-EM guld till Ali Hayder - Svenska Budo &amp; Kampsportsf\u00f6rbundet\",\"isPartOf\":{\"@id\":\"https:\/\/www.budokampsport.se\/#website\"},\"primaryImageOfPage\":{\"@id\":\"https:\/\/www.budokampsport.se\/2023\/04\/26\/ifk-em-guld-till-ali-hayder\/#primaryimage\"},\"image\":{\"@id\":\"https:\/\/www.budokampsport.se\/2023\/04\/26\/ifk-em-guld-till-ali-hayder\/#primaryimage\"},\"thumbnailUrl\":\"https:\/\/www.budokampsport.se\/wp-content\/uploads\/2023\/04\/ali-h.jpg\",\"datePublished\":\"2023-04-26T13:07:10+00:00\",\"author\":{\"@id\":\"https:\/\/www.budokampsport.se\/#\/schema\/person\/c838cace8171f692e363fde3f38f208b\"},\"description\":\"KYOKUSHIN. IFK EM-guld till Ali Hayder under helgens m\u00e4sterskap i Armenien. - Jag hade k\u00e4nslan att jag kunde g\u00e5 hela v\u00e4gen, s\u00e4ger Ali Hayder till budokampsport.se Foto: Privat\",\"breadcrumb\":{\"@id\":\"https:\/\/www.budokampsport.se\/2023\/04\/26\/ifk-em-guld-till-ali-hayder\/#breadcrumb\"},\"inLanguage\":\"sv-SE\",\"potentialAction\":[{\"@type\":\"ReadAction\",\"target\":[\"https:\/\/www.budokampsport.se\/2023\/04\/26\/ifk-em-guld-till-ali-hayder\/\"]}]},{\"@type\":\"ImageObject\",\"inLanguage\":\"sv-SE\",\"@id\":\"https:\/\/www.budokampsport.se\/2023\/04\/26\/ifk-em-guld-till-ali-hayder\/#primaryimage\",\"url\":\"https:\/\/www.budokampsport.se\/wp-content\/uploads\/2023\/04\/ali-h.jpg\",\"contentUrl\":\"https:\/\/www.budokampsport.se\/wp-content\/uploads\/2023\/04\/ali-h.jpg\",\"width\":850,\"height\":581,\"caption\":\"Foto: Privat\"},{\"@type\":\"BreadcrumbList\",\"@id\":\"https:\/\/www.budokampsport.se\/2023\/04\/26\/ifk-em-guld-till-ali-hayder\/#breadcrumb\",\"itemListElement\":[{\"@type\":\"ListItem\",\"position\":1,\"name\":\"Hem\",\"item\":\"https:\/\/www.budokampsport.se\/\"},{\"@type\":\"ListItem\",\"position\":2,\"name\":\"IFK-EM guld till Ali Hayder\"}]},{\"@type\":\"WebSite\",\"@id\":\"https:\/\/www.budokampsport.se\/#website\",\"url\":\"https:\/\/www.budokampsport.se\/\",\"name\":\"Svenska Budo &amp; Kampsportsf\u00f6rbundet\",\"description\":\"T\u00e4vling, Tr\u00e4ning, Tradition\",\"potentialAction\":[{\"@type\":\"SearchAction\",\"target\":{\"@type\":\"EntryPoint\",\"urlTemplate\":\"https:\/\/www.budokampsport.se\/?s={search_term_string}\"},\"query-input\":{\"@type\":\"PropertyValueSpecification\",\"valueRequired\":true,\"valueName\":\"search_term_string\"}}],\"inLanguage\":\"sv-SE\"},{\"@type\":\"Person\",\"@id\":\"https:\/\/www.budokampsport.se\/#\/schema\/person\/c838cace8171f692e363fde3f38f208b\",\"name\":\"Annie Carriage\",\"image\":{\"@type\":\"ImageObject\",\"inLanguage\":\"sv-SE\",\"@id\":\"https:\/\/www.budokampsport.se\/#\/schema\/person\/image\/\",\"url\":\"https:\/\/secure.gravatar.com\/avatar\/9311295560bdfbdf78365a26f7df1876?s=96&d=blank&r=g\",\"contentUrl\":\"https:\/\/secure.gravatar.com\/avatar\/9311295560bdfbdf78365a26f7df1876?s=96&d=blank&r=g\",\"caption\":\"Annie Carriage\"},\"url\":\"https:\/\/www.budokampsport.se\/author\/annie-bondefelt\/\"}]}<\/script>\n<!-- \/ Yoast SEO plugin. -->","yoast_head_json":{"title":"IFK-EM guld till Ali Hayder - Svenska Budo &amp; Kampsportsf\u00f6rbundet","description":"KYOKUSHIN. IFK EM-guld till Ali Hayder under helgens m\u00e4sterskap i Armenien. - Jag hade k\u00e4nslan att jag kunde g\u00e5 hela v\u00e4gen, s\u00e4ger Ali Hayder till budokampsport.se Foto: Privat","robots":{"index":"index","follow":"follow","max-snippet":"max-snippet:-1","max-image-preview":"max-image-preview:large","max-video-preview":"max-video-preview:-1"},"canonical":"https:\/\/www.budokampsport.se\/2023\/04\/26\/ifk-em-guld-till-ali-hayder\/","og_locale":"sv_SE","og_type":"article","og_title":"IFK-EM guld till Ali Hayder - Svenska Budo &amp; Kampsportsf\u00f6rbundet","og_description":"KYOKUSHIN. IFK EM-guld till Ali Hayder under helgens m\u00e4sterskap i Armenien. - Jag hade k\u00e4nslan att jag kunde g\u00e5 hela v\u00e4gen, s\u00e4ger Ali Hayder till budokampsport.se Foto: Privat","og_url":"https:\/\/www.budokampsport.se\/2023\/04\/26\/ifk-em-guld-till-ali-hayder\/","og_site_name":"Svenska Budo &amp; Kampsportsf\u00f6rbundet","article_published_time":"2023-04-26T13:07:10+00:00","og_image":[{"width":850,"height":581,"url":"https:\/\/www.budokampsport.se\/wp-content\/uploads\/2023\/04\/ali-h.jpg","type":"image\/jpeg"}],"author":"Annie Carriage","twitter_card":"summary_large_image","twitter_misc":{"Skriven av":"Annie Carriage","Ber\u00e4knad l\u00e4stid":"2 minuter"},"schema":{"@context":"https:\/\/schema.org","@graph":[{"@type":"Article","@id":"https:\/\/www.budokampsport.se\/2023\/04\/26\/ifk-em-guld-till-ali-hayder\/#article","isPartOf":{"@id":"https:\/\/www.budokampsport.se\/2023\/04\/26\/ifk-em-guld-till-ali-hayder\/"},"author":{"name":"Annie Carriage","@id":"https:\/\/www.budokampsport.se\/#\/schema\/person\/c838cace8171f692e363fde3f38f208b"},"headline":"IFK-EM guld till Ali Hayder","datePublished":"2023-04-26T13:07:10+00:00","mainEntityOfPage":{"@id":"https:\/\/www.budokampsport.se\/2023\/04\/26\/ifk-em-guld-till-ali-hayder\/"},"wordCount":304,"image":{"@id":"https:\/\/www.budokampsport.se\/2023\/04\/26\/ifk-em-guld-till-ali-hayder\/#primaryimage"},"thumbnailUrl":"https:\/\/www.budokampsport.se\/wp-content\/uploads\/2023\/04\/ali-h.jpg","articleSection":["Elit"],"inLanguage":"sv-SE"},{"@type":"WebPage","@id":"https:\/\/www.budokampsport.se\/2023\/04\/26\/ifk-em-guld-till-ali-hayder\/","url":"https:\/\/www.budokampsport.se\/2023\/04\/26\/ifk-em-guld-till-ali-hayder\/","name":"IFK-EM guld till Ali Hayder - Svenska Budo &amp; Kampsportsf\u00f6rbundet","isPartOf":{"@id":"https:\/\/www.budokampsport.se\/#website"},"primaryImageOfPage":{"@id":"https:\/\/www.budokampsport.se\/2023\/04\/26\/ifk-em-guld-till-ali-hayder\/#primaryimage"},"image":{"@id":"https:\/\/www.budokampsport.se\/2023\/04\/26\/ifk-em-guld-till-ali-hayder\/#primaryimage"},"thumbnailUrl":"https:\/\/www.budokampsport.se\/wp-content\/uploads\/2023\/04\/ali-h.jpg","datePublished":"2023-04-26T13:07:10+00:00","author":{"@id":"https:\/\/www.budokampsport.se\/#\/schema\/person\/c838cace8171f692e363fde3f38f208b"},"description":"KYOKUSHIN. IFK EM-guld till Ali Hayder under helgens m\u00e4sterskap i Armenien. - Jag hade k\u00e4nslan att jag kunde g\u00e5 hela v\u00e4gen, s\u00e4ger Ali Hayder till budokampsport.se Foto: Privat","breadcrumb":{"@id":"https:\/\/www.budokampsport.se\/2023\/04\/26\/ifk-em-guld-till-ali-hayder\/#breadcrumb"},"inLanguage":"sv-SE","potentialAction":[{"@type":"ReadAction","target":["https:\/\/www.budokampsport.se\/2023\/04\/26\/ifk-em-guld-till-ali-hayder\/"]}]},{"@type":"ImageObject","inLanguage":"sv-SE","@id":"https:\/\/www.budokampsport.se\/2023\/04\/26\/ifk-em-guld-till-ali-hayder\/#primaryimage","url":"https:\/\/www.budokampsport.se\/wp-content\/uploads\/2023\/04\/ali-h.jpg","contentUrl":"https:\/\/www.budokampsport.se\/wp-content\/uploads\/2023\/04\/ali-h.jpg","width":850,"height":581,"caption":"Foto: Privat"},{"@type":"BreadcrumbList","@id":"https:\/\/www.budokampsport.se\/2023\/04\/26\/ifk-em-guld-till-ali-hayder\/#breadcrumb","itemListElement":[{"@type":"ListItem","position":1,"name":"Hem","item":"https:\/\/www.budokampsport.se\/"},{"@type":"ListItem","position":2,"name":"IFK-EM guld till Ali Hayder"}]},{"@type":"WebSite","@id":"https:\/\/www.budokampsport.se\/#website","url":"https:\/\/www.budokampsport.se\/","name":"Svenska Budo &amp; Kampsportsf\u00f6rbundet","description":"T\u00e4vling, Tr\u00e4ning, Tradition","potentialAction":[{"@type":"SearchAction","target":{"@type":"EntryPoint","urlTemplate":"https:\/\/www.budokampsport.se\/?s={search_term_string}"},"query-input":{"@type":"PropertyValueSpecification","valueRequired":true,"valueName":"search_term_string"}}],"inLanguage":"sv-SE"},{"@type":"Person","@id":"https:\/\/www.budokampsport.se\/#\/schema\/person\/c838cace8171f692e363fde3f38f208b","name":"Annie Carriage","image":{"@type":"ImageObject","inLanguage":"sv-SE","@id":"https:\/\/www.budokampsport.se\/#\/schema\/person\/image\/","url":"https:\/\/secure.gravatar.com\/avatar\/9311295560bdfbdf78365a26f7df1876?s=96&d=blank&r=g","contentUrl":"https:\/\/secure.gravatar.com\/avatar\/9311295560bdfbdf78365a26f7df1876?s=96&d=blank&r=g","caption":"Annie Carriage"},"url":"https:\/\/www.budokampsport.se\/author\/annie-bondefelt\/"}]}},"_links":{"self":[{"href":"https:\/\/www.budokampsport.se\/api\/wp\/v2\/posts\/152855","targetHints":{"allow":["GET"]}}],"collection":[{"href":"https:\/\/www.budokampsport.se\/api\/wp\/v2\/posts"}],"about":[{"href":"https:\/\/www.budokampsport.se\/api\/wp\/v2\/types\/post"}],"author":[{"embeddable":true,"href":"https:\/\/www.budokampsport.se\/api\/wp\/v2\/users\/120"}],"replies":[{"embeddable":true,"href":"https:\/\/www.budokampsport.se\/api\/wp\/v2\/comments?post=152855"}],"version-history":[{"count":0,"href":"https:\/\/www.budokampsport.se\/api\/wp\/v2\/posts\/152855\/revisions"}],"wp:featuredmedia":[{"embeddable":true,"href":"https:\/\/www.budokampsport.se\/api\/wp\/v2\/media\/152867"}],"wp:attachment":[{"href":"https:\/\/www.budokampsport.se\/api\/wp\/v2\/media?parent=152855"}],"wp:term":[{"taxonomy":"category","embeddable":true,"href":"https:\/\/www.budokampsport.se\/api\/wp\/v2\/categories?post=152855"},{"taxonomy":"post_tag","embeddable":true,"href":"https:\/\/www.budokampsport.se\/api\/wp\/v2\/tags?post=152855"}],"curies":[{"name":"wp","href":"https:\/\/api.w.org\/{rel}","templated":true}]}}