{"id":153255,"date":"2023-05-05T22:49:06","date_gmt":"2023-05-05T20:49:06","guid":{"rendered":"https:\/\/www.budokampsport.se\/?p=153255"},"modified":"2023-05-05T22:56:08","modified_gmt":"2023-05-05T20:56:08","slug":"thaiboxnings-vm-sa-gick-det-for-svenskarna-idag","status":"publish","type":"post","link":"https:\/\/www.budokampsport.se\/2023\/05\/05\/thaiboxnings-vm-sa-gick-det-for-svenskarna-idag\/","title":{"rendered":"Thaiboxnings-VM &#8211; s\u00e5 gick det f\u00f6r svenskarna idag"},"content":{"rendered":"<p>VM i thaiboxning i Bangkok \u00e4r i g\u00e5ng. Och under den f\u00f6rsta t\u00e4vlingsdagen har fem svenskar varit i farten.<\/p>\n<p><strong>Linus Bylander<\/strong> inledde f\u00f6rst av svenskarna och hade det tyv\u00e4rr tufft mot fransmannen Achille Robinet. Fransmannen vann de tv\u00e5 f\u00f6rsta ronderna och kunder med det i ryggen se till att h\u00e5lla Bylander ifr\u00e5n sig under den tredje. Bylander gjorde ett gott f\u00f6rs\u00f6k med det r\u00e4ckte bara till en oavgjord tredje rond. Robinet vandrar vidare i VM medan Bylander f\u00e5r ta nya tag.<\/p>\n<p>Landslagets f\u00f6rsta seger kom ist\u00e4llet i den andra matchen en bl\u00e5gul st\u00e4llde upp i. <strong>Emil Flystam<\/strong> gjorde en fin VM-premi\u00e4r och vann p\u00e5 domaren br\u00f6t matchen. Nu v\u00e4ntar thail\u00e4ndskt motst\u00e5nd i n\u00e4sta omg\u00e5ng f\u00f6r Flystam.<\/p>\n<p>F\u00f6r <strong>Mustafa Aboutaka<\/strong> slutade VM-premi\u00e4ren med seger. Domarna br\u00f6t matchen och i n\u00e4sta omg\u00e5ng v\u00e4ntar turkiskt motst\u00e5nd f\u00f6r Aboutaka.<\/p>\n<p>Det blev emellertid f\u00f6rlust f\u00f6r <strong>Sofia Holmer<\/strong>. Hon f\u00f6rlorade de tv\u00e5 inledande ronderna mot marockanskan Oumaima och hade beh\u00f6vt ett avslut i tredje f\u00f6r att g\u00e5 vidare. Men det ville sig inte f\u00f6r Holmer den h\u00e4r g\u00e5ngen och marockanskan tilld\u00f6mdes \u00e4ven den tredje ronden.<\/p>\n<p>I U23-VM blev seger f\u00f6r talangen <strong>Vilda Ekhorn<\/strong>. Hon vann samtliga tre ronder i sin f\u00f6rsta match under VM och m\u00f6ter marockanskt motst\u00e5nd i kvartsfinal.<\/p>\n<p>\nText: Jonathan Broberg<\/p>\n","protected":false},"excerpt":{"rendered":"<p>THAIBOXNING. S\u00e5 \u00e4r d\u00e5 \u00e4ntligen VM i thaiboxning i Bangkok ig\u00e5ng. Fem svenskar gick match under fredagen.<\/p><br>","protected":false},"author":7,"featured_media":103184,"comment_status":"closed","ping_status":"closed","sticky":false,"template":"","format":"standard","meta":{"_acf_changed":false,"footnotes":""},"categories":[1],"tags":[],"class_list":["post-153255","post","type-post","status-publish","format-standard","has-post-thumbnail","hentry","category-okategoriserade"],"acf":[],"yoast_head":"<!-- This site is optimized with the Yoast SEO plugin v26.8 - https:\/\/yoast.com\/product\/yoast-seo-wordpress\/ -->\n<title>Thaiboxnings-VM - s\u00e5 gick det f\u00f6r svenskarna idag - Svenska Budo &amp; Kampsportsf\u00f6rbundet<\/title>\n<meta name=\"description\" content=\"THAIBOXNING. S\u00e5 \u00e4r d\u00e5 \u00e4ntligen VM i thaiboxning i Bangkok ig\u00e5ng. Fem svenskar gick match under fredagen.\" \/>\n<meta name=\"robots\" content=\"index, follow, max-snippet:-1, max-image-preview:large, max-video-preview:-1\" \/>\n<link rel=\"canonical\" href=\"https:\/\/www.budokampsport.se\/2023\/05\/05\/thaiboxnings-vm-sa-gick-det-for-svenskarna-idag\/\" \/>\n<meta property=\"og:locale\" content=\"sv_SE\" \/>\n<meta property=\"og:type\" content=\"article\" \/>\n<meta property=\"og:title\" content=\"Thaiboxnings-VM - s\u00e5 gick det f\u00f6r svenskarna idag - Svenska Budo &amp; Kampsportsf\u00f6rbundet\" \/>\n<meta property=\"og:description\" content=\"THAIBOXNING. S\u00e5 \u00e4r d\u00e5 \u00e4ntligen VM i thaiboxning i Bangkok ig\u00e5ng. Fem svenskar gick match under fredagen.\" \/>\n<meta property=\"og:url\" content=\"https:\/\/www.budokampsport.se\/2023\/05\/05\/thaiboxnings-vm-sa-gick-det-for-svenskarna-idag\/\" \/>\n<meta property=\"og:site_name\" content=\"Svenska Budo &amp; Kampsportsf\u00f6rbundet\" \/>\n<meta property=\"article:author\" content=\"https:\/\/www.facebook.com\/jonathan.broberg.7\" \/>\n<meta property=\"article:published_time\" content=\"2023-05-05T20:49:06+00:00\" \/>\n<meta property=\"article:modified_time\" content=\"2023-05-05T20:56:08+00:00\" \/>\n<meta property=\"og:image\" content=\"https:\/\/www.budokampsport.se\/wp-content\/uploads\/2019\/07\/IMG_5046.jpg\" \/>\n\t<meta property=\"og:image:width\" content=\"850\" \/>\n\t<meta property=\"og:image:height\" content=\"567\" \/>\n\t<meta property=\"og:image:type\" content=\"image\/jpeg\" \/>\n<meta name=\"author\" content=\"Jonathan Broberg\" \/>\n<meta name=\"twitter:card\" content=\"summary_large_image\" \/>\n<meta name=\"twitter:label1\" content=\"Skriven av\" \/>\n\t<meta name=\"twitter:data1\" content=\"Jonathan Broberg\" \/>\n\t<meta name=\"twitter:label2\" content=\"Ber\u00e4knad l\u00e4stid\" \/>\n\t<meta name=\"twitter:data2\" content=\"2 minuter\" \/>\n<script type=\"application\/ld+json\" class=\"yoast-schema-graph\">{\"@context\":\"https:\/\/schema.org\",\"@graph\":[{\"@type\":\"Article\",\"@id\":\"https:\/\/www.budokampsport.se\/2023\/05\/05\/thaiboxnings-vm-sa-gick-det-for-svenskarna-idag\/#article\",\"isPartOf\":{\"@id\":\"https:\/\/www.budokampsport.se\/2023\/05\/05\/thaiboxnings-vm-sa-gick-det-for-svenskarna-idag\/\"},\"author\":{\"name\":\"Jonathan Broberg\",\"@id\":\"https:\/\/www.budokampsport.se\/#\/schema\/person\/5c06d81d14850e2a8ce5493386560145\"},\"headline\":\"Thaiboxnings-VM &#8211; s\u00e5 gick det f\u00f6r svenskarna idag\",\"datePublished\":\"2023-05-05T20:49:06+00:00\",\"dateModified\":\"2023-05-05T20:56:08+00:00\",\"mainEntityOfPage\":{\"@id\":\"https:\/\/www.budokampsport.se\/2023\/05\/05\/thaiboxnings-vm-sa-gick-det-for-svenskarna-idag\/\"},\"wordCount\":262,\"image\":{\"@id\":\"https:\/\/www.budokampsport.se\/2023\/05\/05\/thaiboxnings-vm-sa-gick-det-for-svenskarna-idag\/#primaryimage\"},\"thumbnailUrl\":\"https:\/\/www.budokampsport.se\/wp-content\/uploads\/2019\/07\/IMG_5046.jpg\",\"inLanguage\":\"sv-SE\"},{\"@type\":\"WebPage\",\"@id\":\"https:\/\/www.budokampsport.se\/2023\/05\/05\/thaiboxnings-vm-sa-gick-det-for-svenskarna-idag\/\",\"url\":\"https:\/\/www.budokampsport.se\/2023\/05\/05\/thaiboxnings-vm-sa-gick-det-for-svenskarna-idag\/\",\"name\":\"Thaiboxnings-VM - s\u00e5 gick det f\u00f6r svenskarna idag - Svenska Budo &amp; Kampsportsf\u00f6rbundet\",\"isPartOf\":{\"@id\":\"https:\/\/www.budokampsport.se\/#website\"},\"primaryImageOfPage\":{\"@id\":\"https:\/\/www.budokampsport.se\/2023\/05\/05\/thaiboxnings-vm-sa-gick-det-for-svenskarna-idag\/#primaryimage\"},\"image\":{\"@id\":\"https:\/\/www.budokampsport.se\/2023\/05\/05\/thaiboxnings-vm-sa-gick-det-for-svenskarna-idag\/#primaryimage\"},\"thumbnailUrl\":\"https:\/\/www.budokampsport.se\/wp-content\/uploads\/2019\/07\/IMG_5046.jpg\",\"datePublished\":\"2023-05-05T20:49:06+00:00\",\"dateModified\":\"2023-05-05T20:56:08+00:00\",\"author\":{\"@id\":\"https:\/\/www.budokampsport.se\/#\/schema\/person\/5c06d81d14850e2a8ce5493386560145\"},\"description\":\"THAIBOXNING. S\u00e5 \u00e4r d\u00e5 \u00e4ntligen VM i thaiboxning i Bangkok ig\u00e5ng. Fem svenskar gick match under fredagen.\",\"breadcrumb\":{\"@id\":\"https:\/\/www.budokampsport.se\/2023\/05\/05\/thaiboxnings-vm-sa-gick-det-for-svenskarna-idag\/#breadcrumb\"},\"inLanguage\":\"sv-SE\",\"potentialAction\":[{\"@type\":\"ReadAction\",\"target\":[\"https:\/\/www.budokampsport.se\/2023\/05\/05\/thaiboxnings-vm-sa-gick-det-for-svenskarna-idag\/\"]}]},{\"@type\":\"ImageObject\",\"inLanguage\":\"sv-SE\",\"@id\":\"https:\/\/www.budokampsport.se\/2023\/05\/05\/thaiboxnings-vm-sa-gick-det-for-svenskarna-idag\/#primaryimage\",\"url\":\"https:\/\/www.budokampsport.se\/wp-content\/uploads\/2019\/07\/IMG_5046.jpg\",\"contentUrl\":\"https:\/\/www.budokampsport.se\/wp-content\/uploads\/2019\/07\/IMG_5046.jpg\",\"width\":850,\"height\":567},{\"@type\":\"BreadcrumbList\",\"@id\":\"https:\/\/www.budokampsport.se\/2023\/05\/05\/thaiboxnings-vm-sa-gick-det-for-svenskarna-idag\/#breadcrumb\",\"itemListElement\":[{\"@type\":\"ListItem\",\"position\":1,\"name\":\"Hem\",\"item\":\"https:\/\/www.budokampsport.se\/\"},{\"@type\":\"ListItem\",\"position\":2,\"name\":\"Thaiboxnings-VM &#8211; s\u00e5 gick det f\u00f6r svenskarna idag\"}]},{\"@type\":\"WebSite\",\"@id\":\"https:\/\/www.budokampsport.se\/#website\",\"url\":\"https:\/\/www.budokampsport.se\/\",\"name\":\"Svenska Budo &amp; Kampsportsf\u00f6rbundet\",\"description\":\"T\u00e4vling, Tr\u00e4ning, Tradition\",\"potentialAction\":[{\"@type\":\"SearchAction\",\"target\":{\"@type\":\"EntryPoint\",\"urlTemplate\":\"https:\/\/www.budokampsport.se\/?s={search_term_string}\"},\"query-input\":{\"@type\":\"PropertyValueSpecification\",\"valueRequired\":true,\"valueName\":\"search_term_string\"}}],\"inLanguage\":\"sv-SE\"},{\"@type\":\"Person\",\"@id\":\"https:\/\/www.budokampsport.se\/#\/schema\/person\/5c06d81d14850e2a8ce5493386560145\",\"name\":\"Jonathan Broberg\",\"image\":{\"@type\":\"ImageObject\",\"inLanguage\":\"sv-SE\",\"@id\":\"https:\/\/www.budokampsport.se\/#\/schema\/person\/image\/\",\"url\":\"https:\/\/secure.gravatar.com\/avatar\/a58041c6cea9128bd9c40ee2f26d4136?s=96&d=blank&r=g\",\"contentUrl\":\"https:\/\/secure.gravatar.com\/avatar\/a58041c6cea9128bd9c40ee2f26d4136?s=96&d=blank&r=g\",\"caption\":\"Jonathan Broberg\"},\"sameAs\":[\"https:\/\/www.facebook.com\/jonathan.broberg.7\"],\"url\":\"https:\/\/www.budokampsport.se\/author\/jonathan\/\"}]}<\/script>\n<!-- \/ Yoast SEO plugin. -->","yoast_head_json":{"title":"Thaiboxnings-VM - s\u00e5 gick det f\u00f6r svenskarna idag - Svenska Budo &amp; Kampsportsf\u00f6rbundet","description":"THAIBOXNING. S\u00e5 \u00e4r d\u00e5 \u00e4ntligen VM i thaiboxning i Bangkok ig\u00e5ng. Fem svenskar gick match under fredagen.","robots":{"index":"index","follow":"follow","max-snippet":"max-snippet:-1","max-image-preview":"max-image-preview:large","max-video-preview":"max-video-preview:-1"},"canonical":"https:\/\/www.budokampsport.se\/2023\/05\/05\/thaiboxnings-vm-sa-gick-det-for-svenskarna-idag\/","og_locale":"sv_SE","og_type":"article","og_title":"Thaiboxnings-VM - s\u00e5 gick det f\u00f6r svenskarna idag - Svenska Budo &amp; Kampsportsf\u00f6rbundet","og_description":"THAIBOXNING. S\u00e5 \u00e4r d\u00e5 \u00e4ntligen VM i thaiboxning i Bangkok ig\u00e5ng. Fem svenskar gick match under fredagen.","og_url":"https:\/\/www.budokampsport.se\/2023\/05\/05\/thaiboxnings-vm-sa-gick-det-for-svenskarna-idag\/","og_site_name":"Svenska Budo &amp; Kampsportsf\u00f6rbundet","article_author":"https:\/\/www.facebook.com\/jonathan.broberg.7","article_published_time":"2023-05-05T20:49:06+00:00","article_modified_time":"2023-05-05T20:56:08+00:00","og_image":[{"width":850,"height":567,"url":"https:\/\/www.budokampsport.se\/wp-content\/uploads\/2019\/07\/IMG_5046.jpg","type":"image\/jpeg"}],"author":"Jonathan Broberg","twitter_card":"summary_large_image","twitter_misc":{"Skriven av":"Jonathan Broberg","Ber\u00e4knad l\u00e4stid":"2 minuter"},"schema":{"@context":"https:\/\/schema.org","@graph":[{"@type":"Article","@id":"https:\/\/www.budokampsport.se\/2023\/05\/05\/thaiboxnings-vm-sa-gick-det-for-svenskarna-idag\/#article","isPartOf":{"@id":"https:\/\/www.budokampsport.se\/2023\/05\/05\/thaiboxnings-vm-sa-gick-det-for-svenskarna-idag\/"},"author":{"name":"Jonathan Broberg","@id":"https:\/\/www.budokampsport.se\/#\/schema\/person\/5c06d81d14850e2a8ce5493386560145"},"headline":"Thaiboxnings-VM &#8211; s\u00e5 gick det f\u00f6r svenskarna idag","datePublished":"2023-05-05T20:49:06+00:00","dateModified":"2023-05-05T20:56:08+00:00","mainEntityOfPage":{"@id":"https:\/\/www.budokampsport.se\/2023\/05\/05\/thaiboxnings-vm-sa-gick-det-for-svenskarna-idag\/"},"wordCount":262,"image":{"@id":"https:\/\/www.budokampsport.se\/2023\/05\/05\/thaiboxnings-vm-sa-gick-det-for-svenskarna-idag\/#primaryimage"},"thumbnailUrl":"https:\/\/www.budokampsport.se\/wp-content\/uploads\/2019\/07\/IMG_5046.jpg","inLanguage":"sv-SE"},{"@type":"WebPage","@id":"https:\/\/www.budokampsport.se\/2023\/05\/05\/thaiboxnings-vm-sa-gick-det-for-svenskarna-idag\/","url":"https:\/\/www.budokampsport.se\/2023\/05\/05\/thaiboxnings-vm-sa-gick-det-for-svenskarna-idag\/","name":"Thaiboxnings-VM - s\u00e5 gick det f\u00f6r svenskarna idag - Svenska Budo &amp; Kampsportsf\u00f6rbundet","isPartOf":{"@id":"https:\/\/www.budokampsport.se\/#website"},"primaryImageOfPage":{"@id":"https:\/\/www.budokampsport.se\/2023\/05\/05\/thaiboxnings-vm-sa-gick-det-for-svenskarna-idag\/#primaryimage"},"image":{"@id":"https:\/\/www.budokampsport.se\/2023\/05\/05\/thaiboxnings-vm-sa-gick-det-for-svenskarna-idag\/#primaryimage"},"thumbnailUrl":"https:\/\/www.budokampsport.se\/wp-content\/uploads\/2019\/07\/IMG_5046.jpg","datePublished":"2023-05-05T20:49:06+00:00","dateModified":"2023-05-05T20:56:08+00:00","author":{"@id":"https:\/\/www.budokampsport.se\/#\/schema\/person\/5c06d81d14850e2a8ce5493386560145"},"description":"THAIBOXNING. S\u00e5 \u00e4r d\u00e5 \u00e4ntligen VM i thaiboxning i Bangkok ig\u00e5ng. Fem svenskar gick match under fredagen.","breadcrumb":{"@id":"https:\/\/www.budokampsport.se\/2023\/05\/05\/thaiboxnings-vm-sa-gick-det-for-svenskarna-idag\/#breadcrumb"},"inLanguage":"sv-SE","potentialAction":[{"@type":"ReadAction","target":["https:\/\/www.budokampsport.se\/2023\/05\/05\/thaiboxnings-vm-sa-gick-det-for-svenskarna-idag\/"]}]},{"@type":"ImageObject","inLanguage":"sv-SE","@id":"https:\/\/www.budokampsport.se\/2023\/05\/05\/thaiboxnings-vm-sa-gick-det-for-svenskarna-idag\/#primaryimage","url":"https:\/\/www.budokampsport.se\/wp-content\/uploads\/2019\/07\/IMG_5046.jpg","contentUrl":"https:\/\/www.budokampsport.se\/wp-content\/uploads\/2019\/07\/IMG_5046.jpg","width":850,"height":567},{"@type":"BreadcrumbList","@id":"https:\/\/www.budokampsport.se\/2023\/05\/05\/thaiboxnings-vm-sa-gick-det-for-svenskarna-idag\/#breadcrumb","itemListElement":[{"@type":"ListItem","position":1,"name":"Hem","item":"https:\/\/www.budokampsport.se\/"},{"@type":"ListItem","position":2,"name":"Thaiboxnings-VM &#8211; s\u00e5 gick det f\u00f6r svenskarna idag"}]},{"@type":"WebSite","@id":"https:\/\/www.budokampsport.se\/#website","url":"https:\/\/www.budokampsport.se\/","name":"Svenska Budo &amp; Kampsportsf\u00f6rbundet","description":"T\u00e4vling, Tr\u00e4ning, Tradition","potentialAction":[{"@type":"SearchAction","target":{"@type":"EntryPoint","urlTemplate":"https:\/\/www.budokampsport.se\/?s={search_term_string}"},"query-input":{"@type":"PropertyValueSpecification","valueRequired":true,"valueName":"search_term_string"}}],"inLanguage":"sv-SE"},{"@type":"Person","@id":"https:\/\/www.budokampsport.se\/#\/schema\/person\/5c06d81d14850e2a8ce5493386560145","name":"Jonathan Broberg","image":{"@type":"ImageObject","inLanguage":"sv-SE","@id":"https:\/\/www.budokampsport.se\/#\/schema\/person\/image\/","url":"https:\/\/secure.gravatar.com\/avatar\/a58041c6cea9128bd9c40ee2f26d4136?s=96&d=blank&r=g","contentUrl":"https:\/\/secure.gravatar.com\/avatar\/a58041c6cea9128bd9c40ee2f26d4136?s=96&d=blank&r=g","caption":"Jonathan Broberg"},"sameAs":["https:\/\/www.facebook.com\/jonathan.broberg.7"],"url":"https:\/\/www.budokampsport.se\/author\/jonathan\/"}]}},"_links":{"self":[{"href":"https:\/\/www.budokampsport.se\/api\/wp\/v2\/posts\/153255","targetHints":{"allow":["GET"]}}],"collection":[{"href":"https:\/\/www.budokampsport.se\/api\/wp\/v2\/posts"}],"about":[{"href":"https:\/\/www.budokampsport.se\/api\/wp\/v2\/types\/post"}],"author":[{"embeddable":true,"href":"https:\/\/www.budokampsport.se\/api\/wp\/v2\/users\/7"}],"replies":[{"embeddable":true,"href":"https:\/\/www.budokampsport.se\/api\/wp\/v2\/comments?post=153255"}],"version-history":[{"count":0,"href":"https:\/\/www.budokampsport.se\/api\/wp\/v2\/posts\/153255\/revisions"}],"wp:featuredmedia":[{"embeddable":true,"href":"https:\/\/www.budokampsport.se\/api\/wp\/v2\/media\/103184"}],"wp:attachment":[{"href":"https:\/\/www.budokampsport.se\/api\/wp\/v2\/media?parent=153255"}],"wp:term":[{"taxonomy":"category","embeddable":true,"href":"https:\/\/www.budokampsport.se\/api\/wp\/v2\/categories?post=153255"},{"taxonomy":"post_tag","embeddable":true,"href":"https:\/\/www.budokampsport.se\/api\/wp\/v2\/tags?post=153255"}],"curies":[{"name":"wp","href":"https:\/\/api.w.org\/{rel}","templated":true}]}}