{"id":153510,"date":"2023-05-16T09:02:52","date_gmt":"2023-05-16T07:02:52","guid":{"rendered":"https:\/\/www.budokampsport.se\/?p=153510"},"modified":"2024-07-04T10:17:43","modified_gmt":"2024-07-04T08:17:43","slug":"em-i-armbrytning-borjar-imorgon","status":"publish","type":"post","link":"https:\/\/www.budokampsport.se\/2023\/05\/16\/em-i-armbrytning-borjar-imorgon\/","title":{"rendered":"EM i armbrytning b\u00f6rjar imorgon"},"content":{"rendered":"<p>Sveriges trupp \u00e5ker till den finska staden Laukaa d\u00e4r <a href=\"http:\/\/armsportfederation.com\/ifa-european-armwrestling-championship-2023\/\" target=\"_blank\" rel=\"noopener\">EM i armbrytning<\/a> inleds imorgon den 17 maj f\u00f6r att avslutas s\u00f6ndagen den 21a. Med p\u00e5 resan finns 41 deltagare och deras f\u00f6rbundskapten Daniel Augustsson samt assisterande f\u00f6rbundskapten Sebastian Sj\u00f6din.<\/p>\n<h3>Svenska truppen<\/p>\n<p><strong>U15<\/strong><\/h3>\n<table style=\"border-collapse: collapse; width: 100%; height: 144px;\">\n<tbody>\n<tr style=\"height: 24px;\">\n<td style=\"width: 15.3771%; height: 24px;\">VIKT KG<\/td>\n<td style=\"width: 43.6983%; height: 24px;\">NAMN<\/td>\n<td style=\"width: 40.9245%; height: 24px;\">ARM<\/td>\n<\/tr>\n<tr style=\"height: 24px;\">\n<td style=\"width: 15.3771%; height: 24px;\">57\u00a0<\/td>\n<td style=\"width: 43.6983%; height: 24px;\" width=\"241\"><img loading=\"lazy\" decoding=\"async\" class=\"alignnone size-full wp-image-122883\" src=\"https:\/\/www.budokampsport.se\/wp-content\/uploads\/2020\/11\/sweden-flag-icon-16.png\" alt=\"Sveriges flagga\" width=\"16\" height=\"10\" \/> Jakob Bo Erland Marklund<\/td>\n<td style=\"width: 40.9245%; height: 24px;\">H\u00f6ger &amp; v\u00e4nster<\/td>\n<\/tr>\n<tr style=\"height: 24px;\">\n<td style=\"width: 15.3771%; height: 24px;\">57\u00a0<\/td>\n<td style=\"width: 43.6983%; height: 24px;\" width=\"241\"><img loading=\"lazy\" decoding=\"async\" class=\"alignnone size-full wp-image-122883\" src=\"https:\/\/www.budokampsport.se\/wp-content\/uploads\/2020\/11\/sweden-flag-icon-16.png\" alt=\"Sveriges flagga\" width=\"16\" height=\"10\" \/> Johan Esbj\u00f6rn Dahl Sandor<\/td>\n<td style=\"width: 40.9245%; height: 24px;\">H\u00f6ger &amp; v\u00e4nster<\/td>\n<\/tr>\n<tr style=\"height: 24px;\">\n<td style=\"width: 15.3771%; height: 24px;\">78<\/td>\n<td style=\"width: 43.6983%; height: 24px;\" width=\"241\"><img loading=\"lazy\" decoding=\"async\" class=\"alignnone size-full wp-image-122883\" src=\"https:\/\/www.budokampsport.se\/wp-content\/uploads\/2020\/11\/sweden-flag-icon-16.png\" alt=\"Sveriges flagga\" width=\"16\" height=\"10\" \/> Vilmer Ebbe Mc Geough<\/td>\n<td style=\"width: 40.9245%; height: 24px;\">H\u00f6ger &amp; v\u00e4nster<\/td>\n<\/tr>\n<tr style=\"height: 24px;\">\n<td style=\"width: 15.3771%; height: 24px;\">78<\/td>\n<td style=\"width: 43.6983%; height: 24px;\" width=\"241\"><img loading=\"lazy\" decoding=\"async\" class=\"alignnone size-full wp-image-122883\" src=\"https:\/\/www.budokampsport.se\/wp-content\/uploads\/2020\/11\/sweden-flag-icon-16.png\" alt=\"Sveriges flagga\" width=\"16\" height=\"10\" \/> Love B\u00f6rje Mattias \u00c5hlin<\/td>\n<td style=\"width: 40.9245%; height: 24px;\">H\u00f6ger &amp; v\u00e4nster<\/td>\n<\/tr>\n<tr style=\"height: 24px;\">\n<td style=\"width: 15.3771%; height: 24px;\">+78<\/td>\n<td style=\"width: 43.6983%; height: 24px;\" width=\"241\"><img loading=\"lazy\" decoding=\"async\" class=\"alignnone size-full wp-image-122883\" src=\"https:\/\/www.budokampsport.se\/wp-content\/uploads\/2020\/11\/sweden-flag-icon-16.png\" alt=\"Sveriges flagga\" width=\"16\" height=\"10\" \/> Anders Edwin Lindberg<\/td>\n<td style=\"width: 40.9245%; height: 24px;\">V\u00e4nster<\/td>\n<\/tr>\n<\/tbody>\n<\/table>\n<p><strong><br \/>\nU18<\/strong><\/p>\n<table style=\"border-collapse: collapse; width: 100%;\">\n<tbody>\n<tr>\n<td style=\"width: 15.2311%;\">57<\/td>\n<td style=\"width: 47.1533%;\" width=\"241\"><img loading=\"lazy\" decoding=\"async\" class=\"alignnone size-full wp-image-122883\" src=\"https:\/\/www.budokampsport.se\/wp-content\/uploads\/2020\/11\/sweden-flag-icon-16.png\" alt=\"Sveriges flagga\" width=\"16\" height=\"10\" \/> Viktor Robin Neziri<\/td>\n<td style=\"width: 37.5669%;\">H\u00f6ger &amp; v\u00e4nster<\/td>\n<\/tr>\n<tr>\n<td style=\"width: 15.2311%;\">57<\/td>\n<td style=\"width: 47.1533%;\" width=\"241\"><img loading=\"lazy\" decoding=\"async\" class=\"alignnone size-full wp-image-122883\" src=\"https:\/\/www.budokampsport.se\/wp-content\/uploads\/2020\/11\/sweden-flag-icon-16.png\" alt=\"Sveriges flagga\" width=\"16\" height=\"10\" \/> Viktor Nial Waldemar Persson<\/td>\n<td style=\"width: 37.5669%;\">H\u00f6ger &amp; v\u00e4nster<\/td>\n<\/tr>\n<tr>\n<td style=\"width: 15.2311%;\">70<\/td>\n<td style=\"width: 47.1533%;\" width=\"241\"><img loading=\"lazy\" decoding=\"async\" class=\"alignnone size-full wp-image-122883\" src=\"https:\/\/www.budokampsport.se\/wp-content\/uploads\/2020\/11\/sweden-flag-icon-16.png\" alt=\"Sveriges flagga\" width=\"16\" height=\"10\" \/> Karl Liam Gerald Bergstr\u00f6m<\/td>\n<td style=\"width: 37.5669%;\">H\u00f6ger &amp; v\u00e4nster<\/td>\n<\/tr>\n<tr>\n<td style=\"width: 15.2311%;\">86<\/td>\n<td style=\"width: 47.1533%;\" width=\"241\"><img loading=\"lazy\" decoding=\"async\" class=\"alignnone size-full wp-image-122883\" src=\"https:\/\/www.budokampsport.se\/wp-content\/uploads\/2020\/11\/sweden-flag-icon-16.png\" alt=\"Sveriges flagga\" width=\"16\" height=\"10\" \/> Giovanni Wilhelm Olofsson<\/td>\n<td style=\"width: 37.5669%;\">H\u00f6ger &amp; v\u00e4nster<\/td>\n<\/tr>\n<tr>\n<td style=\"width: 15.2311%;\">86<\/td>\n<td style=\"width: 47.1533%;\" width=\"241\"><img loading=\"lazy\" decoding=\"async\" class=\"alignnone size-full wp-image-122883\" src=\"https:\/\/www.budokampsport.se\/wp-content\/uploads\/2020\/11\/sweden-flag-icon-16.png\" alt=\"Sveriges flagga\" width=\"16\" height=\"10\" \/> Edwin Beije<\/td>\n<td style=\"width: 37.5669%;\">H\u00f6ger &amp; v\u00e4nster<\/td>\n<\/tr>\n<tr>\n<td style=\"width: 15.2311%;\">86<\/td>\n<td style=\"width: 47.1533%;\" width=\"241\"><img loading=\"lazy\" decoding=\"async\" class=\"alignnone size-full wp-image-122883\" src=\"https:\/\/www.budokampsport.se\/wp-content\/uploads\/2020\/11\/sweden-flag-icon-16.png\" alt=\"Sveriges flagga\" width=\"16\" height=\"10\" \/> Anders Edwin Lindberg<\/td>\n<td style=\"width: 37.5669%;\">H\u00f6ger<\/td>\n<\/tr>\n<tr>\n<td style=\"width: 15.2311%;\">63<\/td>\n<td style=\"width: 47.1533%;\" width=\"241\"><img loading=\"lazy\" decoding=\"async\" class=\"alignnone size-full wp-image-122883\" src=\"https:\/\/www.budokampsport.se\/wp-content\/uploads\/2020\/11\/sweden-flag-icon-16.png\" alt=\"Sveriges flagga\" width=\"16\" height=\"10\" \/> Mea Elin Margareta Eriksson<\/td>\n<td style=\"width: 37.5669%;\">H\u00f6ger &amp; v\u00e4nster<\/td>\n<\/tr>\n<tr>\n<td style=\"width: 15.2311%;\">63<\/td>\n<td style=\"width: 47.1533%;\" width=\"241\"><img loading=\"lazy\" decoding=\"async\" class=\"alignnone size-full wp-image-122883\" src=\"https:\/\/www.budokampsport.se\/wp-content\/uploads\/2020\/11\/sweden-flag-icon-16.png\" alt=\"Sveriges flagga\" width=\"16\" height=\"10\" \/> Elsa Klara Aline Forsman<\/td>\n<td style=\"width: 37.5669%;\">H\u00f6ger &amp; v\u00e4nster<\/td>\n<\/tr>\n<tr>\n<td style=\"width: 15.2311%;\">63<\/td>\n<td style=\"width: 47.1533%;\" width=\"241\"><img loading=\"lazy\" decoding=\"async\" class=\"alignnone size-full wp-image-122883\" src=\"https:\/\/www.budokampsport.se\/wp-content\/uploads\/2020\/11\/sweden-flag-icon-16.png\" alt=\"Sveriges flagga\" width=\"16\" height=\"10\" \/> Mia Linda Grahn<\/td>\n<td style=\"width: 37.5669%;\">H\u00f6ger &amp; v\u00e4nster<\/td>\n<\/tr>\n<tr>\n<td style=\"width: 15.2311%;\">+63<\/td>\n<td style=\"width: 47.1533%;\" width=\"241\"><img loading=\"lazy\" decoding=\"async\" class=\"alignnone size-full wp-image-122883\" src=\"https:\/\/www.budokampsport.se\/wp-content\/uploads\/2020\/11\/sweden-flag-icon-16.png\" alt=\"Sveriges flagga\" width=\"16\" height=\"10\" \/> Johanna Eriksson<\/td>\n<td style=\"width: 37.5669%;\">H\u00f6ger &amp; v\u00e4nster<\/td>\n<\/tr>\n<\/tbody>\n<\/table>\n<table style=\"border-collapse: collapse; width: 100%;\">\n<tbody>\n<tr>\n<td style=\"width: 15.085%;\">+63<\/td>\n<td style=\"width: 47.2995%;\" width=\"241\"><img loading=\"lazy\" decoding=\"async\" class=\"alignnone size-full wp-image-122883\" src=\"https:\/\/www.budokampsport.se\/wp-content\/uploads\/2020\/11\/sweden-flag-icon-16.png\" alt=\"Sveriges flagga\" width=\"16\" height=\"10\" \/> Astrid Sofia Helene Linder<\/td>\n<td style=\"width: 37.5668%;\">H\u00f6ger &amp; v\u00e4nster<\/td>\n<\/tr>\n<\/tbody>\n<\/table>\n<p><strong><br \/>\nU21<\/strong><\/p>\n<table style=\"border-collapse: collapse; width: 100%; height: 168px;\">\n<tbody>\n<tr style=\"height: 24px;\">\n<td style=\"width: 15.2311%; height: 24px;\">70<\/td>\n<td style=\"width: 43.2117%; height: 24px;\" width=\"241\"><img loading=\"lazy\" decoding=\"async\" class=\"alignnone size-full wp-image-122883\" src=\"https:\/\/www.budokampsport.se\/wp-content\/uploads\/2020\/11\/sweden-flag-icon-16.png\" alt=\"Sveriges flagga\" width=\"16\" height=\"10\" \/> Marcus Oskarsson<\/td>\n<td style=\"width: 41.5085%; height: 24px;\">H\u00f6ger &amp; v\u00e4nster<\/td>\n<\/tr>\n<tr style=\"height: 24px;\">\n<td style=\"width: 15.2311%; height: 24px;\">86<\/td>\n<td style=\"width: 43.2117%;\" width=\"241\"><img loading=\"lazy\" decoding=\"async\" class=\"alignnone size-full wp-image-122883\" src=\"https:\/\/www.budokampsport.se\/wp-content\/uploads\/2020\/11\/sweden-flag-icon-16.png\" alt=\"Sveriges flagga\" width=\"16\" height=\"10\" \/> Andrei Dubinski<\/td>\n<td style=\"width: 41.5085%; height: 24px;\">V\u00e4nster<\/td>\n<\/tr>\n<tr style=\"height: 24px;\">\n<td style=\"width: 15.2311%; height: 24px;\">86<\/td>\n<td style=\"width: 43.2117%;\" width=\"241\"><img loading=\"lazy\" decoding=\"async\" class=\"alignnone size-full wp-image-122883\" src=\"https:\/\/www.budokampsport.se\/wp-content\/uploads\/2020\/11\/sweden-flag-icon-16.png\" alt=\"Sveriges flagga\" width=\"16\" height=\"10\" \/> Josef Artur Dante Eriksson<\/td>\n<td style=\"width: 41.5085%; height: 24px;\">H\u00f6ger &amp; v\u00e4nster<\/td>\n<\/tr>\n<tr style=\"height: 24px;\">\n<td style=\"width: 15.2311%; height: 24px;\">95<\/td>\n<td style=\"width: 43.2117%;\" width=\"241\"><img loading=\"lazy\" decoding=\"async\" class=\"alignnone size-full wp-image-122883\" src=\"https:\/\/www.budokampsport.se\/wp-content\/uploads\/2020\/11\/sweden-flag-icon-16.png\" alt=\"Sveriges flagga\" width=\"16\" height=\"10\" \/> Karl David Jens Kristensen<\/td>\n<td style=\"width: 41.5085%; height: 24px;\">H\u00f6ger &amp; v\u00e4nster<\/td>\n<\/tr>\n<tr style=\"height: 24px;\">\n<td style=\"width: 15.2311%; height: 24px;\">+95<\/td>\n<td style=\"width: 43.2117%;\" width=\"241\"><img loading=\"lazy\" decoding=\"async\" class=\"alignnone size-full wp-image-122883\" src=\"https:\/\/www.budokampsport.se\/wp-content\/uploads\/2020\/11\/sweden-flag-icon-16.png\" alt=\"Sveriges flagga\" width=\"16\" height=\"10\" \/> Jimmie Johansson<\/td>\n<td style=\"width: 41.5085%; height: 24px;\">H\u00f6ger &amp; v\u00e4nster<\/td>\n<\/tr>\n<tr style=\"height: 24px;\">\n<td style=\"width: 15.2311%; height: 24px;\">+78<\/td>\n<td style=\"width: 43.2117%;\" width=\"241\"><img loading=\"lazy\" decoding=\"async\" class=\"alignnone size-full wp-image-122883\" src=\"https:\/\/www.budokampsport.se\/wp-content\/uploads\/2020\/11\/sweden-flag-icon-16.png\" alt=\"Sveriges flagga\" width=\"16\" height=\"10\" \/> Moa Renlund Bergman<\/td>\n<td style=\"width: 41.5085%; height: 24px;\">H\u00f6ger &amp; v\u00e4nster<\/td>\n<\/tr>\n<tr style=\"height: 24px;\">\n<td style=\"width: 15.2311%; height: 24px;\">+78<\/td>\n<td style=\"width: 43.2117%;\" width=\"241\"><img loading=\"lazy\" decoding=\"async\" class=\"alignnone size-full wp-image-122883\" src=\"https:\/\/www.budokampsport.se\/wp-content\/uploads\/2020\/11\/sweden-flag-icon-16.png\" alt=\"Sveriges flagga\" width=\"16\" height=\"10\" \/> Elin Johanna Janeheim<\/td>\n<td style=\"width: 41.5085%; height: 24px;\">H\u00f6ger &amp; v\u00e4nster<\/td>\n<\/tr>\n<\/tbody>\n<\/table>\n<p><strong><br \/>\nSenior<\/strong><\/p>\n<table style=\"border-collapse: collapse; width: 100%; height: 264px;\">\n<tbody>\n<tr style=\"height: 24px;\">\n<td style=\"width: 15.0851%; height: 24px;\">57<\/td>\n<td style=\"width: 50.949%; height: 24px;\" width=\"241\"><img loading=\"lazy\" decoding=\"async\" class=\"alignnone size-full wp-image-122883\" src=\"https:\/\/www.budokampsport.se\/wp-content\/uploads\/2020\/11\/sweden-flag-icon-16.png\" alt=\"Sveriges flagga\" width=\"16\" height=\"10\" \/> Viktor Robin Neziri<\/td>\n<td style=\"width: 33.9172%; height: 24px;\">H\u00f6ger &amp; v\u00e4nster<\/td>\n<\/tr>\n<tr style=\"height: 24px;\">\n<td style=\"width: 15.0851%; height: 24px;\">57<\/td>\n<td style=\"width: 50.949%; height: 24px;\" width=\"241\"><img loading=\"lazy\" decoding=\"async\" class=\"alignnone size-full wp-image-122883\" src=\"https:\/\/www.budokampsport.se\/wp-content\/uploads\/2020\/11\/sweden-flag-icon-16.png\" alt=\"Sveriges flagga\" width=\"16\" height=\"10\" \/> Viktor Nial Waldemar Persson<\/td>\n<td style=\"width: 33.9172%; height: 24px;\">H\u00f6ger &amp; v\u00e4nster<\/td>\n<\/tr>\n<tr style=\"height: 24px;\">\n<td style=\"width: 15.0851%; height: 24px;\">70<\/td>\n<td style=\"width: 50.949%; height: 24px;\" width=\"241\"><img loading=\"lazy\" decoding=\"async\" class=\"alignnone size-full wp-image-122883\" src=\"https:\/\/www.budokampsport.se\/wp-content\/uploads\/2020\/11\/sweden-flag-icon-16.png\" alt=\"Sveriges flagga\" width=\"16\" height=\"10\" \/> Tobias G\u00f6ran Fredrik Axelsson<\/td>\n<td style=\"width: 33.9172%; height: 24px;\">H\u00f6ger &amp; v\u00e4nster<\/td>\n<\/tr>\n<tr style=\"height: 24px;\">\n<td style=\"width: 15.0851%; height: 24px;\">70<\/td>\n<td style=\"width: 50.949%; height: 24px;\" width=\"241\"><img loading=\"lazy\" decoding=\"async\" class=\"alignnone size-full wp-image-122883\" src=\"https:\/\/www.budokampsport.se\/wp-content\/uploads\/2020\/11\/sweden-flag-icon-16.png\" alt=\"Sveriges flagga\" width=\"16\" height=\"10\" \/> Jimmie Wiklund<\/td>\n<td style=\"width: 33.9172%; height: 24px;\">H\u00f6ger &amp; v\u00e4nster<\/td>\n<\/tr>\n<tr style=\"height: 24px;\">\n<td style=\"width: 15.0851%; height: 24px;\">78<\/td>\n<td style=\"width: 50.949%; height: 24px;\" width=\"241\"><img loading=\"lazy\" decoding=\"async\" class=\"alignnone size-full wp-image-122883\" src=\"https:\/\/www.budokampsport.se\/wp-content\/uploads\/2020\/11\/sweden-flag-icon-16.png\" alt=\"Sveriges flagga\" width=\"16\" height=\"10\" \/> Albin Johannes Andersson<\/td>\n<td style=\"width: 33.9172%; height: 24px;\">H\u00f6ger &amp; v\u00e4nster<\/td>\n<\/tr>\n<tr style=\"height: 48px;\">\n<td style=\"width: 15.0851%; height: 48px;\">86<\/td>\n<td style=\"width: 50.949%; height: 48px;\" width=\"241\"><img loading=\"lazy\" decoding=\"async\" class=\"alignnone size-full wp-image-122883\" src=\"https:\/\/www.budokampsport.se\/wp-content\/uploads\/2020\/11\/sweden-flag-icon-16.png\" alt=\"Sveriges flagga\" width=\"16\" height=\"10\" \/> Christian Leonardo Mendez From<\/td>\n<td style=\"width: 33.9172%; height: 48px;\">H\u00f6ger &amp; v\u00e4nster<\/td>\n<\/tr>\n<tr style=\"height: 24px;\">\n<td style=\"width: 15.0851%; height: 24px;\">105<\/td>\n<td style=\"width: 50.949%; height: 24px;\" width=\"241\"><img loading=\"lazy\" decoding=\"async\" class=\"alignnone size-full wp-image-122883\" src=\"https:\/\/www.budokampsport.se\/wp-content\/uploads\/2020\/11\/sweden-flag-icon-16.png\" alt=\"Sveriges flagga\" width=\"16\" height=\"10\" \/> Per Martin Egidius Sohlin<\/td>\n<td style=\"width: 33.9172%; height: 24px;\">H\u00f6ger &amp; v\u00e4nster<\/td>\n<\/tr>\n<tr style=\"height: 24px;\">\n<td style=\"width: 15.0851%; height: 24px;\">105<\/td>\n<td style=\"width: 50.949%; height: 24px;\" width=\"241\"><img loading=\"lazy\" decoding=\"async\" class=\"alignnone size-full wp-image-122883\" src=\"https:\/\/www.budokampsport.se\/wp-content\/uploads\/2020\/11\/sweden-flag-icon-16.png\" alt=\"Sveriges flagga\" width=\"16\" height=\"10\" \/> Erik Robert Burvall<\/td>\n<td style=\"width: 33.9172%; height: 24px;\">H\u00f6ger &amp; v\u00e4nster<\/td>\n<\/tr>\n<tr style=\"height: 24px;\">\n<td style=\"width: 15.0851%; height: 24px;\">+105<\/td>\n<td style=\"width: 50.949%; height: 24px;\" width=\"241\"><img loading=\"lazy\" decoding=\"async\" class=\"alignnone size-full wp-image-122883\" src=\"https:\/\/www.budokampsport.se\/wp-content\/uploads\/2020\/11\/sweden-flag-icon-16.png\" alt=\"Sveriges flagga\" width=\"16\" height=\"10\" \/> Ronny Dahl<\/td>\n<td style=\"width: 33.9172%; height: 24px;\">H\u00f6ger &amp; v\u00e4nster<\/td>\n<\/tr>\n<tr style=\"height: 24px;\">\n<td style=\"width: 15.0851%; height: 24px;\">78<\/td>\n<td style=\"width: 50.949%; height: 24px;\" width=\"241\"><img loading=\"lazy\" decoding=\"async\" class=\"alignnone size-full wp-image-122883\" src=\"https:\/\/www.budokampsport.se\/wp-content\/uploads\/2020\/11\/sweden-flag-icon-16.png\" alt=\"Sveriges flagga\" width=\"16\" height=\"10\" \/> Elin Johanna Janeheim<\/td>\n<td style=\"width: 33.9172%; height: 24px;\">H\u00f6ger &amp; v\u00e4nster<\/td>\n<\/tr>\n<\/tbody>\n<\/table>\n<table style=\"border-collapse: collapse; width: 100%; height: 24px;\">\n<tbody>\n<tr style=\"height: 24px;\">\n<td style=\"width: 14.9392%; height: 24px;\">+78<\/td>\n<td style=\"width: 51.2408%; height: 24px;\" width=\"241\"><img loading=\"lazy\" decoding=\"async\" class=\"alignnone size-full wp-image-122883\" src=\"https:\/\/www.budokampsport.se\/wp-content\/uploads\/2020\/11\/sweden-flag-icon-16.png\" alt=\"Sveriges flagga\" width=\"16\" height=\"10\" \/> Emma Anastasia Maksimova<\/td>\n<td style=\"width: 33.7713%; height: 24px;\">H\u00f6ger &amp; v\u00e4nster<\/td>\n<\/tr>\n<\/tbody>\n<\/table>\n<p><strong><br \/>\nMaster<\/strong><\/p>\n<table style=\"border-collapse: collapse; width: 100%;\">\n<tbody>\n<tr>\n<td style=\"width: 15.0851%;\">70<\/td>\n<td style=\"width: 48.3212%;\" width=\"241\"><img loading=\"lazy\" decoding=\"async\" class=\"alignnone size-full wp-image-122883\" src=\"https:\/\/www.budokampsport.se\/wp-content\/uploads\/2020\/11\/sweden-flag-icon-16.png\" alt=\"Sveriges flagga\" width=\"16\" height=\"10\" \/> Daniel Jan Bertil Augustsson<\/td>\n<td style=\"width: 36.545%;\">H\u00f6ger &amp; v\u00e4nster<\/td>\n<\/tr>\n<tr>\n<td style=\"width: 15.0851%;\">78<\/td>\n<td style=\"width: 48.3212%;\" width=\"241\"><img loading=\"lazy\" decoding=\"async\" class=\"alignnone size-full wp-image-122883\" src=\"https:\/\/www.budokampsport.se\/wp-content\/uploads\/2020\/11\/sweden-flag-icon-16.png\" alt=\"Sveriges flagga\" width=\"16\" height=\"10\" \/> Kent Roger Andersson\u00a0<\/td>\n<td style=\"width: 36.545%;\">H\u00f6ger &amp; v\u00e4nster<\/td>\n<\/tr>\n<tr>\n<td style=\"width: 15.0851%;\">78<\/td>\n<td style=\"width: 48.3212%;\" width=\"241\"><img loading=\"lazy\" decoding=\"async\" class=\"alignnone size-full wp-image-122883\" src=\"https:\/\/www.budokampsport.se\/wp-content\/uploads\/2020\/11\/sweden-flag-icon-16.png\" alt=\"Sveriges flagga\" width=\"16\" height=\"10\" \/> Pirjo Marja Helena Holmstr\u00f6m<\/td>\n<td style=\"width: 36.545%;\">H\u00f6ger &amp; v\u00e4nster<\/td>\n<\/tr>\n<\/tbody>\n<\/table>\n<p><strong><br \/>\nGrand master<\/strong><\/p>\n<table style=\"border-collapse: collapse; width: 100%;\">\n<tbody>\n<tr>\n<td style=\"width: 14.7932%;\">86<\/td>\n<td style=\"width: 48.0291%;\" width=\"241\"><img loading=\"lazy\" decoding=\"async\" class=\"alignnone size-full wp-image-122883\" src=\"https:\/\/www.budokampsport.se\/wp-content\/uploads\/2020\/11\/sweden-flag-icon-16.png\" alt=\"Sveriges flagga\" width=\"16\" height=\"10\" \/> Roger Eriksson<\/td>\n<td style=\"width: 37.129%;\">H\u00f6ger &amp; v\u00e4nster<\/td>\n<\/tr>\n<tr>\n<td style=\"width: 14.7932%;\">95<\/td>\n<td style=\"width: 48.0291%;\" width=\"241\"><img loading=\"lazy\" decoding=\"async\" class=\"alignnone size-full wp-image-122883\" src=\"https:\/\/www.budokampsport.se\/wp-content\/uploads\/2020\/11\/sweden-flag-icon-16.png\" alt=\"Sveriges flagga\" width=\"16\" height=\"10\" \/> Kjell Johan Wilhelm Olofsson<\/td>\n<td style=\"width: 37.129%;\">H\u00f6ger &amp; v\u00e4nster<\/td>\n<\/tr>\n<tr>\n<td style=\"width: 14.7932%;\">+105<\/td>\n<td style=\"width: 48.0291%;\" width=\"241\"><img loading=\"lazy\" decoding=\"async\" class=\"alignnone size-full wp-image-122883\" src=\"https:\/\/www.budokampsport.se\/wp-content\/uploads\/2020\/11\/sweden-flag-icon-16.png\" alt=\"Sveriges flagga\" width=\"16\" height=\"10\" \/> H\u00e5kan Petschler\u00a0<\/td>\n<td style=\"width: 37.129%;\">H\u00f6ger &amp; v\u00e4nster<\/td>\n<\/tr>\n<tr>\n<td style=\"width: 14.7932%;\">+105<\/td>\n<td style=\"width: 48.0291%;\" width=\"241\"><img loading=\"lazy\" decoding=\"async\" class=\"alignnone size-full wp-image-122883\" src=\"https:\/\/www.budokampsport.se\/wp-content\/uploads\/2020\/11\/sweden-flag-icon-16.png\" alt=\"Sveriges flagga\" width=\"16\" height=\"10\" \/> B\u00f6rje Samuel Marklund<\/td>\n<td style=\"width: 37.129%;\">H\u00f6ger &amp; v\u00e4nster<\/td>\n<\/tr>\n<tr>\n<td style=\"width: 14.7932%;\">63<\/td>\n<td style=\"width: 48.0291%;\" width=\"241\"><img loading=\"lazy\" decoding=\"async\" class=\"alignnone size-full wp-image-122883\" src=\"https:\/\/www.budokampsport.se\/wp-content\/uploads\/2020\/11\/sweden-flag-icon-16.png\" alt=\"Sveriges flagga\" width=\"16\" height=\"10\" \/> Lisa Therese Oskarsen Lundberg<\/td>\n<td style=\"width: 37.129%;\">H\u00f6ger &amp; v\u00e4nster<\/td>\n<\/tr>\n<\/tbody>\n<\/table>\n<p>&nbsp;<\/p>\n<p>Text: Annie Bondefelt<\/p>\n","protected":false},"excerpt":{"rendered":"<p>ARMBRYTNING. Nu presenteras den svenska truppen till EM i Finland.<br \/><br>(Foto: Andreas Johansson\/Linjalen Tre.Noll)<\/p><br>","protected":false},"author":120,"featured_media":137565,"comment_status":"closed","ping_status":"closed","sticky":false,"template":"","format":"standard","meta":{"_acf_changed":false,"footnotes":""},"categories":[563],"tags":[],"class_list":["post-153510","post","type-post","status-publish","format-standard","has-post-thumbnail","hentry","category-armbrytning"],"acf":[],"yoast_head":"<!-- This site is optimized with the Yoast SEO plugin v26.8 - https:\/\/yoast.com\/product\/yoast-seo-wordpress\/ -->\n<title>EM i armbrytning b\u00f6rjar imorgon - Svenska Budo &amp; Kampsportsf\u00f6rbundet<\/title>\n<meta name=\"description\" content=\"ARMBRYTNING. Nu presenteras den svenska truppen till EM i Finland. (Foto: Andreas Johansson\/Linjalen Tre.Noll)\" \/>\n<meta name=\"robots\" content=\"index, follow, max-snippet:-1, max-image-preview:large, max-video-preview:-1\" \/>\n<link rel=\"canonical\" href=\"https:\/\/www.budokampsport.se\/2023\/05\/16\/em-i-armbrytning-borjar-imorgon\/\" \/>\n<meta property=\"og:locale\" content=\"sv_SE\" \/>\n<meta property=\"og:type\" content=\"article\" \/>\n<meta property=\"og:title\" content=\"EM i armbrytning b\u00f6rjar imorgon - Svenska Budo &amp; Kampsportsf\u00f6rbundet\" \/>\n<meta property=\"og:description\" content=\"ARMBRYTNING. Nu presenteras den svenska truppen till EM i Finland. (Foto: Andreas Johansson\/Linjalen Tre.Noll)\" \/>\n<meta property=\"og:url\" content=\"https:\/\/www.budokampsport.se\/2023\/05\/16\/em-i-armbrytning-borjar-imorgon\/\" \/>\n<meta property=\"og:site_name\" content=\"Svenska Budo &amp; Kampsportsf\u00f6rbundet\" \/>\n<meta property=\"article:published_time\" content=\"2023-05-16T07:02:52+00:00\" \/>\n<meta property=\"article:modified_time\" content=\"2024-07-04T08:17:43+00:00\" \/>\n<meta property=\"og:image\" content=\"https:\/\/www.budokampsport.se\/wp-content\/uploads\/2022\/03\/armbrytning_sm_reisek_janeheim.jpg\" \/>\n\t<meta property=\"og:image:width\" content=\"850\" \/>\n\t<meta property=\"og:image:height\" content=\"478\" \/>\n\t<meta property=\"og:image:type\" content=\"image\/jpeg\" \/>\n<meta name=\"author\" content=\"Annie Carriage\" \/>\n<meta name=\"twitter:card\" content=\"summary_large_image\" \/>\n<meta name=\"twitter:label1\" content=\"Skriven av\" \/>\n\t<meta name=\"twitter:data1\" content=\"Annie Carriage\" \/>\n\t<meta name=\"twitter:label2\" content=\"Ber\u00e4knad l\u00e4stid\" \/>\n\t<meta name=\"twitter:data2\" content=\"11 minuter\" \/>\n<script type=\"application\/ld+json\" class=\"yoast-schema-graph\">{\"@context\":\"https:\/\/schema.org\",\"@graph\":[{\"@type\":\"Article\",\"@id\":\"https:\/\/www.budokampsport.se\/2023\/05\/16\/em-i-armbrytning-borjar-imorgon\/#article\",\"isPartOf\":{\"@id\":\"https:\/\/www.budokampsport.se\/2023\/05\/16\/em-i-armbrytning-borjar-imorgon\/\"},\"author\":{\"name\":\"Annie Carriage\",\"@id\":\"https:\/\/www.budokampsport.se\/#\/schema\/person\/c838cace8171f692e363fde3f38f208b\"},\"headline\":\"EM i armbrytning b\u00f6rjar imorgon\",\"datePublished\":\"2023-05-16T07:02:52+00:00\",\"dateModified\":\"2024-07-04T08:17:43+00:00\",\"mainEntityOfPage\":{\"@id\":\"https:\/\/www.budokampsport.se\/2023\/05\/16\/em-i-armbrytning-borjar-imorgon\/\"},\"wordCount\":410,\"image\":{\"@id\":\"https:\/\/www.budokampsport.se\/2023\/05\/16\/em-i-armbrytning-borjar-imorgon\/#primaryimage\"},\"thumbnailUrl\":\"https:\/\/www.budokampsport.se\/wp-content\/uploads\/2022\/03\/armbrytning_sm_reisek_janeheim.jpg\",\"articleSection\":[\"Armbrytning\"],\"inLanguage\":\"sv-SE\"},{\"@type\":\"WebPage\",\"@id\":\"https:\/\/www.budokampsport.se\/2023\/05\/16\/em-i-armbrytning-borjar-imorgon\/\",\"url\":\"https:\/\/www.budokampsport.se\/2023\/05\/16\/em-i-armbrytning-borjar-imorgon\/\",\"name\":\"EM i armbrytning b\u00f6rjar imorgon - Svenska Budo &amp; Kampsportsf\u00f6rbundet\",\"isPartOf\":{\"@id\":\"https:\/\/www.budokampsport.se\/#website\"},\"primaryImageOfPage\":{\"@id\":\"https:\/\/www.budokampsport.se\/2023\/05\/16\/em-i-armbrytning-borjar-imorgon\/#primaryimage\"},\"image\":{\"@id\":\"https:\/\/www.budokampsport.se\/2023\/05\/16\/em-i-armbrytning-borjar-imorgon\/#primaryimage\"},\"thumbnailUrl\":\"https:\/\/www.budokampsport.se\/wp-content\/uploads\/2022\/03\/armbrytning_sm_reisek_janeheim.jpg\",\"datePublished\":\"2023-05-16T07:02:52+00:00\",\"dateModified\":\"2024-07-04T08:17:43+00:00\",\"author\":{\"@id\":\"https:\/\/www.budokampsport.se\/#\/schema\/person\/c838cace8171f692e363fde3f38f208b\"},\"description\":\"ARMBRYTNING. Nu presenteras den svenska truppen till EM i Finland. (Foto: Andreas Johansson\/Linjalen Tre.Noll)\",\"breadcrumb\":{\"@id\":\"https:\/\/www.budokampsport.se\/2023\/05\/16\/em-i-armbrytning-borjar-imorgon\/#breadcrumb\"},\"inLanguage\":\"sv-SE\",\"potentialAction\":[{\"@type\":\"ReadAction\",\"target\":[\"https:\/\/www.budokampsport.se\/2023\/05\/16\/em-i-armbrytning-borjar-imorgon\/\"]}]},{\"@type\":\"ImageObject\",\"inLanguage\":\"sv-SE\",\"@id\":\"https:\/\/www.budokampsport.se\/2023\/05\/16\/em-i-armbrytning-borjar-imorgon\/#primaryimage\",\"url\":\"https:\/\/www.budokampsport.se\/wp-content\/uploads\/2022\/03\/armbrytning_sm_reisek_janeheim.jpg\",\"contentUrl\":\"https:\/\/www.budokampsport.se\/wp-content\/uploads\/2022\/03\/armbrytning_sm_reisek_janeheim.jpg\",\"width\":850,\"height\":478,\"caption\":\"Foto: Andreas Johansson\/Linjalen Tre.Noll\"},{\"@type\":\"BreadcrumbList\",\"@id\":\"https:\/\/www.budokampsport.se\/2023\/05\/16\/em-i-armbrytning-borjar-imorgon\/#breadcrumb\",\"itemListElement\":[{\"@type\":\"ListItem\",\"position\":1,\"name\":\"Hem\",\"item\":\"https:\/\/www.budokampsport.se\/\"},{\"@type\":\"ListItem\",\"position\":2,\"name\":\"EM i armbrytning b\u00f6rjar imorgon\"}]},{\"@type\":\"WebSite\",\"@id\":\"https:\/\/www.budokampsport.se\/#website\",\"url\":\"https:\/\/www.budokampsport.se\/\",\"name\":\"Svenska Budo &amp; Kampsportsf\u00f6rbundet\",\"description\":\"T\u00e4vling, Tr\u00e4ning, Tradition\",\"potentialAction\":[{\"@type\":\"SearchAction\",\"target\":{\"@type\":\"EntryPoint\",\"urlTemplate\":\"https:\/\/www.budokampsport.se\/?s={search_term_string}\"},\"query-input\":{\"@type\":\"PropertyValueSpecification\",\"valueRequired\":true,\"valueName\":\"search_term_string\"}}],\"inLanguage\":\"sv-SE\"},{\"@type\":\"Person\",\"@id\":\"https:\/\/www.budokampsport.se\/#\/schema\/person\/c838cace8171f692e363fde3f38f208b\",\"name\":\"Annie Carriage\",\"image\":{\"@type\":\"ImageObject\",\"inLanguage\":\"sv-SE\",\"@id\":\"https:\/\/www.budokampsport.se\/#\/schema\/person\/image\/\",\"url\":\"https:\/\/secure.gravatar.com\/avatar\/9311295560bdfbdf78365a26f7df1876?s=96&d=blank&r=g\",\"contentUrl\":\"https:\/\/secure.gravatar.com\/avatar\/9311295560bdfbdf78365a26f7df1876?s=96&d=blank&r=g\",\"caption\":\"Annie Carriage\"},\"url\":\"https:\/\/www.budokampsport.se\/author\/annie-bondefelt\/\"}]}<\/script>\n<!-- \/ Yoast SEO plugin. -->","yoast_head_json":{"title":"EM i armbrytning b\u00f6rjar imorgon - Svenska Budo &amp; Kampsportsf\u00f6rbundet","description":"ARMBRYTNING. Nu presenteras den svenska truppen till EM i Finland. (Foto: Andreas Johansson\/Linjalen Tre.Noll)","robots":{"index":"index","follow":"follow","max-snippet":"max-snippet:-1","max-image-preview":"max-image-preview:large","max-video-preview":"max-video-preview:-1"},"canonical":"https:\/\/www.budokampsport.se\/2023\/05\/16\/em-i-armbrytning-borjar-imorgon\/","og_locale":"sv_SE","og_type":"article","og_title":"EM i armbrytning b\u00f6rjar imorgon - Svenska Budo &amp; Kampsportsf\u00f6rbundet","og_description":"ARMBRYTNING. Nu presenteras den svenska truppen till EM i Finland. (Foto: Andreas Johansson\/Linjalen Tre.Noll)","og_url":"https:\/\/www.budokampsport.se\/2023\/05\/16\/em-i-armbrytning-borjar-imorgon\/","og_site_name":"Svenska Budo &amp; Kampsportsf\u00f6rbundet","article_published_time":"2023-05-16T07:02:52+00:00","article_modified_time":"2024-07-04T08:17:43+00:00","og_image":[{"width":850,"height":478,"url":"https:\/\/www.budokampsport.se\/wp-content\/uploads\/2022\/03\/armbrytning_sm_reisek_janeheim.jpg","type":"image\/jpeg"}],"author":"Annie Carriage","twitter_card":"summary_large_image","twitter_misc":{"Skriven av":"Annie Carriage","Ber\u00e4knad l\u00e4stid":"11 minuter"},"schema":{"@context":"https:\/\/schema.org","@graph":[{"@type":"Article","@id":"https:\/\/www.budokampsport.se\/2023\/05\/16\/em-i-armbrytning-borjar-imorgon\/#article","isPartOf":{"@id":"https:\/\/www.budokampsport.se\/2023\/05\/16\/em-i-armbrytning-borjar-imorgon\/"},"author":{"name":"Annie Carriage","@id":"https:\/\/www.budokampsport.se\/#\/schema\/person\/c838cace8171f692e363fde3f38f208b"},"headline":"EM i armbrytning b\u00f6rjar imorgon","datePublished":"2023-05-16T07:02:52+00:00","dateModified":"2024-07-04T08:17:43+00:00","mainEntityOfPage":{"@id":"https:\/\/www.budokampsport.se\/2023\/05\/16\/em-i-armbrytning-borjar-imorgon\/"},"wordCount":410,"image":{"@id":"https:\/\/www.budokampsport.se\/2023\/05\/16\/em-i-armbrytning-borjar-imorgon\/#primaryimage"},"thumbnailUrl":"https:\/\/www.budokampsport.se\/wp-content\/uploads\/2022\/03\/armbrytning_sm_reisek_janeheim.jpg","articleSection":["Armbrytning"],"inLanguage":"sv-SE"},{"@type":"WebPage","@id":"https:\/\/www.budokampsport.se\/2023\/05\/16\/em-i-armbrytning-borjar-imorgon\/","url":"https:\/\/www.budokampsport.se\/2023\/05\/16\/em-i-armbrytning-borjar-imorgon\/","name":"EM i armbrytning b\u00f6rjar imorgon - Svenska Budo &amp; Kampsportsf\u00f6rbundet","isPartOf":{"@id":"https:\/\/www.budokampsport.se\/#website"},"primaryImageOfPage":{"@id":"https:\/\/www.budokampsport.se\/2023\/05\/16\/em-i-armbrytning-borjar-imorgon\/#primaryimage"},"image":{"@id":"https:\/\/www.budokampsport.se\/2023\/05\/16\/em-i-armbrytning-borjar-imorgon\/#primaryimage"},"thumbnailUrl":"https:\/\/www.budokampsport.se\/wp-content\/uploads\/2022\/03\/armbrytning_sm_reisek_janeheim.jpg","datePublished":"2023-05-16T07:02:52+00:00","dateModified":"2024-07-04T08:17:43+00:00","author":{"@id":"https:\/\/www.budokampsport.se\/#\/schema\/person\/c838cace8171f692e363fde3f38f208b"},"description":"ARMBRYTNING. Nu presenteras den svenska truppen till EM i Finland. (Foto: Andreas Johansson\/Linjalen Tre.Noll)","breadcrumb":{"@id":"https:\/\/www.budokampsport.se\/2023\/05\/16\/em-i-armbrytning-borjar-imorgon\/#breadcrumb"},"inLanguage":"sv-SE","potentialAction":[{"@type":"ReadAction","target":["https:\/\/www.budokampsport.se\/2023\/05\/16\/em-i-armbrytning-borjar-imorgon\/"]}]},{"@type":"ImageObject","inLanguage":"sv-SE","@id":"https:\/\/www.budokampsport.se\/2023\/05\/16\/em-i-armbrytning-borjar-imorgon\/#primaryimage","url":"https:\/\/www.budokampsport.se\/wp-content\/uploads\/2022\/03\/armbrytning_sm_reisek_janeheim.jpg","contentUrl":"https:\/\/www.budokampsport.se\/wp-content\/uploads\/2022\/03\/armbrytning_sm_reisek_janeheim.jpg","width":850,"height":478,"caption":"Foto: Andreas Johansson\/Linjalen Tre.Noll"},{"@type":"BreadcrumbList","@id":"https:\/\/www.budokampsport.se\/2023\/05\/16\/em-i-armbrytning-borjar-imorgon\/#breadcrumb","itemListElement":[{"@type":"ListItem","position":1,"name":"Hem","item":"https:\/\/www.budokampsport.se\/"},{"@type":"ListItem","position":2,"name":"EM i armbrytning b\u00f6rjar imorgon"}]},{"@type":"WebSite","@id":"https:\/\/www.budokampsport.se\/#website","url":"https:\/\/www.budokampsport.se\/","name":"Svenska Budo &amp; Kampsportsf\u00f6rbundet","description":"T\u00e4vling, Tr\u00e4ning, Tradition","potentialAction":[{"@type":"SearchAction","target":{"@type":"EntryPoint","urlTemplate":"https:\/\/www.budokampsport.se\/?s={search_term_string}"},"query-input":{"@type":"PropertyValueSpecification","valueRequired":true,"valueName":"search_term_string"}}],"inLanguage":"sv-SE"},{"@type":"Person","@id":"https:\/\/www.budokampsport.se\/#\/schema\/person\/c838cace8171f692e363fde3f38f208b","name":"Annie Carriage","image":{"@type":"ImageObject","inLanguage":"sv-SE","@id":"https:\/\/www.budokampsport.se\/#\/schema\/person\/image\/","url":"https:\/\/secure.gravatar.com\/avatar\/9311295560bdfbdf78365a26f7df1876?s=96&d=blank&r=g","contentUrl":"https:\/\/secure.gravatar.com\/avatar\/9311295560bdfbdf78365a26f7df1876?s=96&d=blank&r=g","caption":"Annie Carriage"},"url":"https:\/\/www.budokampsport.se\/author\/annie-bondefelt\/"}]}},"_links":{"self":[{"href":"https:\/\/www.budokampsport.se\/api\/wp\/v2\/posts\/153510","targetHints":{"allow":["GET"]}}],"collection":[{"href":"https:\/\/www.budokampsport.se\/api\/wp\/v2\/posts"}],"about":[{"href":"https:\/\/www.budokampsport.se\/api\/wp\/v2\/types\/post"}],"author":[{"embeddable":true,"href":"https:\/\/www.budokampsport.se\/api\/wp\/v2\/users\/120"}],"replies":[{"embeddable":true,"href":"https:\/\/www.budokampsport.se\/api\/wp\/v2\/comments?post=153510"}],"version-history":[{"count":0,"href":"https:\/\/www.budokampsport.se\/api\/wp\/v2\/posts\/153510\/revisions"}],"wp:featuredmedia":[{"embeddable":true,"href":"https:\/\/www.budokampsport.se\/api\/wp\/v2\/media\/137565"}],"wp:attachment":[{"href":"https:\/\/www.budokampsport.se\/api\/wp\/v2\/media?parent=153510"}],"wp:term":[{"taxonomy":"category","embeddable":true,"href":"https:\/\/www.budokampsport.se\/api\/wp\/v2\/categories?post=153510"},{"taxonomy":"post_tag","embeddable":true,"href":"https:\/\/www.budokampsport.se\/api\/wp\/v2\/tags?post=153510"}],"curies":[{"name":"wp","href":"https:\/\/api.w.org\/{rel}","templated":true}]}}