{"id":153582,"date":"2023-05-15T14:49:56","date_gmt":"2023-05-15T12:49:56","guid":{"rendered":"https:\/\/www.budokampsport.se\/?p=153582"},"modified":"2024-07-03T11:49:34","modified_gmt":"2024-07-03T09:49:34","slug":"svenska-em-truppen-i-kendo","status":"publish","type":"post","link":"https:\/\/www.budokampsport.se\/2023\/05\/15\/svenska-em-truppen-i-kendo\/","title":{"rendered":"Svenska EM-truppen i kendo"},"content":{"rendered":"<p>I helgen \u00e4r det kendo-EM.<\/p>\n<p>M\u00e4sterskapet h\u00e5lls i Beauvais som ligger i de norra delarna av Frankrike.<\/p>\n<p>Det blir det 32:a EM:et i kendo och t\u00e4vlingarna startar p\u00e5 fredag d\u00e5 juniorerna \u00e4r f\u00f6rst ut.<\/p>\n<p>P\u00e5 fredag avg\u00f6rs ocks\u00e5 damernas lagt\u00e4vling. Under l\u00f6rdagen \u00e4r det individuella t\u00e4vlingar f\u00f6r juniorerna och herrarnas lag. P\u00e5 s\u00f6ndag avg\u00f6rs individuella t\u00e4vlingarna. Hela t\u00e4vlingsschemat och lottningar finns <a href=\"http:\/\/www.32ekcfrance.com\/Home.html\" target=\"_blank\" rel=\"noopener\">h\u00e4r<\/a>.<\/p>\n<h3>H\u00e4r \u00e4r den svenska truppen<\/h3>\n<table style=\"border-collapse: collapse; width: 100%; height: 145px;\">\n<tbody>\n<tr style=\"height: 25px;\">\n<td style=\"width: 100%; height: 25px;\"><strong>Klasser i EM \u00e4r individuell och lag<\/strong><\/td>\n<\/tr>\n<tr style=\"height: 120px;\">\n<td style=\"width: 100%; height: 120px;\"><img loading=\"lazy\" decoding=\"async\" class=\"size-full wp-image-122883 alignnone\" src=\"https:\/\/www.budokampsport.se\/wp-content\/uploads\/2020\/11\/sweden-flag-icon-16.png\" alt=\"Sveriges flagga\" width=\"16\" height=\"10\" \/> <strong>Gunnar Bj\u00f6rk<\/strong>, <span style=\"font-size: 10pt;\">junior (individuell)<\/span><br \/>\n<img loading=\"lazy\" decoding=\"async\" class=\"size-full wp-image-122883 alignnone\" src=\"https:\/\/www.budokampsport.se\/wp-content\/uploads\/2020\/11\/sweden-flag-icon-16.png\" alt=\"Sveriges flagga\" width=\"16\" height=\"10\" \/> <strong>Alev Aydin<\/strong> <span style=\"font-size: 10pt;\">(individuell &amp; lag)<\/span><br \/>\n<img loading=\"lazy\" decoding=\"async\" class=\"size-full wp-image-122883 alignnone\" src=\"https:\/\/www.budokampsport.se\/wp-content\/uploads\/2020\/11\/sweden-flag-icon-16.png\" alt=\"Sveriges flagga\" width=\"16\" height=\"10\" \/> <strong>Ellen J\u00f6nsson<\/strong> <span style=\"font-size: 10pt;\">(individuell &amp; lag)<\/span><br \/>\n<img loading=\"lazy\" decoding=\"async\" class=\"size-full wp-image-122883 alignnone\" src=\"https:\/\/www.budokampsport.se\/wp-content\/uploads\/2020\/11\/sweden-flag-icon-16.png\" alt=\"Sveriges flagga\" width=\"16\" height=\"10\" \/> <strong>Markus Alfert<\/strong> <span style=\"font-size: 10pt;\">(individuell &amp; lag)<\/span><br \/>\n<img loading=\"lazy\" decoding=\"async\" class=\"size-full wp-image-122883 alignnone\" src=\"https:\/\/www.budokampsport.se\/wp-content\/uploads\/2020\/11\/sweden-flag-icon-16.png\" alt=\"Sveriges flagga\" width=\"16\" height=\"10\" \/> <strong>Max Gauffin Wohlfart<\/strong><span style=\"font-size: 10pt;\"> (individuell &amp; lag)<\/span><br \/>\n<img loading=\"lazy\" decoding=\"async\" class=\"size-full wp-image-122883 alignnone\" src=\"https:\/\/www.budokampsport.se\/wp-content\/uploads\/2020\/11\/sweden-flag-icon-16.png\" alt=\"Sveriges flagga\" width=\"16\" height=\"10\" \/>\u00a0<strong>Styrbj\u00f6rn Strandell<\/strong>\u00a0<span style=\"font-size: 10pt;\">(individuell &amp; lag)<\/span><br \/>\n<img loading=\"lazy\" decoding=\"async\" class=\"size-full wp-image-122883 alignnone\" src=\"https:\/\/www.budokampsport.se\/wp-content\/uploads\/2020\/11\/sweden-flag-icon-16.png\" alt=\"Sveriges flagga\" width=\"16\" height=\"10\" \/>\u00a0<strong>Aljosa Vuksanovic<\/strong><span style=\"font-size: 10pt;\">\u00a0(individuell &amp; lag)<\/span><br \/>\n<img loading=\"lazy\" decoding=\"async\" class=\"size-full wp-image-122883 alignnone\" src=\"https:\/\/www.budokampsport.se\/wp-content\/uploads\/2020\/11\/sweden-flag-icon-16.png\" alt=\"Sveriges flagga\" width=\"16\" height=\"10\" \/> <strong>Josef Segerstedt<\/strong><span style=\"font-size: 10pt;\"> (lag)<\/span><br \/>\n<img loading=\"lazy\" decoding=\"async\" class=\"size-full wp-image-122883 alignnone\" src=\"https:\/\/www.budokampsport.se\/wp-content\/uploads\/2020\/11\/sweden-flag-icon-16.png\" alt=\"Sveriges flagga\" width=\"16\" height=\"10\" \/> <strong>Joakim Stenbom<\/strong> <span style=\"font-size: 10pt;\">(lag)<\/span><br \/>\n<img loading=\"lazy\" decoding=\"async\" class=\"size-full wp-image-122883 alignnone\" src=\"https:\/\/www.budokampsport.se\/wp-content\/uploads\/2020\/11\/sweden-flag-icon-16.png\" alt=\"Sveriges flagga\" width=\"16\" height=\"10\" \/> <strong>Neil Yagmur<\/strong> <span style=\"font-size: 10pt;\">(lag)<\/span><\/td>\n<\/tr>\n<\/tbody>\n<\/table>\n<p>&nbsp;<\/p>\n<p>Text och foto: Jonathan Broberg<\/p>\n","protected":false},"excerpt":{"rendered":"<p>KENDO. I helgen \u00e4r det dags f\u00f6r EM i kendo, som den h\u00e4r g\u00e5ngen h\u00e5lls i Frankrike. Den svenska truppen best\u00e5r av tio t\u00e4vlande.<\/p><br>","protected":false},"author":7,"featured_media":139762,"comment_status":"closed","ping_status":"closed","sticky":false,"template":"","format":"standard","meta":{"_acf_changed":false,"footnotes":""},"categories":[534],"tags":[],"class_list":["post-153582","post","type-post","status-publish","format-standard","has-post-thumbnail","hentry","category-kendo"],"acf":[],"yoast_head":"<!-- This site is optimized with the Yoast SEO plugin v26.8 - https:\/\/yoast.com\/product\/yoast-seo-wordpress\/ -->\n<title>Svenska EM-truppen i kendo - Svenska Budo &amp; Kampsportsf\u00f6rbundet<\/title>\n<meta name=\"description\" content=\"KENDO. I helgen \u00e4r det dags f\u00f6r EM i kendo, som den h\u00e4r g\u00e5ngen h\u00e5lls i Frankrike. Den svenska truppen best\u00e5r av tio t\u00e4vlande.\" \/>\n<meta name=\"robots\" content=\"index, follow, max-snippet:-1, max-image-preview:large, max-video-preview:-1\" \/>\n<link rel=\"canonical\" href=\"https:\/\/www.budokampsport.se\/2023\/05\/15\/svenska-em-truppen-i-kendo\/\" \/>\n<meta property=\"og:locale\" content=\"sv_SE\" \/>\n<meta property=\"og:type\" content=\"article\" \/>\n<meta property=\"og:title\" content=\"Svenska EM-truppen i kendo - Svenska Budo &amp; Kampsportsf\u00f6rbundet\" \/>\n<meta property=\"og:description\" content=\"KENDO. I helgen \u00e4r det dags f\u00f6r EM i kendo, som den h\u00e4r g\u00e5ngen h\u00e5lls i Frankrike. Den svenska truppen best\u00e5r av tio t\u00e4vlande.\" \/>\n<meta property=\"og:url\" content=\"https:\/\/www.budokampsport.se\/2023\/05\/15\/svenska-em-truppen-i-kendo\/\" \/>\n<meta property=\"og:site_name\" content=\"Svenska Budo &amp; Kampsportsf\u00f6rbundet\" \/>\n<meta property=\"article:author\" content=\"https:\/\/www.facebook.com\/jonathan.broberg.7\" \/>\n<meta property=\"article:published_time\" content=\"2023-05-15T12:49:56+00:00\" \/>\n<meta property=\"article:modified_time\" content=\"2024-07-03T09:49:34+00:00\" \/>\n<meta property=\"og:image\" content=\"https:\/\/www.budokampsport.se\/wp-content\/uploads\/2022\/05\/kendo_ett.jpg\" \/>\n\t<meta property=\"og:image:width\" content=\"850\" \/>\n\t<meta property=\"og:image:height\" content=\"567\" \/>\n\t<meta property=\"og:image:type\" content=\"image\/jpeg\" \/>\n<meta name=\"author\" content=\"Jonathan Broberg\" \/>\n<meta name=\"twitter:card\" content=\"summary_large_image\" \/>\n<meta name=\"twitter:label1\" content=\"Skriven av\" \/>\n\t<meta name=\"twitter:data1\" content=\"Jonathan Broberg\" \/>\n\t<meta name=\"twitter:label2\" content=\"Ber\u00e4knad l\u00e4stid\" \/>\n\t<meta name=\"twitter:data2\" content=\"3 minuter\" \/>\n<script type=\"application\/ld+json\" class=\"yoast-schema-graph\">{\"@context\":\"https:\/\/schema.org\",\"@graph\":[{\"@type\":\"Article\",\"@id\":\"https:\/\/www.budokampsport.se\/2023\/05\/15\/svenska-em-truppen-i-kendo\/#article\",\"isPartOf\":{\"@id\":\"https:\/\/www.budokampsport.se\/2023\/05\/15\/svenska-em-truppen-i-kendo\/\"},\"author\":{\"name\":\"Jonathan Broberg\",\"@id\":\"https:\/\/www.budokampsport.se\/#\/schema\/person\/5c06d81d14850e2a8ce5493386560145\"},\"headline\":\"Svenska EM-truppen i kendo\",\"datePublished\":\"2023-05-15T12:49:56+00:00\",\"dateModified\":\"2024-07-03T09:49:34+00:00\",\"mainEntityOfPage\":{\"@id\":\"https:\/\/www.budokampsport.se\/2023\/05\/15\/svenska-em-truppen-i-kendo\/\"},\"wordCount\":147,\"image\":{\"@id\":\"https:\/\/www.budokampsport.se\/2023\/05\/15\/svenska-em-truppen-i-kendo\/#primaryimage\"},\"thumbnailUrl\":\"https:\/\/www.budokampsport.se\/wp-content\/uploads\/2022\/05\/kendo_ett.jpg\",\"articleSection\":[\"Kendo\"],\"inLanguage\":\"sv-SE\"},{\"@type\":\"WebPage\",\"@id\":\"https:\/\/www.budokampsport.se\/2023\/05\/15\/svenska-em-truppen-i-kendo\/\",\"url\":\"https:\/\/www.budokampsport.se\/2023\/05\/15\/svenska-em-truppen-i-kendo\/\",\"name\":\"Svenska EM-truppen i kendo - Svenska Budo &amp; Kampsportsf\u00f6rbundet\",\"isPartOf\":{\"@id\":\"https:\/\/www.budokampsport.se\/#website\"},\"primaryImageOfPage\":{\"@id\":\"https:\/\/www.budokampsport.se\/2023\/05\/15\/svenska-em-truppen-i-kendo\/#primaryimage\"},\"image\":{\"@id\":\"https:\/\/www.budokampsport.se\/2023\/05\/15\/svenska-em-truppen-i-kendo\/#primaryimage\"},\"thumbnailUrl\":\"https:\/\/www.budokampsport.se\/wp-content\/uploads\/2022\/05\/kendo_ett.jpg\",\"datePublished\":\"2023-05-15T12:49:56+00:00\",\"dateModified\":\"2024-07-03T09:49:34+00:00\",\"author\":{\"@id\":\"https:\/\/www.budokampsport.se\/#\/schema\/person\/5c06d81d14850e2a8ce5493386560145\"},\"description\":\"KENDO. I helgen \u00e4r det dags f\u00f6r EM i kendo, som den h\u00e4r g\u00e5ngen h\u00e5lls i Frankrike. Den svenska truppen best\u00e5r av tio t\u00e4vlande.\",\"breadcrumb\":{\"@id\":\"https:\/\/www.budokampsport.se\/2023\/05\/15\/svenska-em-truppen-i-kendo\/#breadcrumb\"},\"inLanguage\":\"sv-SE\",\"potentialAction\":[{\"@type\":\"ReadAction\",\"target\":[\"https:\/\/www.budokampsport.se\/2023\/05\/15\/svenska-em-truppen-i-kendo\/\"]}]},{\"@type\":\"ImageObject\",\"inLanguage\":\"sv-SE\",\"@id\":\"https:\/\/www.budokampsport.se\/2023\/05\/15\/svenska-em-truppen-i-kendo\/#primaryimage\",\"url\":\"https:\/\/www.budokampsport.se\/wp-content\/uploads\/2022\/05\/kendo_ett.jpg\",\"contentUrl\":\"https:\/\/www.budokampsport.se\/wp-content\/uploads\/2022\/05\/kendo_ett.jpg\",\"width\":850,\"height\":567,\"caption\":\"Foto: Jonathan Broberg\"},{\"@type\":\"BreadcrumbList\",\"@id\":\"https:\/\/www.budokampsport.se\/2023\/05\/15\/svenska-em-truppen-i-kendo\/#breadcrumb\",\"itemListElement\":[{\"@type\":\"ListItem\",\"position\":1,\"name\":\"Hem\",\"item\":\"https:\/\/www.budokampsport.se\/\"},{\"@type\":\"ListItem\",\"position\":2,\"name\":\"Svenska EM-truppen i kendo\"}]},{\"@type\":\"WebSite\",\"@id\":\"https:\/\/www.budokampsport.se\/#website\",\"url\":\"https:\/\/www.budokampsport.se\/\",\"name\":\"Svenska Budo &amp; Kampsportsf\u00f6rbundet\",\"description\":\"T\u00e4vling, Tr\u00e4ning, Tradition\",\"potentialAction\":[{\"@type\":\"SearchAction\",\"target\":{\"@type\":\"EntryPoint\",\"urlTemplate\":\"https:\/\/www.budokampsport.se\/?s={search_term_string}\"},\"query-input\":{\"@type\":\"PropertyValueSpecification\",\"valueRequired\":true,\"valueName\":\"search_term_string\"}}],\"inLanguage\":\"sv-SE\"},{\"@type\":\"Person\",\"@id\":\"https:\/\/www.budokampsport.se\/#\/schema\/person\/5c06d81d14850e2a8ce5493386560145\",\"name\":\"Jonathan Broberg\",\"image\":{\"@type\":\"ImageObject\",\"inLanguage\":\"sv-SE\",\"@id\":\"https:\/\/www.budokampsport.se\/#\/schema\/person\/image\/\",\"url\":\"https:\/\/secure.gravatar.com\/avatar\/a58041c6cea9128bd9c40ee2f26d4136?s=96&d=blank&r=g\",\"contentUrl\":\"https:\/\/secure.gravatar.com\/avatar\/a58041c6cea9128bd9c40ee2f26d4136?s=96&d=blank&r=g\",\"caption\":\"Jonathan Broberg\"},\"sameAs\":[\"https:\/\/www.facebook.com\/jonathan.broberg.7\"],\"url\":\"https:\/\/www.budokampsport.se\/author\/jonathan\/\"}]}<\/script>\n<!-- \/ Yoast SEO plugin. -->","yoast_head_json":{"title":"Svenska EM-truppen i kendo - Svenska Budo &amp; Kampsportsf\u00f6rbundet","description":"KENDO. I helgen \u00e4r det dags f\u00f6r EM i kendo, som den h\u00e4r g\u00e5ngen h\u00e5lls i Frankrike. Den svenska truppen best\u00e5r av tio t\u00e4vlande.","robots":{"index":"index","follow":"follow","max-snippet":"max-snippet:-1","max-image-preview":"max-image-preview:large","max-video-preview":"max-video-preview:-1"},"canonical":"https:\/\/www.budokampsport.se\/2023\/05\/15\/svenska-em-truppen-i-kendo\/","og_locale":"sv_SE","og_type":"article","og_title":"Svenska EM-truppen i kendo - Svenska Budo &amp; Kampsportsf\u00f6rbundet","og_description":"KENDO. I helgen \u00e4r det dags f\u00f6r EM i kendo, som den h\u00e4r g\u00e5ngen h\u00e5lls i Frankrike. Den svenska truppen best\u00e5r av tio t\u00e4vlande.","og_url":"https:\/\/www.budokampsport.se\/2023\/05\/15\/svenska-em-truppen-i-kendo\/","og_site_name":"Svenska Budo &amp; Kampsportsf\u00f6rbundet","article_author":"https:\/\/www.facebook.com\/jonathan.broberg.7","article_published_time":"2023-05-15T12:49:56+00:00","article_modified_time":"2024-07-03T09:49:34+00:00","og_image":[{"width":850,"height":567,"url":"https:\/\/www.budokampsport.se\/wp-content\/uploads\/2022\/05\/kendo_ett.jpg","type":"image\/jpeg"}],"author":"Jonathan Broberg","twitter_card":"summary_large_image","twitter_misc":{"Skriven av":"Jonathan Broberg","Ber\u00e4knad l\u00e4stid":"3 minuter"},"schema":{"@context":"https:\/\/schema.org","@graph":[{"@type":"Article","@id":"https:\/\/www.budokampsport.se\/2023\/05\/15\/svenska-em-truppen-i-kendo\/#article","isPartOf":{"@id":"https:\/\/www.budokampsport.se\/2023\/05\/15\/svenska-em-truppen-i-kendo\/"},"author":{"name":"Jonathan Broberg","@id":"https:\/\/www.budokampsport.se\/#\/schema\/person\/5c06d81d14850e2a8ce5493386560145"},"headline":"Svenska EM-truppen i kendo","datePublished":"2023-05-15T12:49:56+00:00","dateModified":"2024-07-03T09:49:34+00:00","mainEntityOfPage":{"@id":"https:\/\/www.budokampsport.se\/2023\/05\/15\/svenska-em-truppen-i-kendo\/"},"wordCount":147,"image":{"@id":"https:\/\/www.budokampsport.se\/2023\/05\/15\/svenska-em-truppen-i-kendo\/#primaryimage"},"thumbnailUrl":"https:\/\/www.budokampsport.se\/wp-content\/uploads\/2022\/05\/kendo_ett.jpg","articleSection":["Kendo"],"inLanguage":"sv-SE"},{"@type":"WebPage","@id":"https:\/\/www.budokampsport.se\/2023\/05\/15\/svenska-em-truppen-i-kendo\/","url":"https:\/\/www.budokampsport.se\/2023\/05\/15\/svenska-em-truppen-i-kendo\/","name":"Svenska EM-truppen i kendo - Svenska Budo &amp; Kampsportsf\u00f6rbundet","isPartOf":{"@id":"https:\/\/www.budokampsport.se\/#website"},"primaryImageOfPage":{"@id":"https:\/\/www.budokampsport.se\/2023\/05\/15\/svenska-em-truppen-i-kendo\/#primaryimage"},"image":{"@id":"https:\/\/www.budokampsport.se\/2023\/05\/15\/svenska-em-truppen-i-kendo\/#primaryimage"},"thumbnailUrl":"https:\/\/www.budokampsport.se\/wp-content\/uploads\/2022\/05\/kendo_ett.jpg","datePublished":"2023-05-15T12:49:56+00:00","dateModified":"2024-07-03T09:49:34+00:00","author":{"@id":"https:\/\/www.budokampsport.se\/#\/schema\/person\/5c06d81d14850e2a8ce5493386560145"},"description":"KENDO. I helgen \u00e4r det dags f\u00f6r EM i kendo, som den h\u00e4r g\u00e5ngen h\u00e5lls i Frankrike. Den svenska truppen best\u00e5r av tio t\u00e4vlande.","breadcrumb":{"@id":"https:\/\/www.budokampsport.se\/2023\/05\/15\/svenska-em-truppen-i-kendo\/#breadcrumb"},"inLanguage":"sv-SE","potentialAction":[{"@type":"ReadAction","target":["https:\/\/www.budokampsport.se\/2023\/05\/15\/svenska-em-truppen-i-kendo\/"]}]},{"@type":"ImageObject","inLanguage":"sv-SE","@id":"https:\/\/www.budokampsport.se\/2023\/05\/15\/svenska-em-truppen-i-kendo\/#primaryimage","url":"https:\/\/www.budokampsport.se\/wp-content\/uploads\/2022\/05\/kendo_ett.jpg","contentUrl":"https:\/\/www.budokampsport.se\/wp-content\/uploads\/2022\/05\/kendo_ett.jpg","width":850,"height":567,"caption":"Foto: Jonathan Broberg"},{"@type":"BreadcrumbList","@id":"https:\/\/www.budokampsport.se\/2023\/05\/15\/svenska-em-truppen-i-kendo\/#breadcrumb","itemListElement":[{"@type":"ListItem","position":1,"name":"Hem","item":"https:\/\/www.budokampsport.se\/"},{"@type":"ListItem","position":2,"name":"Svenska EM-truppen i kendo"}]},{"@type":"WebSite","@id":"https:\/\/www.budokampsport.se\/#website","url":"https:\/\/www.budokampsport.se\/","name":"Svenska Budo &amp; Kampsportsf\u00f6rbundet","description":"T\u00e4vling, Tr\u00e4ning, Tradition","potentialAction":[{"@type":"SearchAction","target":{"@type":"EntryPoint","urlTemplate":"https:\/\/www.budokampsport.se\/?s={search_term_string}"},"query-input":{"@type":"PropertyValueSpecification","valueRequired":true,"valueName":"search_term_string"}}],"inLanguage":"sv-SE"},{"@type":"Person","@id":"https:\/\/www.budokampsport.se\/#\/schema\/person\/5c06d81d14850e2a8ce5493386560145","name":"Jonathan Broberg","image":{"@type":"ImageObject","inLanguage":"sv-SE","@id":"https:\/\/www.budokampsport.se\/#\/schema\/person\/image\/","url":"https:\/\/secure.gravatar.com\/avatar\/a58041c6cea9128bd9c40ee2f26d4136?s=96&d=blank&r=g","contentUrl":"https:\/\/secure.gravatar.com\/avatar\/a58041c6cea9128bd9c40ee2f26d4136?s=96&d=blank&r=g","caption":"Jonathan Broberg"},"sameAs":["https:\/\/www.facebook.com\/jonathan.broberg.7"],"url":"https:\/\/www.budokampsport.se\/author\/jonathan\/"}]}},"_links":{"self":[{"href":"https:\/\/www.budokampsport.se\/api\/wp\/v2\/posts\/153582","targetHints":{"allow":["GET"]}}],"collection":[{"href":"https:\/\/www.budokampsport.se\/api\/wp\/v2\/posts"}],"about":[{"href":"https:\/\/www.budokampsport.se\/api\/wp\/v2\/types\/post"}],"author":[{"embeddable":true,"href":"https:\/\/www.budokampsport.se\/api\/wp\/v2\/users\/7"}],"replies":[{"embeddable":true,"href":"https:\/\/www.budokampsport.se\/api\/wp\/v2\/comments?post=153582"}],"version-history":[{"count":0,"href":"https:\/\/www.budokampsport.se\/api\/wp\/v2\/posts\/153582\/revisions"}],"wp:featuredmedia":[{"embeddable":true,"href":"https:\/\/www.budokampsport.se\/api\/wp\/v2\/media\/139762"}],"wp:attachment":[{"href":"https:\/\/www.budokampsport.se\/api\/wp\/v2\/media?parent=153582"}],"wp:term":[{"taxonomy":"category","embeddable":true,"href":"https:\/\/www.budokampsport.se\/api\/wp\/v2\/categories?post=153582"},{"taxonomy":"post_tag","embeddable":true,"href":"https:\/\/www.budokampsport.se\/api\/wp\/v2\/tags?post=153582"}],"curies":[{"name":"wp","href":"https:\/\/api.w.org\/{rel}","templated":true}]}}