{"id":153726,"date":"2023-05-22T13:18:54","date_gmt":"2023-05-22T11:18:54","guid":{"rendered":"https:\/\/www.budokampsport.se\/?p=153726"},"modified":"2024-07-04T10:17:31","modified_gmt":"2024-07-04T08:17:31","slug":"32-svenska-guld-under-em-i-armbrytning","status":"publish","type":"post","link":"https:\/\/www.budokampsport.se\/2023\/05\/22\/32-svenska-guld-under-em-i-armbrytning\/","title":{"rendered":"32 svenska guld under EM i armbrytning"},"content":{"rendered":"<p>Det blev en framg\u00e5ngssaga n\u00e4r de 41 svenskarna \u00e5kte \u00f6ver till grannlandet f\u00f6r att vaska guld. N\u00e4r EM i armbrytning avgjorts \u00e5kte svenskarna hem med 74 stycken medaljer. D\u00e4ribland blev det 18 seniormedaljer.<\/p>\n<p>\u2013 Ordet succ\u00e9 \u00e4r det minsta man kan s\u00e4ga, denna prestation som det svenska landslaget lyckas med \u00e4r historisk. Det har aldrig tidigare h\u00e4nt att vi tagit hem s\u00e5 m\u00e5nga medaljer och vunnit den totala lagt\u00e4vlingen. Att jag som assisterande landslagskapten och Armbrytargymnasietr\u00e4nare f\u00e5r vara med om detta \u00e4r \u00e4rofyllt, alla i landslaget visar verkligen en enorm vilja, inspiration och j\u00e4vlar anamma! Jag har sv\u00e5rt att finna v\u00e4lvalda ord som kan beskriva h\u00e4ndelsen p\u00e5 ett bra s\u00e4tt men jag \u00e4r stolt \u00f6ver hela landslaget! Succ\u00e9!, s\u00e4ger en p\u00e5tagligt stolt Sebastian Sj\u00f6din, assisterande f\u00f6rbundskapten, till budokampsport.se<\/p>\n<p>&nbsp;<\/p>\n<h3>Samtliga medaljer<\/h3>\n<p><strong>H\u00f6ger, guld, juniorer<\/strong><\/p>\n<table style=\"border-collapse: collapse; width: 100%; height: 168px;\">\n<tbody>\n<tr style=\"height: 24px;\">\n<td style=\"width: 33.3333%; height: 24px;\">-57 kg<\/td>\n<td style=\"width: 33.3333%; height: 24px;\">Sandor Dahl<\/td>\n<td style=\"width: 33.3333%; height: 24px;\">J15<\/td>\n<\/tr>\n<tr style=\"height: 24px;\">\n<td style=\"width: 33.3333%; height: 24px;\">-63 kg<\/td>\n<td style=\"width: 33.3333%; height: 24px;\">Elsa Forsman<\/td>\n<td style=\"width: 33.3333%; height: 24px;\">J18<\/td>\n<\/tr>\n<tr style=\"height: 24px;\">\n<td style=\"width: 33.3333%; height: 24px;\">-86 kg<\/td>\n<td style=\"width: 33.3333%; height: 24px;\">Edwin Beije<\/td>\n<td style=\"width: 33.3333%; height: 24px;\">J18<\/td>\n<\/tr>\n<tr style=\"height: 24px;\">\n<td style=\"width: 33.3333%; height: 24px;\">-78 kg<\/td>\n<td style=\"width: 33.3333%; height: 24px;\">Edvin Palm\u00e9r<\/td>\n<td style=\"width: 33.3333%; height: 24px;\">J21<\/td>\n<\/tr>\n<tr style=\"height: 24px;\">\n<td style=\"width: 33.3333%; height: 24px;\">+78 kg<\/td>\n<td style=\"width: 33.3333%; height: 24px;\">Elin Janeheim<\/td>\n<td style=\"width: 33.3333%; height: 24px;\">J21<\/td>\n<\/tr>\n<tr style=\"height: 24px;\">\n<td style=\"width: 33.3333%; height: 24px;\">-86 kg<\/td>\n<td style=\"width: 33.3333%; height: 24px;\">Andrei Dubinski<\/td>\n<td style=\"width: 33.3333%; height: 24px;\">J21<\/td>\n<\/tr>\n<tr style=\"height: 24px;\">\n<td style=\"width: 33.3333%; height: 24px;\">+96 kg<\/td>\n<td style=\"width: 33.3333%; height: 24px;\">Jimmie Johansson<\/td>\n<td style=\"width: 33.3333%; height: 24px;\">J21<\/td>\n<\/tr>\n<\/tbody>\n<\/table>\n<p>&nbsp;<\/p>\n<p><strong>H\u00f6ger, guld, master\/senior grand master<\/strong><\/p>\n<table style=\"border-collapse: collapse; width: 100%;\">\n<tbody>\n<tr>\n<td style=\"width: 33.3333%;\">-70 kg<\/td>\n<td style=\"width: 33.3333%;\">Daniel Augustsson<\/td>\n<td style=\"width: 33.3333%;\">Grand master<\/td>\n<\/tr>\n<tr>\n<td style=\"width: 33.3333%;\">+105 kg<\/td>\n<td style=\"width: 33.3333%;\">B\u00f6rje Marklund<\/td>\n<td style=\"width: 33.3333%;\">Senior grand master<\/td>\n<\/tr>\n<\/tbody>\n<\/table>\n<p>&nbsp;<\/p>\n<p><strong>H\u00f6ger, guld, seniorer<\/strong><\/p>\n<table style=\"border-collapse: collapse; width: 100%; height: 120px;\">\n<tbody>\n<tr style=\"height: 24px;\">\n<td style=\"width: 33.3333%; height: 24px;\">-57 kg<\/td>\n<td style=\"width: 33.3333%; height: 24px;\">Viktor Neziri<\/td>\n<td style=\"width: 33.3333%; height: 24px;\">Senior<\/td>\n<\/tr>\n<tr style=\"height: 24px;\">\n<td style=\"width: 33.3333%; height: 24px;\">-78 kg<\/td>\n<td style=\"width: 33.3333%; height: 24px;\">Johannes Andersson<\/td>\n<td style=\"width: 33.3333%; height: 24px;\">Senior<\/td>\n<\/tr>\n<tr style=\"height: 24px;\">\n<td style=\"width: 33.3333%; height: 24px;\">-78 kg<\/td>\n<td style=\"width: 33.3333%; height: 24px;\">Elin Janeheim<\/td>\n<td style=\"width: 33.3333%; height: 24px;\">Senior<\/td>\n<\/tr>\n<tr style=\"height: 24px;\">\n<td style=\"width: 33.3333%; height: 24px;\">+78 kg<\/td>\n<td style=\"width: 33.3333%; height: 24px;\">Emma Maximova<\/td>\n<td style=\"width: 33.3333%; height: 24px;\">Senior<\/td>\n<\/tr>\n<tr style=\"height: 24px;\">\n<td style=\"width: 33.3333%; height: 24px;\">+105 kg<\/td>\n<td style=\"width: 33.3333%; height: 24px;\">Ronny Dahl<\/td>\n<td style=\"width: 33.3333%; height: 24px;\">Senior<\/td>\n<\/tr>\n<\/tbody>\n<\/table>\n<p>&nbsp;<\/p>\n<p><strong>H\u00f6ger, silver, juniorer<\/strong><\/p>\n<table style=\"border-collapse: collapse; width: 100%; height: 216px;\">\n<tbody>\n<tr style=\"height: 24px;\">\n<td style=\"width: 33.3333%; height: 24px;\">-78 kg<\/td>\n<td style=\"width: 33.3333%; height: 24px;\">Love \u00c5hlin<\/td>\n<td style=\"width: 33.3333%; height: 24px;\">J15<\/td>\n<\/tr>\n<tr style=\"height: 24px;\">\n<td style=\"width: 33.3333%; height: 24px;\">-57 kg<\/td>\n<td style=\"width: 33.3333%; height: 24px;\">Jakob Marklund<\/td>\n<td style=\"width: 33.3333%; height: 24px;\">J18<\/td>\n<\/tr>\n<tr style=\"height: 24px;\">\n<td style=\"width: 33.3333%; height: 24px;\">-57 kg<\/td>\n<td style=\"width: 33.3333%; height: 24px;\">Viktor Persson<\/td>\n<td style=\"width: 33.3333%; height: 24px;\">J18<\/td>\n<\/tr>\n<tr style=\"height: 24px;\">\n<td style=\"width: 33.3333%; height: 24px;\">-63 kg<\/td>\n<td style=\"width: 33.3333%; height: 24px;\">Mea Eriksson<\/td>\n<td style=\"width: 33.3333%; height: 24px;\">J18<\/td>\n<\/tr>\n<tr style=\"height: 24px;\">\n<td style=\"width: 33.3333%; height: 24px;\">+63 kg<\/td>\n<td style=\"width: 33.3333%; height: 24px;\">Johanna Eriksson<\/td>\n<td style=\"width: 33.3333%; height: 24px;\">J18<\/td>\n<\/tr>\n<tr style=\"height: 24px;\">\n<td style=\"width: 33.3333%; height: 24px;\">-70 kg<\/td>\n<td style=\"width: 33.3333%; height: 24px;\">Liam Bergstr\u00f6m<\/td>\n<td style=\"width: 33.3333%; height: 24px;\">J18<\/td>\n<\/tr>\n<tr style=\"height: 24px;\">\n<td style=\"width: 33.3333%; height: 24px;\">-86 kg<\/td>\n<td style=\"width: 33.3333%; height: 24px;\">Giovanni Olofsson<\/td>\n<td style=\"width: 33.3333%; height: 24px;\">J18<\/td>\n<\/tr>\n<tr style=\"height: 24px;\">\n<td style=\"width: 33.3333%; height: 24px;\">+78 kg<\/td>\n<td style=\"width: 33.3333%; height: 24px;\">Moa Bergman<\/td>\n<td style=\"width: 33.3333%; height: 24px;\">J21<\/td>\n<\/tr>\n<tr style=\"height: 24px;\">\n<td style=\"width: 33.3333%; height: 24px;\">-95 kg<\/td>\n<td style=\"width: 33.3333%; height: 24px;\">David Kristensen<\/td>\n<td style=\"width: 33.3333%; height: 24px;\">J21<\/td>\n<\/tr>\n<\/tbody>\n<\/table>\n<p>&nbsp;<\/p>\n<p><strong>H\u00f6ger, silver, master\/grand master\/senior grand master<\/strong><\/p>\n<table style=\"border-collapse: collapse; width: 100%; height: 96px;\">\n<tbody>\n<tr style=\"height: 24px;\">\n<td style=\"width: 33.3333%; height: 24px;\">-78 kg<\/td>\n<td style=\"width: 33.3333%; height: 24px;\">Pirjo Holmstr\u00f6m<\/td>\n<td style=\"width: 33.3333%; height: 24px;\">Master<\/td>\n<\/tr>\n<tr style=\"height: 24px;\">\n<td style=\"width: 33.3333%; height: 24px;\">-63 kg<\/td>\n<td style=\"width: 33.3333%; height: 24px;\">Lisa Lundberg<\/td>\n<td style=\"width: 33.3333%; height: 24px;\">Grand master<\/td>\n<\/tr>\n<tr style=\"height: 24px;\">\n<td style=\"width: 33.3333%; height: 24px;\">-95 kg<\/td>\n<td style=\"width: 33.3333%; height: 24px;\">Johan Olofsson<\/td>\n<td style=\"width: 33.3333%; height: 24px;\">Grand master<\/td>\n<\/tr>\n<tr style=\"height: 24px;\">\n<td style=\"width: 33.3333%; height: 24px;\">-86 kg<\/td>\n<td style=\"width: 33.3333%; height: 24px;\">Roger Eriksson<\/td>\n<td style=\"width: 33.3333%; height: 24px;\">Senior grand master<\/td>\n<\/tr>\n<\/tbody>\n<\/table>\n<p>&nbsp;<\/p>\n<p><strong>H\u00f6ger, silver, seniorer<\/strong><\/p>\n<table style=\"border-collapse: collapse; width: 100%;\">\n<tbody>\n<tr>\n<td style=\"width: 33.3333%;\">-57 kg<\/td>\n<td style=\"width: 33.3333%;\">Viktor Persson\u00a0<\/td>\n<td style=\"width: 33.3333%;\">Senior<\/td>\n<\/tr>\n<tr>\n<td style=\"width: 33.3333%;\">-78 kg<\/td>\n<td style=\"width: 33.3333%;\">Pirjo Holmstr\u00f6m<\/td>\n<td style=\"width: 33.3333%;\">Senior<\/td>\n<\/tr>\n<tr>\n<td style=\"width: 33.3333%;\">+78 kg<\/td>\n<td style=\"width: 33.3333%;\">Moa Bergman<\/td>\n<td style=\"width: 33.3333%;\">Senior<\/td>\n<\/tr>\n<\/tbody>\n<\/table>\n<p>&nbsp;<\/p>\n<p><strong>H\u00f6ger, brons, juniorer<\/strong><\/p>\n<table style=\"border-collapse: collapse; width: 100%; height: 96px;\">\n<tbody>\n<tr style=\"height: 24px;\">\n<td style=\"width: 33.3333%; height: 24px;\">-78 kg<\/td>\n<td style=\"width: 33.3333%; height: 24px;\">Wilmer Geough<\/td>\n<td style=\"width: 33.3333%; height: 24px;\">J15<\/td>\n<\/tr>\n<tr style=\"height: 24px;\">\n<td style=\"width: 33.3333%; height: 24px;\">-57 kg<\/td>\n<td style=\"width: 33.3333%; height: 24px;\">Viktor Neziri<\/td>\n<td style=\"width: 33.3333%; height: 24px;\">J18<\/td>\n<\/tr>\n<tr style=\"height: 24px;\">\n<td style=\"width: 33.3333%; height: 24px;\">-63 kg<\/td>\n<td style=\"width: 33.3333%; height: 24px;\">Mia Grahn<\/td>\n<td style=\"width: 33.3333%; height: 24px;\">J18<\/td>\n<\/tr>\n<tr style=\"height: 24px;\">\n<td style=\"width: 33.3333%; height: 24px;\">+ 63 kg<\/td>\n<td style=\"width: 33.3333%; height: 24px;\">Astrid Linder<\/td>\n<td style=\"width: 33.3333%; height: 24px;\">J18<\/td>\n<\/tr>\n<\/tbody>\n<\/table>\n<p>&nbsp;<\/p>\n<p><strong>H\u00f6ger, brons, master\/grand master<\/strong><\/p>\n<table style=\"border-collapse: collapse; width: 100%;\">\n<tbody>\n<tr>\n<td style=\"width: 33.3333%;\">-78 kg<\/td>\n<td style=\"width: 33.3333%;\">Kent Andersson<\/td>\n<td style=\"width: 33.3333%;\">Master<\/td>\n<\/tr>\n<tr>\n<td style=\"width: 33.3333%;\">+105 kg<\/td>\n<td style=\"width: 33.3333%;\">H\u00e5kan Petschler<\/td>\n<td style=\"width: 33.3333%;\">Grand master<\/td>\n<\/tr>\n<\/tbody>\n<\/table>\n<p>&nbsp;<\/p>\n<p><strong>H\u00f6ger, brons, seniorer<\/strong><\/p>\n<table style=\"border-collapse: collapse; width: 100%; height: 48px;\">\n<tbody>\n<tr style=\"height: 24px;\">\n<td style=\"width: 33.3333%; height: 24px;\">-63 kg<\/td>\n<td style=\"width: 33.3333%; height: 24px;\">Lisa Lundberg<\/td>\n<td style=\"width: 33.3333%; height: 24px;\">Senior<\/td>\n<\/tr>\n<tr style=\"height: 24px;\">\n<td style=\"width: 33.3333%; height: 24px;\">-105 kg<\/td>\n<td style=\"width: 33.3333%; height: 24px;\">Martin Sohlin<\/td>\n<td style=\"width: 33.3333%; height: 24px;\">Senior<\/td>\n<\/tr>\n<\/tbody>\n<\/table>\n<p>&nbsp;<\/p>\n<p><strong>V\u00e4nster, guld,\u00a0juniorer<\/strong><\/p>\n<table style=\"border-collapse: collapse; width: 100%; height: 216px;\">\n<tbody>\n<tr style=\"height: 24px;\">\n<td style=\"width: 33.3333%; height: 24px;\">-57 kg<\/td>\n<td style=\"width: 33.3333%; height: 24px;\">Sandor Dahl<\/td>\n<td style=\"width: 33.3333%; height: 24px;\">J15<\/td>\n<\/tr>\n<tr style=\"height: 24px;\">\n<td style=\"width: 33.3333%; height: 24px;\">-78 kg<\/td>\n<td style=\"width: 33.3333%; height: 24px;\">Love \u00c5hlin<\/td>\n<td style=\"width: 33.3333%; height: 24px;\">J15<\/td>\n<\/tr>\n<tr style=\"height: 24px;\">\n<td style=\"width: 33.3333%; height: 24px;\">+78 kg<\/td>\n<td style=\"width: 33.3333%; height: 24px;\">Enzo Frohm<\/td>\n<td style=\"width: 33.3333%; height: 24px;\">J15<\/td>\n<\/tr>\n<tr style=\"height: 24px;\">\n<td style=\"width: 33.3333%; height: 24px;\">-57 kg<\/td>\n<td style=\"width: 33.3333%; height: 24px;\">Viktor Neziri<\/td>\n<td style=\"width: 33.3333%; height: 24px;\">J18<\/td>\n<\/tr>\n<tr style=\"height: 24px;\">\n<td style=\"width: 33.3333%; height: 24px;\">-63 kg<\/td>\n<td style=\"width: 33.3333%; height: 24px;\">Elsa Forsman<\/td>\n<td style=\"width: 33.3333%; height: 24px;\">J18<\/td>\n<\/tr>\n<tr style=\"height: 24px;\">\n<td style=\"width: 33.3333%; height: 24px;\">-86 kg<\/td>\n<td style=\"width: 33.3333%; height: 24px;\">Edwin Beije<\/td>\n<td style=\"width: 33.3333%; height: 24px;\">J18<\/td>\n<\/tr>\n<tr style=\"height: 24px;\">\n<td style=\"width: 33.3333%; height: 24px;\">-78 kg<\/td>\n<td style=\"width: 33.3333%; height: 24px;\">Edwin Palm\u00e9r<\/td>\n<td style=\"width: 33.3333%; height: 24px;\">J21<\/td>\n<\/tr>\n<tr style=\"height: 24px;\">\n<td style=\"width: 33.3333%; height: 24px;\">+78 kg<\/td>\n<td style=\"width: 33.3333%; height: 24px;\">Elin Janeheim<\/td>\n<td style=\"width: 33.3333%; height: 24px;\">J21<\/td>\n<\/tr>\n<tr style=\"height: 24px;\">\n<td style=\"width: 33.3333%; height: 24px;\">+95 kg<\/td>\n<td style=\"width: 33.3333%; height: 24px;\">Jimmie Johansson<\/td>\n<td style=\"width: 33.3333%; height: 24px;\">J21<\/td>\n<\/tr>\n<\/tbody>\n<\/table>\n<p>&nbsp;<\/p>\n<p><strong>V\u00e4nster, guld, master\/grand master\/senior grand master<\/strong><\/p>\n<table style=\"border-collapse: collapse; width: 100%; height: 120px;\">\n<tbody>\n<tr style=\"height: 24px;\">\n<td style=\"width: 33.3333%; height: 24px;\">-70 kg<\/td>\n<td style=\"width: 33.3333%; height: 24px;\">Daniel Augustsson<\/td>\n<td style=\"width: 33.3333%; height: 24px;\">Master<\/td>\n<\/tr>\n<tr style=\"height: 24px;\">\n<td style=\"width: 33.3333%; height: 24px;\">-78 kg<\/td>\n<td style=\"width: 33.3333%; height: 24px;\">Pirjo Holmstr\u00f6m<\/td>\n<td style=\"width: 33.3333%; height: 24px;\">Master<\/td>\n<\/tr>\n<tr style=\"height: 24px;\">\n<td style=\"width: 33.3333%; height: 24px;\">+105 kg<\/td>\n<td style=\"width: 33.3333%; height: 24px;\">H\u00e5kan Petschler<\/td>\n<td style=\"width: 33.3333%; height: 24px;\">Grand master<\/td>\n<\/tr>\n<tr style=\"height: 24px;\">\n<td style=\"width: 33.3333%; height: 24px;\">-86 kg<\/td>\n<td style=\"width: 33.3333%; height: 24px;\">Roger Eriksson<\/td>\n<td style=\"width: 33.3333%; height: 24px;\">Senior grand master<\/td>\n<\/tr>\n<tr style=\"height: 24px;\">\n<td style=\"width: 33.3333%; height: 24px;\">+105 kg<\/td>\n<td style=\"width: 33.3333%; height: 24px;\">B\u00f6rje Marklund<\/td>\n<td style=\"width: 33.3333%; height: 24px;\">Senior grand master<\/td>\n<\/tr>\n<\/tbody>\n<\/table>\n<p>&nbsp;<\/p>\n<p><strong>V\u00e4nster, guld, seniorer<\/strong><\/p>\n<table style=\"border-collapse: collapse; width: 100%; height: 96px;\">\n<tbody>\n<tr style=\"height: 24px;\">\n<td style=\"width: 33.3333%; height: 24px;\">-57 kg<\/td>\n<td style=\"width: 33.3333%; height: 24px;\">Viktor Neziri<\/td>\n<td style=\"width: 33.3333%; height: 24px;\">Senior<\/td>\n<\/tr>\n<tr style=\"height: 24px;\">\n<td style=\"width: 33.3333%; height: 24px;\">-70 kg<\/td>\n<td style=\"width: 33.3333%; height: 24px;\">Tobias Axelsson<\/td>\n<td style=\"width: 33.3333%; height: 24px;\">Senior<\/td>\n<\/tr>\n<tr style=\"height: 24px;\">\n<td style=\"width: 33.3333%; height: 24px;\">-78 kg<\/td>\n<td style=\"width: 33.3333%; height: 24px;\">Elin Janeheim<\/td>\n<td style=\"width: 33.3333%; height: 24px;\">Senior<\/td>\n<\/tr>\n<tr style=\"height: 24px;\">\n<td style=\"width: 33.3333%; height: 24px;\">+78 kg<\/td>\n<td style=\"width: 33.3333%; height: 24px;\">Emma Maximova<\/td>\n<td style=\"width: 33.3333%; height: 24px;\">Senior<\/td>\n<\/tr>\n<\/tbody>\n<\/table>\n<p>&nbsp;<\/p>\n<p><strong>V\u00e4nster, silver, juniorer<\/strong><\/p>\n<table style=\"border-collapse: collapse; width: 100%; height: 168px;\">\n<tbody>\n<tr style=\"height: 24px;\">\n<td style=\"width: 33.3333%; height: 24px;\">+78 kg<\/td>\n<td style=\"width: 33.3333%; height: 24px;\">Edwin Lindberg<\/td>\n<td style=\"width: 33.3333%; height: 24px;\">J15<\/td>\n<\/tr>\n<tr style=\"height: 24px;\">\n<td style=\"width: 33.3333%; height: 24px;\">-63 kg<\/td>\n<td style=\"width: 33.3333%; height: 24px;\">Mia Grahn<\/td>\n<td style=\"width: 33.3333%; height: 24px;\">J18<\/td>\n<\/tr>\n<tr style=\"height: 24px;\">\n<td style=\"width: 33.3333%; height: 24px;\">+63 kg<\/td>\n<td style=\"width: 33.3333%; height: 24px;\">Johanna Eriksson<\/td>\n<td style=\"width: 33.3333%; height: 24px;\">J18<\/td>\n<\/tr>\n<tr style=\"height: 24px;\">\n<td style=\"width: 33.3333%; height: 24px;\">-86 kg<\/td>\n<td style=\"width: 33.3333%; height: 24px;\">Giovanni Olofsson<\/td>\n<td style=\"width: 33.3333%; height: 24px;\">J18<\/td>\n<\/tr>\n<tr style=\"height: 24px;\">\n<td style=\"width: 33.3333%; height: 24px;\">-70 kg<\/td>\n<td style=\"width: 33.3333%; height: 24px;\">Marcus Oskarsson<\/td>\n<td style=\"width: 33.3333%; height: 24px;\">J21<\/td>\n<\/tr>\n<tr style=\"height: 24px;\">\n<td style=\"width: 33.3333%; height: 24px;\">+78 kg<\/td>\n<td style=\"width: 33.3333%; height: 24px;\">Moa Bergman<\/td>\n<td style=\"width: 33.3333%; height: 24px;\">J21<\/td>\n<\/tr>\n<tr style=\"height: 24px;\">\n<td style=\"width: 33.3333%; height: 24px;\">-95 kg<\/td>\n<td style=\"width: 33.3333%; height: 24px;\">David Kristensen<\/td>\n<td style=\"width: 33.3333%; height: 24px;\">J21<\/td>\n<\/tr>\n<\/tbody>\n<\/table>\n<p>&nbsp;<\/p>\n<p><strong>V\u00e4nster, silver, grand master<\/strong><\/p>\n<table style=\"border-collapse: collapse; width: 100%;\">\n<tbody>\n<tr>\n<td style=\"width: 33.3333%;\">-63 kg<\/td>\n<td style=\"width: 33.3333%;\">Lisa Lundberg<\/td>\n<td style=\"width: 33.3333%;\">Grand master<\/td>\n<\/tr>\n<\/tbody>\n<\/table>\n<p>&nbsp;<\/p>\n<p><strong>V\u00e4nster, silver, senior<\/strong><\/p>\n<table style=\"border-collapse: collapse; width: 100%;\">\n<tbody>\n<tr>\n<td style=\"width: 33.3333%;\">-78 kg<\/td>\n<td style=\"width: 33.3333%;\">Johannes Andersson<\/td>\n<td style=\"width: 33.3333%;\">Senior<\/td>\n<\/tr>\n<tr>\n<td style=\"width: 33.3333%;\">+78 kg<\/td>\n<td style=\"width: 33.3333%;\">Moa Bergman<\/td>\n<td style=\"width: 33.3333%;\">Senir<\/td>\n<\/tr>\n<\/tbody>\n<\/table>\n<p>&nbsp;<\/p>\n<p><strong>V\u00e4nster, brons, juniorer<\/strong><\/p>\n<table style=\"border-collapse: collapse; width: 100%; height: 120px;\">\n<tbody>\n<tr style=\"height: 24px;\">\n<td style=\"width: 33.3333%; height: 24px;\">-57 kg<\/td>\n<td style=\"width: 33.3333%; height: 24px;\">Jakob Marklund<\/td>\n<td style=\"width: 33.3333%; height: 24px;\">J15<\/td>\n<\/tr>\n<tr style=\"height: 24px;\">\n<td style=\"width: 33.3333%; height: 24px;\">-57 kg<\/td>\n<td style=\"width: 33.3333%; height: 24px;\">Viktor Persson<\/td>\n<td style=\"width: 33.3333%; height: 24px;\">J18<\/td>\n<\/tr>\n<tr style=\"height: 24px;\">\n<td style=\"width: 33.3333%; height: 24px;\">-63 kg<\/td>\n<td style=\"width: 33.3333%; height: 24px;\">Mea Eriksson<\/td>\n<td style=\"width: 33.3333%; height: 24px;\">J18<\/td>\n<\/tr>\n<tr style=\"height: 24px;\">\n<td style=\"width: 33.3333%; height: 24px;\">+63 kg<\/td>\n<td style=\"width: 33.3333%; height: 24px;\">Astrid Linder<\/td>\n<td style=\"width: 33.3333%; height: 24px;\">J18<\/td>\n<\/tr>\n<tr style=\"height: 24px;\">\n<td style=\"width: 33.3333%; height: 24px;\">-70 kg<\/td>\n<td style=\"width: 33.3333%; height: 24px;\">Liam Bergstr\u00f6m<\/td>\n<td style=\"width: 33.3333%; height: 24px;\">J18<\/td>\n<\/tr>\n<\/tbody>\n<\/table>\n<p>&nbsp;<\/p>\n<p><strong>V\u00e4nster, brons, master<\/strong><\/p>\n<table style=\"border-collapse: collapse; width: 100%;\">\n<tbody>\n<tr>\n<td style=\"width: 33.3333%;\">-78 kg<\/td>\n<td style=\"width: 33.3333%;\">Kent Andersson<\/td>\n<td style=\"width: 33.3333%;\">Master<\/td>\n<\/tr>\n<\/tbody>\n<\/table>\n<p>&nbsp;<\/p>\n<p><strong>V\u00e4nster, brons, senior<\/strong><\/p>\n<table style=\"border-collapse: collapse; width: 100%; height: 48px;\">\n<tbody>\n<tr style=\"height: 24px;\">\n<td style=\"width: 33.3333%; height: 24px;\">-57 kg<\/td>\n<td style=\"width: 33.3333%; height: 24px;\">Viktor Persson<\/td>\n<td style=\"width: 33.3333%; height: 24px;\">Senior<\/td>\n<\/tr>\n<tr style=\"height: 24px;\">\n<td style=\"width: 33.3333%; height: 24px;\">-63 kg<\/td>\n<td style=\"width: 33.3333%; height: 24px;\">Lisa Lundberg<\/td>\n<td style=\"width: 33.3333%; height: 24px;\">Senior<\/td>\n<\/tr>\n<\/tbody>\n<\/table>\n<p>&nbsp;<\/p>\n<p>Text: Annie Bondefelt<\/p>\n","protected":false},"excerpt":{"rendered":"<p>AMRBRYTNING. Medaljregn \u00f6ver svenskarna som t\u00e4vlade i helgens EM i Finland. Sammanlagt blev det 32 guld, 26 silver och 16 brons.<br \/><br>\u2013 Ordet succ\u00e9 \u00e4r det minsta man kan s\u00e4ga, denna prestation som det svenska landslaget lyckas med \u00e4r historisk. Det har aldrig tidigare h\u00e4nt att vi tagit hem s\u00e5 m\u00e5nga medaljer och vunnit den totala lagt\u00e4vlingen, s\u00e4ger assisterande f\u00f6rbundskapten Sebastian Sj\u00f6din till budokampsport.se<br \/><br>(Foto: Christian Mendez From)<\/p><br>","protected":false},"author":120,"featured_media":153728,"comment_status":"closed","ping_status":"closed","sticky":false,"template":"","format":"standard","meta":{"_acf_changed":false,"footnotes":""},"categories":[563],"tags":[],"class_list":["post-153726","post","type-post","status-publish","format-standard","has-post-thumbnail","hentry","category-armbrytning"],"acf":[],"yoast_head":"<!-- This site is optimized with the Yoast SEO plugin v26.8 - https:\/\/yoast.com\/product\/yoast-seo-wordpress\/ -->\n<title>32 svenska guld under EM i armbrytning - Svenska Budo &amp; Kampsportsf\u00f6rbundet<\/title>\n<meta name=\"description\" content=\"AMRBRYTNING. Medaljregn \u00f6ver svenskarna som t\u00e4vlade i helgens EM i Finland. Sammanlagt blev det 32 guld, 26 silver och 16 brons. \u2013 Ordet succ\u00e9 \u00e4r det minsta man kan s\u00e4ga, denna prestation som det svenska landslaget lyckas med \u00e4r historisk. Det har aldrig tidigare h\u00e4nt att vi tagit hem s\u00e5 m\u00e5nga medaljer och vunnit den totala lagt\u00e4vlingen, s\u00e4ger assisterande f\u00f6rbundskapten Sebastian Sj\u00f6din till budokampsport.se (Foto: Christian Mendez From)\" \/>\n<meta name=\"robots\" content=\"index, follow, max-snippet:-1, max-image-preview:large, max-video-preview:-1\" \/>\n<link rel=\"canonical\" href=\"https:\/\/www.budokampsport.se\/2023\/05\/22\/32-svenska-guld-under-em-i-armbrytning\/\" \/>\n<meta property=\"og:locale\" content=\"sv_SE\" \/>\n<meta property=\"og:type\" content=\"article\" \/>\n<meta property=\"og:title\" content=\"32 svenska guld under EM i armbrytning - Svenska Budo &amp; Kampsportsf\u00f6rbundet\" \/>\n<meta property=\"og:description\" content=\"AMRBRYTNING. Medaljregn \u00f6ver svenskarna som t\u00e4vlade i helgens EM i Finland. Sammanlagt blev det 32 guld, 26 silver och 16 brons. \u2013 Ordet succ\u00e9 \u00e4r det minsta man kan s\u00e4ga, denna prestation som det svenska landslaget lyckas med \u00e4r historisk. Det har aldrig tidigare h\u00e4nt att vi tagit hem s\u00e5 m\u00e5nga medaljer och vunnit den totala lagt\u00e4vlingen, s\u00e4ger assisterande f\u00f6rbundskapten Sebastian Sj\u00f6din till budokampsport.se (Foto: Christian Mendez From)\" \/>\n<meta property=\"og:url\" content=\"https:\/\/www.budokampsport.se\/2023\/05\/22\/32-svenska-guld-under-em-i-armbrytning\/\" \/>\n<meta property=\"og:site_name\" content=\"Svenska Budo &amp; Kampsportsf\u00f6rbundet\" \/>\n<meta property=\"article:published_time\" content=\"2023-05-22T11:18:54+00:00\" \/>\n<meta property=\"article:modified_time\" content=\"2024-07-04T08:17:31+00:00\" \/>\n<meta property=\"og:image\" content=\"https:\/\/www.budokampsport.se\/wp-content\/uploads\/2023\/05\/arm.jpg\" \/>\n\t<meta property=\"og:image:width\" content=\"850\" \/>\n\t<meta property=\"og:image:height\" content=\"530\" \/>\n\t<meta property=\"og:image:type\" content=\"image\/jpeg\" \/>\n<meta name=\"author\" content=\"Annie Carriage\" \/>\n<meta name=\"twitter:card\" content=\"summary_large_image\" \/>\n<meta name=\"twitter:label1\" content=\"Skriven av\" \/>\n\t<meta name=\"twitter:data1\" content=\"Annie Carriage\" \/>\n\t<meta name=\"twitter:label2\" content=\"Ber\u00e4knad l\u00e4stid\" \/>\n\t<meta name=\"twitter:data2\" content=\"4 minuter\" \/>\n<script type=\"application\/ld+json\" class=\"yoast-schema-graph\">{\"@context\":\"https:\/\/schema.org\",\"@graph\":[{\"@type\":\"Article\",\"@id\":\"https:\/\/www.budokampsport.se\/2023\/05\/22\/32-svenska-guld-under-em-i-armbrytning\/#article\",\"isPartOf\":{\"@id\":\"https:\/\/www.budokampsport.se\/2023\/05\/22\/32-svenska-guld-under-em-i-armbrytning\/\"},\"author\":{\"name\":\"Annie Carriage\",\"@id\":\"https:\/\/www.budokampsport.se\/#\/schema\/person\/c838cace8171f692e363fde3f38f208b\"},\"headline\":\"32 svenska guld under EM i armbrytning\",\"datePublished\":\"2023-05-22T11:18:54+00:00\",\"dateModified\":\"2024-07-04T08:17:31+00:00\",\"mainEntityOfPage\":{\"@id\":\"https:\/\/www.budokampsport.se\/2023\/05\/22\/32-svenska-guld-under-em-i-armbrytning\/\"},\"wordCount\":637,\"image\":{\"@id\":\"https:\/\/www.budokampsport.se\/2023\/05\/22\/32-svenska-guld-under-em-i-armbrytning\/#primaryimage\"},\"thumbnailUrl\":\"https:\/\/www.budokampsport.se\/wp-content\/uploads\/2023\/05\/arm.jpg\",\"articleSection\":[\"Armbrytning\"],\"inLanguage\":\"sv-SE\"},{\"@type\":\"WebPage\",\"@id\":\"https:\/\/www.budokampsport.se\/2023\/05\/22\/32-svenska-guld-under-em-i-armbrytning\/\",\"url\":\"https:\/\/www.budokampsport.se\/2023\/05\/22\/32-svenska-guld-under-em-i-armbrytning\/\",\"name\":\"32 svenska guld under EM i armbrytning - Svenska Budo &amp; Kampsportsf\u00f6rbundet\",\"isPartOf\":{\"@id\":\"https:\/\/www.budokampsport.se\/#website\"},\"primaryImageOfPage\":{\"@id\":\"https:\/\/www.budokampsport.se\/2023\/05\/22\/32-svenska-guld-under-em-i-armbrytning\/#primaryimage\"},\"image\":{\"@id\":\"https:\/\/www.budokampsport.se\/2023\/05\/22\/32-svenska-guld-under-em-i-armbrytning\/#primaryimage\"},\"thumbnailUrl\":\"https:\/\/www.budokampsport.se\/wp-content\/uploads\/2023\/05\/arm.jpg\",\"datePublished\":\"2023-05-22T11:18:54+00:00\",\"dateModified\":\"2024-07-04T08:17:31+00:00\",\"author\":{\"@id\":\"https:\/\/www.budokampsport.se\/#\/schema\/person\/c838cace8171f692e363fde3f38f208b\"},\"description\":\"AMRBRYTNING. Medaljregn \u00f6ver svenskarna som t\u00e4vlade i helgens EM i Finland. Sammanlagt blev det 32 guld, 26 silver och 16 brons. \u2013 Ordet succ\u00e9 \u00e4r det minsta man kan s\u00e4ga, denna prestation som det svenska landslaget lyckas med \u00e4r historisk. Det har aldrig tidigare h\u00e4nt att vi tagit hem s\u00e5 m\u00e5nga medaljer och vunnit den totala lagt\u00e4vlingen, s\u00e4ger assisterande f\u00f6rbundskapten Sebastian Sj\u00f6din till budokampsport.se (Foto: Christian Mendez From)\",\"breadcrumb\":{\"@id\":\"https:\/\/www.budokampsport.se\/2023\/05\/22\/32-svenska-guld-under-em-i-armbrytning\/#breadcrumb\"},\"inLanguage\":\"sv-SE\",\"potentialAction\":[{\"@type\":\"ReadAction\",\"target\":[\"https:\/\/www.budokampsport.se\/2023\/05\/22\/32-svenska-guld-under-em-i-armbrytning\/\"]}]},{\"@type\":\"ImageObject\",\"inLanguage\":\"sv-SE\",\"@id\":\"https:\/\/www.budokampsport.se\/2023\/05\/22\/32-svenska-guld-under-em-i-armbrytning\/#primaryimage\",\"url\":\"https:\/\/www.budokampsport.se\/wp-content\/uploads\/2023\/05\/arm.jpg\",\"contentUrl\":\"https:\/\/www.budokampsport.se\/wp-content\/uploads\/2023\/05\/arm.jpg\",\"width\":850,\"height\":530,\"caption\":\"Foto: Christian Mendez From\"},{\"@type\":\"BreadcrumbList\",\"@id\":\"https:\/\/www.budokampsport.se\/2023\/05\/22\/32-svenska-guld-under-em-i-armbrytning\/#breadcrumb\",\"itemListElement\":[{\"@type\":\"ListItem\",\"position\":1,\"name\":\"Hem\",\"item\":\"https:\/\/www.budokampsport.se\/\"},{\"@type\":\"ListItem\",\"position\":2,\"name\":\"32 svenska guld under EM i armbrytning\"}]},{\"@type\":\"WebSite\",\"@id\":\"https:\/\/www.budokampsport.se\/#website\",\"url\":\"https:\/\/www.budokampsport.se\/\",\"name\":\"Svenska Budo &amp; Kampsportsf\u00f6rbundet\",\"description\":\"T\u00e4vling, Tr\u00e4ning, Tradition\",\"potentialAction\":[{\"@type\":\"SearchAction\",\"target\":{\"@type\":\"EntryPoint\",\"urlTemplate\":\"https:\/\/www.budokampsport.se\/?s={search_term_string}\"},\"query-input\":{\"@type\":\"PropertyValueSpecification\",\"valueRequired\":true,\"valueName\":\"search_term_string\"}}],\"inLanguage\":\"sv-SE\"},{\"@type\":\"Person\",\"@id\":\"https:\/\/www.budokampsport.se\/#\/schema\/person\/c838cace8171f692e363fde3f38f208b\",\"name\":\"Annie Carriage\",\"image\":{\"@type\":\"ImageObject\",\"inLanguage\":\"sv-SE\",\"@id\":\"https:\/\/www.budokampsport.se\/#\/schema\/person\/image\/\",\"url\":\"https:\/\/secure.gravatar.com\/avatar\/9311295560bdfbdf78365a26f7df1876?s=96&d=blank&r=g\",\"contentUrl\":\"https:\/\/secure.gravatar.com\/avatar\/9311295560bdfbdf78365a26f7df1876?s=96&d=blank&r=g\",\"caption\":\"Annie Carriage\"},\"url\":\"https:\/\/www.budokampsport.se\/author\/annie-bondefelt\/\"}]}<\/script>\n<!-- \/ Yoast SEO plugin. -->","yoast_head_json":{"title":"32 svenska guld under EM i armbrytning - Svenska Budo &amp; Kampsportsf\u00f6rbundet","description":"AMRBRYTNING. Medaljregn \u00f6ver svenskarna som t\u00e4vlade i helgens EM i Finland. Sammanlagt blev det 32 guld, 26 silver och 16 brons. \u2013 Ordet succ\u00e9 \u00e4r det minsta man kan s\u00e4ga, denna prestation som det svenska landslaget lyckas med \u00e4r historisk. Det har aldrig tidigare h\u00e4nt att vi tagit hem s\u00e5 m\u00e5nga medaljer och vunnit den totala lagt\u00e4vlingen, s\u00e4ger assisterande f\u00f6rbundskapten Sebastian Sj\u00f6din till budokampsport.se (Foto: Christian Mendez From)","robots":{"index":"index","follow":"follow","max-snippet":"max-snippet:-1","max-image-preview":"max-image-preview:large","max-video-preview":"max-video-preview:-1"},"canonical":"https:\/\/www.budokampsport.se\/2023\/05\/22\/32-svenska-guld-under-em-i-armbrytning\/","og_locale":"sv_SE","og_type":"article","og_title":"32 svenska guld under EM i armbrytning - Svenska Budo &amp; Kampsportsf\u00f6rbundet","og_description":"AMRBRYTNING. Medaljregn \u00f6ver svenskarna som t\u00e4vlade i helgens EM i Finland. Sammanlagt blev det 32 guld, 26 silver och 16 brons. \u2013 Ordet succ\u00e9 \u00e4r det minsta man kan s\u00e4ga, denna prestation som det svenska landslaget lyckas med \u00e4r historisk. Det har aldrig tidigare h\u00e4nt att vi tagit hem s\u00e5 m\u00e5nga medaljer och vunnit den totala lagt\u00e4vlingen, s\u00e4ger assisterande f\u00f6rbundskapten Sebastian Sj\u00f6din till budokampsport.se (Foto: Christian Mendez From)","og_url":"https:\/\/www.budokampsport.se\/2023\/05\/22\/32-svenska-guld-under-em-i-armbrytning\/","og_site_name":"Svenska Budo &amp; Kampsportsf\u00f6rbundet","article_published_time":"2023-05-22T11:18:54+00:00","article_modified_time":"2024-07-04T08:17:31+00:00","og_image":[{"width":850,"height":530,"url":"https:\/\/www.budokampsport.se\/wp-content\/uploads\/2023\/05\/arm.jpg","type":"image\/jpeg"}],"author":"Annie Carriage","twitter_card":"summary_large_image","twitter_misc":{"Skriven av":"Annie Carriage","Ber\u00e4knad l\u00e4stid":"4 minuter"},"schema":{"@context":"https:\/\/schema.org","@graph":[{"@type":"Article","@id":"https:\/\/www.budokampsport.se\/2023\/05\/22\/32-svenska-guld-under-em-i-armbrytning\/#article","isPartOf":{"@id":"https:\/\/www.budokampsport.se\/2023\/05\/22\/32-svenska-guld-under-em-i-armbrytning\/"},"author":{"name":"Annie Carriage","@id":"https:\/\/www.budokampsport.se\/#\/schema\/person\/c838cace8171f692e363fde3f38f208b"},"headline":"32 svenska guld under EM i armbrytning","datePublished":"2023-05-22T11:18:54+00:00","dateModified":"2024-07-04T08:17:31+00:00","mainEntityOfPage":{"@id":"https:\/\/www.budokampsport.se\/2023\/05\/22\/32-svenska-guld-under-em-i-armbrytning\/"},"wordCount":637,"image":{"@id":"https:\/\/www.budokampsport.se\/2023\/05\/22\/32-svenska-guld-under-em-i-armbrytning\/#primaryimage"},"thumbnailUrl":"https:\/\/www.budokampsport.se\/wp-content\/uploads\/2023\/05\/arm.jpg","articleSection":["Armbrytning"],"inLanguage":"sv-SE"},{"@type":"WebPage","@id":"https:\/\/www.budokampsport.se\/2023\/05\/22\/32-svenska-guld-under-em-i-armbrytning\/","url":"https:\/\/www.budokampsport.se\/2023\/05\/22\/32-svenska-guld-under-em-i-armbrytning\/","name":"32 svenska guld under EM i armbrytning - Svenska Budo &amp; Kampsportsf\u00f6rbundet","isPartOf":{"@id":"https:\/\/www.budokampsport.se\/#website"},"primaryImageOfPage":{"@id":"https:\/\/www.budokampsport.se\/2023\/05\/22\/32-svenska-guld-under-em-i-armbrytning\/#primaryimage"},"image":{"@id":"https:\/\/www.budokampsport.se\/2023\/05\/22\/32-svenska-guld-under-em-i-armbrytning\/#primaryimage"},"thumbnailUrl":"https:\/\/www.budokampsport.se\/wp-content\/uploads\/2023\/05\/arm.jpg","datePublished":"2023-05-22T11:18:54+00:00","dateModified":"2024-07-04T08:17:31+00:00","author":{"@id":"https:\/\/www.budokampsport.se\/#\/schema\/person\/c838cace8171f692e363fde3f38f208b"},"description":"AMRBRYTNING. Medaljregn \u00f6ver svenskarna som t\u00e4vlade i helgens EM i Finland. Sammanlagt blev det 32 guld, 26 silver och 16 brons. \u2013 Ordet succ\u00e9 \u00e4r det minsta man kan s\u00e4ga, denna prestation som det svenska landslaget lyckas med \u00e4r historisk. Det har aldrig tidigare h\u00e4nt att vi tagit hem s\u00e5 m\u00e5nga medaljer och vunnit den totala lagt\u00e4vlingen, s\u00e4ger assisterande f\u00f6rbundskapten Sebastian Sj\u00f6din till budokampsport.se (Foto: Christian Mendez From)","breadcrumb":{"@id":"https:\/\/www.budokampsport.se\/2023\/05\/22\/32-svenska-guld-under-em-i-armbrytning\/#breadcrumb"},"inLanguage":"sv-SE","potentialAction":[{"@type":"ReadAction","target":["https:\/\/www.budokampsport.se\/2023\/05\/22\/32-svenska-guld-under-em-i-armbrytning\/"]}]},{"@type":"ImageObject","inLanguage":"sv-SE","@id":"https:\/\/www.budokampsport.se\/2023\/05\/22\/32-svenska-guld-under-em-i-armbrytning\/#primaryimage","url":"https:\/\/www.budokampsport.se\/wp-content\/uploads\/2023\/05\/arm.jpg","contentUrl":"https:\/\/www.budokampsport.se\/wp-content\/uploads\/2023\/05\/arm.jpg","width":850,"height":530,"caption":"Foto: Christian Mendez From"},{"@type":"BreadcrumbList","@id":"https:\/\/www.budokampsport.se\/2023\/05\/22\/32-svenska-guld-under-em-i-armbrytning\/#breadcrumb","itemListElement":[{"@type":"ListItem","position":1,"name":"Hem","item":"https:\/\/www.budokampsport.se\/"},{"@type":"ListItem","position":2,"name":"32 svenska guld under EM i armbrytning"}]},{"@type":"WebSite","@id":"https:\/\/www.budokampsport.se\/#website","url":"https:\/\/www.budokampsport.se\/","name":"Svenska Budo &amp; Kampsportsf\u00f6rbundet","description":"T\u00e4vling, Tr\u00e4ning, Tradition","potentialAction":[{"@type":"SearchAction","target":{"@type":"EntryPoint","urlTemplate":"https:\/\/www.budokampsport.se\/?s={search_term_string}"},"query-input":{"@type":"PropertyValueSpecification","valueRequired":true,"valueName":"search_term_string"}}],"inLanguage":"sv-SE"},{"@type":"Person","@id":"https:\/\/www.budokampsport.se\/#\/schema\/person\/c838cace8171f692e363fde3f38f208b","name":"Annie Carriage","image":{"@type":"ImageObject","inLanguage":"sv-SE","@id":"https:\/\/www.budokampsport.se\/#\/schema\/person\/image\/","url":"https:\/\/secure.gravatar.com\/avatar\/9311295560bdfbdf78365a26f7df1876?s=96&d=blank&r=g","contentUrl":"https:\/\/secure.gravatar.com\/avatar\/9311295560bdfbdf78365a26f7df1876?s=96&d=blank&r=g","caption":"Annie Carriage"},"url":"https:\/\/www.budokampsport.se\/author\/annie-bondefelt\/"}]}},"_links":{"self":[{"href":"https:\/\/www.budokampsport.se\/api\/wp\/v2\/posts\/153726","targetHints":{"allow":["GET"]}}],"collection":[{"href":"https:\/\/www.budokampsport.se\/api\/wp\/v2\/posts"}],"about":[{"href":"https:\/\/www.budokampsport.se\/api\/wp\/v2\/types\/post"}],"author":[{"embeddable":true,"href":"https:\/\/www.budokampsport.se\/api\/wp\/v2\/users\/120"}],"replies":[{"embeddable":true,"href":"https:\/\/www.budokampsport.se\/api\/wp\/v2\/comments?post=153726"}],"version-history":[{"count":0,"href":"https:\/\/www.budokampsport.se\/api\/wp\/v2\/posts\/153726\/revisions"}],"wp:featuredmedia":[{"embeddable":true,"href":"https:\/\/www.budokampsport.se\/api\/wp\/v2\/media\/153728"}],"wp:attachment":[{"href":"https:\/\/www.budokampsport.se\/api\/wp\/v2\/media?parent=153726"}],"wp:term":[{"taxonomy":"category","embeddable":true,"href":"https:\/\/www.budokampsport.se\/api\/wp\/v2\/categories?post=153726"},{"taxonomy":"post_tag","embeddable":true,"href":"https:\/\/www.budokampsport.se\/api\/wp\/v2\/tags?post=153726"}],"curies":[{"name":"wp","href":"https:\/\/api.w.org\/{rel}","templated":true}]}}