{"id":154036,"date":"2023-06-07T13:12:13","date_gmt":"2023-06-07T11:12:13","guid":{"rendered":"https:\/\/www.budokampsport.se\/?p=154036"},"modified":"2023-06-07T16:13:00","modified_gmt":"2023-06-07T14:13:00","slug":"vm-medaljer-till-bjj-landslaget","status":"publish","type":"post","link":"https:\/\/www.budokampsport.se\/2023\/06\/07\/vm-medaljer-till-bjj-landslaget\/","title":{"rendered":"VM-medaljer till BJJ-landslaget"},"content":{"rendered":"<p>Under f\u00f6rra helgen var det dags f\u00f6r VM i BJJ att arrangeras i den amerikanska staden Long Beach. Det svenska landslaget inneh\u00f6ll \u00e5tta representanter som alla var hungriga p\u00e5 medaljer. Det blev ett bra m\u00e4sterskap f\u00f6r de svenska landslagsrepresentanterna som tog tre medaljer sammanlagt.<\/p>\n<h3>Landslagets medaljer<\/h3>\n<table style=\"border-collapse: collapse; width: 100%;\">\n<tbody>\n<tr style=\"height: 24px;\">\n<td style=\"width: 33.3333%; height: 24px;\"><img loading=\"lazy\" decoding=\"async\" class=\"alignnone wp-image-139584\" src=\"https:\/\/www.budokampsport.se\/wp-content\/uploads\/2022\/05\/medal_silver_nospace.png\" alt=\"Silvermedalj\" width=\"12\" height=\"18\" srcset=\"https:\/\/www.budokampsport.se\/wp-content\/uploads\/2022\/05\/medal_silver_nospace.png 150w, https:\/\/www.budokampsport.se\/wp-content\/uploads\/2022\/05\/medal_silver_nospace-95x137.png 95w\" sizes=\"auto, (max-width: 12px) 100vw, 12px\" \/> Marlon Tajik\u00a0<\/td>\n<td style=\"width: 33.3333%; height: 24px;\">Lila b\u00e4lte<\/td>\n<td style=\"width: 33.3333%; height: 24px;\">Medium heavy<\/td>\n<\/tr>\n<tr style=\"height: 24px;\">\n<td style=\"width: 33.3333%; height: 24px;\"><img loading=\"lazy\" decoding=\"async\" class=\"alignnone  wp-image-139583\" src=\"https:\/\/www.budokampsport.se\/wp-content\/uploads\/2022\/05\/medal_bronze_nospace.png\" alt=\"Bronsmedalj\" width=\"13\" height=\"19\" srcset=\"https:\/\/www.budokampsport.se\/wp-content\/uploads\/2022\/05\/medal_bronze_nospace.png 150w, https:\/\/www.budokampsport.se\/wp-content\/uploads\/2022\/05\/medal_bronze_nospace-95x137.png 95w\" sizes=\"auto, (max-width: 13px) 100vw, 13px\" \/> Astrid Sch\u00f6lin<\/td>\n<td style=\"width: 33.3333%; height: 24px;\">Brunt b\u00e4lte<\/td>\n<td style=\"width: 33.3333%; height: 24px;\">Feather<\/td>\n<\/tr>\n<tr style=\"height: 24px;\">\n<td style=\"width: 33.3333%; height: 24px;\"><img loading=\"lazy\" decoding=\"async\" class=\"alignnone  wp-image-139583\" src=\"https:\/\/www.budokampsport.se\/wp-content\/uploads\/2022\/05\/medal_bronze_nospace.png\" alt=\"Bronsmedalj\" width=\"13\" height=\"19\" srcset=\"https:\/\/www.budokampsport.se\/wp-content\/uploads\/2022\/05\/medal_bronze_nospace.png 150w, https:\/\/www.budokampsport.se\/wp-content\/uploads\/2022\/05\/medal_bronze_nospace-95x137.png 95w\" sizes=\"auto, (max-width: 13px) 100vw, 13px\" \/> Karl Pegers<\/td>\n<td style=\"width: 33.3333%; height: 24px;\">Brunt b\u00e4lte<\/td>\n<td style=\"width: 33.3333%; height: 24px;\">Light<\/td>\n<\/tr>\n<\/tbody>\n<\/table>\n<figure id=\"attachment_154051\" aria-describedby=\"caption-attachment-154051\" style=\"width: 850px\" class=\"wp-caption aligncenter\"><img loading=\"lazy\" decoding=\"async\" class=\"wp-image-154051 size-full\" src=\"https:\/\/www.budokampsport.se\/wp-content\/uploads\/2023\/06\/x.jpg\" alt=\"\" width=\"850\" height=\"555\" srcset=\"https:\/\/www.budokampsport.se\/wp-content\/uploads\/2023\/06\/x.jpg 850w, https:\/\/www.budokampsport.se\/wp-content\/uploads\/2023\/06\/x-600x392.jpg 600w, https:\/\/www.budokampsport.se\/wp-content\/uploads\/2023\/06\/x-376x246.jpg 376w, https:\/\/www.budokampsport.se\/wp-content\/uploads\/2023\/06\/x-847x553.jpg 847w, https:\/\/www.budokampsport.se\/wp-content\/uploads\/2023\/06\/x-278x182.jpg 278w, https:\/\/www.budokampsport.se\/wp-content\/uploads\/2023\/06\/x-572x373.jpg 572w\" sizes=\"auto, (max-width: 850px) 100vw, 850px\" \/><figcaption id=\"caption-attachment-154051\" class=\"wp-caption-text\">Foto: Elina Moestam Lindblad<\/figcaption><\/figure>\n<p>\nUt\u00f6ver det svenska landslaget tog fler svenskar medaljer, Chahzared Ohlsson tog silver i bl\u00e5 b\u00e4ltesklassen och Amanda Vikingsson silver i lila b\u00e4lte. Vilmer Sch\u00f6nbeck lyckades knipa en bronspeng i bl\u00e5 b\u00e4ltesklass och Josefine Modig tog ocks\u00e5 ett brons men i lila b\u00e4ltesklassen.<\/p>\n<p>&nbsp;<\/p>\n<p>Text: Annie Bondefelt<\/p>\n","protected":false},"excerpt":{"rendered":"<p>BJJ. F\u00f6rra helgen h\u00f6lls VM i BJJ i Long Beach, USA. Det svenska landslaget \u00e5kte \u00f6ver med en \u00e5ttamanna-trupp och tog med sig tre medaljer hem.<br \/><br>(Foto: Foto: Elina Moestam Lindblad)<\/p><br>","protected":false},"author":120,"featured_media":154049,"comment_status":"closed","ping_status":"closed","sticky":false,"template":"","format":"standard","meta":{"_acf_changed":false,"footnotes":""},"categories":[451],"tags":[],"class_list":["post-154036","post","type-post","status-publish","format-standard","has-post-thumbnail","hentry","category-elit"],"acf":[],"yoast_head":"<!-- This site is optimized with the Yoast SEO plugin v26.8 - https:\/\/yoast.com\/product\/yoast-seo-wordpress\/ -->\n<title>VM-medaljer till BJJ-landslaget - Svenska Budo &amp; Kampsportsf\u00f6rbundet<\/title>\n<meta name=\"description\" content=\"BJJ. F\u00f6rra helgen h\u00f6lls VM i BJJ i Long Beach, USA. Det svenska landslaget \u00e5kte \u00f6ver med en \u00e5ttamanna-trupp och tog med sig tre medaljer hem. (Foto: Foto: Elina Moestam Lindblad)\" \/>\n<meta name=\"robots\" content=\"index, follow, max-snippet:-1, max-image-preview:large, max-video-preview:-1\" \/>\n<link rel=\"canonical\" href=\"https:\/\/www.budokampsport.se\/2023\/06\/07\/vm-medaljer-till-bjj-landslaget\/\" \/>\n<meta property=\"og:locale\" content=\"sv_SE\" \/>\n<meta property=\"og:type\" content=\"article\" \/>\n<meta property=\"og:title\" content=\"VM-medaljer till BJJ-landslaget - Svenska Budo &amp; Kampsportsf\u00f6rbundet\" \/>\n<meta property=\"og:description\" content=\"BJJ. F\u00f6rra helgen h\u00f6lls VM i BJJ i Long Beach, USA. Det svenska landslaget \u00e5kte \u00f6ver med en \u00e5ttamanna-trupp och tog med sig tre medaljer hem. (Foto: Foto: Elina Moestam Lindblad)\" \/>\n<meta property=\"og:url\" content=\"https:\/\/www.budokampsport.se\/2023\/06\/07\/vm-medaljer-till-bjj-landslaget\/\" \/>\n<meta property=\"og:site_name\" content=\"Svenska Budo &amp; Kampsportsf\u00f6rbundet\" \/>\n<meta property=\"article:published_time\" content=\"2023-06-07T11:12:13+00:00\" \/>\n<meta property=\"article:modified_time\" content=\"2023-06-07T14:13:00+00:00\" \/>\n<meta property=\"og:image\" content=\"https:\/\/www.budokampsport.se\/wp-content\/uploads\/2023\/06\/marlon.jpg\" \/>\n\t<meta property=\"og:image:width\" content=\"850\" \/>\n\t<meta property=\"og:image:height\" content=\"585\" \/>\n\t<meta property=\"og:image:type\" content=\"image\/jpeg\" \/>\n<meta name=\"author\" content=\"Annie Carriage\" \/>\n<meta name=\"twitter:card\" content=\"summary_large_image\" \/>\n<meta name=\"twitter:label1\" content=\"Skriven av\" \/>\n\t<meta name=\"twitter:data1\" content=\"Annie Carriage\" \/>\n\t<meta name=\"twitter:label2\" content=\"Ber\u00e4knad l\u00e4stid\" \/>\n\t<meta name=\"twitter:data2\" content=\"2 minuter\" \/>\n<script type=\"application\/ld+json\" class=\"yoast-schema-graph\">{\"@context\":\"https:\/\/schema.org\",\"@graph\":[{\"@type\":\"Article\",\"@id\":\"https:\/\/www.budokampsport.se\/2023\/06\/07\/vm-medaljer-till-bjj-landslaget\/#article\",\"isPartOf\":{\"@id\":\"https:\/\/www.budokampsport.se\/2023\/06\/07\/vm-medaljer-till-bjj-landslaget\/\"},\"author\":{\"name\":\"Annie Carriage\",\"@id\":\"https:\/\/www.budokampsport.se\/#\/schema\/person\/c838cace8171f692e363fde3f38f208b\"},\"headline\":\"VM-medaljer till BJJ-landslaget\",\"datePublished\":\"2023-06-07T11:12:13+00:00\",\"dateModified\":\"2023-06-07T14:13:00+00:00\",\"mainEntityOfPage\":{\"@id\":\"https:\/\/www.budokampsport.se\/2023\/06\/07\/vm-medaljer-till-bjj-landslaget\/\"},\"wordCount\":137,\"image\":{\"@id\":\"https:\/\/www.budokampsport.se\/2023\/06\/07\/vm-medaljer-till-bjj-landslaget\/#primaryimage\"},\"thumbnailUrl\":\"https:\/\/www.budokampsport.se\/wp-content\/uploads\/2023\/06\/marlon.jpg\",\"articleSection\":[\"Elit\"],\"inLanguage\":\"sv-SE\"},{\"@type\":\"WebPage\",\"@id\":\"https:\/\/www.budokampsport.se\/2023\/06\/07\/vm-medaljer-till-bjj-landslaget\/\",\"url\":\"https:\/\/www.budokampsport.se\/2023\/06\/07\/vm-medaljer-till-bjj-landslaget\/\",\"name\":\"VM-medaljer till BJJ-landslaget - Svenska Budo &amp; Kampsportsf\u00f6rbundet\",\"isPartOf\":{\"@id\":\"https:\/\/www.budokampsport.se\/#website\"},\"primaryImageOfPage\":{\"@id\":\"https:\/\/www.budokampsport.se\/2023\/06\/07\/vm-medaljer-till-bjj-landslaget\/#primaryimage\"},\"image\":{\"@id\":\"https:\/\/www.budokampsport.se\/2023\/06\/07\/vm-medaljer-till-bjj-landslaget\/#primaryimage\"},\"thumbnailUrl\":\"https:\/\/www.budokampsport.se\/wp-content\/uploads\/2023\/06\/marlon.jpg\",\"datePublished\":\"2023-06-07T11:12:13+00:00\",\"dateModified\":\"2023-06-07T14:13:00+00:00\",\"author\":{\"@id\":\"https:\/\/www.budokampsport.se\/#\/schema\/person\/c838cace8171f692e363fde3f38f208b\"},\"description\":\"BJJ. F\u00f6rra helgen h\u00f6lls VM i BJJ i Long Beach, USA. Det svenska landslaget \u00e5kte \u00f6ver med en \u00e5ttamanna-trupp och tog med sig tre medaljer hem. (Foto: Foto: Elina Moestam Lindblad)\",\"breadcrumb\":{\"@id\":\"https:\/\/www.budokampsport.se\/2023\/06\/07\/vm-medaljer-till-bjj-landslaget\/#breadcrumb\"},\"inLanguage\":\"sv-SE\",\"potentialAction\":[{\"@type\":\"ReadAction\",\"target\":[\"https:\/\/www.budokampsport.se\/2023\/06\/07\/vm-medaljer-till-bjj-landslaget\/\"]}]},{\"@type\":\"ImageObject\",\"inLanguage\":\"sv-SE\",\"@id\":\"https:\/\/www.budokampsport.se\/2023\/06\/07\/vm-medaljer-till-bjj-landslaget\/#primaryimage\",\"url\":\"https:\/\/www.budokampsport.se\/wp-content\/uploads\/2023\/06\/marlon.jpg\",\"contentUrl\":\"https:\/\/www.budokampsport.se\/wp-content\/uploads\/2023\/06\/marlon.jpg\",\"width\":850,\"height\":585,\"caption\":\"Foto: Elina Moestam Lindblad\"},{\"@type\":\"BreadcrumbList\",\"@id\":\"https:\/\/www.budokampsport.se\/2023\/06\/07\/vm-medaljer-till-bjj-landslaget\/#breadcrumb\",\"itemListElement\":[{\"@type\":\"ListItem\",\"position\":1,\"name\":\"Hem\",\"item\":\"https:\/\/www.budokampsport.se\/\"},{\"@type\":\"ListItem\",\"position\":2,\"name\":\"VM-medaljer till BJJ-landslaget\"}]},{\"@type\":\"WebSite\",\"@id\":\"https:\/\/www.budokampsport.se\/#website\",\"url\":\"https:\/\/www.budokampsport.se\/\",\"name\":\"Svenska Budo &amp; Kampsportsf\u00f6rbundet\",\"description\":\"T\u00e4vling, Tr\u00e4ning, Tradition\",\"potentialAction\":[{\"@type\":\"SearchAction\",\"target\":{\"@type\":\"EntryPoint\",\"urlTemplate\":\"https:\/\/www.budokampsport.se\/?s={search_term_string}\"},\"query-input\":{\"@type\":\"PropertyValueSpecification\",\"valueRequired\":true,\"valueName\":\"search_term_string\"}}],\"inLanguage\":\"sv-SE\"},{\"@type\":\"Person\",\"@id\":\"https:\/\/www.budokampsport.se\/#\/schema\/person\/c838cace8171f692e363fde3f38f208b\",\"name\":\"Annie Carriage\",\"image\":{\"@type\":\"ImageObject\",\"inLanguage\":\"sv-SE\",\"@id\":\"https:\/\/www.budokampsport.se\/#\/schema\/person\/image\/\",\"url\":\"https:\/\/secure.gravatar.com\/avatar\/9311295560bdfbdf78365a26f7df1876?s=96&d=blank&r=g\",\"contentUrl\":\"https:\/\/secure.gravatar.com\/avatar\/9311295560bdfbdf78365a26f7df1876?s=96&d=blank&r=g\",\"caption\":\"Annie Carriage\"},\"url\":\"https:\/\/www.budokampsport.se\/author\/annie-bondefelt\/\"}]}<\/script>\n<!-- \/ Yoast SEO plugin. -->","yoast_head_json":{"title":"VM-medaljer till BJJ-landslaget - Svenska Budo &amp; Kampsportsf\u00f6rbundet","description":"BJJ. F\u00f6rra helgen h\u00f6lls VM i BJJ i Long Beach, USA. Det svenska landslaget \u00e5kte \u00f6ver med en \u00e5ttamanna-trupp och tog med sig tre medaljer hem. (Foto: Foto: Elina Moestam Lindblad)","robots":{"index":"index","follow":"follow","max-snippet":"max-snippet:-1","max-image-preview":"max-image-preview:large","max-video-preview":"max-video-preview:-1"},"canonical":"https:\/\/www.budokampsport.se\/2023\/06\/07\/vm-medaljer-till-bjj-landslaget\/","og_locale":"sv_SE","og_type":"article","og_title":"VM-medaljer till BJJ-landslaget - Svenska Budo &amp; Kampsportsf\u00f6rbundet","og_description":"BJJ. F\u00f6rra helgen h\u00f6lls VM i BJJ i Long Beach, USA. Det svenska landslaget \u00e5kte \u00f6ver med en \u00e5ttamanna-trupp och tog med sig tre medaljer hem. (Foto: Foto: Elina Moestam Lindblad)","og_url":"https:\/\/www.budokampsport.se\/2023\/06\/07\/vm-medaljer-till-bjj-landslaget\/","og_site_name":"Svenska Budo &amp; Kampsportsf\u00f6rbundet","article_published_time":"2023-06-07T11:12:13+00:00","article_modified_time":"2023-06-07T14:13:00+00:00","og_image":[{"width":850,"height":585,"url":"https:\/\/www.budokampsport.se\/wp-content\/uploads\/2023\/06\/marlon.jpg","type":"image\/jpeg"}],"author":"Annie Carriage","twitter_card":"summary_large_image","twitter_misc":{"Skriven av":"Annie Carriage","Ber\u00e4knad l\u00e4stid":"2 minuter"},"schema":{"@context":"https:\/\/schema.org","@graph":[{"@type":"Article","@id":"https:\/\/www.budokampsport.se\/2023\/06\/07\/vm-medaljer-till-bjj-landslaget\/#article","isPartOf":{"@id":"https:\/\/www.budokampsport.se\/2023\/06\/07\/vm-medaljer-till-bjj-landslaget\/"},"author":{"name":"Annie Carriage","@id":"https:\/\/www.budokampsport.se\/#\/schema\/person\/c838cace8171f692e363fde3f38f208b"},"headline":"VM-medaljer till BJJ-landslaget","datePublished":"2023-06-07T11:12:13+00:00","dateModified":"2023-06-07T14:13:00+00:00","mainEntityOfPage":{"@id":"https:\/\/www.budokampsport.se\/2023\/06\/07\/vm-medaljer-till-bjj-landslaget\/"},"wordCount":137,"image":{"@id":"https:\/\/www.budokampsport.se\/2023\/06\/07\/vm-medaljer-till-bjj-landslaget\/#primaryimage"},"thumbnailUrl":"https:\/\/www.budokampsport.se\/wp-content\/uploads\/2023\/06\/marlon.jpg","articleSection":["Elit"],"inLanguage":"sv-SE"},{"@type":"WebPage","@id":"https:\/\/www.budokampsport.se\/2023\/06\/07\/vm-medaljer-till-bjj-landslaget\/","url":"https:\/\/www.budokampsport.se\/2023\/06\/07\/vm-medaljer-till-bjj-landslaget\/","name":"VM-medaljer till BJJ-landslaget - Svenska Budo &amp; Kampsportsf\u00f6rbundet","isPartOf":{"@id":"https:\/\/www.budokampsport.se\/#website"},"primaryImageOfPage":{"@id":"https:\/\/www.budokampsport.se\/2023\/06\/07\/vm-medaljer-till-bjj-landslaget\/#primaryimage"},"image":{"@id":"https:\/\/www.budokampsport.se\/2023\/06\/07\/vm-medaljer-till-bjj-landslaget\/#primaryimage"},"thumbnailUrl":"https:\/\/www.budokampsport.se\/wp-content\/uploads\/2023\/06\/marlon.jpg","datePublished":"2023-06-07T11:12:13+00:00","dateModified":"2023-06-07T14:13:00+00:00","author":{"@id":"https:\/\/www.budokampsport.se\/#\/schema\/person\/c838cace8171f692e363fde3f38f208b"},"description":"BJJ. F\u00f6rra helgen h\u00f6lls VM i BJJ i Long Beach, USA. Det svenska landslaget \u00e5kte \u00f6ver med en \u00e5ttamanna-trupp och tog med sig tre medaljer hem. (Foto: Foto: Elina Moestam Lindblad)","breadcrumb":{"@id":"https:\/\/www.budokampsport.se\/2023\/06\/07\/vm-medaljer-till-bjj-landslaget\/#breadcrumb"},"inLanguage":"sv-SE","potentialAction":[{"@type":"ReadAction","target":["https:\/\/www.budokampsport.se\/2023\/06\/07\/vm-medaljer-till-bjj-landslaget\/"]}]},{"@type":"ImageObject","inLanguage":"sv-SE","@id":"https:\/\/www.budokampsport.se\/2023\/06\/07\/vm-medaljer-till-bjj-landslaget\/#primaryimage","url":"https:\/\/www.budokampsport.se\/wp-content\/uploads\/2023\/06\/marlon.jpg","contentUrl":"https:\/\/www.budokampsport.se\/wp-content\/uploads\/2023\/06\/marlon.jpg","width":850,"height":585,"caption":"Foto: Elina Moestam Lindblad"},{"@type":"BreadcrumbList","@id":"https:\/\/www.budokampsport.se\/2023\/06\/07\/vm-medaljer-till-bjj-landslaget\/#breadcrumb","itemListElement":[{"@type":"ListItem","position":1,"name":"Hem","item":"https:\/\/www.budokampsport.se\/"},{"@type":"ListItem","position":2,"name":"VM-medaljer till BJJ-landslaget"}]},{"@type":"WebSite","@id":"https:\/\/www.budokampsport.se\/#website","url":"https:\/\/www.budokampsport.se\/","name":"Svenska Budo &amp; Kampsportsf\u00f6rbundet","description":"T\u00e4vling, Tr\u00e4ning, Tradition","potentialAction":[{"@type":"SearchAction","target":{"@type":"EntryPoint","urlTemplate":"https:\/\/www.budokampsport.se\/?s={search_term_string}"},"query-input":{"@type":"PropertyValueSpecification","valueRequired":true,"valueName":"search_term_string"}}],"inLanguage":"sv-SE"},{"@type":"Person","@id":"https:\/\/www.budokampsport.se\/#\/schema\/person\/c838cace8171f692e363fde3f38f208b","name":"Annie Carriage","image":{"@type":"ImageObject","inLanguage":"sv-SE","@id":"https:\/\/www.budokampsport.se\/#\/schema\/person\/image\/","url":"https:\/\/secure.gravatar.com\/avatar\/9311295560bdfbdf78365a26f7df1876?s=96&d=blank&r=g","contentUrl":"https:\/\/secure.gravatar.com\/avatar\/9311295560bdfbdf78365a26f7df1876?s=96&d=blank&r=g","caption":"Annie Carriage"},"url":"https:\/\/www.budokampsport.se\/author\/annie-bondefelt\/"}]}},"_links":{"self":[{"href":"https:\/\/www.budokampsport.se\/api\/wp\/v2\/posts\/154036","targetHints":{"allow":["GET"]}}],"collection":[{"href":"https:\/\/www.budokampsport.se\/api\/wp\/v2\/posts"}],"about":[{"href":"https:\/\/www.budokampsport.se\/api\/wp\/v2\/types\/post"}],"author":[{"embeddable":true,"href":"https:\/\/www.budokampsport.se\/api\/wp\/v2\/users\/120"}],"replies":[{"embeddable":true,"href":"https:\/\/www.budokampsport.se\/api\/wp\/v2\/comments?post=154036"}],"version-history":[{"count":0,"href":"https:\/\/www.budokampsport.se\/api\/wp\/v2\/posts\/154036\/revisions"}],"wp:featuredmedia":[{"embeddable":true,"href":"https:\/\/www.budokampsport.se\/api\/wp\/v2\/media\/154049"}],"wp:attachment":[{"href":"https:\/\/www.budokampsport.se\/api\/wp\/v2\/media?parent=154036"}],"wp:term":[{"taxonomy":"category","embeddable":true,"href":"https:\/\/www.budokampsport.se\/api\/wp\/v2\/categories?post=154036"},{"taxonomy":"post_tag","embeddable":true,"href":"https:\/\/www.budokampsport.se\/api\/wp\/v2\/tags?post=154036"}],"curies":[{"name":"wp","href":"https:\/\/api.w.org\/{rel}","templated":true}]}}