{"id":154145,"date":"2023-06-16T09:56:12","date_gmt":"2023-06-16T07:56:12","guid":{"rendered":"https:\/\/www.budokampsport.se\/?p=154145"},"modified":"2023-06-16T09:56:12","modified_gmt":"2023-06-16T07:56:12","slug":"truppen-i-thaiboxning-till-european-games","status":"publish","type":"post","link":"https:\/\/www.budokampsport.se\/2023\/06\/16\/truppen-i-thaiboxning-till-european-games\/","title":{"rendered":"Truppen i thaiboxning till European Games"},"content":{"rendered":"<p><a href=\"https:\/\/www.european-games.org\/\" target=\"_blank\" rel=\"noopener\">European Games<\/a> \u00e4r en t\u00e4vling som arrangeras av den Europeiska Olympiska Kommitt\u00e9n, t\u00e4vlingen h\u00e5lls f\u00f6r tredje g\u00e5ngen och kommer arrangeras i den polska staden Krak\u00f3w. Tre svenska thaiboxare har kvalificerat sig till t\u00e4vlingen och kommer att g\u00e5 matcher mellan <a href=\"https:\/\/www.european-games.org\/wp-content\/uploads\/2023\/06\/EG2023_Terminarz_Igrzysk_Europejskich_EN_20230530_Muaythai.pdf\" target=\"_blank\" rel=\"noopener\">25-27 juni<\/a> i <a href=\"https:\/\/www.european-games.org\/venues\/myslenice-arena\/\" target=\"_blank\" rel=\"noopener\">Myslenice Arena<\/a>. <a href=\"https:\/\/www.budokampsport.se\/?s=patricia+axling\" target=\"_blank\" rel=\"noopener\">Patricia Axling<\/a> \u00e4r den mest meriterade i truppen och tog brons f\u00f6rra \u00e5ret i den v\u00e4rldsomfattande versionen, World Games. Axling har \u00e4ven sen tidigare tagit b\u00e5de VM- och EM-medaljer. Linus Bylander har tagit <a href=\"https:\/\/www.budokampsport.se\/2022\/06\/02\/fem-svenskar-klara-for-vm-final-i-thaiboxning\/\" target=\"_blank\" rel=\"noopener\">VM-brons<\/a> och EM-silver i den svenska dressen och Rasmus Eriksson tog <a href=\"https:\/\/www.budokampsport.se\/2022\/02\/20\/em-guld-i-thaiboxning-till-patricia-axling\/\" target=\"_blank\" rel=\"noopener\">EM-brons<\/a> i Istanbul 2022.<\/p>\n<h3>Den svenska truppen<\/h3>\n<table style=\"border-collapse: collapse; width: 45.4007%; height: 72px;\">\n<tbody>\n<tr style=\"height: 24px;\">\n<td style=\"width: 33.5036%; height: 24px;\"><img loading=\"lazy\" decoding=\"async\" class=\"alignnone size-full wp-image-122883\" src=\"https:\/\/www.budokampsport.se\/wp-content\/uploads\/2020\/11\/sweden-flag-icon-16.png\" alt=\"Sveriges flagga\" width=\"16\" height=\"10\" \/> Patricia Axling<\/td>\n<td style=\"width: 11.8979%; height: 24px;\">-57 kg<\/td>\n<\/tr>\n<tr style=\"height: 24px;\">\n<td style=\"width: 33.5036%; height: 24px;\"><img loading=\"lazy\" decoding=\"async\" class=\"alignnone size-full wp-image-122883\" src=\"https:\/\/www.budokampsport.se\/wp-content\/uploads\/2020\/11\/sweden-flag-icon-16.png\" alt=\"Sveriges flagga\" width=\"16\" height=\"10\" \/> Linus Bylander<\/td>\n<td style=\"width: 11.8979%; height: 24px;\">-67 lg<\/td>\n<\/tr>\n<tr style=\"height: 24px;\">\n<td style=\"width: 33.5036%; height: 24px;\"><img loading=\"lazy\" decoding=\"async\" class=\"alignnone size-full wp-image-122883\" src=\"https:\/\/www.budokampsport.se\/wp-content\/uploads\/2020\/11\/sweden-flag-icon-16.png\" alt=\"Sveriges flagga\" width=\"16\" height=\"10\" \/> Rasmus Eriksson<\/td>\n<td style=\"width: 11.8979%; height: 24px;\">-71 kg<\/td>\n<\/tr>\n<\/tbody>\n<\/table>\n<p>&nbsp;<\/p>\n<p>Text: Annie Bondefelt<\/p>\n","protected":false},"excerpt":{"rendered":"<p>THAIBOXNING. European Games 2023 n\u00e4rmar sig, tre t\u00e4vlande har blivit uttagna att representera Sverige n\u00e4r t\u00e4vlingarna sker i Krak\u00f3w, Polen.<br \/><br>(Foto: Carl-Cedric Persson\/Bildbyr\u00e5n)<\/p><br>","protected":false},"author":120,"featured_media":139945,"comment_status":"closed","ping_status":"closed","sticky":false,"template":"","format":"standard","meta":{"_acf_changed":false,"footnotes":""},"categories":[451],"tags":[],"class_list":["post-154145","post","type-post","status-publish","format-standard","has-post-thumbnail","hentry","category-elit"],"acf":[],"yoast_head":"<!-- This site is optimized with the Yoast SEO plugin v26.8 - https:\/\/yoast.com\/product\/yoast-seo-wordpress\/ -->\n<title>Truppen i thaiboxning till European Games - Svenska Budo &amp; Kampsportsf\u00f6rbundet<\/title>\n<meta name=\"description\" content=\"THAIBOXNING. European Games 2023 n\u00e4rmar sig, tre t\u00e4vlande har blivit uttagna att representera Sverige n\u00e4r t\u00e4vlingarna sker i Krak\u00f3w, Polen. (Foto: Carl-Cedric Persson\/Bildbyr\u00e5n)\" \/>\n<meta name=\"robots\" content=\"index, follow, max-snippet:-1, max-image-preview:large, max-video-preview:-1\" \/>\n<link rel=\"canonical\" href=\"https:\/\/www.budokampsport.se\/2023\/06\/16\/truppen-i-thaiboxning-till-european-games\/\" \/>\n<meta property=\"og:locale\" content=\"sv_SE\" \/>\n<meta property=\"og:type\" content=\"article\" \/>\n<meta property=\"og:title\" content=\"Truppen i thaiboxning till European Games - Svenska Budo &amp; Kampsportsf\u00f6rbundet\" \/>\n<meta property=\"og:description\" content=\"THAIBOXNING. European Games 2023 n\u00e4rmar sig, tre t\u00e4vlande har blivit uttagna att representera Sverige n\u00e4r t\u00e4vlingarna sker i Krak\u00f3w, Polen. (Foto: Carl-Cedric Persson\/Bildbyr\u00e5n)\" \/>\n<meta property=\"og:url\" content=\"https:\/\/www.budokampsport.se\/2023\/06\/16\/truppen-i-thaiboxning-till-european-games\/\" \/>\n<meta property=\"og:site_name\" content=\"Svenska Budo &amp; Kampsportsf\u00f6rbundet\" \/>\n<meta property=\"article:published_time\" content=\"2023-06-16T07:56:12+00:00\" \/>\n<meta property=\"og:image\" content=\"https:\/\/www.budokampsport.se\/wp-content\/uploads\/2022\/06\/BB160528BB328.jpg\" \/>\n\t<meta property=\"og:image:width\" content=\"850\" \/>\n\t<meta property=\"og:image:height\" content=\"567\" \/>\n\t<meta property=\"og:image:type\" content=\"image\/jpeg\" \/>\n<meta name=\"author\" content=\"Annie Carriage\" \/>\n<meta name=\"twitter:card\" content=\"summary_large_image\" \/>\n<meta name=\"twitter:label1\" content=\"Skriven av\" \/>\n\t<meta name=\"twitter:data1\" content=\"Annie Carriage\" \/>\n\t<meta name=\"twitter:label2\" content=\"Ber\u00e4knad l\u00e4stid\" \/>\n\t<meta name=\"twitter:data2\" content=\"2 minuter\" \/>\n<script type=\"application\/ld+json\" class=\"yoast-schema-graph\">{\"@context\":\"https:\/\/schema.org\",\"@graph\":[{\"@type\":\"Article\",\"@id\":\"https:\/\/www.budokampsport.se\/2023\/06\/16\/truppen-i-thaiboxning-till-european-games\/#article\",\"isPartOf\":{\"@id\":\"https:\/\/www.budokampsport.se\/2023\/06\/16\/truppen-i-thaiboxning-till-european-games\/\"},\"author\":{\"name\":\"Annie Carriage\",\"@id\":\"https:\/\/www.budokampsport.se\/#\/schema\/person\/c838cace8171f692e363fde3f38f208b\"},\"headline\":\"Truppen i thaiboxning till European Games\",\"datePublished\":\"2023-06-16T07:56:12+00:00\",\"mainEntityOfPage\":{\"@id\":\"https:\/\/www.budokampsport.se\/2023\/06\/16\/truppen-i-thaiboxning-till-european-games\/\"},\"wordCount\":127,\"image\":{\"@id\":\"https:\/\/www.budokampsport.se\/2023\/06\/16\/truppen-i-thaiboxning-till-european-games\/#primaryimage\"},\"thumbnailUrl\":\"https:\/\/www.budokampsport.se\/wp-content\/uploads\/2022\/06\/BB160528BB328.jpg\",\"articleSection\":[\"Elit\"],\"inLanguage\":\"sv-SE\"},{\"@type\":\"WebPage\",\"@id\":\"https:\/\/www.budokampsport.se\/2023\/06\/16\/truppen-i-thaiboxning-till-european-games\/\",\"url\":\"https:\/\/www.budokampsport.se\/2023\/06\/16\/truppen-i-thaiboxning-till-european-games\/\",\"name\":\"Truppen i thaiboxning till European Games - Svenska Budo &amp; Kampsportsf\u00f6rbundet\",\"isPartOf\":{\"@id\":\"https:\/\/www.budokampsport.se\/#website\"},\"primaryImageOfPage\":{\"@id\":\"https:\/\/www.budokampsport.se\/2023\/06\/16\/truppen-i-thaiboxning-till-european-games\/#primaryimage\"},\"image\":{\"@id\":\"https:\/\/www.budokampsport.se\/2023\/06\/16\/truppen-i-thaiboxning-till-european-games\/#primaryimage\"},\"thumbnailUrl\":\"https:\/\/www.budokampsport.se\/wp-content\/uploads\/2022\/06\/BB160528BB328.jpg\",\"datePublished\":\"2023-06-16T07:56:12+00:00\",\"author\":{\"@id\":\"https:\/\/www.budokampsport.se\/#\/schema\/person\/c838cace8171f692e363fde3f38f208b\"},\"description\":\"THAIBOXNING. European Games 2023 n\u00e4rmar sig, tre t\u00e4vlande har blivit uttagna att representera Sverige n\u00e4r t\u00e4vlingarna sker i Krak\u00f3w, Polen. (Foto: Carl-Cedric Persson\/Bildbyr\u00e5n)\",\"breadcrumb\":{\"@id\":\"https:\/\/www.budokampsport.se\/2023\/06\/16\/truppen-i-thaiboxning-till-european-games\/#breadcrumb\"},\"inLanguage\":\"sv-SE\",\"potentialAction\":[{\"@type\":\"ReadAction\",\"target\":[\"https:\/\/www.budokampsport.se\/2023\/06\/16\/truppen-i-thaiboxning-till-european-games\/\"]}]},{\"@type\":\"ImageObject\",\"inLanguage\":\"sv-SE\",\"@id\":\"https:\/\/www.budokampsport.se\/2023\/06\/16\/truppen-i-thaiboxning-till-european-games\/#primaryimage\",\"url\":\"https:\/\/www.budokampsport.se\/wp-content\/uploads\/2022\/06\/BB160528BB328.jpg\",\"contentUrl\":\"https:\/\/www.budokampsport.se\/wp-content\/uploads\/2022\/06\/BB160528BB328.jpg\",\"width\":850,\"height\":567,\"caption\":\"Foto: Carl-Cedric Persson \/ BILDBYR\u00c5N\"},{\"@type\":\"BreadcrumbList\",\"@id\":\"https:\/\/www.budokampsport.se\/2023\/06\/16\/truppen-i-thaiboxning-till-european-games\/#breadcrumb\",\"itemListElement\":[{\"@type\":\"ListItem\",\"position\":1,\"name\":\"Hem\",\"item\":\"https:\/\/www.budokampsport.se\/\"},{\"@type\":\"ListItem\",\"position\":2,\"name\":\"Truppen i thaiboxning till European Games\"}]},{\"@type\":\"WebSite\",\"@id\":\"https:\/\/www.budokampsport.se\/#website\",\"url\":\"https:\/\/www.budokampsport.se\/\",\"name\":\"Svenska Budo &amp; Kampsportsf\u00f6rbundet\",\"description\":\"T\u00e4vling, Tr\u00e4ning, Tradition\",\"potentialAction\":[{\"@type\":\"SearchAction\",\"target\":{\"@type\":\"EntryPoint\",\"urlTemplate\":\"https:\/\/www.budokampsport.se\/?s={search_term_string}\"},\"query-input\":{\"@type\":\"PropertyValueSpecification\",\"valueRequired\":true,\"valueName\":\"search_term_string\"}}],\"inLanguage\":\"sv-SE\"},{\"@type\":\"Person\",\"@id\":\"https:\/\/www.budokampsport.se\/#\/schema\/person\/c838cace8171f692e363fde3f38f208b\",\"name\":\"Annie Carriage\",\"image\":{\"@type\":\"ImageObject\",\"inLanguage\":\"sv-SE\",\"@id\":\"https:\/\/www.budokampsport.se\/#\/schema\/person\/image\/\",\"url\":\"https:\/\/secure.gravatar.com\/avatar\/9311295560bdfbdf78365a26f7df1876?s=96&d=blank&r=g\",\"contentUrl\":\"https:\/\/secure.gravatar.com\/avatar\/9311295560bdfbdf78365a26f7df1876?s=96&d=blank&r=g\",\"caption\":\"Annie Carriage\"},\"url\":\"https:\/\/www.budokampsport.se\/author\/annie-bondefelt\/\"}]}<\/script>\n<!-- \/ Yoast SEO plugin. -->","yoast_head_json":{"title":"Truppen i thaiboxning till European Games - Svenska Budo &amp; Kampsportsf\u00f6rbundet","description":"THAIBOXNING. European Games 2023 n\u00e4rmar sig, tre t\u00e4vlande har blivit uttagna att representera Sverige n\u00e4r t\u00e4vlingarna sker i Krak\u00f3w, Polen. (Foto: Carl-Cedric Persson\/Bildbyr\u00e5n)","robots":{"index":"index","follow":"follow","max-snippet":"max-snippet:-1","max-image-preview":"max-image-preview:large","max-video-preview":"max-video-preview:-1"},"canonical":"https:\/\/www.budokampsport.se\/2023\/06\/16\/truppen-i-thaiboxning-till-european-games\/","og_locale":"sv_SE","og_type":"article","og_title":"Truppen i thaiboxning till European Games - Svenska Budo &amp; Kampsportsf\u00f6rbundet","og_description":"THAIBOXNING. European Games 2023 n\u00e4rmar sig, tre t\u00e4vlande har blivit uttagna att representera Sverige n\u00e4r t\u00e4vlingarna sker i Krak\u00f3w, Polen. (Foto: Carl-Cedric Persson\/Bildbyr\u00e5n)","og_url":"https:\/\/www.budokampsport.se\/2023\/06\/16\/truppen-i-thaiboxning-till-european-games\/","og_site_name":"Svenska Budo &amp; Kampsportsf\u00f6rbundet","article_published_time":"2023-06-16T07:56:12+00:00","og_image":[{"width":850,"height":567,"url":"https:\/\/www.budokampsport.se\/wp-content\/uploads\/2022\/06\/BB160528BB328.jpg","type":"image\/jpeg"}],"author":"Annie Carriage","twitter_card":"summary_large_image","twitter_misc":{"Skriven av":"Annie Carriage","Ber\u00e4knad l\u00e4stid":"2 minuter"},"schema":{"@context":"https:\/\/schema.org","@graph":[{"@type":"Article","@id":"https:\/\/www.budokampsport.se\/2023\/06\/16\/truppen-i-thaiboxning-till-european-games\/#article","isPartOf":{"@id":"https:\/\/www.budokampsport.se\/2023\/06\/16\/truppen-i-thaiboxning-till-european-games\/"},"author":{"name":"Annie Carriage","@id":"https:\/\/www.budokampsport.se\/#\/schema\/person\/c838cace8171f692e363fde3f38f208b"},"headline":"Truppen i thaiboxning till European Games","datePublished":"2023-06-16T07:56:12+00:00","mainEntityOfPage":{"@id":"https:\/\/www.budokampsport.se\/2023\/06\/16\/truppen-i-thaiboxning-till-european-games\/"},"wordCount":127,"image":{"@id":"https:\/\/www.budokampsport.se\/2023\/06\/16\/truppen-i-thaiboxning-till-european-games\/#primaryimage"},"thumbnailUrl":"https:\/\/www.budokampsport.se\/wp-content\/uploads\/2022\/06\/BB160528BB328.jpg","articleSection":["Elit"],"inLanguage":"sv-SE"},{"@type":"WebPage","@id":"https:\/\/www.budokampsport.se\/2023\/06\/16\/truppen-i-thaiboxning-till-european-games\/","url":"https:\/\/www.budokampsport.se\/2023\/06\/16\/truppen-i-thaiboxning-till-european-games\/","name":"Truppen i thaiboxning till European Games - Svenska Budo &amp; Kampsportsf\u00f6rbundet","isPartOf":{"@id":"https:\/\/www.budokampsport.se\/#website"},"primaryImageOfPage":{"@id":"https:\/\/www.budokampsport.se\/2023\/06\/16\/truppen-i-thaiboxning-till-european-games\/#primaryimage"},"image":{"@id":"https:\/\/www.budokampsport.se\/2023\/06\/16\/truppen-i-thaiboxning-till-european-games\/#primaryimage"},"thumbnailUrl":"https:\/\/www.budokampsport.se\/wp-content\/uploads\/2022\/06\/BB160528BB328.jpg","datePublished":"2023-06-16T07:56:12+00:00","author":{"@id":"https:\/\/www.budokampsport.se\/#\/schema\/person\/c838cace8171f692e363fde3f38f208b"},"description":"THAIBOXNING. European Games 2023 n\u00e4rmar sig, tre t\u00e4vlande har blivit uttagna att representera Sverige n\u00e4r t\u00e4vlingarna sker i Krak\u00f3w, Polen. (Foto: Carl-Cedric Persson\/Bildbyr\u00e5n)","breadcrumb":{"@id":"https:\/\/www.budokampsport.se\/2023\/06\/16\/truppen-i-thaiboxning-till-european-games\/#breadcrumb"},"inLanguage":"sv-SE","potentialAction":[{"@type":"ReadAction","target":["https:\/\/www.budokampsport.se\/2023\/06\/16\/truppen-i-thaiboxning-till-european-games\/"]}]},{"@type":"ImageObject","inLanguage":"sv-SE","@id":"https:\/\/www.budokampsport.se\/2023\/06\/16\/truppen-i-thaiboxning-till-european-games\/#primaryimage","url":"https:\/\/www.budokampsport.se\/wp-content\/uploads\/2022\/06\/BB160528BB328.jpg","contentUrl":"https:\/\/www.budokampsport.se\/wp-content\/uploads\/2022\/06\/BB160528BB328.jpg","width":850,"height":567,"caption":"Foto: Carl-Cedric Persson \/ BILDBYR\u00c5N"},{"@type":"BreadcrumbList","@id":"https:\/\/www.budokampsport.se\/2023\/06\/16\/truppen-i-thaiboxning-till-european-games\/#breadcrumb","itemListElement":[{"@type":"ListItem","position":1,"name":"Hem","item":"https:\/\/www.budokampsport.se\/"},{"@type":"ListItem","position":2,"name":"Truppen i thaiboxning till European Games"}]},{"@type":"WebSite","@id":"https:\/\/www.budokampsport.se\/#website","url":"https:\/\/www.budokampsport.se\/","name":"Svenska Budo &amp; Kampsportsf\u00f6rbundet","description":"T\u00e4vling, Tr\u00e4ning, Tradition","potentialAction":[{"@type":"SearchAction","target":{"@type":"EntryPoint","urlTemplate":"https:\/\/www.budokampsport.se\/?s={search_term_string}"},"query-input":{"@type":"PropertyValueSpecification","valueRequired":true,"valueName":"search_term_string"}}],"inLanguage":"sv-SE"},{"@type":"Person","@id":"https:\/\/www.budokampsport.se\/#\/schema\/person\/c838cace8171f692e363fde3f38f208b","name":"Annie Carriage","image":{"@type":"ImageObject","inLanguage":"sv-SE","@id":"https:\/\/www.budokampsport.se\/#\/schema\/person\/image\/","url":"https:\/\/secure.gravatar.com\/avatar\/9311295560bdfbdf78365a26f7df1876?s=96&d=blank&r=g","contentUrl":"https:\/\/secure.gravatar.com\/avatar\/9311295560bdfbdf78365a26f7df1876?s=96&d=blank&r=g","caption":"Annie Carriage"},"url":"https:\/\/www.budokampsport.se\/author\/annie-bondefelt\/"}]}},"_links":{"self":[{"href":"https:\/\/www.budokampsport.se\/api\/wp\/v2\/posts\/154145","targetHints":{"allow":["GET"]}}],"collection":[{"href":"https:\/\/www.budokampsport.se\/api\/wp\/v2\/posts"}],"about":[{"href":"https:\/\/www.budokampsport.se\/api\/wp\/v2\/types\/post"}],"author":[{"embeddable":true,"href":"https:\/\/www.budokampsport.se\/api\/wp\/v2\/users\/120"}],"replies":[{"embeddable":true,"href":"https:\/\/www.budokampsport.se\/api\/wp\/v2\/comments?post=154145"}],"version-history":[{"count":0,"href":"https:\/\/www.budokampsport.se\/api\/wp\/v2\/posts\/154145\/revisions"}],"wp:featuredmedia":[{"embeddable":true,"href":"https:\/\/www.budokampsport.se\/api\/wp\/v2\/media\/139945"}],"wp:attachment":[{"href":"https:\/\/www.budokampsport.se\/api\/wp\/v2\/media?parent=154145"}],"wp:term":[{"taxonomy":"category","embeddable":true,"href":"https:\/\/www.budokampsport.se\/api\/wp\/v2\/categories?post=154145"},{"taxonomy":"post_tag","embeddable":true,"href":"https:\/\/www.budokampsport.se\/api\/wp\/v2\/tags?post=154145"}],"curies":[{"name":"wp","href":"https:\/\/api.w.org\/{rel}","templated":true}]}}