{"id":154343,"date":"2023-07-03T10:05:27","date_gmt":"2023-07-03T08:05:27","guid":{"rendered":"https:\/\/www.budokampsport.se\/?p=154343"},"modified":"2023-07-03T10:05:27","modified_gmt":"2023-07-03T08:05:27","slug":"adv23-dags-for-arets-temavecka-om-antidoping","status":"publish","type":"post","link":"https:\/\/www.budokampsport.se\/2023\/07\/03\/adv23-dags-for-arets-temavecka-om-antidoping\/","title":{"rendered":"ADV23: Dags f\u00f6r \u00e5rets temavecka om antidoping"},"content":{"rendered":"<p>Den kommande veckan (3-7 juli) genomf\u00f6rs Antidopingveckan 2023 i f\u00f6rbundets kanaler. Det blir femte \u00e5ret som SB&amp;K genomf\u00f6r en temavecka inriktad p\u00e5 antidopingarbete.<\/p>\n<p>Likt f\u00f6rra \u00e5ret har vi valt att arrangera den under sommaren d\u00e5 m\u00e4sterskapsbevakningen inte \u00e4r lika intensiv. Fokus till \u00e5rets vecka har varit att ta fram material som s\u00e5v\u00e4l aktiv som f\u00f6rening, distrikt och underf\u00f6rbund kan anv\u00e4nda f\u00f6r att uppm\u00e4rksamma fr\u00e5gor kopplade till arbetet mot doping \u00e5ret runt.<\/p>\n<p>Under veckan kommer ni \u00e4ven att f\u00e5 stifta bekantskap med v\u00e5r nyvalda ordf\u00f6rande i f\u00f6rbundets medicinska kommitt\u00e9, f\u00e5 tips p\u00e5 kompetensutveckling samt aktuell statistik och information.<\/p>\n<p>Specialidrottsf\u00f6rbund ska enligt Riksidrottsf\u00f6rbundets <a href=\"https:\/\/www.rf.se\/omriksidrottsforbundet\/idrottsrorelsensstyrandedokument\/\" target=\"_blank\" rel=\"noopener\">stadgar<\/a> \u201daktivt arbeta f\u00f6r en dopingfri verksamhet inom f\u00f6rbundet och sina medlemsf\u00f6reningar samt uppr\u00e4tta plan f\u00f6r antidopingarbetet\u201d (11 kap, \u00a74, punkt 5).<\/p>\n<p>Att informera om antidopingarbetet \u00e4r d\u00e4rf\u00f6r ett av f\u00f6rbundets \u00e5tta effektm\u00e5l enligt SB&amp;K:s f\u00f6rbundsutvecklingsplan och \u00e5rets f\u00f6rbundsst\u00e4mma fastslog <a href=\"https:\/\/www.budokampsport.se\/wp-content\/uploads\/2023\/03\/%C2%A716_verksamhetsplan_2023.pdf\" target=\"_blank\" rel=\"noopener\">verksamhetsplan f\u00f6r 2023<\/a> i vilken antidopingveckan lyfts fram som en viktig kommunikativ insats.<\/p>\n<p>F\u00f6r att n\u00e5 ut till f\u00f6rbundets drygt 800 f\u00f6reningar och snart 57 000 medlemmar beh\u00f6ver vi nu g\u00f6ra det jobbet tillsammans. Var med och sprid information och inspiration i din omgivning, din insats \u00e4r viktig. V\u00e5ga vara en riktig vinnare &#8211; ta kontrollen.<\/p>\n<p>Har ni fr\u00e5gor kring Antidopingveckan eller antidopingarbetet i stort s\u00e5 kan ni kontakta oss p\u00e5 <a href=\"mailto:arnbom@budokampsport.se\">arnbom@budokampsport.se<\/a>.<\/p>\n<p>V\u00e4lkomna till ADV23!<\/p>\n<hr \/>\n<p><strong>Annie Bondefelt, Sofia Arnbom<br \/>\nProjektansvariga f\u00f6r Antidopingveckan<br \/>\nSvenska Budo &amp; Kampsportsf\u00f6rbundet<\/strong><\/p>\n","protected":false},"excerpt":{"rendered":"<p>ANTIDOPINGVECKAN. Den h\u00e4r veckan ligger fokus p\u00e5 antidopingarbetet inom f\u00f6rbundet. Genom intervjuer, fakta och tips p\u00e5 utbildningsinsatser vill vi informera, p\u00e5minna och uppmuntra till diskussion och dialog i \u00e4mnet.<br \/><br>(Foto: Jesper Zerman\/Bildbyr\u00e5n)<\/p><br>","protected":false},"author":47,"featured_media":127192,"comment_status":"open","ping_status":"open","sticky":false,"template":"","format":"standard","meta":{"_acf_changed":false,"footnotes":""},"categories":[297],"tags":[],"class_list":["post-154343","post","type-post","status-publish","format-standard","has-post-thumbnail","hentry","category-antidoping"],"acf":[],"yoast_head":"<!-- This site is optimized with the Yoast SEO plugin v26.8 - https:\/\/yoast.com\/product\/yoast-seo-wordpress\/ -->\n<title>ADV23: Dags f\u00f6r \u00e5rets temavecka om antidoping - Svenska Budo &amp; Kampsportsf\u00f6rbundet<\/title>\n<meta name=\"description\" content=\"ANTIDOPINGVECKAN. Den h\u00e4r veckan ligger fokus p\u00e5 antidopingarbetet inom f\u00f6rbundet. Genom intervjuer, fakta och tips p\u00e5 utbildningsinsatser vill vi informera, p\u00e5minna och uppmuntra till diskussion och dialog i \u00e4mnet. (Foto: Jesper Zerman\/Bildbyr\u00e5n)\" \/>\n<meta name=\"robots\" content=\"index, follow, max-snippet:-1, max-image-preview:large, max-video-preview:-1\" \/>\n<link rel=\"canonical\" href=\"https:\/\/www.budokampsport.se\/2023\/07\/03\/adv23-dags-for-arets-temavecka-om-antidoping\/\" \/>\n<meta property=\"og:locale\" content=\"sv_SE\" \/>\n<meta property=\"og:type\" content=\"article\" \/>\n<meta property=\"og:title\" content=\"ADV23: Dags f\u00f6r \u00e5rets temavecka om antidoping - Svenska Budo &amp; Kampsportsf\u00f6rbundet\" \/>\n<meta property=\"og:description\" content=\"ANTIDOPINGVECKAN. Den h\u00e4r veckan ligger fokus p\u00e5 antidopingarbetet inom f\u00f6rbundet. Genom intervjuer, fakta och tips p\u00e5 utbildningsinsatser vill vi informera, p\u00e5minna och uppmuntra till diskussion och dialog i \u00e4mnet. (Foto: Jesper Zerman\/Bildbyr\u00e5n)\" \/>\n<meta property=\"og:url\" content=\"https:\/\/www.budokampsport.se\/2023\/07\/03\/adv23-dags-for-arets-temavecka-om-antidoping\/\" \/>\n<meta property=\"og:site_name\" content=\"Svenska Budo &amp; Kampsportsf\u00f6rbundet\" \/>\n<meta property=\"article:published_time\" content=\"2023-07-03T08:05:27+00:00\" \/>\n<meta property=\"og:image\" content=\"https:\/\/www.budokampsport.se\/wp-content\/uploads\/2021\/08\/BB210602JZ036-847px.jpg\" \/>\n\t<meta property=\"og:image:width\" content=\"847\" \/>\n\t<meta property=\"og:image:height\" content=\"565\" \/>\n\t<meta property=\"og:image:type\" content=\"image\/jpeg\" \/>\n<meta name=\"author\" content=\"Sofia Arnbom\" \/>\n<meta name=\"twitter:card\" content=\"summary_large_image\" \/>\n<meta name=\"twitter:label1\" content=\"Skriven av\" \/>\n\t<meta name=\"twitter:data1\" content=\"Sofia Arnbom\" \/>\n\t<meta name=\"twitter:label2\" content=\"Ber\u00e4knad l\u00e4stid\" \/>\n\t<meta name=\"twitter:data2\" content=\"2 minuter\" \/>\n<script type=\"application\/ld+json\" class=\"yoast-schema-graph\">{\"@context\":\"https:\/\/schema.org\",\"@graph\":[{\"@type\":\"Article\",\"@id\":\"https:\/\/www.budokampsport.se\/2023\/07\/03\/adv23-dags-for-arets-temavecka-om-antidoping\/#article\",\"isPartOf\":{\"@id\":\"https:\/\/www.budokampsport.se\/2023\/07\/03\/adv23-dags-for-arets-temavecka-om-antidoping\/\"},\"author\":{\"name\":\"Sofia Arnbom\",\"@id\":\"https:\/\/www.budokampsport.se\/#\/schema\/person\/666f754cfbc6f9a83a8c253cd24ad660\"},\"headline\":\"ADV23: Dags f\u00f6r \u00e5rets temavecka om antidoping\",\"datePublished\":\"2023-07-03T08:05:27+00:00\",\"mainEntityOfPage\":{\"@id\":\"https:\/\/www.budokampsport.se\/2023\/07\/03\/adv23-dags-for-arets-temavecka-om-antidoping\/\"},\"wordCount\":275,\"commentCount\":0,\"image\":{\"@id\":\"https:\/\/www.budokampsport.se\/2023\/07\/03\/adv23-dags-for-arets-temavecka-om-antidoping\/#primaryimage\"},\"thumbnailUrl\":\"https:\/\/www.budokampsport.se\/wp-content\/uploads\/2021\/08\/BB210602JZ036-847px.jpg\",\"articleSection\":[\"Antidoping\"],\"inLanguage\":\"sv-SE\",\"potentialAction\":[{\"@type\":\"CommentAction\",\"name\":\"Comment\",\"target\":[\"https:\/\/www.budokampsport.se\/2023\/07\/03\/adv23-dags-for-arets-temavecka-om-antidoping\/#respond\"]}]},{\"@type\":\"WebPage\",\"@id\":\"https:\/\/www.budokampsport.se\/2023\/07\/03\/adv23-dags-for-arets-temavecka-om-antidoping\/\",\"url\":\"https:\/\/www.budokampsport.se\/2023\/07\/03\/adv23-dags-for-arets-temavecka-om-antidoping\/\",\"name\":\"ADV23: Dags f\u00f6r \u00e5rets temavecka om antidoping - Svenska Budo &amp; Kampsportsf\u00f6rbundet\",\"isPartOf\":{\"@id\":\"https:\/\/www.budokampsport.se\/#website\"},\"primaryImageOfPage\":{\"@id\":\"https:\/\/www.budokampsport.se\/2023\/07\/03\/adv23-dags-for-arets-temavecka-om-antidoping\/#primaryimage\"},\"image\":{\"@id\":\"https:\/\/www.budokampsport.se\/2023\/07\/03\/adv23-dags-for-arets-temavecka-om-antidoping\/#primaryimage\"},\"thumbnailUrl\":\"https:\/\/www.budokampsport.se\/wp-content\/uploads\/2021\/08\/BB210602JZ036-847px.jpg\",\"datePublished\":\"2023-07-03T08:05:27+00:00\",\"author\":{\"@id\":\"https:\/\/www.budokampsport.se\/#\/schema\/person\/666f754cfbc6f9a83a8c253cd24ad660\"},\"description\":\"ANTIDOPINGVECKAN. Den h\u00e4r veckan ligger fokus p\u00e5 antidopingarbetet inom f\u00f6rbundet. Genom intervjuer, fakta och tips p\u00e5 utbildningsinsatser vill vi informera, p\u00e5minna och uppmuntra till diskussion och dialog i \u00e4mnet. (Foto: Jesper Zerman\/Bildbyr\u00e5n)\",\"breadcrumb\":{\"@id\":\"https:\/\/www.budokampsport.se\/2023\/07\/03\/adv23-dags-for-arets-temavecka-om-antidoping\/#breadcrumb\"},\"inLanguage\":\"sv-SE\",\"potentialAction\":[{\"@type\":\"ReadAction\",\"target\":[\"https:\/\/www.budokampsport.se\/2023\/07\/03\/adv23-dags-for-arets-temavecka-om-antidoping\/\"]}]},{\"@type\":\"ImageObject\",\"inLanguage\":\"sv-SE\",\"@id\":\"https:\/\/www.budokampsport.se\/2023\/07\/03\/adv23-dags-for-arets-temavecka-om-antidoping\/#primaryimage\",\"url\":\"https:\/\/www.budokampsport.se\/wp-content\/uploads\/2021\/08\/BB210602JZ036-847px.jpg\",\"contentUrl\":\"https:\/\/www.budokampsport.se\/wp-content\/uploads\/2021\/08\/BB210602JZ036-847px.jpg\",\"width\":847,\"height\":565,\"caption\":\"Foto: Jesper Zerman\/Bildbyr\u00e5n\"},{\"@type\":\"BreadcrumbList\",\"@id\":\"https:\/\/www.budokampsport.se\/2023\/07\/03\/adv23-dags-for-arets-temavecka-om-antidoping\/#breadcrumb\",\"itemListElement\":[{\"@type\":\"ListItem\",\"position\":1,\"name\":\"Hem\",\"item\":\"https:\/\/www.budokampsport.se\/\"},{\"@type\":\"ListItem\",\"position\":2,\"name\":\"ADV23: Dags f\u00f6r \u00e5rets temavecka om antidoping\"}]},{\"@type\":\"WebSite\",\"@id\":\"https:\/\/www.budokampsport.se\/#website\",\"url\":\"https:\/\/www.budokampsport.se\/\",\"name\":\"Svenska Budo &amp; Kampsportsf\u00f6rbundet\",\"description\":\"T\u00e4vling, Tr\u00e4ning, Tradition\",\"potentialAction\":[{\"@type\":\"SearchAction\",\"target\":{\"@type\":\"EntryPoint\",\"urlTemplate\":\"https:\/\/www.budokampsport.se\/?s={search_term_string}\"},\"query-input\":{\"@type\":\"PropertyValueSpecification\",\"valueRequired\":true,\"valueName\":\"search_term_string\"}}],\"inLanguage\":\"sv-SE\"},{\"@type\":\"Person\",\"@id\":\"https:\/\/www.budokampsport.se\/#\/schema\/person\/666f754cfbc6f9a83a8c253cd24ad660\",\"name\":\"Sofia Arnbom\",\"image\":{\"@type\":\"ImageObject\",\"inLanguage\":\"sv-SE\",\"@id\":\"https:\/\/www.budokampsport.se\/#\/schema\/person\/image\/\",\"url\":\"https:\/\/secure.gravatar.com\/avatar\/a69f673c99635f06ea6cb1eb10ca7e92?s=96&d=blank&r=g\",\"contentUrl\":\"https:\/\/secure.gravatar.com\/avatar\/a69f673c99635f06ea6cb1eb10ca7e92?s=96&d=blank&r=g\",\"caption\":\"Sofia Arnbom\"},\"url\":\"https:\/\/www.budokampsport.se\/author\/sofia-arnbom\/\"}]}<\/script>\n<!-- \/ Yoast SEO plugin. -->","yoast_head_json":{"title":"ADV23: Dags f\u00f6r \u00e5rets temavecka om antidoping - Svenska Budo &amp; Kampsportsf\u00f6rbundet","description":"ANTIDOPINGVECKAN. Den h\u00e4r veckan ligger fokus p\u00e5 antidopingarbetet inom f\u00f6rbundet. Genom intervjuer, fakta och tips p\u00e5 utbildningsinsatser vill vi informera, p\u00e5minna och uppmuntra till diskussion och dialog i \u00e4mnet. (Foto: Jesper Zerman\/Bildbyr\u00e5n)","robots":{"index":"index","follow":"follow","max-snippet":"max-snippet:-1","max-image-preview":"max-image-preview:large","max-video-preview":"max-video-preview:-1"},"canonical":"https:\/\/www.budokampsport.se\/2023\/07\/03\/adv23-dags-for-arets-temavecka-om-antidoping\/","og_locale":"sv_SE","og_type":"article","og_title":"ADV23: Dags f\u00f6r \u00e5rets temavecka om antidoping - Svenska Budo &amp; Kampsportsf\u00f6rbundet","og_description":"ANTIDOPINGVECKAN. Den h\u00e4r veckan ligger fokus p\u00e5 antidopingarbetet inom f\u00f6rbundet. Genom intervjuer, fakta och tips p\u00e5 utbildningsinsatser vill vi informera, p\u00e5minna och uppmuntra till diskussion och dialog i \u00e4mnet. (Foto: Jesper Zerman\/Bildbyr\u00e5n)","og_url":"https:\/\/www.budokampsport.se\/2023\/07\/03\/adv23-dags-for-arets-temavecka-om-antidoping\/","og_site_name":"Svenska Budo &amp; Kampsportsf\u00f6rbundet","article_published_time":"2023-07-03T08:05:27+00:00","og_image":[{"width":847,"height":565,"url":"https:\/\/www.budokampsport.se\/wp-content\/uploads\/2021\/08\/BB210602JZ036-847px.jpg","type":"image\/jpeg"}],"author":"Sofia Arnbom","twitter_card":"summary_large_image","twitter_misc":{"Skriven av":"Sofia Arnbom","Ber\u00e4knad l\u00e4stid":"2 minuter"},"schema":{"@context":"https:\/\/schema.org","@graph":[{"@type":"Article","@id":"https:\/\/www.budokampsport.se\/2023\/07\/03\/adv23-dags-for-arets-temavecka-om-antidoping\/#article","isPartOf":{"@id":"https:\/\/www.budokampsport.se\/2023\/07\/03\/adv23-dags-for-arets-temavecka-om-antidoping\/"},"author":{"name":"Sofia Arnbom","@id":"https:\/\/www.budokampsport.se\/#\/schema\/person\/666f754cfbc6f9a83a8c253cd24ad660"},"headline":"ADV23: Dags f\u00f6r \u00e5rets temavecka om antidoping","datePublished":"2023-07-03T08:05:27+00:00","mainEntityOfPage":{"@id":"https:\/\/www.budokampsport.se\/2023\/07\/03\/adv23-dags-for-arets-temavecka-om-antidoping\/"},"wordCount":275,"commentCount":0,"image":{"@id":"https:\/\/www.budokampsport.se\/2023\/07\/03\/adv23-dags-for-arets-temavecka-om-antidoping\/#primaryimage"},"thumbnailUrl":"https:\/\/www.budokampsport.se\/wp-content\/uploads\/2021\/08\/BB210602JZ036-847px.jpg","articleSection":["Antidoping"],"inLanguage":"sv-SE","potentialAction":[{"@type":"CommentAction","name":"Comment","target":["https:\/\/www.budokampsport.se\/2023\/07\/03\/adv23-dags-for-arets-temavecka-om-antidoping\/#respond"]}]},{"@type":"WebPage","@id":"https:\/\/www.budokampsport.se\/2023\/07\/03\/adv23-dags-for-arets-temavecka-om-antidoping\/","url":"https:\/\/www.budokampsport.se\/2023\/07\/03\/adv23-dags-for-arets-temavecka-om-antidoping\/","name":"ADV23: Dags f\u00f6r \u00e5rets temavecka om antidoping - Svenska Budo &amp; Kampsportsf\u00f6rbundet","isPartOf":{"@id":"https:\/\/www.budokampsport.se\/#website"},"primaryImageOfPage":{"@id":"https:\/\/www.budokampsport.se\/2023\/07\/03\/adv23-dags-for-arets-temavecka-om-antidoping\/#primaryimage"},"image":{"@id":"https:\/\/www.budokampsport.se\/2023\/07\/03\/adv23-dags-for-arets-temavecka-om-antidoping\/#primaryimage"},"thumbnailUrl":"https:\/\/www.budokampsport.se\/wp-content\/uploads\/2021\/08\/BB210602JZ036-847px.jpg","datePublished":"2023-07-03T08:05:27+00:00","author":{"@id":"https:\/\/www.budokampsport.se\/#\/schema\/person\/666f754cfbc6f9a83a8c253cd24ad660"},"description":"ANTIDOPINGVECKAN. Den h\u00e4r veckan ligger fokus p\u00e5 antidopingarbetet inom f\u00f6rbundet. Genom intervjuer, fakta och tips p\u00e5 utbildningsinsatser vill vi informera, p\u00e5minna och uppmuntra till diskussion och dialog i \u00e4mnet. (Foto: Jesper Zerman\/Bildbyr\u00e5n)","breadcrumb":{"@id":"https:\/\/www.budokampsport.se\/2023\/07\/03\/adv23-dags-for-arets-temavecka-om-antidoping\/#breadcrumb"},"inLanguage":"sv-SE","potentialAction":[{"@type":"ReadAction","target":["https:\/\/www.budokampsport.se\/2023\/07\/03\/adv23-dags-for-arets-temavecka-om-antidoping\/"]}]},{"@type":"ImageObject","inLanguage":"sv-SE","@id":"https:\/\/www.budokampsport.se\/2023\/07\/03\/adv23-dags-for-arets-temavecka-om-antidoping\/#primaryimage","url":"https:\/\/www.budokampsport.se\/wp-content\/uploads\/2021\/08\/BB210602JZ036-847px.jpg","contentUrl":"https:\/\/www.budokampsport.se\/wp-content\/uploads\/2021\/08\/BB210602JZ036-847px.jpg","width":847,"height":565,"caption":"Foto: Jesper Zerman\/Bildbyr\u00e5n"},{"@type":"BreadcrumbList","@id":"https:\/\/www.budokampsport.se\/2023\/07\/03\/adv23-dags-for-arets-temavecka-om-antidoping\/#breadcrumb","itemListElement":[{"@type":"ListItem","position":1,"name":"Hem","item":"https:\/\/www.budokampsport.se\/"},{"@type":"ListItem","position":2,"name":"ADV23: Dags f\u00f6r \u00e5rets temavecka om antidoping"}]},{"@type":"WebSite","@id":"https:\/\/www.budokampsport.se\/#website","url":"https:\/\/www.budokampsport.se\/","name":"Svenska Budo &amp; Kampsportsf\u00f6rbundet","description":"T\u00e4vling, Tr\u00e4ning, Tradition","potentialAction":[{"@type":"SearchAction","target":{"@type":"EntryPoint","urlTemplate":"https:\/\/www.budokampsport.se\/?s={search_term_string}"},"query-input":{"@type":"PropertyValueSpecification","valueRequired":true,"valueName":"search_term_string"}}],"inLanguage":"sv-SE"},{"@type":"Person","@id":"https:\/\/www.budokampsport.se\/#\/schema\/person\/666f754cfbc6f9a83a8c253cd24ad660","name":"Sofia Arnbom","image":{"@type":"ImageObject","inLanguage":"sv-SE","@id":"https:\/\/www.budokampsport.se\/#\/schema\/person\/image\/","url":"https:\/\/secure.gravatar.com\/avatar\/a69f673c99635f06ea6cb1eb10ca7e92?s=96&d=blank&r=g","contentUrl":"https:\/\/secure.gravatar.com\/avatar\/a69f673c99635f06ea6cb1eb10ca7e92?s=96&d=blank&r=g","caption":"Sofia Arnbom"},"url":"https:\/\/www.budokampsport.se\/author\/sofia-arnbom\/"}]}},"_links":{"self":[{"href":"https:\/\/www.budokampsport.se\/api\/wp\/v2\/posts\/154343","targetHints":{"allow":["GET"]}}],"collection":[{"href":"https:\/\/www.budokampsport.se\/api\/wp\/v2\/posts"}],"about":[{"href":"https:\/\/www.budokampsport.se\/api\/wp\/v2\/types\/post"}],"author":[{"embeddable":true,"href":"https:\/\/www.budokampsport.se\/api\/wp\/v2\/users\/47"}],"replies":[{"embeddable":true,"href":"https:\/\/www.budokampsport.se\/api\/wp\/v2\/comments?post=154343"}],"version-history":[{"count":0,"href":"https:\/\/www.budokampsport.se\/api\/wp\/v2\/posts\/154343\/revisions"}],"wp:featuredmedia":[{"embeddable":true,"href":"https:\/\/www.budokampsport.se\/api\/wp\/v2\/media\/127192"}],"wp:attachment":[{"href":"https:\/\/www.budokampsport.se\/api\/wp\/v2\/media?parent=154343"}],"wp:term":[{"taxonomy":"category","embeddable":true,"href":"https:\/\/www.budokampsport.se\/api\/wp\/v2\/categories?post=154343"},{"taxonomy":"post_tag","embeddable":true,"href":"https:\/\/www.budokampsport.se\/api\/wp\/v2\/tags?post=154343"}],"curies":[{"name":"wp","href":"https:\/\/api.w.org\/{rel}","templated":true}]}}