{"id":154344,"date":"2023-07-07T10:16:54","date_gmt":"2023-07-07T08:16:54","guid":{"rendered":"https:\/\/www.budokampsport.se\/?p=154344"},"modified":"2023-07-07T10:20:48","modified_gmt":"2023-07-07T08:20:48","slug":"adv23-sa-var-antidopingveckan-2023","status":"publish","type":"post","link":"https:\/\/www.budokampsport.se\/2023\/07\/07\/adv23-sa-var-antidopingveckan-2023\/","title":{"rendered":"ADV23: S\u00e5 var Antidopingveckan 2023"},"content":{"rendered":"<p>Under veckan genomf\u00f6rdes Antidopingveckan 2023 f\u00f6r femte g\u00e5ngen i rad. Syftet med den \u00e4r att informera om Svenska Budo &amp; Kampsportsf\u00f6rbundets och Antidoping Sveriges arbete i antidopingfr\u00e5gor.<\/p>\n<p>Under de senaste dagarna har det publicerats artiklar d\u00e4r f\u00f6retr\u00e4dare inom SB&amp;K:s antidopingarbete intervjuats samt samlad statistik och information kring e-utbildningar. Nytt f\u00f6r i \u00e5r var \u00e4ven satsningen p\u00e5 bildmaterial i samarbete med illustrat\u00f6ren Ida Brogren och grafikern Johanna Bjuhr Escalante. En affisch som f\u00f6reningarna kan skriva ut och ha i sina lokaler f\u00f6r att n\u00e5 sina medlemmar har skickats ut via nyhetsbrev. En kampanj med samma budskap har \u00e4ven publicerats p\u00e5 f\u00f6rbundets egna Instagram-konto.<\/p>\n<p><strong>H\u00e4r finns nu en samlad \u00f6versikt av det som har publicerats eller skickats ut:<\/strong><\/p>\n<p>\u00bb <a href=\"https:\/\/www.budokampsport.se\/2023\/07\/03\/adv23-dags-for-arets-temavecka-om-antidoping\/\" target=\"_blank\" rel=\"noopener\">Dags f\u00f6r \u00e5rets temavecka om antidoping<\/a><br \/>\n\u00bb <a href=\"https:\/\/www.budokampsport.se\/2023\/07\/03\/adv23-sbk-satsar-pa-att-na-fler-medlemmar\/\" target=\"_blank\" rel=\"noopener\">SB&amp;K satsar p\u00e5 att n\u00e5 fler medlemmar<\/a> <br \/>\n\u00bb <a href=\"https:\/\/www.budokampsport.se\/2023\/07\/04\/adv23-sofia-gothe-ny-ordforande-i-sbks-medicinska-kommitten\/\" target=\"_blank\" rel=\"noopener\">Sofia G\u00f6the \u2013 ny ordf\u00f6rande i SB&amp;K:s medicinska kommitt\u00e9n<\/a><br \/>\n\u00bb <a href=\"https:\/\/www.budokampsport.se\/2023\/07\/04\/adv23-boka-forelasare-inom-antidoping\/\" target=\"_blank\" rel=\"noopener\">Boka f\u00f6rel\u00e4sare inom antidoping<\/a><br \/>\n\u00bb <a href=\"https:\/\/www.budokampsport.se\/2023\/07\/05\/adv23-ren-vinnare\/\" target=\"_blank\" rel=\"noopener\">Ren vinnare<\/a><br \/>\n\u00bb <a href=\"https:\/\/www.budokampsport.se\/2023\/07\/05\/adv23-vaccinera-klubben\/\" target=\"_blank\" rel=\"noopener\">Vaccinera klubben<\/a><br \/>\n\u00bb <a href=\"https:\/\/www.budokampsport.se\/2023\/07\/06\/adv23-statistik-for-dopingtester-och-bestraffningsarenden\/\" target=\"_blank\" rel=\"noopener\">Statistik f\u00f6r dopingtester och bestraffnings\u00e4renden<\/a><br \/>\n\u00bb <a href=\"https:\/\/www.budokampsport.se\/2023\/07\/06\/adv23-filmade-forelasningar-fran-antidoping-sverige\/\" target=\"_blank\" rel=\"noopener\">Filmade f\u00f6rel\u00e4sningar fr\u00e5n Antidoping Sverige<\/a><\/p>\n<p>En kampanj med visuellt material har under veckan rullat p\u00e5 SB&amp;K:s <a href=\"https:\/\/www.instagram.com\/budokampsport\/\" target=\"_blank\" rel=\"noopener\">Instagram<\/a>.<\/p>\n<p>Nyhetsbrev med visuellt material skickades ut till alla f\u00f6reningar via mailschimp den 4 juli. Samma material finns \u00e4ven att ta del av p\u00e5 <a href=\"https:\/\/www.budokampsport.se\/antidoping\/\" target=\"_blank\" rel=\"noopener\">antidopings undersida<\/a>.<\/p>\n<p>&nbsp;<\/p>\n<p>Text: Annie Bondefelt<br \/>\nIllustration: Ida Brogren<br \/>\nFoto: Bildbyr\u00e5n samt Therese Hagstedt (montage)<\/p>\n","protected":false},"excerpt":{"rendered":"<p>ANTIDOPINGVECKAN. En sammanfattning av det som publiceras under den g\u00e5ngna temaveckan.<\/p><br>","protected":false},"author":120,"featured_media":154600,"comment_status":"closed","ping_status":"closed","sticky":false,"template":"","format":"standard","meta":{"_acf_changed":false,"footnotes":""},"categories":[297],"tags":[],"class_list":["post-154344","post","type-post","status-publish","format-standard","has-post-thumbnail","hentry","category-antidoping"],"acf":[],"yoast_head":"<!-- This site is optimized with the Yoast SEO plugin v26.8 - https:\/\/yoast.com\/product\/yoast-seo-wordpress\/ -->\n<title>ADV23: S\u00e5 var Antidopingveckan 2023 - Svenska Budo &amp; Kampsportsf\u00f6rbundet<\/title>\n<meta name=\"description\" content=\"ANTIDOPINGVECKAN. En sammanfattning av det som publiceras under den g\u00e5ngna temaveckan.\" \/>\n<meta name=\"robots\" content=\"index, follow, max-snippet:-1, max-image-preview:large, max-video-preview:-1\" \/>\n<link rel=\"canonical\" href=\"https:\/\/www.budokampsport.se\/2023\/07\/07\/adv23-sa-var-antidopingveckan-2023\/\" \/>\n<meta property=\"og:locale\" content=\"sv_SE\" \/>\n<meta property=\"og:type\" content=\"article\" \/>\n<meta property=\"og:title\" content=\"ADV23: S\u00e5 var Antidopingveckan 2023 - Svenska Budo &amp; Kampsportsf\u00f6rbundet\" \/>\n<meta property=\"og:description\" content=\"ANTIDOPINGVECKAN. En sammanfattning av det som publiceras under den g\u00e5ngna temaveckan.\" \/>\n<meta property=\"og:url\" content=\"https:\/\/www.budokampsport.se\/2023\/07\/07\/adv23-sa-var-antidopingveckan-2023\/\" \/>\n<meta property=\"og:site_name\" content=\"Svenska Budo &amp; Kampsportsf\u00f6rbundet\" \/>\n<meta property=\"article:published_time\" content=\"2023-07-07T08:16:54+00:00\" \/>\n<meta property=\"article:modified_time\" content=\"2023-07-07T08:20:48+00:00\" \/>\n<meta property=\"og:image\" content=\"https:\/\/www.budokampsport.se\/wp-content\/uploads\/2023\/07\/anti-kollage-1.jpg\" \/>\n\t<meta property=\"og:image:width\" content=\"1280\" \/>\n\t<meta property=\"og:image:height\" content=\"720\" \/>\n\t<meta property=\"og:image:type\" content=\"image\/jpeg\" \/>\n<meta name=\"author\" content=\"Annie Carriage\" \/>\n<meta name=\"twitter:card\" content=\"summary_large_image\" \/>\n<meta name=\"twitter:label1\" content=\"Skriven av\" \/>\n\t<meta name=\"twitter:data1\" content=\"Annie Carriage\" \/>\n\t<meta name=\"twitter:label2\" content=\"Ber\u00e4knad l\u00e4stid\" \/>\n\t<meta name=\"twitter:data2\" content=\"2 minuter\" \/>\n<script type=\"application\/ld+json\" class=\"yoast-schema-graph\">{\"@context\":\"https:\/\/schema.org\",\"@graph\":[{\"@type\":\"Article\",\"@id\":\"https:\/\/www.budokampsport.se\/2023\/07\/07\/adv23-sa-var-antidopingveckan-2023\/#article\",\"isPartOf\":{\"@id\":\"https:\/\/www.budokampsport.se\/2023\/07\/07\/adv23-sa-var-antidopingveckan-2023\/\"},\"author\":{\"name\":\"Annie Carriage\",\"@id\":\"https:\/\/www.budokampsport.se\/#\/schema\/person\/c838cace8171f692e363fde3f38f208b\"},\"headline\":\"ADV23: S\u00e5 var Antidopingveckan 2023\",\"datePublished\":\"2023-07-07T08:16:54+00:00\",\"dateModified\":\"2023-07-07T08:20:48+00:00\",\"mainEntityOfPage\":{\"@id\":\"https:\/\/www.budokampsport.se\/2023\/07\/07\/adv23-sa-var-antidopingveckan-2023\/\"},\"wordCount\":245,\"image\":{\"@id\":\"https:\/\/www.budokampsport.se\/2023\/07\/07\/adv23-sa-var-antidopingveckan-2023\/#primaryimage\"},\"thumbnailUrl\":\"https:\/\/www.budokampsport.se\/wp-content\/uploads\/2023\/07\/anti-kollage-1.jpg\",\"articleSection\":[\"Antidoping\"],\"inLanguage\":\"sv-SE\"},{\"@type\":\"WebPage\",\"@id\":\"https:\/\/www.budokampsport.se\/2023\/07\/07\/adv23-sa-var-antidopingveckan-2023\/\",\"url\":\"https:\/\/www.budokampsport.se\/2023\/07\/07\/adv23-sa-var-antidopingveckan-2023\/\",\"name\":\"ADV23: S\u00e5 var Antidopingveckan 2023 - Svenska Budo &amp; Kampsportsf\u00f6rbundet\",\"isPartOf\":{\"@id\":\"https:\/\/www.budokampsport.se\/#website\"},\"primaryImageOfPage\":{\"@id\":\"https:\/\/www.budokampsport.se\/2023\/07\/07\/adv23-sa-var-antidopingveckan-2023\/#primaryimage\"},\"image\":{\"@id\":\"https:\/\/www.budokampsport.se\/2023\/07\/07\/adv23-sa-var-antidopingveckan-2023\/#primaryimage\"},\"thumbnailUrl\":\"https:\/\/www.budokampsport.se\/wp-content\/uploads\/2023\/07\/anti-kollage-1.jpg\",\"datePublished\":\"2023-07-07T08:16:54+00:00\",\"dateModified\":\"2023-07-07T08:20:48+00:00\",\"author\":{\"@id\":\"https:\/\/www.budokampsport.se\/#\/schema\/person\/c838cace8171f692e363fde3f38f208b\"},\"description\":\"ANTIDOPINGVECKAN. En sammanfattning av det som publiceras under den g\u00e5ngna temaveckan.\",\"breadcrumb\":{\"@id\":\"https:\/\/www.budokampsport.se\/2023\/07\/07\/adv23-sa-var-antidopingveckan-2023\/#breadcrumb\"},\"inLanguage\":\"sv-SE\",\"potentialAction\":[{\"@type\":\"ReadAction\",\"target\":[\"https:\/\/www.budokampsport.se\/2023\/07\/07\/adv23-sa-var-antidopingveckan-2023\/\"]}]},{\"@type\":\"ImageObject\",\"inLanguage\":\"sv-SE\",\"@id\":\"https:\/\/www.budokampsport.se\/2023\/07\/07\/adv23-sa-var-antidopingveckan-2023\/#primaryimage\",\"url\":\"https:\/\/www.budokampsport.se\/wp-content\/uploads\/2023\/07\/anti-kollage-1.jpg\",\"contentUrl\":\"https:\/\/www.budokampsport.se\/wp-content\/uploads\/2023\/07\/anti-kollage-1.jpg\",\"width\":1280,\"height\":720,\"caption\":\"antidoping adv23\"},{\"@type\":\"BreadcrumbList\",\"@id\":\"https:\/\/www.budokampsport.se\/2023\/07\/07\/adv23-sa-var-antidopingveckan-2023\/#breadcrumb\",\"itemListElement\":[{\"@type\":\"ListItem\",\"position\":1,\"name\":\"Hem\",\"item\":\"https:\/\/www.budokampsport.se\/\"},{\"@type\":\"ListItem\",\"position\":2,\"name\":\"ADV23: S\u00e5 var Antidopingveckan 2023\"}]},{\"@type\":\"WebSite\",\"@id\":\"https:\/\/www.budokampsport.se\/#website\",\"url\":\"https:\/\/www.budokampsport.se\/\",\"name\":\"Svenska Budo &amp; Kampsportsf\u00f6rbundet\",\"description\":\"T\u00e4vling, Tr\u00e4ning, Tradition\",\"potentialAction\":[{\"@type\":\"SearchAction\",\"target\":{\"@type\":\"EntryPoint\",\"urlTemplate\":\"https:\/\/www.budokampsport.se\/?s={search_term_string}\"},\"query-input\":{\"@type\":\"PropertyValueSpecification\",\"valueRequired\":true,\"valueName\":\"search_term_string\"}}],\"inLanguage\":\"sv-SE\"},{\"@type\":\"Person\",\"@id\":\"https:\/\/www.budokampsport.se\/#\/schema\/person\/c838cace8171f692e363fde3f38f208b\",\"name\":\"Annie Carriage\",\"image\":{\"@type\":\"ImageObject\",\"inLanguage\":\"sv-SE\",\"@id\":\"https:\/\/www.budokampsport.se\/#\/schema\/person\/image\/\",\"url\":\"https:\/\/secure.gravatar.com\/avatar\/9311295560bdfbdf78365a26f7df1876?s=96&d=blank&r=g\",\"contentUrl\":\"https:\/\/secure.gravatar.com\/avatar\/9311295560bdfbdf78365a26f7df1876?s=96&d=blank&r=g\",\"caption\":\"Annie Carriage\"},\"url\":\"https:\/\/www.budokampsport.se\/author\/annie-bondefelt\/\"}]}<\/script>\n<!-- \/ Yoast SEO plugin. -->","yoast_head_json":{"title":"ADV23: S\u00e5 var Antidopingveckan 2023 - Svenska Budo &amp; Kampsportsf\u00f6rbundet","description":"ANTIDOPINGVECKAN. En sammanfattning av det som publiceras under den g\u00e5ngna temaveckan.","robots":{"index":"index","follow":"follow","max-snippet":"max-snippet:-1","max-image-preview":"max-image-preview:large","max-video-preview":"max-video-preview:-1"},"canonical":"https:\/\/www.budokampsport.se\/2023\/07\/07\/adv23-sa-var-antidopingveckan-2023\/","og_locale":"sv_SE","og_type":"article","og_title":"ADV23: S\u00e5 var Antidopingveckan 2023 - Svenska Budo &amp; Kampsportsf\u00f6rbundet","og_description":"ANTIDOPINGVECKAN. En sammanfattning av det som publiceras under den g\u00e5ngna temaveckan.","og_url":"https:\/\/www.budokampsport.se\/2023\/07\/07\/adv23-sa-var-antidopingveckan-2023\/","og_site_name":"Svenska Budo &amp; Kampsportsf\u00f6rbundet","article_published_time":"2023-07-07T08:16:54+00:00","article_modified_time":"2023-07-07T08:20:48+00:00","og_image":[{"width":1280,"height":720,"url":"https:\/\/www.budokampsport.se\/wp-content\/uploads\/2023\/07\/anti-kollage-1.jpg","type":"image\/jpeg"}],"author":"Annie Carriage","twitter_card":"summary_large_image","twitter_misc":{"Skriven av":"Annie Carriage","Ber\u00e4knad l\u00e4stid":"2 minuter"},"schema":{"@context":"https:\/\/schema.org","@graph":[{"@type":"Article","@id":"https:\/\/www.budokampsport.se\/2023\/07\/07\/adv23-sa-var-antidopingveckan-2023\/#article","isPartOf":{"@id":"https:\/\/www.budokampsport.se\/2023\/07\/07\/adv23-sa-var-antidopingveckan-2023\/"},"author":{"name":"Annie Carriage","@id":"https:\/\/www.budokampsport.se\/#\/schema\/person\/c838cace8171f692e363fde3f38f208b"},"headline":"ADV23: S\u00e5 var Antidopingveckan 2023","datePublished":"2023-07-07T08:16:54+00:00","dateModified":"2023-07-07T08:20:48+00:00","mainEntityOfPage":{"@id":"https:\/\/www.budokampsport.se\/2023\/07\/07\/adv23-sa-var-antidopingveckan-2023\/"},"wordCount":245,"image":{"@id":"https:\/\/www.budokampsport.se\/2023\/07\/07\/adv23-sa-var-antidopingveckan-2023\/#primaryimage"},"thumbnailUrl":"https:\/\/www.budokampsport.se\/wp-content\/uploads\/2023\/07\/anti-kollage-1.jpg","articleSection":["Antidoping"],"inLanguage":"sv-SE"},{"@type":"WebPage","@id":"https:\/\/www.budokampsport.se\/2023\/07\/07\/adv23-sa-var-antidopingveckan-2023\/","url":"https:\/\/www.budokampsport.se\/2023\/07\/07\/adv23-sa-var-antidopingveckan-2023\/","name":"ADV23: S\u00e5 var Antidopingveckan 2023 - Svenska Budo &amp; Kampsportsf\u00f6rbundet","isPartOf":{"@id":"https:\/\/www.budokampsport.se\/#website"},"primaryImageOfPage":{"@id":"https:\/\/www.budokampsport.se\/2023\/07\/07\/adv23-sa-var-antidopingveckan-2023\/#primaryimage"},"image":{"@id":"https:\/\/www.budokampsport.se\/2023\/07\/07\/adv23-sa-var-antidopingveckan-2023\/#primaryimage"},"thumbnailUrl":"https:\/\/www.budokampsport.se\/wp-content\/uploads\/2023\/07\/anti-kollage-1.jpg","datePublished":"2023-07-07T08:16:54+00:00","dateModified":"2023-07-07T08:20:48+00:00","author":{"@id":"https:\/\/www.budokampsport.se\/#\/schema\/person\/c838cace8171f692e363fde3f38f208b"},"description":"ANTIDOPINGVECKAN. En sammanfattning av det som publiceras under den g\u00e5ngna temaveckan.","breadcrumb":{"@id":"https:\/\/www.budokampsport.se\/2023\/07\/07\/adv23-sa-var-antidopingveckan-2023\/#breadcrumb"},"inLanguage":"sv-SE","potentialAction":[{"@type":"ReadAction","target":["https:\/\/www.budokampsport.se\/2023\/07\/07\/adv23-sa-var-antidopingveckan-2023\/"]}]},{"@type":"ImageObject","inLanguage":"sv-SE","@id":"https:\/\/www.budokampsport.se\/2023\/07\/07\/adv23-sa-var-antidopingveckan-2023\/#primaryimage","url":"https:\/\/www.budokampsport.se\/wp-content\/uploads\/2023\/07\/anti-kollage-1.jpg","contentUrl":"https:\/\/www.budokampsport.se\/wp-content\/uploads\/2023\/07\/anti-kollage-1.jpg","width":1280,"height":720,"caption":"antidoping adv23"},{"@type":"BreadcrumbList","@id":"https:\/\/www.budokampsport.se\/2023\/07\/07\/adv23-sa-var-antidopingveckan-2023\/#breadcrumb","itemListElement":[{"@type":"ListItem","position":1,"name":"Hem","item":"https:\/\/www.budokampsport.se\/"},{"@type":"ListItem","position":2,"name":"ADV23: S\u00e5 var Antidopingveckan 2023"}]},{"@type":"WebSite","@id":"https:\/\/www.budokampsport.se\/#website","url":"https:\/\/www.budokampsport.se\/","name":"Svenska Budo &amp; Kampsportsf\u00f6rbundet","description":"T\u00e4vling, Tr\u00e4ning, Tradition","potentialAction":[{"@type":"SearchAction","target":{"@type":"EntryPoint","urlTemplate":"https:\/\/www.budokampsport.se\/?s={search_term_string}"},"query-input":{"@type":"PropertyValueSpecification","valueRequired":true,"valueName":"search_term_string"}}],"inLanguage":"sv-SE"},{"@type":"Person","@id":"https:\/\/www.budokampsport.se\/#\/schema\/person\/c838cace8171f692e363fde3f38f208b","name":"Annie Carriage","image":{"@type":"ImageObject","inLanguage":"sv-SE","@id":"https:\/\/www.budokampsport.se\/#\/schema\/person\/image\/","url":"https:\/\/secure.gravatar.com\/avatar\/9311295560bdfbdf78365a26f7df1876?s=96&d=blank&r=g","contentUrl":"https:\/\/secure.gravatar.com\/avatar\/9311295560bdfbdf78365a26f7df1876?s=96&d=blank&r=g","caption":"Annie Carriage"},"url":"https:\/\/www.budokampsport.se\/author\/annie-bondefelt\/"}]}},"_links":{"self":[{"href":"https:\/\/www.budokampsport.se\/api\/wp\/v2\/posts\/154344","targetHints":{"allow":["GET"]}}],"collection":[{"href":"https:\/\/www.budokampsport.se\/api\/wp\/v2\/posts"}],"about":[{"href":"https:\/\/www.budokampsport.se\/api\/wp\/v2\/types\/post"}],"author":[{"embeddable":true,"href":"https:\/\/www.budokampsport.se\/api\/wp\/v2\/users\/120"}],"replies":[{"embeddable":true,"href":"https:\/\/www.budokampsport.se\/api\/wp\/v2\/comments?post=154344"}],"version-history":[{"count":0,"href":"https:\/\/www.budokampsport.se\/api\/wp\/v2\/posts\/154344\/revisions"}],"wp:featuredmedia":[{"embeddable":true,"href":"https:\/\/www.budokampsport.se\/api\/wp\/v2\/media\/154600"}],"wp:attachment":[{"href":"https:\/\/www.budokampsport.se\/api\/wp\/v2\/media?parent=154344"}],"wp:term":[{"taxonomy":"category","embeddable":true,"href":"https:\/\/www.budokampsport.se\/api\/wp\/v2\/categories?post=154344"},{"taxonomy":"post_tag","embeddable":true,"href":"https:\/\/www.budokampsport.se\/api\/wp\/v2\/tags?post=154344"}],"curies":[{"name":"wp","href":"https:\/\/api.w.org\/{rel}","templated":true}]}}