{"id":154359,"date":"2023-06-21T14:32:44","date_gmt":"2023-06-21T12:32:44","guid":{"rendered":"https:\/\/www.budokampsport.se\/?p=154359"},"modified":"2023-06-21T14:32:44","modified_gmt":"2023-06-21T12:32:44","slug":"helena-pluss-blir-sportchef-i-sbk","status":"publish","type":"post","link":"https:\/\/www.budokampsport.se\/2023\/06\/21\/helena-pluss-blir-sportchef-i-sbk\/","title":{"rendered":"Helena Pl\u00fcss blir sportchef i SB&#038;K"},"content":{"rendered":"<p>Helena Pl\u00fcss (tidigare Hugosson) har l\u00e4nge varit elitutvecklingsansvarig i SB&amp;K.<\/p>\n<p>Ny justeras hennes roll till att bli sportchef. Hon po\u00e4ngterar att det tidigare varit m\u00e5nga kortsiktiga projektsatsningar, men att SB&amp;K fram\u00f6ver kommer att jobba med l\u00e5ngsiktiga m\u00e5l och visioner f\u00f6r elitverksamheten.<\/p>\n<p>&#8211; Jag tycker f\u00f6rst\u00e5s att det \u00e4r j\u00e4tteroligt. Jag har jobbat med elitutveckling inom f\u00f6rbundet sedan 2015 och f\u00f6rst nu k\u00e4nner jag att vi har en mycket mer l\u00e5ngsiktig h\u00e5llbar elittanke. Vi har relativt nyligen startat elitkommitt\u00e9n och det finns numera en elitansvarig i styrelsen ocks\u00e5, vilka \u00e4r en stor hj\u00e4lp f\u00f6r mig i mitt arbete.<\/p>\n<p>Hon titulerar sig allts\u00e5 numera sportchef och ber\u00e4ttar att det kommer komma nya elitdirektiv i h\u00f6st f\u00f6r f\u00f6rbundets elitverksamheter.<\/p>\n<p>&#8211; Fr\u00e5n RF:s h\u00e5ll finns ett \u00f6nskem\u00e5l om att vi centraliserar elitverksamheten mer. Det syns\u00e4ttet rimmar v\u00e4l med v\u00e5rt eget d\u00e4r vi beh\u00f6ver hitta centrala satsningar och samverkansomr\u00e5den. Det handlar i st\u00f6rsta del om att se vad vi har gemensamt \u00f6ver idrotterna snarare \u00e4n vad som g\u00f6r idrotter unika f\u00f6r att skapa b\u00e4ttre f\u00f6ruts\u00e4ttningar f\u00f6r att bedriva elitverksamhet.<\/p>\n<p>Som en del i detta vill elitkommitt\u00e9n g\u00f6ra en inventering av SB&amp;K:s elitverksamheter i samband med ans\u00f6kan om elitst\u00f6d som landslagsledningar eller styrelser ska fylla i under sommaren.\u00a0<\/p>\n<p>&#8211; Vi beh\u00f6ver f\u00e5 en \u00f6verblick av v\u00e5ra landslagsledningar och landslag f\u00f6r att se hur vi ligger till utifr\u00e5n elitidrott 2030, s\u00e4ger Helena som redan ser fram emot det arbete som \u00e5terst\u00e5r f\u00f6r f\u00f6rbundet att g\u00f6ra.\u00a0\u00a0<\/p>\n<p>Text och foto: Jonathan Broberg<\/p>\n","protected":false},"excerpt":{"rendered":"<p>ELIT. SB&#038;K ser \u00f6ver sin elitsatsning och ett f\u00f6rsta steg i det \u00e4r att g\u00f6ra Helena Pl\u00fcss till sportchef.<br \/><br>&#8211; F\u00f6rst\u00e5s j\u00e4tteroligt och det blir en mer l\u00e5ngsiktig elittanke i SB&#038;K, s\u00e4ger hon till budokampsport.se.<\/p><br>","protected":false},"author":7,"featured_media":138704,"comment_status":"closed","ping_status":"closed","sticky":false,"template":"","format":"standard","meta":{"_acf_changed":false,"footnotes":""},"categories":[1],"tags":[],"class_list":["post-154359","post","type-post","status-publish","format-standard","has-post-thumbnail","hentry","category-okategoriserade"],"acf":[],"yoast_head":"<!-- This site is optimized with the Yoast SEO plugin v26.8 - https:\/\/yoast.com\/product\/yoast-seo-wordpress\/ -->\n<title>Helena Pl\u00fcss blir sportchef i SB&amp;K - Svenska Budo &amp; Kampsportsf\u00f6rbundet<\/title>\n<meta name=\"description\" content=\"ELIT. SB&amp;K ser \u00f6ver sin elitsatsning och ett f\u00f6rsta steg i det \u00e4r att g\u00f6ra Helena Pl\u00fcss till sportchef. - F\u00f6rst\u00e5s j\u00e4tteroligt och det blir en mer l\u00e5ngsiktig elittanke i SB&amp;K, s\u00e4ger hon till budokampsport.se.\" \/>\n<meta name=\"robots\" content=\"index, follow, max-snippet:-1, max-image-preview:large, max-video-preview:-1\" \/>\n<link rel=\"canonical\" href=\"https:\/\/www.budokampsport.se\/2023\/06\/21\/helena-pluss-blir-sportchef-i-sbk\/\" \/>\n<meta property=\"og:locale\" content=\"sv_SE\" \/>\n<meta property=\"og:type\" content=\"article\" \/>\n<meta property=\"og:title\" content=\"Helena Pl\u00fcss blir sportchef i SB&amp;K - Svenska Budo &amp; Kampsportsf\u00f6rbundet\" \/>\n<meta property=\"og:description\" content=\"ELIT. SB&amp;K ser \u00f6ver sin elitsatsning och ett f\u00f6rsta steg i det \u00e4r att g\u00f6ra Helena Pl\u00fcss till sportchef. - F\u00f6rst\u00e5s j\u00e4tteroligt och det blir en mer l\u00e5ngsiktig elittanke i SB&amp;K, s\u00e4ger hon till budokampsport.se.\" \/>\n<meta property=\"og:url\" content=\"https:\/\/www.budokampsport.se\/2023\/06\/21\/helena-pluss-blir-sportchef-i-sbk\/\" \/>\n<meta property=\"og:site_name\" content=\"Svenska Budo &amp; Kampsportsf\u00f6rbundet\" \/>\n<meta property=\"article:author\" content=\"https:\/\/www.facebook.com\/jonathan.broberg.7\" \/>\n<meta property=\"article:published_time\" content=\"2023-06-21T12:32:44+00:00\" \/>\n<meta property=\"og:image\" content=\"https:\/\/www.budokampsport.se\/wp-content\/uploads\/2022\/04\/helena-pluss.jpg\" \/>\n\t<meta property=\"og:image:width\" content=\"850\" \/>\n\t<meta property=\"og:image:height\" content=\"567\" \/>\n\t<meta property=\"og:image:type\" content=\"image\/jpeg\" \/>\n<meta name=\"author\" content=\"Jonathan Broberg\" \/>\n<meta name=\"twitter:card\" content=\"summary_large_image\" \/>\n<meta name=\"twitter:label1\" content=\"Skriven av\" \/>\n\t<meta name=\"twitter:data1\" content=\"Jonathan Broberg\" \/>\n\t<meta name=\"twitter:label2\" content=\"Ber\u00e4knad l\u00e4stid\" \/>\n\t<meta name=\"twitter:data2\" content=\"2 minuter\" \/>\n<script type=\"application\/ld+json\" class=\"yoast-schema-graph\">{\"@context\":\"https:\/\/schema.org\",\"@graph\":[{\"@type\":\"Article\",\"@id\":\"https:\/\/www.budokampsport.se\/2023\/06\/21\/helena-pluss-blir-sportchef-i-sbk\/#article\",\"isPartOf\":{\"@id\":\"https:\/\/www.budokampsport.se\/2023\/06\/21\/helena-pluss-blir-sportchef-i-sbk\/\"},\"author\":{\"name\":\"Jonathan Broberg\",\"@id\":\"https:\/\/www.budokampsport.se\/#\/schema\/person\/5c06d81d14850e2a8ce5493386560145\"},\"headline\":\"Helena Pl\u00fcss blir sportchef i SB&#038;K\",\"datePublished\":\"2023-06-21T12:32:44+00:00\",\"mainEntityOfPage\":{\"@id\":\"https:\/\/www.budokampsport.se\/2023\/06\/21\/helena-pluss-blir-sportchef-i-sbk\/\"},\"wordCount\":309,\"image\":{\"@id\":\"https:\/\/www.budokampsport.se\/2023\/06\/21\/helena-pluss-blir-sportchef-i-sbk\/#primaryimage\"},\"thumbnailUrl\":\"https:\/\/www.budokampsport.se\/wp-content\/uploads\/2022\/04\/helena-pluss.jpg\",\"inLanguage\":\"sv-SE\"},{\"@type\":\"WebPage\",\"@id\":\"https:\/\/www.budokampsport.se\/2023\/06\/21\/helena-pluss-blir-sportchef-i-sbk\/\",\"url\":\"https:\/\/www.budokampsport.se\/2023\/06\/21\/helena-pluss-blir-sportchef-i-sbk\/\",\"name\":\"Helena Pl\u00fcss blir sportchef i SB&K - Svenska Budo &amp; Kampsportsf\u00f6rbundet\",\"isPartOf\":{\"@id\":\"https:\/\/www.budokampsport.se\/#website\"},\"primaryImageOfPage\":{\"@id\":\"https:\/\/www.budokampsport.se\/2023\/06\/21\/helena-pluss-blir-sportchef-i-sbk\/#primaryimage\"},\"image\":{\"@id\":\"https:\/\/www.budokampsport.se\/2023\/06\/21\/helena-pluss-blir-sportchef-i-sbk\/#primaryimage\"},\"thumbnailUrl\":\"https:\/\/www.budokampsport.se\/wp-content\/uploads\/2022\/04\/helena-pluss.jpg\",\"datePublished\":\"2023-06-21T12:32:44+00:00\",\"author\":{\"@id\":\"https:\/\/www.budokampsport.se\/#\/schema\/person\/5c06d81d14850e2a8ce5493386560145\"},\"description\":\"ELIT. SB&K ser \u00f6ver sin elitsatsning och ett f\u00f6rsta steg i det \u00e4r att g\u00f6ra Helena Pl\u00fcss till sportchef. - F\u00f6rst\u00e5s j\u00e4tteroligt och det blir en mer l\u00e5ngsiktig elittanke i SB&K, s\u00e4ger hon till budokampsport.se.\",\"breadcrumb\":{\"@id\":\"https:\/\/www.budokampsport.se\/2023\/06\/21\/helena-pluss-blir-sportchef-i-sbk\/#breadcrumb\"},\"inLanguage\":\"sv-SE\",\"potentialAction\":[{\"@type\":\"ReadAction\",\"target\":[\"https:\/\/www.budokampsport.se\/2023\/06\/21\/helena-pluss-blir-sportchef-i-sbk\/\"]}]},{\"@type\":\"ImageObject\",\"inLanguage\":\"sv-SE\",\"@id\":\"https:\/\/www.budokampsport.se\/2023\/06\/21\/helena-pluss-blir-sportchef-i-sbk\/#primaryimage\",\"url\":\"https:\/\/www.budokampsport.se\/wp-content\/uploads\/2022\/04\/helena-pluss.jpg\",\"contentUrl\":\"https:\/\/www.budokampsport.se\/wp-content\/uploads\/2022\/04\/helena-pluss.jpg\",\"width\":850,\"height\":567,\"caption\":\"Foto: Jonathan Broberg\"},{\"@type\":\"BreadcrumbList\",\"@id\":\"https:\/\/www.budokampsport.se\/2023\/06\/21\/helena-pluss-blir-sportchef-i-sbk\/#breadcrumb\",\"itemListElement\":[{\"@type\":\"ListItem\",\"position\":1,\"name\":\"Hem\",\"item\":\"https:\/\/www.budokampsport.se\/\"},{\"@type\":\"ListItem\",\"position\":2,\"name\":\"Helena Pl\u00fcss blir sportchef i SB&#038;K\"}]},{\"@type\":\"WebSite\",\"@id\":\"https:\/\/www.budokampsport.se\/#website\",\"url\":\"https:\/\/www.budokampsport.se\/\",\"name\":\"Svenska Budo &amp; Kampsportsf\u00f6rbundet\",\"description\":\"T\u00e4vling, Tr\u00e4ning, Tradition\",\"potentialAction\":[{\"@type\":\"SearchAction\",\"target\":{\"@type\":\"EntryPoint\",\"urlTemplate\":\"https:\/\/www.budokampsport.se\/?s={search_term_string}\"},\"query-input\":{\"@type\":\"PropertyValueSpecification\",\"valueRequired\":true,\"valueName\":\"search_term_string\"}}],\"inLanguage\":\"sv-SE\"},{\"@type\":\"Person\",\"@id\":\"https:\/\/www.budokampsport.se\/#\/schema\/person\/5c06d81d14850e2a8ce5493386560145\",\"name\":\"Jonathan Broberg\",\"image\":{\"@type\":\"ImageObject\",\"inLanguage\":\"sv-SE\",\"@id\":\"https:\/\/www.budokampsport.se\/#\/schema\/person\/image\/\",\"url\":\"https:\/\/secure.gravatar.com\/avatar\/a58041c6cea9128bd9c40ee2f26d4136?s=96&d=blank&r=g\",\"contentUrl\":\"https:\/\/secure.gravatar.com\/avatar\/a58041c6cea9128bd9c40ee2f26d4136?s=96&d=blank&r=g\",\"caption\":\"Jonathan Broberg\"},\"sameAs\":[\"https:\/\/www.facebook.com\/jonathan.broberg.7\"],\"url\":\"https:\/\/www.budokampsport.se\/author\/jonathan\/\"}]}<\/script>\n<!-- \/ Yoast SEO plugin. -->","yoast_head_json":{"title":"Helena Pl\u00fcss blir sportchef i SB&K - Svenska Budo &amp; Kampsportsf\u00f6rbundet","description":"ELIT. SB&K ser \u00f6ver sin elitsatsning och ett f\u00f6rsta steg i det \u00e4r att g\u00f6ra Helena Pl\u00fcss till sportchef. - F\u00f6rst\u00e5s j\u00e4tteroligt och det blir en mer l\u00e5ngsiktig elittanke i SB&K, s\u00e4ger hon till budokampsport.se.","robots":{"index":"index","follow":"follow","max-snippet":"max-snippet:-1","max-image-preview":"max-image-preview:large","max-video-preview":"max-video-preview:-1"},"canonical":"https:\/\/www.budokampsport.se\/2023\/06\/21\/helena-pluss-blir-sportchef-i-sbk\/","og_locale":"sv_SE","og_type":"article","og_title":"Helena Pl\u00fcss blir sportchef i SB&K - Svenska Budo &amp; Kampsportsf\u00f6rbundet","og_description":"ELIT. SB&K ser \u00f6ver sin elitsatsning och ett f\u00f6rsta steg i det \u00e4r att g\u00f6ra Helena Pl\u00fcss till sportchef. - F\u00f6rst\u00e5s j\u00e4tteroligt och det blir en mer l\u00e5ngsiktig elittanke i SB&K, s\u00e4ger hon till budokampsport.se.","og_url":"https:\/\/www.budokampsport.se\/2023\/06\/21\/helena-pluss-blir-sportchef-i-sbk\/","og_site_name":"Svenska Budo &amp; Kampsportsf\u00f6rbundet","article_author":"https:\/\/www.facebook.com\/jonathan.broberg.7","article_published_time":"2023-06-21T12:32:44+00:00","og_image":[{"width":850,"height":567,"url":"https:\/\/www.budokampsport.se\/wp-content\/uploads\/2022\/04\/helena-pluss.jpg","type":"image\/jpeg"}],"author":"Jonathan Broberg","twitter_card":"summary_large_image","twitter_misc":{"Skriven av":"Jonathan Broberg","Ber\u00e4knad l\u00e4stid":"2 minuter"},"schema":{"@context":"https:\/\/schema.org","@graph":[{"@type":"Article","@id":"https:\/\/www.budokampsport.se\/2023\/06\/21\/helena-pluss-blir-sportchef-i-sbk\/#article","isPartOf":{"@id":"https:\/\/www.budokampsport.se\/2023\/06\/21\/helena-pluss-blir-sportchef-i-sbk\/"},"author":{"name":"Jonathan Broberg","@id":"https:\/\/www.budokampsport.se\/#\/schema\/person\/5c06d81d14850e2a8ce5493386560145"},"headline":"Helena Pl\u00fcss blir sportchef i SB&#038;K","datePublished":"2023-06-21T12:32:44+00:00","mainEntityOfPage":{"@id":"https:\/\/www.budokampsport.se\/2023\/06\/21\/helena-pluss-blir-sportchef-i-sbk\/"},"wordCount":309,"image":{"@id":"https:\/\/www.budokampsport.se\/2023\/06\/21\/helena-pluss-blir-sportchef-i-sbk\/#primaryimage"},"thumbnailUrl":"https:\/\/www.budokampsport.se\/wp-content\/uploads\/2022\/04\/helena-pluss.jpg","inLanguage":"sv-SE"},{"@type":"WebPage","@id":"https:\/\/www.budokampsport.se\/2023\/06\/21\/helena-pluss-blir-sportchef-i-sbk\/","url":"https:\/\/www.budokampsport.se\/2023\/06\/21\/helena-pluss-blir-sportchef-i-sbk\/","name":"Helena Pl\u00fcss blir sportchef i SB&K - Svenska Budo &amp; Kampsportsf\u00f6rbundet","isPartOf":{"@id":"https:\/\/www.budokampsport.se\/#website"},"primaryImageOfPage":{"@id":"https:\/\/www.budokampsport.se\/2023\/06\/21\/helena-pluss-blir-sportchef-i-sbk\/#primaryimage"},"image":{"@id":"https:\/\/www.budokampsport.se\/2023\/06\/21\/helena-pluss-blir-sportchef-i-sbk\/#primaryimage"},"thumbnailUrl":"https:\/\/www.budokampsport.se\/wp-content\/uploads\/2022\/04\/helena-pluss.jpg","datePublished":"2023-06-21T12:32:44+00:00","author":{"@id":"https:\/\/www.budokampsport.se\/#\/schema\/person\/5c06d81d14850e2a8ce5493386560145"},"description":"ELIT. SB&K ser \u00f6ver sin elitsatsning och ett f\u00f6rsta steg i det \u00e4r att g\u00f6ra Helena Pl\u00fcss till sportchef. - F\u00f6rst\u00e5s j\u00e4tteroligt och det blir en mer l\u00e5ngsiktig elittanke i SB&K, s\u00e4ger hon till budokampsport.se.","breadcrumb":{"@id":"https:\/\/www.budokampsport.se\/2023\/06\/21\/helena-pluss-blir-sportchef-i-sbk\/#breadcrumb"},"inLanguage":"sv-SE","potentialAction":[{"@type":"ReadAction","target":["https:\/\/www.budokampsport.se\/2023\/06\/21\/helena-pluss-blir-sportchef-i-sbk\/"]}]},{"@type":"ImageObject","inLanguage":"sv-SE","@id":"https:\/\/www.budokampsport.se\/2023\/06\/21\/helena-pluss-blir-sportchef-i-sbk\/#primaryimage","url":"https:\/\/www.budokampsport.se\/wp-content\/uploads\/2022\/04\/helena-pluss.jpg","contentUrl":"https:\/\/www.budokampsport.se\/wp-content\/uploads\/2022\/04\/helena-pluss.jpg","width":850,"height":567,"caption":"Foto: Jonathan Broberg"},{"@type":"BreadcrumbList","@id":"https:\/\/www.budokampsport.se\/2023\/06\/21\/helena-pluss-blir-sportchef-i-sbk\/#breadcrumb","itemListElement":[{"@type":"ListItem","position":1,"name":"Hem","item":"https:\/\/www.budokampsport.se\/"},{"@type":"ListItem","position":2,"name":"Helena Pl\u00fcss blir sportchef i SB&#038;K"}]},{"@type":"WebSite","@id":"https:\/\/www.budokampsport.se\/#website","url":"https:\/\/www.budokampsport.se\/","name":"Svenska Budo &amp; Kampsportsf\u00f6rbundet","description":"T\u00e4vling, Tr\u00e4ning, Tradition","potentialAction":[{"@type":"SearchAction","target":{"@type":"EntryPoint","urlTemplate":"https:\/\/www.budokampsport.se\/?s={search_term_string}"},"query-input":{"@type":"PropertyValueSpecification","valueRequired":true,"valueName":"search_term_string"}}],"inLanguage":"sv-SE"},{"@type":"Person","@id":"https:\/\/www.budokampsport.se\/#\/schema\/person\/5c06d81d14850e2a8ce5493386560145","name":"Jonathan Broberg","image":{"@type":"ImageObject","inLanguage":"sv-SE","@id":"https:\/\/www.budokampsport.se\/#\/schema\/person\/image\/","url":"https:\/\/secure.gravatar.com\/avatar\/a58041c6cea9128bd9c40ee2f26d4136?s=96&d=blank&r=g","contentUrl":"https:\/\/secure.gravatar.com\/avatar\/a58041c6cea9128bd9c40ee2f26d4136?s=96&d=blank&r=g","caption":"Jonathan Broberg"},"sameAs":["https:\/\/www.facebook.com\/jonathan.broberg.7"],"url":"https:\/\/www.budokampsport.se\/author\/jonathan\/"}]}},"_links":{"self":[{"href":"https:\/\/www.budokampsport.se\/api\/wp\/v2\/posts\/154359","targetHints":{"allow":["GET"]}}],"collection":[{"href":"https:\/\/www.budokampsport.se\/api\/wp\/v2\/posts"}],"about":[{"href":"https:\/\/www.budokampsport.se\/api\/wp\/v2\/types\/post"}],"author":[{"embeddable":true,"href":"https:\/\/www.budokampsport.se\/api\/wp\/v2\/users\/7"}],"replies":[{"embeddable":true,"href":"https:\/\/www.budokampsport.se\/api\/wp\/v2\/comments?post=154359"}],"version-history":[{"count":0,"href":"https:\/\/www.budokampsport.se\/api\/wp\/v2\/posts\/154359\/revisions"}],"wp:featuredmedia":[{"embeddable":true,"href":"https:\/\/www.budokampsport.se\/api\/wp\/v2\/media\/138704"}],"wp:attachment":[{"href":"https:\/\/www.budokampsport.se\/api\/wp\/v2\/media?parent=154359"}],"wp:term":[{"taxonomy":"category","embeddable":true,"href":"https:\/\/www.budokampsport.se\/api\/wp\/v2\/categories?post=154359"},{"taxonomy":"post_tag","embeddable":true,"href":"https:\/\/www.budokampsport.se\/api\/wp\/v2\/tags?post=154359"}],"curies":[{"name":"wp","href":"https:\/\/api.w.org\/{rel}","templated":true}]}}