{"id":154377,"date":"2023-06-21T15:48:07","date_gmt":"2023-06-21T13:48:07","guid":{"rendered":"https:\/\/www.budokampsport.se\/?p=154377"},"modified":"2024-07-04T11:38:13","modified_gmt":"2024-07-04T09:38:13","slug":"iaido-em-till-sverige-nasta-ar","status":"publish","type":"post","link":"https:\/\/www.budokampsport.se\/2023\/06\/21\/iaido-em-till-sverige-nasta-ar\/","title":{"rendered":"Iaido-EM till Sverige n\u00e4sta \u00e5r"},"content":{"rendered":"<p>Det gamla skeppsvarvet Lundbystrandshallarna i G\u00f6teborg kommer n\u00e4sta \u00e5r att bli sk\u00e5deplatsen f\u00f6r EM i iaido. Det skriver Svenska Kendof\u00f6rbundet p\u00e5 sin <a href=\"http:\/\/www.kendoforbundet.se\/iaido\/eic-2024-iaido-em-landar-i-goteborg\/\" target=\"_blank\" rel=\"noopener\">hemsida<\/a>.<\/p>\n<p>Det \u00e4r f\u00f6r\u00f6vrigt 20 \u00e5r sedan EM arrangerades i Stockholm. Ett m\u00e4sterskap d\u00e4r de bl\u00e5gula medaljerna duggade t\u00e4tt \u2013 de blev sju tillslut. Ett guld blev det i hemma-EM den g\u00e5ngen, genom<strong> Leif Sunje<\/strong> i sandanklassen.<\/p>\n<h3>H\u00e4r \u00e4r 2004 \u00e5rs samtliga svenska EM-medalj\u00f6rer i iaido<\/h3>\n<table style=\"border-collapse: collapse; width: 100%;\">\n<tbody>\n<tr>\n<td style=\"width: 100%;\"><img loading=\"lazy\" decoding=\"async\" class=\" wp-image-139585 alignnone\" src=\"https:\/\/www.budokampsport.se\/wp-content\/uploads\/2022\/05\/medal_gold_nospace.png\" alt=\"Guldmedalj\" width=\"9\" height=\"13\" srcset=\"https:\/\/www.budokampsport.se\/wp-content\/uploads\/2022\/05\/medal_gold_nospace.png 150w, https:\/\/www.budokampsport.se\/wp-content\/uploads\/2022\/05\/medal_gold_nospace-95x137.png 95w\" sizes=\"auto, (max-width: 9px) 100vw, 9px\" \/> <strong>Leif Sunje<\/strong>,<span style=\"font-size: 10pt;\"> sandan<\/span><br \/>\n<img loading=\"lazy\" decoding=\"async\" class=\" wp-image-139584 alignnone\" src=\"https:\/\/www.budokampsport.se\/wp-content\/uploads\/2022\/05\/medal_silver_nospace.png\" alt=\"Silvermedalj\" width=\"9\" height=\"13\" srcset=\"https:\/\/www.budokampsport.se\/wp-content\/uploads\/2022\/05\/medal_silver_nospace.png 150w, https:\/\/www.budokampsport.se\/wp-content\/uploads\/2022\/05\/medal_silver_nospace-95x137.png 95w\" sizes=\"auto, (max-width: 9px) 100vw, 9px\" \/> <strong>Jonathan Str\u00f6m<\/strong>, <span style=\"font-size: 10pt;\">nidan<\/span><br \/>\n<img loading=\"lazy\" decoding=\"async\" class=\" wp-image-139584 alignnone\" src=\"https:\/\/www.budokampsport.se\/wp-content\/uploads\/2022\/05\/medal_silver_nospace.png\" alt=\"Silvermedalj\" width=\"9\" height=\"13\" srcset=\"https:\/\/www.budokampsport.se\/wp-content\/uploads\/2022\/05\/medal_silver_nospace.png 150w, https:\/\/www.budokampsport.se\/wp-content\/uploads\/2022\/05\/medal_silver_nospace-95x137.png 95w\" sizes=\"auto, (max-width: 9px) 100vw, 9px\" \/> <strong>Martin Lindgren<\/strong>, <span style=\"font-size: 10pt;\">yondan<\/span><br \/>\n<img loading=\"lazy\" decoding=\"async\" class=\" wp-image-139584 alignnone\" src=\"https:\/\/www.budokampsport.se\/wp-content\/uploads\/2022\/05\/medal_silver_nospace.png\" alt=\"Silvermedalj\" width=\"9\" height=\"13\" srcset=\"https:\/\/www.budokampsport.se\/wp-content\/uploads\/2022\/05\/medal_silver_nospace.png 150w, https:\/\/www.budokampsport.se\/wp-content\/uploads\/2022\/05\/medal_silver_nospace-95x137.png 95w\" sizes=\"auto, (max-width: 9px) 100vw, 9px\" \/> <strong>Lag<\/strong> <span style=\"font-size: 10pt;\">(Christian Lund, Martin Lindgren, Tomas Olsson)<\/span><br \/>\n<span style=\"font-size: 10pt;\"><img loading=\"lazy\" decoding=\"async\" class=\" wp-image-139583 alignnone\" src=\"https:\/\/www.budokampsport.se\/wp-content\/uploads\/2022\/05\/medal_bronze_nospace.png\" alt=\"Bronsmedalj\" width=\"9\" height=\"13\" srcset=\"https:\/\/www.budokampsport.se\/wp-content\/uploads\/2022\/05\/medal_bronze_nospace.png 150w, https:\/\/www.budokampsport.se\/wp-content\/uploads\/2022\/05\/medal_bronze_nospace-95x137.png 95w\" sizes=\"auto, (max-width: 9px) 100vw, 9px\" \/> <strong><span style=\"font-size: 12pt;\">Lasse Cha<\/span><\/strong>, mudan<br \/>\n<\/span><span style=\"font-size: 10pt;\"><img loading=\"lazy\" decoding=\"async\" class=\" wp-image-139583 alignnone\" src=\"https:\/\/www.budokampsport.se\/wp-content\/uploads\/2022\/05\/medal_bronze_nospace.png\" alt=\"Bronsmedalj\" width=\"9\" height=\"13\" srcset=\"https:\/\/www.budokampsport.se\/wp-content\/uploads\/2022\/05\/medal_bronze_nospace.png 150w, https:\/\/www.budokampsport.se\/wp-content\/uploads\/2022\/05\/medal_bronze_nospace-95x137.png 95w\" sizes=\"auto, (max-width: 9px) 100vw, 9px\" \/> <span style=\"font-size: 12pt;\"><strong>Christian Lund<\/strong><\/span>, godan<br \/>\n<\/span><span style=\"font-size: 10pt;\"><img loading=\"lazy\" decoding=\"async\" class=\" wp-image-139583 alignnone\" src=\"https:\/\/www.budokampsport.se\/wp-content\/uploads\/2022\/05\/medal_bronze_nospace.png\" alt=\"Bronsmedalj\" width=\"9\" height=\"13\" srcset=\"https:\/\/www.budokampsport.se\/wp-content\/uploads\/2022\/05\/medal_bronze_nospace.png 150w, https:\/\/www.budokampsport.se\/wp-content\/uploads\/2022\/05\/medal_bronze_nospace-95x137.png 95w\" sizes=\"auto, (max-width: 9px) 100vw, 9px\" \/> <\/span><strong>Tomas Olsson<\/strong>, <span style=\"font-size: 10pt;\">shodan<\/span><\/td>\n<\/tr>\n<\/tbody>\n<\/table>\n<p><em><span style=\"font-size: 8pt;\">K\u00e4lla: Svenska Budo &amp; Kampsportsf\u00f6rbundets verksamhetsber\u00e4ttelse 2004<\/span><\/em><\/p>\n<p><img loading=\"lazy\" decoding=\"async\" class=\"wp-image-154378 size-medium\" src=\"https:\/\/www.budokampsport.se\/wp-content\/uploads\/2023\/06\/iaidolandslaget-2004-376x282.jpg\" alt=\"\" width=\"376\" height=\"282\" srcset=\"https:\/\/www.budokampsport.se\/wp-content\/uploads\/2023\/06\/iaidolandslaget-2004-376x282.jpg 376w, https:\/\/www.budokampsport.se\/wp-content\/uploads\/2023\/06\/iaidolandslaget-2004-400x300.jpg 400w, https:\/\/www.budokampsport.se\/wp-content\/uploads\/2023\/06\/iaidolandslaget-2004-600x450.jpg 600w, https:\/\/www.budokampsport.se\/wp-content\/uploads\/2023\/06\/iaidolandslaget-2004-847x636.jpg 847w, https:\/\/www.budokampsport.se\/wp-content\/uploads\/2023\/06\/iaidolandslaget-2004-278x209.jpg 278w, https:\/\/www.budokampsport.se\/wp-content\/uploads\/2023\/06\/iaidolandslaget-2004-572x429.jpg 572w, https:\/\/www.budokampsport.se\/wp-content\/uploads\/2023\/06\/iaidolandslaget-2004.jpg 850w\" sizes=\"auto, (max-width: 376px) 100vw, 376px\" \/><\/p>\n<p>Iaidolandslaget 2004\u00a0 \u00a0 \u00a0 \u00a0 \u00a0 \u00a0<span style=\"font-size: 8pt;\">Foto: Verksamhetsber\u00e4ttelsen 2004<\/span><\/p>\n<p>Text och rubrikfoto: Jonathan Broberg<\/p>\n","protected":false},"excerpt":{"rendered":"<p>IAIDO. N\u00e4sta \u00e5r kommer EM i iaido att arrangeras i Sverige, n\u00e4rmare best\u00e4mt i G\u00f6teborg, meddelar Svenska Kendof\u00f6rbundet p\u00e5 sin hemsida.<\/p><br>","protected":false},"author":7,"featured_media":53260,"comment_status":"closed","ping_status":"closed","sticky":false,"template":"","format":"standard","meta":{"_acf_changed":false,"footnotes":""},"categories":[537],"tags":[],"class_list":["post-154377","post","type-post","status-publish","format-standard","has-post-thumbnail","hentry","category-iaido"],"acf":[],"yoast_head":"<!-- This site is optimized with the Yoast SEO plugin v26.8 - https:\/\/yoast.com\/product\/yoast-seo-wordpress\/ -->\n<title>Iaido-EM till Sverige n\u00e4sta \u00e5r - Svenska Budo &amp; Kampsportsf\u00f6rbundet<\/title>\n<meta name=\"description\" content=\"IAIDO. N\u00e4sta \u00e5r kommer EM i iaido att arrangeras i Sverige, n\u00e4rmare best\u00e4mt i G\u00f6teborg, meddelar Svenska Kendof\u00f6rbundet p\u00e5 sin hemsida.\" \/>\n<meta name=\"robots\" content=\"index, follow, max-snippet:-1, max-image-preview:large, max-video-preview:-1\" \/>\n<link rel=\"canonical\" href=\"https:\/\/www.budokampsport.se\/2023\/06\/21\/iaido-em-till-sverige-nasta-ar\/\" \/>\n<meta property=\"og:locale\" content=\"sv_SE\" \/>\n<meta property=\"og:type\" content=\"article\" \/>\n<meta property=\"og:title\" content=\"Iaido-EM till Sverige n\u00e4sta \u00e5r - Svenska Budo &amp; Kampsportsf\u00f6rbundet\" \/>\n<meta property=\"og:description\" content=\"IAIDO. N\u00e4sta \u00e5r kommer EM i iaido att arrangeras i Sverige, n\u00e4rmare best\u00e4mt i G\u00f6teborg, meddelar Svenska Kendof\u00f6rbundet p\u00e5 sin hemsida.\" \/>\n<meta property=\"og:url\" content=\"https:\/\/www.budokampsport.se\/2023\/06\/21\/iaido-em-till-sverige-nasta-ar\/\" \/>\n<meta property=\"og:site_name\" content=\"Svenska Budo &amp; Kampsportsf\u00f6rbundet\" \/>\n<meta property=\"article:author\" content=\"https:\/\/www.facebook.com\/jonathan.broberg.7\" \/>\n<meta property=\"article:published_time\" content=\"2023-06-21T13:48:07+00:00\" \/>\n<meta property=\"article:modified_time\" content=\"2024-07-04T09:38:13+00:00\" \/>\n<meta property=\"og:image\" content=\"https:\/\/www.budokampsport.se\/wp-content\/uploads\/2017\/11\/laget_em_iaido.jpg\" \/>\n\t<meta property=\"og:image:width\" content=\"850\" \/>\n\t<meta property=\"og:image:height\" content=\"556\" \/>\n\t<meta property=\"og:image:type\" content=\"image\/jpeg\" \/>\n<meta name=\"author\" content=\"Jonathan Broberg\" \/>\n<meta name=\"twitter:card\" content=\"summary_large_image\" \/>\n<meta name=\"twitter:label1\" content=\"Skriven av\" \/>\n\t<meta name=\"twitter:data1\" content=\"Jonathan Broberg\" \/>\n\t<meta name=\"twitter:label2\" content=\"Ber\u00e4knad l\u00e4stid\" \/>\n\t<meta name=\"twitter:data2\" content=\"3 minuter\" \/>\n<script type=\"application\/ld+json\" class=\"yoast-schema-graph\">{\"@context\":\"https:\/\/schema.org\",\"@graph\":[{\"@type\":\"Article\",\"@id\":\"https:\/\/www.budokampsport.se\/2023\/06\/21\/iaido-em-till-sverige-nasta-ar\/#article\",\"isPartOf\":{\"@id\":\"https:\/\/www.budokampsport.se\/2023\/06\/21\/iaido-em-till-sverige-nasta-ar\/\"},\"author\":{\"name\":\"Jonathan Broberg\",\"@id\":\"https:\/\/www.budokampsport.se\/#\/schema\/person\/5c06d81d14850e2a8ce5493386560145\"},\"headline\":\"Iaido-EM till Sverige n\u00e4sta \u00e5r\",\"datePublished\":\"2023-06-21T13:48:07+00:00\",\"dateModified\":\"2024-07-04T09:38:13+00:00\",\"mainEntityOfPage\":{\"@id\":\"https:\/\/www.budokampsport.se\/2023\/06\/21\/iaido-em-till-sverige-nasta-ar\/\"},\"wordCount\":129,\"image\":{\"@id\":\"https:\/\/www.budokampsport.se\/2023\/06\/21\/iaido-em-till-sverige-nasta-ar\/#primaryimage\"},\"thumbnailUrl\":\"https:\/\/www.budokampsport.se\/wp-content\/uploads\/2017\/11\/laget_em_iaido.jpg\",\"articleSection\":[\"Iaido\"],\"inLanguage\":\"sv-SE\"},{\"@type\":\"WebPage\",\"@id\":\"https:\/\/www.budokampsport.se\/2023\/06\/21\/iaido-em-till-sverige-nasta-ar\/\",\"url\":\"https:\/\/www.budokampsport.se\/2023\/06\/21\/iaido-em-till-sverige-nasta-ar\/\",\"name\":\"Iaido-EM till Sverige n\u00e4sta \u00e5r - Svenska Budo &amp; Kampsportsf\u00f6rbundet\",\"isPartOf\":{\"@id\":\"https:\/\/www.budokampsport.se\/#website\"},\"primaryImageOfPage\":{\"@id\":\"https:\/\/www.budokampsport.se\/2023\/06\/21\/iaido-em-till-sverige-nasta-ar\/#primaryimage\"},\"image\":{\"@id\":\"https:\/\/www.budokampsport.se\/2023\/06\/21\/iaido-em-till-sverige-nasta-ar\/#primaryimage\"},\"thumbnailUrl\":\"https:\/\/www.budokampsport.se\/wp-content\/uploads\/2017\/11\/laget_em_iaido.jpg\",\"datePublished\":\"2023-06-21T13:48:07+00:00\",\"dateModified\":\"2024-07-04T09:38:13+00:00\",\"author\":{\"@id\":\"https:\/\/www.budokampsport.se\/#\/schema\/person\/5c06d81d14850e2a8ce5493386560145\"},\"description\":\"IAIDO. N\u00e4sta \u00e5r kommer EM i iaido att arrangeras i Sverige, n\u00e4rmare best\u00e4mt i G\u00f6teborg, meddelar Svenska Kendof\u00f6rbundet p\u00e5 sin hemsida.\",\"breadcrumb\":{\"@id\":\"https:\/\/www.budokampsport.se\/2023\/06\/21\/iaido-em-till-sverige-nasta-ar\/#breadcrumb\"},\"inLanguage\":\"sv-SE\",\"potentialAction\":[{\"@type\":\"ReadAction\",\"target\":[\"https:\/\/www.budokampsport.se\/2023\/06\/21\/iaido-em-till-sverige-nasta-ar\/\"]}]},{\"@type\":\"ImageObject\",\"inLanguage\":\"sv-SE\",\"@id\":\"https:\/\/www.budokampsport.se\/2023\/06\/21\/iaido-em-till-sverige-nasta-ar\/#primaryimage\",\"url\":\"https:\/\/www.budokampsport.se\/wp-content\/uploads\/2017\/11\/laget_em_iaido.jpg\",\"contentUrl\":\"https:\/\/www.budokampsport.se\/wp-content\/uploads\/2017\/11\/laget_em_iaido.jpg\",\"width\":850,\"height\":556},{\"@type\":\"BreadcrumbList\",\"@id\":\"https:\/\/www.budokampsport.se\/2023\/06\/21\/iaido-em-till-sverige-nasta-ar\/#breadcrumb\",\"itemListElement\":[{\"@type\":\"ListItem\",\"position\":1,\"name\":\"Hem\",\"item\":\"https:\/\/www.budokampsport.se\/\"},{\"@type\":\"ListItem\",\"position\":2,\"name\":\"Iaido-EM till Sverige n\u00e4sta \u00e5r\"}]},{\"@type\":\"WebSite\",\"@id\":\"https:\/\/www.budokampsport.se\/#website\",\"url\":\"https:\/\/www.budokampsport.se\/\",\"name\":\"Svenska Budo &amp; Kampsportsf\u00f6rbundet\",\"description\":\"T\u00e4vling, Tr\u00e4ning, Tradition\",\"potentialAction\":[{\"@type\":\"SearchAction\",\"target\":{\"@type\":\"EntryPoint\",\"urlTemplate\":\"https:\/\/www.budokampsport.se\/?s={search_term_string}\"},\"query-input\":{\"@type\":\"PropertyValueSpecification\",\"valueRequired\":true,\"valueName\":\"search_term_string\"}}],\"inLanguage\":\"sv-SE\"},{\"@type\":\"Person\",\"@id\":\"https:\/\/www.budokampsport.se\/#\/schema\/person\/5c06d81d14850e2a8ce5493386560145\",\"name\":\"Jonathan Broberg\",\"image\":{\"@type\":\"ImageObject\",\"inLanguage\":\"sv-SE\",\"@id\":\"https:\/\/www.budokampsport.se\/#\/schema\/person\/image\/\",\"url\":\"https:\/\/secure.gravatar.com\/avatar\/a58041c6cea9128bd9c40ee2f26d4136?s=96&d=blank&r=g\",\"contentUrl\":\"https:\/\/secure.gravatar.com\/avatar\/a58041c6cea9128bd9c40ee2f26d4136?s=96&d=blank&r=g\",\"caption\":\"Jonathan Broberg\"},\"sameAs\":[\"https:\/\/www.facebook.com\/jonathan.broberg.7\"],\"url\":\"https:\/\/www.budokampsport.se\/author\/jonathan\/\"}]}<\/script>\n<!-- \/ Yoast SEO plugin. -->","yoast_head_json":{"title":"Iaido-EM till Sverige n\u00e4sta \u00e5r - Svenska Budo &amp; Kampsportsf\u00f6rbundet","description":"IAIDO. N\u00e4sta \u00e5r kommer EM i iaido att arrangeras i Sverige, n\u00e4rmare best\u00e4mt i G\u00f6teborg, meddelar Svenska Kendof\u00f6rbundet p\u00e5 sin hemsida.","robots":{"index":"index","follow":"follow","max-snippet":"max-snippet:-1","max-image-preview":"max-image-preview:large","max-video-preview":"max-video-preview:-1"},"canonical":"https:\/\/www.budokampsport.se\/2023\/06\/21\/iaido-em-till-sverige-nasta-ar\/","og_locale":"sv_SE","og_type":"article","og_title":"Iaido-EM till Sverige n\u00e4sta \u00e5r - Svenska Budo &amp; Kampsportsf\u00f6rbundet","og_description":"IAIDO. N\u00e4sta \u00e5r kommer EM i iaido att arrangeras i Sverige, n\u00e4rmare best\u00e4mt i G\u00f6teborg, meddelar Svenska Kendof\u00f6rbundet p\u00e5 sin hemsida.","og_url":"https:\/\/www.budokampsport.se\/2023\/06\/21\/iaido-em-till-sverige-nasta-ar\/","og_site_name":"Svenska Budo &amp; Kampsportsf\u00f6rbundet","article_author":"https:\/\/www.facebook.com\/jonathan.broberg.7","article_published_time":"2023-06-21T13:48:07+00:00","article_modified_time":"2024-07-04T09:38:13+00:00","og_image":[{"width":850,"height":556,"url":"https:\/\/www.budokampsport.se\/wp-content\/uploads\/2017\/11\/laget_em_iaido.jpg","type":"image\/jpeg"}],"author":"Jonathan Broberg","twitter_card":"summary_large_image","twitter_misc":{"Skriven av":"Jonathan Broberg","Ber\u00e4knad l\u00e4stid":"3 minuter"},"schema":{"@context":"https:\/\/schema.org","@graph":[{"@type":"Article","@id":"https:\/\/www.budokampsport.se\/2023\/06\/21\/iaido-em-till-sverige-nasta-ar\/#article","isPartOf":{"@id":"https:\/\/www.budokampsport.se\/2023\/06\/21\/iaido-em-till-sverige-nasta-ar\/"},"author":{"name":"Jonathan Broberg","@id":"https:\/\/www.budokampsport.se\/#\/schema\/person\/5c06d81d14850e2a8ce5493386560145"},"headline":"Iaido-EM till Sverige n\u00e4sta \u00e5r","datePublished":"2023-06-21T13:48:07+00:00","dateModified":"2024-07-04T09:38:13+00:00","mainEntityOfPage":{"@id":"https:\/\/www.budokampsport.se\/2023\/06\/21\/iaido-em-till-sverige-nasta-ar\/"},"wordCount":129,"image":{"@id":"https:\/\/www.budokampsport.se\/2023\/06\/21\/iaido-em-till-sverige-nasta-ar\/#primaryimage"},"thumbnailUrl":"https:\/\/www.budokampsport.se\/wp-content\/uploads\/2017\/11\/laget_em_iaido.jpg","articleSection":["Iaido"],"inLanguage":"sv-SE"},{"@type":"WebPage","@id":"https:\/\/www.budokampsport.se\/2023\/06\/21\/iaido-em-till-sverige-nasta-ar\/","url":"https:\/\/www.budokampsport.se\/2023\/06\/21\/iaido-em-till-sverige-nasta-ar\/","name":"Iaido-EM till Sverige n\u00e4sta \u00e5r - Svenska Budo &amp; Kampsportsf\u00f6rbundet","isPartOf":{"@id":"https:\/\/www.budokampsport.se\/#website"},"primaryImageOfPage":{"@id":"https:\/\/www.budokampsport.se\/2023\/06\/21\/iaido-em-till-sverige-nasta-ar\/#primaryimage"},"image":{"@id":"https:\/\/www.budokampsport.se\/2023\/06\/21\/iaido-em-till-sverige-nasta-ar\/#primaryimage"},"thumbnailUrl":"https:\/\/www.budokampsport.se\/wp-content\/uploads\/2017\/11\/laget_em_iaido.jpg","datePublished":"2023-06-21T13:48:07+00:00","dateModified":"2024-07-04T09:38:13+00:00","author":{"@id":"https:\/\/www.budokampsport.se\/#\/schema\/person\/5c06d81d14850e2a8ce5493386560145"},"description":"IAIDO. N\u00e4sta \u00e5r kommer EM i iaido att arrangeras i Sverige, n\u00e4rmare best\u00e4mt i G\u00f6teborg, meddelar Svenska Kendof\u00f6rbundet p\u00e5 sin hemsida.","breadcrumb":{"@id":"https:\/\/www.budokampsport.se\/2023\/06\/21\/iaido-em-till-sverige-nasta-ar\/#breadcrumb"},"inLanguage":"sv-SE","potentialAction":[{"@type":"ReadAction","target":["https:\/\/www.budokampsport.se\/2023\/06\/21\/iaido-em-till-sverige-nasta-ar\/"]}]},{"@type":"ImageObject","inLanguage":"sv-SE","@id":"https:\/\/www.budokampsport.se\/2023\/06\/21\/iaido-em-till-sverige-nasta-ar\/#primaryimage","url":"https:\/\/www.budokampsport.se\/wp-content\/uploads\/2017\/11\/laget_em_iaido.jpg","contentUrl":"https:\/\/www.budokampsport.se\/wp-content\/uploads\/2017\/11\/laget_em_iaido.jpg","width":850,"height":556},{"@type":"BreadcrumbList","@id":"https:\/\/www.budokampsport.se\/2023\/06\/21\/iaido-em-till-sverige-nasta-ar\/#breadcrumb","itemListElement":[{"@type":"ListItem","position":1,"name":"Hem","item":"https:\/\/www.budokampsport.se\/"},{"@type":"ListItem","position":2,"name":"Iaido-EM till Sverige n\u00e4sta \u00e5r"}]},{"@type":"WebSite","@id":"https:\/\/www.budokampsport.se\/#website","url":"https:\/\/www.budokampsport.se\/","name":"Svenska Budo &amp; Kampsportsf\u00f6rbundet","description":"T\u00e4vling, Tr\u00e4ning, Tradition","potentialAction":[{"@type":"SearchAction","target":{"@type":"EntryPoint","urlTemplate":"https:\/\/www.budokampsport.se\/?s={search_term_string}"},"query-input":{"@type":"PropertyValueSpecification","valueRequired":true,"valueName":"search_term_string"}}],"inLanguage":"sv-SE"},{"@type":"Person","@id":"https:\/\/www.budokampsport.se\/#\/schema\/person\/5c06d81d14850e2a8ce5493386560145","name":"Jonathan Broberg","image":{"@type":"ImageObject","inLanguage":"sv-SE","@id":"https:\/\/www.budokampsport.se\/#\/schema\/person\/image\/","url":"https:\/\/secure.gravatar.com\/avatar\/a58041c6cea9128bd9c40ee2f26d4136?s=96&d=blank&r=g","contentUrl":"https:\/\/secure.gravatar.com\/avatar\/a58041c6cea9128bd9c40ee2f26d4136?s=96&d=blank&r=g","caption":"Jonathan Broberg"},"sameAs":["https:\/\/www.facebook.com\/jonathan.broberg.7"],"url":"https:\/\/www.budokampsport.se\/author\/jonathan\/"}]}},"_links":{"self":[{"href":"https:\/\/www.budokampsport.se\/api\/wp\/v2\/posts\/154377","targetHints":{"allow":["GET"]}}],"collection":[{"href":"https:\/\/www.budokampsport.se\/api\/wp\/v2\/posts"}],"about":[{"href":"https:\/\/www.budokampsport.se\/api\/wp\/v2\/types\/post"}],"author":[{"embeddable":true,"href":"https:\/\/www.budokampsport.se\/api\/wp\/v2\/users\/7"}],"replies":[{"embeddable":true,"href":"https:\/\/www.budokampsport.se\/api\/wp\/v2\/comments?post=154377"}],"version-history":[{"count":0,"href":"https:\/\/www.budokampsport.se\/api\/wp\/v2\/posts\/154377\/revisions"}],"wp:featuredmedia":[{"embeddable":true,"href":"https:\/\/www.budokampsport.se\/api\/wp\/v2\/media\/53260"}],"wp:attachment":[{"href":"https:\/\/www.budokampsport.se\/api\/wp\/v2\/media?parent=154377"}],"wp:term":[{"taxonomy":"category","embeddable":true,"href":"https:\/\/www.budokampsport.se\/api\/wp\/v2\/categories?post=154377"},{"taxonomy":"post_tag","embeddable":true,"href":"https:\/\/www.budokampsport.se\/api\/wp\/v2\/tags?post=154377"}],"curies":[{"name":"wp","href":"https:\/\/api.w.org\/{rel}","templated":true}]}}