{"id":154440,"date":"2023-06-27T13:35:04","date_gmt":"2023-06-27T11:35:04","guid":{"rendered":"https:\/\/www.budokampsport.se\/?p=154440"},"modified":"2024-07-04T11:38:01","modified_gmt":"2024-07-04T09:38:01","slug":"iaido-landslaget-till-em-i-host","status":"publish","type":"post","link":"https:\/\/www.budokampsport.se\/2023\/06\/27\/iaido-landslaget-till-em-i-host\/","title":{"rendered":"Iaido-landslaget till EM i h\u00f6st"},"content":{"rendered":"<p>Nyligen ber\u00e4ttade vi att EM i iaido 2024 kommer att <a href=\"https:\/\/www.budokampsport.se\/2023\/06\/21\/iaido-em-till-sverige-nasta-ar\/\" target=\"_blank\" rel=\"noopener\">arrangeras i Sverige<\/a>. Men innan dess ska EM i \u00e5r h\u00e5llas i M\u00fcnchen mellan 27-29 oktober.<\/p>\n<p>Den svenska EM-truppen \u00e4r uttagen, \u00e4ven om det fortfarande finns tv\u00e5 lag f\u00f6r landslagsledningen att v\u00e4lja mellan. Det skriver Svenska Kendof\u00f6rbundet p\u00e5 sin hemsida.<\/p>\n<h3>H\u00e4r \u00e4r den svenska EM-truppen<\/h3>\n<table style=\"border-collapse: collapse; width: 100%; height: 720px;\">\n<tbody>\n<tr style=\"height: 96px;\">\n<td style=\"width: 100%; height: 96px;\"><strong>MUDAN<\/strong><br \/>\n<img loading=\"lazy\" decoding=\"async\" class=\"alignnone  wp-image-122883\" src=\"https:\/\/www.budokampsport.se\/wp-content\/uploads\/2020\/11\/sweden-flag-icon-16.png\" alt=\"Sveriges flagga\" width=\"14\" height=\"9\" \/> <strong>Douglas Anderberg<\/strong>, <span style=\"font-size: 10pt;\">Koshinkan budoklubb<\/span><br \/>\n<img loading=\"lazy\" decoding=\"async\" class=\"alignnone  wp-image-122883\" src=\"https:\/\/www.budokampsport.se\/wp-content\/uploads\/2020\/11\/sweden-flag-icon-16.png\" alt=\"Sveriges flagga\" width=\"14\" height=\"9\" \/> <strong>Anna Thelander<\/strong>, <span style=\"font-size: 10pt;\">Honto iaidoklubb<\/span><br \/>\n<span style=\"font-size: 10pt;\"><em>reserv: Oskar Boeryd, Honto iaidoklubb<\/em><\/span><\/td>\n<\/tr>\n<tr style=\"height: 72px;\">\n<td style=\"width: 100%; height: 72px;\"><strong>SHODAN<\/strong><br \/>\n<img loading=\"lazy\" decoding=\"async\" class=\"alignnone  wp-image-122883\" src=\"https:\/\/www.budokampsport.se\/wp-content\/uploads\/2020\/11\/sweden-flag-icon-16.png\" alt=\"Sveriges flagga\" width=\"14\" height=\"9\" \/> <strong>David Pettersson<\/strong>, <span style=\"font-size: 10pt;\">Komaki iai kendof\u00f6rening<\/span><br \/>\n<img loading=\"lazy\" decoding=\"async\" class=\"alignnone  wp-image-122883\" src=\"https:\/\/www.budokampsport.se\/wp-content\/uploads\/2020\/11\/sweden-flag-icon-16.png\" alt=\"Sveriges flagga\" width=\"14\" height=\"9\" \/> <strong>Filip Danielsson<\/strong>, <span style=\"font-size: 10pt;\">FSKA<\/span><\/td>\n<\/tr>\n<tr style=\"height: 72px;\">\n<td style=\"width: 100%; height: 72px;\"><strong>NIDAN<\/strong><br \/>\n<img loading=\"lazy\" decoding=\"async\" class=\"alignnone  wp-image-122883\" src=\"https:\/\/www.budokampsport.se\/wp-content\/uploads\/2020\/11\/sweden-flag-icon-16.png\" alt=\"Sveriges flagga\" width=\"14\" height=\"9\" \/> <strong>Thomas Erger<\/strong>, <span style=\"font-size: 10pt;\">Link\u00f6pings budoklubb<\/span><br \/>\n<img loading=\"lazy\" decoding=\"async\" class=\"alignnone  wp-image-122883\" src=\"https:\/\/www.budokampsport.se\/wp-content\/uploads\/2020\/11\/sweden-flag-icon-16.png\" alt=\"Sveriges flagga\" width=\"14\" height=\"9\" \/> <strong>Peter Scherzenlehner<\/strong>, <span style=\"font-size: 10pt;\">United Fighters IF<\/span><\/td>\n<\/tr>\n<tr style=\"height: 96px;\">\n<td style=\"width: 100%; height: 96px;\"><strong>SANDAN<\/strong><br \/>\n<img loading=\"lazy\" decoding=\"async\" class=\"alignnone  wp-image-122883\" src=\"https:\/\/www.budokampsport.se\/wp-content\/uploads\/2020\/11\/sweden-flag-icon-16.png\" alt=\"Sveriges flagga\" width=\"14\" height=\"9\" \/> <strong>Oscar Nilz\u00e9n<\/strong>, <span style=\"font-size: 10pt;\">G\u00f6teborgs budos\u00e4llskap Shobukan<\/span><br \/>\n<img loading=\"lazy\" decoding=\"async\" class=\"alignnone  wp-image-122883\" src=\"https:\/\/www.budokampsport.se\/wp-content\/uploads\/2020\/11\/sweden-flag-icon-16.png\" alt=\"Sveriges flagga\" width=\"14\" height=\"9\" \/> <strong>Christopher Pettersson<\/strong>, <span style=\"font-size: 10pt;\">Shimbukan Skellefte\u00e5 budoklubb<\/span><br \/>\n<span style=\"font-size: 10pt;\"><em>reserv: Jessica Stringer Bodin, FSKA<\/em><\/span><\/td>\n<\/tr>\n<tr style=\"height: 96px;\">\n<td style=\"width: 100%; height: 96px;\"><strong>YONDAN<\/strong><br \/>\n<img loading=\"lazy\" decoding=\"async\" class=\"alignnone  wp-image-122883\" src=\"https:\/\/www.budokampsport.se\/wp-content\/uploads\/2020\/11\/sweden-flag-icon-16.png\" alt=\"Sveriges flagga\" width=\"14\" height=\"9\" \/><strong> Anna-Lena Waldest\u00e5l<\/strong>, <span style=\"font-size: 10pt;\">Koshinkan budoklubb<\/span><br \/>\n<img loading=\"lazy\" decoding=\"async\" class=\"alignnone  wp-image-122883\" src=\"https:\/\/www.budokampsport.se\/wp-content\/uploads\/2020\/11\/sweden-flag-icon-16.png\" alt=\"Sveriges flagga\" width=\"14\" height=\"9\" \/> <strong>Tobias Kandenberg<\/strong>, <span style=\"font-size: 10pt;\">S\u00f6lvesborgs budos\u00e4llskap<\/span><br \/>\n<span style=\"font-size: 10pt;\"><em>reserv: Patrik Karlsson, Link\u00f6pings budoklubb<\/em><\/span><\/td>\n<\/tr>\n<tr style=\"height: 96px;\">\n<td style=\"width: 100%; height: 96px;\"><strong>GODAN<\/strong><br \/>\n<img loading=\"lazy\" decoding=\"async\" class=\"alignnone  wp-image-122883\" src=\"https:\/\/www.budokampsport.se\/wp-content\/uploads\/2020\/11\/sweden-flag-icon-16.png\" alt=\"Sveriges flagga\" width=\"14\" height=\"9\" \/> <strong>Simon Bleiker<\/strong>, <span style=\"font-size: 10pt;\">FSKA<\/span><br \/>\n<img loading=\"lazy\" decoding=\"async\" class=\"alignnone  wp-image-122883\" src=\"https:\/\/www.budokampsport.se\/wp-content\/uploads\/2020\/11\/sweden-flag-icon-16.png\" alt=\"Sveriges flagga\" width=\"14\" height=\"9\" \/> <strong>Leif Sunje<\/strong>, <span style=\"font-size: 10pt;\">Honto iaidoklubb<\/span><br \/>\n<span style=\"font-size: 10pt;\"><em>reserv: Mattias Jansson, Link\u00f6pings budoklubb<\/em><\/span><\/td>\n<\/tr>\n<tr style=\"height: 72px;\">\n<td style=\"width: 100%; height: 72px;\"><strong>ROKUDAN<\/strong><br \/>\n<img loading=\"lazy\" decoding=\"async\" class=\"alignnone  wp-image-122883\" src=\"https:\/\/www.budokampsport.se\/wp-content\/uploads\/2020\/11\/sweden-flag-icon-16.png\" alt=\"Sveriges flagga\" width=\"14\" height=\"9\" \/> <strong>Sida Yin<\/strong>, <span style=\"font-size: 10pt;\">FSKA<\/span><br \/>\n<img loading=\"lazy\" decoding=\"async\" class=\"alignnone  wp-image-122883\" src=\"https:\/\/www.budokampsport.se\/wp-content\/uploads\/2020\/11\/sweden-flag-icon-16.png\" alt=\"Sveriges flagga\" width=\"14\" height=\"9\" \/> <strong>Jesper Waldest\u00e5l<\/strong>, <span style=\"font-size: 10pt;\">Koshinkan budoklubb<\/span><\/td>\n<\/tr>\n<tr style=\"height: 120px;\">\n<td style=\"width: 100%; height: 120px;\"><strong>LAG<\/strong><br \/>\n<img loading=\"lazy\" decoding=\"async\" class=\"alignnone  wp-image-122883\" src=\"https:\/\/www.budokampsport.se\/wp-content\/uploads\/2020\/11\/sweden-flag-icon-16.png\" alt=\"Sveriges flagga\" width=\"14\" height=\"9\" \/> <strong>Filip Danielsson<\/strong>,<span style=\"font-size: 10pt;\"> 1dan<\/span><br \/>\n<img loading=\"lazy\" decoding=\"async\" class=\"alignnone  wp-image-122883\" src=\"https:\/\/www.budokampsport.se\/wp-content\/uploads\/2020\/11\/sweden-flag-icon-16.png\" alt=\"Sveriges flagga\" width=\"14\" height=\"9\" \/> <strong>Anna-Lena Waldest\u00e5l<\/strong>, <span style=\"font-size: 10pt;\">4dan<\/span><br \/>\n<img loading=\"lazy\" decoding=\"async\" class=\"alignnone  wp-image-122883\" src=\"https:\/\/www.budokampsport.se\/wp-content\/uploads\/2020\/11\/sweden-flag-icon-16.png\" alt=\"Sveriges flagga\" width=\"14\" height=\"9\" \/> <strong>Tobias Kandenberg<\/strong>, <span style=\"font-size: 10pt;\">4dan<\/span><br \/>\n<img loading=\"lazy\" decoding=\"async\" class=\"alignnone  wp-image-122883\" src=\"https:\/\/www.budokampsport.se\/wp-content\/uploads\/2020\/11\/sweden-flag-icon-16.png\" alt=\"Sveriges flagga\" width=\"14\" height=\"9\" \/> <strong>Simon Bleiker<\/strong>, <span style=\"font-size: 10pt;\">5dan<\/span><\/p>\n<p>eller<\/p>\n<p><img loading=\"lazy\" decoding=\"async\" class=\"alignnone  wp-image-122883\" src=\"https:\/\/www.budokampsport.se\/wp-content\/uploads\/2020\/11\/sweden-flag-icon-16.png\" alt=\"Sveriges flagga\" width=\"14\" height=\"9\" \/> <strong>Peter Scherzenlehner<\/strong>, <span style=\"font-size: 10pt;\">2dan<\/span><br \/>\n<img loading=\"lazy\" decoding=\"async\" class=\"alignnone  wp-image-122883\" src=\"https:\/\/www.budokampsport.se\/wp-content\/uploads\/2020\/11\/sweden-flag-icon-16.png\" alt=\"Sveriges flagga\" width=\"14\" height=\"9\" \/> <strong>Thomas Erger<\/strong>, <span style=\"font-size: 10pt;\">2dan<\/span><br \/>\n<img loading=\"lazy\" decoding=\"async\" class=\"alignnone  wp-image-122883\" src=\"https:\/\/www.budokampsport.se\/wp-content\/uploads\/2020\/11\/sweden-flag-icon-16.png\" alt=\"Sveriges flagga\" width=\"14\" height=\"9\" \/> <strong>Anna-Lena Waldest\u00e5l<\/strong>, <span style=\"font-size: 10pt;\">4dan<\/span><br \/>\n<img loading=\"lazy\" decoding=\"async\" class=\"alignnone  wp-image-122883\" src=\"https:\/\/www.budokampsport.se\/wp-content\/uploads\/2020\/11\/sweden-flag-icon-16.png\" alt=\"Sveriges flagga\" width=\"14\" height=\"9\" \/> <strong>Tobias Kandenberg<\/strong>, <span style=\"font-size: 10pt;\">4dan<\/span><\/td>\n<\/tr>\n<\/tbody>\n<\/table>\n","protected":false},"excerpt":{"rendered":"<p>IAIDO. Den svenska truppen till iaido-EM i h\u00f6st \u00e4r uttagen.<br \/><br>(Illustration: Ida Brogren)<\/p><br>","protected":false},"author":7,"featured_media":151087,"comment_status":"closed","ping_status":"closed","sticky":false,"template":"","format":"standard","meta":{"_acf_changed":false,"footnotes":""},"categories":[537],"tags":[],"class_list":["post-154440","post","type-post","status-publish","format-standard","has-post-thumbnail","hentry","category-iaido"],"acf":[],"yoast_head":"<!-- This site is optimized with the Yoast SEO plugin v26.8 - https:\/\/yoast.com\/product\/yoast-seo-wordpress\/ -->\n<title>Iaido-landslaget till EM i h\u00f6st - Svenska Budo &amp; Kampsportsf\u00f6rbundet<\/title>\n<meta name=\"description\" content=\"IAIDO. Den svenska truppen till iaido-EM i h\u00f6st \u00e4r uttagen. (Illustration: Ida Brogren)\" \/>\n<meta name=\"robots\" content=\"index, follow, max-snippet:-1, max-image-preview:large, max-video-preview:-1\" \/>\n<link rel=\"canonical\" href=\"https:\/\/www.budokampsport.se\/2023\/06\/27\/iaido-landslaget-till-em-i-host\/\" \/>\n<meta property=\"og:locale\" content=\"sv_SE\" \/>\n<meta property=\"og:type\" content=\"article\" \/>\n<meta property=\"og:title\" content=\"Iaido-landslaget till EM i h\u00f6st - Svenska Budo &amp; Kampsportsf\u00f6rbundet\" \/>\n<meta property=\"og:description\" content=\"IAIDO. Den svenska truppen till iaido-EM i h\u00f6st \u00e4r uttagen. (Illustration: Ida Brogren)\" \/>\n<meta property=\"og:url\" content=\"https:\/\/www.budokampsport.se\/2023\/06\/27\/iaido-landslaget-till-em-i-host\/\" \/>\n<meta property=\"og:site_name\" content=\"Svenska Budo &amp; Kampsportsf\u00f6rbundet\" \/>\n<meta property=\"article:author\" content=\"https:\/\/www.facebook.com\/jonathan.broberg.7\" \/>\n<meta property=\"article:published_time\" content=\"2023-06-27T11:35:04+00:00\" \/>\n<meta property=\"article:modified_time\" content=\"2024-07-04T09:38:01+00:00\" \/>\n<meta property=\"og:image\" content=\"https:\/\/www.budokampsport.se\/wp-content\/uploads\/2016\/05\/Iaido-copy.png\" \/>\n\t<meta property=\"og:image:width\" content=\"842\" \/>\n\t<meta property=\"og:image:height\" content=\"595\" \/>\n\t<meta property=\"og:image:type\" content=\"image\/png\" \/>\n<meta name=\"author\" content=\"Jonathan Broberg\" \/>\n<meta name=\"twitter:card\" content=\"summary_large_image\" \/>\n<meta name=\"twitter:label1\" content=\"Skriven av\" \/>\n\t<meta name=\"twitter:data1\" content=\"Jonathan Broberg\" \/>\n\t<meta name=\"twitter:label2\" content=\"Ber\u00e4knad l\u00e4stid\" \/>\n\t<meta name=\"twitter:data2\" content=\"6 minuter\" \/>\n<script type=\"application\/ld+json\" class=\"yoast-schema-graph\">{\"@context\":\"https:\/\/schema.org\",\"@graph\":[{\"@type\":\"Article\",\"@id\":\"https:\/\/www.budokampsport.se\/2023\/06\/27\/iaido-landslaget-till-em-i-host\/#article\",\"isPartOf\":{\"@id\":\"https:\/\/www.budokampsport.se\/2023\/06\/27\/iaido-landslaget-till-em-i-host\/\"},\"author\":{\"name\":\"Jonathan Broberg\",\"@id\":\"https:\/\/www.budokampsport.se\/#\/schema\/person\/5c06d81d14850e2a8ce5493386560145\"},\"headline\":\"Iaido-landslaget till EM i h\u00f6st\",\"datePublished\":\"2023-06-27T11:35:04+00:00\",\"dateModified\":\"2024-07-04T09:38:01+00:00\",\"mainEntityOfPage\":{\"@id\":\"https:\/\/www.budokampsport.se\/2023\/06\/27\/iaido-landslaget-till-em-i-host\/\"},\"wordCount\":190,\"image\":{\"@id\":\"https:\/\/www.budokampsport.se\/2023\/06\/27\/iaido-landslaget-till-em-i-host\/#primaryimage\"},\"thumbnailUrl\":\"https:\/\/www.budokampsport.se\/wp-content\/uploads\/2016\/05\/Iaido-copy.png\",\"articleSection\":[\"Iaido\"],\"inLanguage\":\"sv-SE\"},{\"@type\":\"WebPage\",\"@id\":\"https:\/\/www.budokampsport.se\/2023\/06\/27\/iaido-landslaget-till-em-i-host\/\",\"url\":\"https:\/\/www.budokampsport.se\/2023\/06\/27\/iaido-landslaget-till-em-i-host\/\",\"name\":\"Iaido-landslaget till EM i h\u00f6st - Svenska Budo &amp; Kampsportsf\u00f6rbundet\",\"isPartOf\":{\"@id\":\"https:\/\/www.budokampsport.se\/#website\"},\"primaryImageOfPage\":{\"@id\":\"https:\/\/www.budokampsport.se\/2023\/06\/27\/iaido-landslaget-till-em-i-host\/#primaryimage\"},\"image\":{\"@id\":\"https:\/\/www.budokampsport.se\/2023\/06\/27\/iaido-landslaget-till-em-i-host\/#primaryimage\"},\"thumbnailUrl\":\"https:\/\/www.budokampsport.se\/wp-content\/uploads\/2016\/05\/Iaido-copy.png\",\"datePublished\":\"2023-06-27T11:35:04+00:00\",\"dateModified\":\"2024-07-04T09:38:01+00:00\",\"author\":{\"@id\":\"https:\/\/www.budokampsport.se\/#\/schema\/person\/5c06d81d14850e2a8ce5493386560145\"},\"description\":\"IAIDO. Den svenska truppen till iaido-EM i h\u00f6st \u00e4r uttagen. (Illustration: Ida Brogren)\",\"breadcrumb\":{\"@id\":\"https:\/\/www.budokampsport.se\/2023\/06\/27\/iaido-landslaget-till-em-i-host\/#breadcrumb\"},\"inLanguage\":\"sv-SE\",\"potentialAction\":[{\"@type\":\"ReadAction\",\"target\":[\"https:\/\/www.budokampsport.se\/2023\/06\/27\/iaido-landslaget-till-em-i-host\/\"]}]},{\"@type\":\"ImageObject\",\"inLanguage\":\"sv-SE\",\"@id\":\"https:\/\/www.budokampsport.se\/2023\/06\/27\/iaido-landslaget-till-em-i-host\/#primaryimage\",\"url\":\"https:\/\/www.budokampsport.se\/wp-content\/uploads\/2016\/05\/Iaido-copy.png\",\"contentUrl\":\"https:\/\/www.budokampsport.se\/wp-content\/uploads\/2016\/05\/Iaido-copy.png\",\"width\":842,\"height\":595,\"caption\":\"Illustration: Ida Brogren\"},{\"@type\":\"BreadcrumbList\",\"@id\":\"https:\/\/www.budokampsport.se\/2023\/06\/27\/iaido-landslaget-till-em-i-host\/#breadcrumb\",\"itemListElement\":[{\"@type\":\"ListItem\",\"position\":1,\"name\":\"Hem\",\"item\":\"https:\/\/www.budokampsport.se\/\"},{\"@type\":\"ListItem\",\"position\":2,\"name\":\"Iaido-landslaget till EM i h\u00f6st\"}]},{\"@type\":\"WebSite\",\"@id\":\"https:\/\/www.budokampsport.se\/#website\",\"url\":\"https:\/\/www.budokampsport.se\/\",\"name\":\"Svenska Budo &amp; Kampsportsf\u00f6rbundet\",\"description\":\"T\u00e4vling, Tr\u00e4ning, Tradition\",\"potentialAction\":[{\"@type\":\"SearchAction\",\"target\":{\"@type\":\"EntryPoint\",\"urlTemplate\":\"https:\/\/www.budokampsport.se\/?s={search_term_string}\"},\"query-input\":{\"@type\":\"PropertyValueSpecification\",\"valueRequired\":true,\"valueName\":\"search_term_string\"}}],\"inLanguage\":\"sv-SE\"},{\"@type\":\"Person\",\"@id\":\"https:\/\/www.budokampsport.se\/#\/schema\/person\/5c06d81d14850e2a8ce5493386560145\",\"name\":\"Jonathan Broberg\",\"image\":{\"@type\":\"ImageObject\",\"inLanguage\":\"sv-SE\",\"@id\":\"https:\/\/www.budokampsport.se\/#\/schema\/person\/image\/\",\"url\":\"https:\/\/secure.gravatar.com\/avatar\/a58041c6cea9128bd9c40ee2f26d4136?s=96&d=blank&r=g\",\"contentUrl\":\"https:\/\/secure.gravatar.com\/avatar\/a58041c6cea9128bd9c40ee2f26d4136?s=96&d=blank&r=g\",\"caption\":\"Jonathan Broberg\"},\"sameAs\":[\"https:\/\/www.facebook.com\/jonathan.broberg.7\"],\"url\":\"https:\/\/www.budokampsport.se\/author\/jonathan\/\"}]}<\/script>\n<!-- \/ Yoast SEO plugin. -->","yoast_head_json":{"title":"Iaido-landslaget till EM i h\u00f6st - Svenska Budo &amp; Kampsportsf\u00f6rbundet","description":"IAIDO. Den svenska truppen till iaido-EM i h\u00f6st \u00e4r uttagen. (Illustration: Ida Brogren)","robots":{"index":"index","follow":"follow","max-snippet":"max-snippet:-1","max-image-preview":"max-image-preview:large","max-video-preview":"max-video-preview:-1"},"canonical":"https:\/\/www.budokampsport.se\/2023\/06\/27\/iaido-landslaget-till-em-i-host\/","og_locale":"sv_SE","og_type":"article","og_title":"Iaido-landslaget till EM i h\u00f6st - Svenska Budo &amp; Kampsportsf\u00f6rbundet","og_description":"IAIDO. Den svenska truppen till iaido-EM i h\u00f6st \u00e4r uttagen. (Illustration: Ida Brogren)","og_url":"https:\/\/www.budokampsport.se\/2023\/06\/27\/iaido-landslaget-till-em-i-host\/","og_site_name":"Svenska Budo &amp; Kampsportsf\u00f6rbundet","article_author":"https:\/\/www.facebook.com\/jonathan.broberg.7","article_published_time":"2023-06-27T11:35:04+00:00","article_modified_time":"2024-07-04T09:38:01+00:00","og_image":[{"width":842,"height":595,"url":"https:\/\/www.budokampsport.se\/wp-content\/uploads\/2016\/05\/Iaido-copy.png","type":"image\/png"}],"author":"Jonathan Broberg","twitter_card":"summary_large_image","twitter_misc":{"Skriven av":"Jonathan Broberg","Ber\u00e4knad l\u00e4stid":"6 minuter"},"schema":{"@context":"https:\/\/schema.org","@graph":[{"@type":"Article","@id":"https:\/\/www.budokampsport.se\/2023\/06\/27\/iaido-landslaget-till-em-i-host\/#article","isPartOf":{"@id":"https:\/\/www.budokampsport.se\/2023\/06\/27\/iaido-landslaget-till-em-i-host\/"},"author":{"name":"Jonathan Broberg","@id":"https:\/\/www.budokampsport.se\/#\/schema\/person\/5c06d81d14850e2a8ce5493386560145"},"headline":"Iaido-landslaget till EM i h\u00f6st","datePublished":"2023-06-27T11:35:04+00:00","dateModified":"2024-07-04T09:38:01+00:00","mainEntityOfPage":{"@id":"https:\/\/www.budokampsport.se\/2023\/06\/27\/iaido-landslaget-till-em-i-host\/"},"wordCount":190,"image":{"@id":"https:\/\/www.budokampsport.se\/2023\/06\/27\/iaido-landslaget-till-em-i-host\/#primaryimage"},"thumbnailUrl":"https:\/\/www.budokampsport.se\/wp-content\/uploads\/2016\/05\/Iaido-copy.png","articleSection":["Iaido"],"inLanguage":"sv-SE"},{"@type":"WebPage","@id":"https:\/\/www.budokampsport.se\/2023\/06\/27\/iaido-landslaget-till-em-i-host\/","url":"https:\/\/www.budokampsport.se\/2023\/06\/27\/iaido-landslaget-till-em-i-host\/","name":"Iaido-landslaget till EM i h\u00f6st - Svenska Budo &amp; Kampsportsf\u00f6rbundet","isPartOf":{"@id":"https:\/\/www.budokampsport.se\/#website"},"primaryImageOfPage":{"@id":"https:\/\/www.budokampsport.se\/2023\/06\/27\/iaido-landslaget-till-em-i-host\/#primaryimage"},"image":{"@id":"https:\/\/www.budokampsport.se\/2023\/06\/27\/iaido-landslaget-till-em-i-host\/#primaryimage"},"thumbnailUrl":"https:\/\/www.budokampsport.se\/wp-content\/uploads\/2016\/05\/Iaido-copy.png","datePublished":"2023-06-27T11:35:04+00:00","dateModified":"2024-07-04T09:38:01+00:00","author":{"@id":"https:\/\/www.budokampsport.se\/#\/schema\/person\/5c06d81d14850e2a8ce5493386560145"},"description":"IAIDO. Den svenska truppen till iaido-EM i h\u00f6st \u00e4r uttagen. (Illustration: Ida Brogren)","breadcrumb":{"@id":"https:\/\/www.budokampsport.se\/2023\/06\/27\/iaido-landslaget-till-em-i-host\/#breadcrumb"},"inLanguage":"sv-SE","potentialAction":[{"@type":"ReadAction","target":["https:\/\/www.budokampsport.se\/2023\/06\/27\/iaido-landslaget-till-em-i-host\/"]}]},{"@type":"ImageObject","inLanguage":"sv-SE","@id":"https:\/\/www.budokampsport.se\/2023\/06\/27\/iaido-landslaget-till-em-i-host\/#primaryimage","url":"https:\/\/www.budokampsport.se\/wp-content\/uploads\/2016\/05\/Iaido-copy.png","contentUrl":"https:\/\/www.budokampsport.se\/wp-content\/uploads\/2016\/05\/Iaido-copy.png","width":842,"height":595,"caption":"Illustration: Ida Brogren"},{"@type":"BreadcrumbList","@id":"https:\/\/www.budokampsport.se\/2023\/06\/27\/iaido-landslaget-till-em-i-host\/#breadcrumb","itemListElement":[{"@type":"ListItem","position":1,"name":"Hem","item":"https:\/\/www.budokampsport.se\/"},{"@type":"ListItem","position":2,"name":"Iaido-landslaget till EM i h\u00f6st"}]},{"@type":"WebSite","@id":"https:\/\/www.budokampsport.se\/#website","url":"https:\/\/www.budokampsport.se\/","name":"Svenska Budo &amp; Kampsportsf\u00f6rbundet","description":"T\u00e4vling, Tr\u00e4ning, Tradition","potentialAction":[{"@type":"SearchAction","target":{"@type":"EntryPoint","urlTemplate":"https:\/\/www.budokampsport.se\/?s={search_term_string}"},"query-input":{"@type":"PropertyValueSpecification","valueRequired":true,"valueName":"search_term_string"}}],"inLanguage":"sv-SE"},{"@type":"Person","@id":"https:\/\/www.budokampsport.se\/#\/schema\/person\/5c06d81d14850e2a8ce5493386560145","name":"Jonathan Broberg","image":{"@type":"ImageObject","inLanguage":"sv-SE","@id":"https:\/\/www.budokampsport.se\/#\/schema\/person\/image\/","url":"https:\/\/secure.gravatar.com\/avatar\/a58041c6cea9128bd9c40ee2f26d4136?s=96&d=blank&r=g","contentUrl":"https:\/\/secure.gravatar.com\/avatar\/a58041c6cea9128bd9c40ee2f26d4136?s=96&d=blank&r=g","caption":"Jonathan Broberg"},"sameAs":["https:\/\/www.facebook.com\/jonathan.broberg.7"],"url":"https:\/\/www.budokampsport.se\/author\/jonathan\/"}]}},"_links":{"self":[{"href":"https:\/\/www.budokampsport.se\/api\/wp\/v2\/posts\/154440","targetHints":{"allow":["GET"]}}],"collection":[{"href":"https:\/\/www.budokampsport.se\/api\/wp\/v2\/posts"}],"about":[{"href":"https:\/\/www.budokampsport.se\/api\/wp\/v2\/types\/post"}],"author":[{"embeddable":true,"href":"https:\/\/www.budokampsport.se\/api\/wp\/v2\/users\/7"}],"replies":[{"embeddable":true,"href":"https:\/\/www.budokampsport.se\/api\/wp\/v2\/comments?post=154440"}],"version-history":[{"count":0,"href":"https:\/\/www.budokampsport.se\/api\/wp\/v2\/posts\/154440\/revisions"}],"wp:featuredmedia":[{"embeddable":true,"href":"https:\/\/www.budokampsport.se\/api\/wp\/v2\/media\/151087"}],"wp:attachment":[{"href":"https:\/\/www.budokampsport.se\/api\/wp\/v2\/media?parent=154440"}],"wp:term":[{"taxonomy":"category","embeddable":true,"href":"https:\/\/www.budokampsport.se\/api\/wp\/v2\/categories?post=154440"},{"taxonomy":"post_tag","embeddable":true,"href":"https:\/\/www.budokampsport.se\/api\/wp\/v2\/tags?post=154440"}],"curies":[{"name":"wp","href":"https:\/\/api.w.org\/{rel}","templated":true}]}}