{"id":154806,"date":"2023-07-25T12:00:47","date_gmt":"2023-07-25T10:00:47","guid":{"rendered":"https:\/\/www.budokampsport.se\/?p=154806"},"modified":"2024-06-19T15:48:38","modified_gmt":"2024-06-19T13:48:38","slug":"anmalan-till-tranarutbildning","status":"publish","type":"post","link":"https:\/\/www.budokampsport.se\/2023\/07\/25\/anmalan-till-tranarutbildning\/","title":{"rendered":"Anm\u00e4lan till tr\u00e4narutbildning"},"content":{"rendered":"<p>H\u00f6stens f\u00f6rsta tr\u00e4narutbildning arrangeras i \u00d6stersund den 23-24 september. L\u00e4nk till anm\u00e4lan och information om \u00f6vriga utbildningstillf\u00e4llen finns p\u00e5 F\u00f6rbund \u203a <a href=\"https:\/\/www.budokampsport.se\/forbund\/utbildning\/\" target=\"_blank\" rel=\"noopener\"><strong>Utbildning<\/strong><\/a>.\u00a0<\/p>\n<p>Ingen deltagaravgift tas ut f\u00f6r den som genomf\u00f6r sin utbildning, detta tack vare \u00e5terstartsst\u00f6d som f\u00f6rbundet erh\u00e5llit f\u00f6r kompetensutvecklande insatser.<\/p>\n<p>Varmt v\u00e4lkommen med din anm\u00e4lan!<\/p>\n","protected":false},"excerpt":{"rendered":"<p>UTBILDNING. P\u00e5 sidan f\u00f6r utbildning presenteras aktuella utbildningstillf\u00e4llen och information om anm\u00e4lan. Utbildningarna v\u00e4nder sig till alla medlemmar i SB&#038;K och genomf\u00f6rs utan deltagaravgift.<\/p><br>","protected":false},"author":1195,"featured_media":46875,"comment_status":"closed","ping_status":"closed","sticky":false,"template":"","format":"standard","meta":{"_acf_changed":false,"footnotes":""},"categories":[273],"tags":[],"class_list":["post-154806","post","type-post","status-publish","format-standard","has-post-thumbnail","hentry","category-utbildning"],"acf":[],"yoast_head":"<!-- This site is optimized with the Yoast SEO plugin v26.8 - https:\/\/yoast.com\/product\/yoast-seo-wordpress\/ -->\n<title>Anm\u00e4lan till tr\u00e4narutbildning - Svenska Budo &amp; Kampsportsf\u00f6rbundet<\/title>\n<meta name=\"description\" content=\"UTBILDNING. P\u00e5 sidan f\u00f6r utbildning presenteras aktuella utbildningstillf\u00e4llen och information om anm\u00e4lan. Utbildningarna v\u00e4nder sig till alla medlemmar i SB&amp;K och genomf\u00f6rs utan deltagaravgift.\" \/>\n<meta name=\"robots\" content=\"index, follow, max-snippet:-1, max-image-preview:large, max-video-preview:-1\" \/>\n<link rel=\"canonical\" href=\"https:\/\/www.budokampsport.se\/2023\/07\/25\/anmalan-till-tranarutbildning\/\" \/>\n<meta property=\"og:locale\" content=\"sv_SE\" \/>\n<meta property=\"og:type\" content=\"article\" \/>\n<meta property=\"og:title\" content=\"Anm\u00e4lan till tr\u00e4narutbildning - Svenska Budo &amp; Kampsportsf\u00f6rbundet\" \/>\n<meta property=\"og:description\" content=\"UTBILDNING. P\u00e5 sidan f\u00f6r utbildning presenteras aktuella utbildningstillf\u00e4llen och information om anm\u00e4lan. Utbildningarna v\u00e4nder sig till alla medlemmar i SB&amp;K och genomf\u00f6rs utan deltagaravgift.\" \/>\n<meta property=\"og:url\" content=\"https:\/\/www.budokampsport.se\/2023\/07\/25\/anmalan-till-tranarutbildning\/\" \/>\n<meta property=\"og:site_name\" content=\"Svenska Budo &amp; Kampsportsf\u00f6rbundet\" \/>\n<meta property=\"article:published_time\" content=\"2023-07-25T10:00:47+00:00\" \/>\n<meta property=\"article:modified_time\" content=\"2024-06-19T13:48:38+00:00\" \/>\n<meta property=\"og:image\" content=\"https:\/\/www.budokampsport.se\/wp-content\/uploads\/2017\/06\/Utbildningsbild-till-kalendern-e1624881075293.jpg\" \/>\n\t<meta property=\"og:image:width\" content=\"850\" \/>\n\t<meta property=\"og:image:height\" content=\"641\" \/>\n\t<meta property=\"og:image:type\" content=\"image\/jpeg\" \/>\n<meta name=\"author\" content=\"Kansliet\" \/>\n<meta name=\"twitter:card\" content=\"summary_large_image\" \/>\n<meta name=\"twitter:label1\" content=\"Skriven av\" \/>\n\t<meta name=\"twitter:data1\" content=\"Kansliet\" \/>\n\t<meta name=\"twitter:label2\" content=\"Ber\u00e4knad l\u00e4stid\" \/>\n\t<meta name=\"twitter:data2\" content=\"1 minut\" \/>\n<script type=\"application\/ld+json\" class=\"yoast-schema-graph\">{\"@context\":\"https:\/\/schema.org\",\"@graph\":[{\"@type\":\"Article\",\"@id\":\"https:\/\/www.budokampsport.se\/2023\/07\/25\/anmalan-till-tranarutbildning\/#article\",\"isPartOf\":{\"@id\":\"https:\/\/www.budokampsport.se\/2023\/07\/25\/anmalan-till-tranarutbildning\/\"},\"author\":{\"name\":\"Kansliet\",\"@id\":\"https:\/\/www.budokampsport.se\/#\/schema\/person\/4879786a5505c6e8fc3f5d619a753c3e\"},\"headline\":\"Anm\u00e4lan till tr\u00e4narutbildning\",\"datePublished\":\"2023-07-25T10:00:47+00:00\",\"dateModified\":\"2024-06-19T13:48:38+00:00\",\"mainEntityOfPage\":{\"@id\":\"https:\/\/www.budokampsport.se\/2023\/07\/25\/anmalan-till-tranarutbildning\/\"},\"wordCount\":66,\"image\":{\"@id\":\"https:\/\/www.budokampsport.se\/2023\/07\/25\/anmalan-till-tranarutbildning\/#primaryimage\"},\"thumbnailUrl\":\"https:\/\/www.budokampsport.se\/wp-content\/uploads\/2017\/06\/Utbildningsbild-till-kalendern-e1624881075293.jpg\",\"articleSection\":[\"Utbildning\"],\"inLanguage\":\"sv-SE\"},{\"@type\":\"WebPage\",\"@id\":\"https:\/\/www.budokampsport.se\/2023\/07\/25\/anmalan-till-tranarutbildning\/\",\"url\":\"https:\/\/www.budokampsport.se\/2023\/07\/25\/anmalan-till-tranarutbildning\/\",\"name\":\"Anm\u00e4lan till tr\u00e4narutbildning - Svenska Budo &amp; Kampsportsf\u00f6rbundet\",\"isPartOf\":{\"@id\":\"https:\/\/www.budokampsport.se\/#website\"},\"primaryImageOfPage\":{\"@id\":\"https:\/\/www.budokampsport.se\/2023\/07\/25\/anmalan-till-tranarutbildning\/#primaryimage\"},\"image\":{\"@id\":\"https:\/\/www.budokampsport.se\/2023\/07\/25\/anmalan-till-tranarutbildning\/#primaryimage\"},\"thumbnailUrl\":\"https:\/\/www.budokampsport.se\/wp-content\/uploads\/2017\/06\/Utbildningsbild-till-kalendern-e1624881075293.jpg\",\"datePublished\":\"2023-07-25T10:00:47+00:00\",\"dateModified\":\"2024-06-19T13:48:38+00:00\",\"author\":{\"@id\":\"https:\/\/www.budokampsport.se\/#\/schema\/person\/4879786a5505c6e8fc3f5d619a753c3e\"},\"description\":\"UTBILDNING. P\u00e5 sidan f\u00f6r utbildning presenteras aktuella utbildningstillf\u00e4llen och information om anm\u00e4lan. Utbildningarna v\u00e4nder sig till alla medlemmar i SB&K och genomf\u00f6rs utan deltagaravgift.\",\"breadcrumb\":{\"@id\":\"https:\/\/www.budokampsport.se\/2023\/07\/25\/anmalan-till-tranarutbildning\/#breadcrumb\"},\"inLanguage\":\"sv-SE\",\"potentialAction\":[{\"@type\":\"ReadAction\",\"target\":[\"https:\/\/www.budokampsport.se\/2023\/07\/25\/anmalan-till-tranarutbildning\/\"]}]},{\"@type\":\"ImageObject\",\"inLanguage\":\"sv-SE\",\"@id\":\"https:\/\/www.budokampsport.se\/2023\/07\/25\/anmalan-till-tranarutbildning\/#primaryimage\",\"url\":\"https:\/\/www.budokampsport.se\/wp-content\/uploads\/2017\/06\/Utbildningsbild-till-kalendern-e1624881075293.jpg\",\"contentUrl\":\"https:\/\/www.budokampsport.se\/wp-content\/uploads\/2017\/06\/Utbildningsbild-till-kalendern-e1624881075293.jpg\",\"width\":850,\"height\":641},{\"@type\":\"BreadcrumbList\",\"@id\":\"https:\/\/www.budokampsport.se\/2023\/07\/25\/anmalan-till-tranarutbildning\/#breadcrumb\",\"itemListElement\":[{\"@type\":\"ListItem\",\"position\":1,\"name\":\"Hem\",\"item\":\"https:\/\/www.budokampsport.se\/\"},{\"@type\":\"ListItem\",\"position\":2,\"name\":\"Anm\u00e4lan till tr\u00e4narutbildning\"}]},{\"@type\":\"WebSite\",\"@id\":\"https:\/\/www.budokampsport.se\/#website\",\"url\":\"https:\/\/www.budokampsport.se\/\",\"name\":\"Svenska Budo &amp; Kampsportsf\u00f6rbundet\",\"description\":\"T\u00e4vling, Tr\u00e4ning, Tradition\",\"potentialAction\":[{\"@type\":\"SearchAction\",\"target\":{\"@type\":\"EntryPoint\",\"urlTemplate\":\"https:\/\/www.budokampsport.se\/?s={search_term_string}\"},\"query-input\":{\"@type\":\"PropertyValueSpecification\",\"valueRequired\":true,\"valueName\":\"search_term_string\"}}],\"inLanguage\":\"sv-SE\"},{\"@type\":\"Person\",\"@id\":\"https:\/\/www.budokampsport.se\/#\/schema\/person\/4879786a5505c6e8fc3f5d619a753c3e\",\"name\":\"Kansliet\",\"image\":{\"@type\":\"ImageObject\",\"inLanguage\":\"sv-SE\",\"@id\":\"https:\/\/www.budokampsport.se\/#\/schema\/person\/image\/\",\"url\":\"https:\/\/secure.gravatar.com\/avatar\/14cbc5bb355f5ca0b294dcf8d8981cf4?s=96&d=blank&r=g\",\"contentUrl\":\"https:\/\/secure.gravatar.com\/avatar\/14cbc5bb355f5ca0b294dcf8d8981cf4?s=96&d=blank&r=g\",\"caption\":\"Kansliet\"},\"url\":\"https:\/\/www.budokampsport.se\/author\/kansliet\/\"}]}<\/script>\n<!-- \/ Yoast SEO plugin. -->","yoast_head_json":{"title":"Anm\u00e4lan till tr\u00e4narutbildning - Svenska Budo &amp; Kampsportsf\u00f6rbundet","description":"UTBILDNING. P\u00e5 sidan f\u00f6r utbildning presenteras aktuella utbildningstillf\u00e4llen och information om anm\u00e4lan. Utbildningarna v\u00e4nder sig till alla medlemmar i SB&K och genomf\u00f6rs utan deltagaravgift.","robots":{"index":"index","follow":"follow","max-snippet":"max-snippet:-1","max-image-preview":"max-image-preview:large","max-video-preview":"max-video-preview:-1"},"canonical":"https:\/\/www.budokampsport.se\/2023\/07\/25\/anmalan-till-tranarutbildning\/","og_locale":"sv_SE","og_type":"article","og_title":"Anm\u00e4lan till tr\u00e4narutbildning - Svenska Budo &amp; Kampsportsf\u00f6rbundet","og_description":"UTBILDNING. P\u00e5 sidan f\u00f6r utbildning presenteras aktuella utbildningstillf\u00e4llen och information om anm\u00e4lan. Utbildningarna v\u00e4nder sig till alla medlemmar i SB&K och genomf\u00f6rs utan deltagaravgift.","og_url":"https:\/\/www.budokampsport.se\/2023\/07\/25\/anmalan-till-tranarutbildning\/","og_site_name":"Svenska Budo &amp; Kampsportsf\u00f6rbundet","article_published_time":"2023-07-25T10:00:47+00:00","article_modified_time":"2024-06-19T13:48:38+00:00","og_image":[{"width":850,"height":641,"url":"https:\/\/www.budokampsport.se\/wp-content\/uploads\/2017\/06\/Utbildningsbild-till-kalendern-e1624881075293.jpg","type":"image\/jpeg"}],"author":"Kansliet","twitter_card":"summary_large_image","twitter_misc":{"Skriven av":"Kansliet","Ber\u00e4knad l\u00e4stid":"1 minut"},"schema":{"@context":"https:\/\/schema.org","@graph":[{"@type":"Article","@id":"https:\/\/www.budokampsport.se\/2023\/07\/25\/anmalan-till-tranarutbildning\/#article","isPartOf":{"@id":"https:\/\/www.budokampsport.se\/2023\/07\/25\/anmalan-till-tranarutbildning\/"},"author":{"name":"Kansliet","@id":"https:\/\/www.budokampsport.se\/#\/schema\/person\/4879786a5505c6e8fc3f5d619a753c3e"},"headline":"Anm\u00e4lan till tr\u00e4narutbildning","datePublished":"2023-07-25T10:00:47+00:00","dateModified":"2024-06-19T13:48:38+00:00","mainEntityOfPage":{"@id":"https:\/\/www.budokampsport.se\/2023\/07\/25\/anmalan-till-tranarutbildning\/"},"wordCount":66,"image":{"@id":"https:\/\/www.budokampsport.se\/2023\/07\/25\/anmalan-till-tranarutbildning\/#primaryimage"},"thumbnailUrl":"https:\/\/www.budokampsport.se\/wp-content\/uploads\/2017\/06\/Utbildningsbild-till-kalendern-e1624881075293.jpg","articleSection":["Utbildning"],"inLanguage":"sv-SE"},{"@type":"WebPage","@id":"https:\/\/www.budokampsport.se\/2023\/07\/25\/anmalan-till-tranarutbildning\/","url":"https:\/\/www.budokampsport.se\/2023\/07\/25\/anmalan-till-tranarutbildning\/","name":"Anm\u00e4lan till tr\u00e4narutbildning - Svenska Budo &amp; Kampsportsf\u00f6rbundet","isPartOf":{"@id":"https:\/\/www.budokampsport.se\/#website"},"primaryImageOfPage":{"@id":"https:\/\/www.budokampsport.se\/2023\/07\/25\/anmalan-till-tranarutbildning\/#primaryimage"},"image":{"@id":"https:\/\/www.budokampsport.se\/2023\/07\/25\/anmalan-till-tranarutbildning\/#primaryimage"},"thumbnailUrl":"https:\/\/www.budokampsport.se\/wp-content\/uploads\/2017\/06\/Utbildningsbild-till-kalendern-e1624881075293.jpg","datePublished":"2023-07-25T10:00:47+00:00","dateModified":"2024-06-19T13:48:38+00:00","author":{"@id":"https:\/\/www.budokampsport.se\/#\/schema\/person\/4879786a5505c6e8fc3f5d619a753c3e"},"description":"UTBILDNING. P\u00e5 sidan f\u00f6r utbildning presenteras aktuella utbildningstillf\u00e4llen och information om anm\u00e4lan. Utbildningarna v\u00e4nder sig till alla medlemmar i SB&K och genomf\u00f6rs utan deltagaravgift.","breadcrumb":{"@id":"https:\/\/www.budokampsport.se\/2023\/07\/25\/anmalan-till-tranarutbildning\/#breadcrumb"},"inLanguage":"sv-SE","potentialAction":[{"@type":"ReadAction","target":["https:\/\/www.budokampsport.se\/2023\/07\/25\/anmalan-till-tranarutbildning\/"]}]},{"@type":"ImageObject","inLanguage":"sv-SE","@id":"https:\/\/www.budokampsport.se\/2023\/07\/25\/anmalan-till-tranarutbildning\/#primaryimage","url":"https:\/\/www.budokampsport.se\/wp-content\/uploads\/2017\/06\/Utbildningsbild-till-kalendern-e1624881075293.jpg","contentUrl":"https:\/\/www.budokampsport.se\/wp-content\/uploads\/2017\/06\/Utbildningsbild-till-kalendern-e1624881075293.jpg","width":850,"height":641},{"@type":"BreadcrumbList","@id":"https:\/\/www.budokampsport.se\/2023\/07\/25\/anmalan-till-tranarutbildning\/#breadcrumb","itemListElement":[{"@type":"ListItem","position":1,"name":"Hem","item":"https:\/\/www.budokampsport.se\/"},{"@type":"ListItem","position":2,"name":"Anm\u00e4lan till tr\u00e4narutbildning"}]},{"@type":"WebSite","@id":"https:\/\/www.budokampsport.se\/#website","url":"https:\/\/www.budokampsport.se\/","name":"Svenska Budo &amp; Kampsportsf\u00f6rbundet","description":"T\u00e4vling, Tr\u00e4ning, Tradition","potentialAction":[{"@type":"SearchAction","target":{"@type":"EntryPoint","urlTemplate":"https:\/\/www.budokampsport.se\/?s={search_term_string}"},"query-input":{"@type":"PropertyValueSpecification","valueRequired":true,"valueName":"search_term_string"}}],"inLanguage":"sv-SE"},{"@type":"Person","@id":"https:\/\/www.budokampsport.se\/#\/schema\/person\/4879786a5505c6e8fc3f5d619a753c3e","name":"Kansliet","image":{"@type":"ImageObject","inLanguage":"sv-SE","@id":"https:\/\/www.budokampsport.se\/#\/schema\/person\/image\/","url":"https:\/\/secure.gravatar.com\/avatar\/14cbc5bb355f5ca0b294dcf8d8981cf4?s=96&d=blank&r=g","contentUrl":"https:\/\/secure.gravatar.com\/avatar\/14cbc5bb355f5ca0b294dcf8d8981cf4?s=96&d=blank&r=g","caption":"Kansliet"},"url":"https:\/\/www.budokampsport.se\/author\/kansliet\/"}]}},"_links":{"self":[{"href":"https:\/\/www.budokampsport.se\/api\/wp\/v2\/posts\/154806","targetHints":{"allow":["GET"]}}],"collection":[{"href":"https:\/\/www.budokampsport.se\/api\/wp\/v2\/posts"}],"about":[{"href":"https:\/\/www.budokampsport.se\/api\/wp\/v2\/types\/post"}],"author":[{"embeddable":true,"href":"https:\/\/www.budokampsport.se\/api\/wp\/v2\/users\/1195"}],"replies":[{"embeddable":true,"href":"https:\/\/www.budokampsport.se\/api\/wp\/v2\/comments?post=154806"}],"version-history":[{"count":0,"href":"https:\/\/www.budokampsport.se\/api\/wp\/v2\/posts\/154806\/revisions"}],"wp:featuredmedia":[{"embeddable":true,"href":"https:\/\/www.budokampsport.se\/api\/wp\/v2\/media\/46875"}],"wp:attachment":[{"href":"https:\/\/www.budokampsport.se\/api\/wp\/v2\/media?parent=154806"}],"wp:term":[{"taxonomy":"category","embeddable":true,"href":"https:\/\/www.budokampsport.se\/api\/wp\/v2\/categories?post=154806"},{"taxonomy":"post_tag","embeddable":true,"href":"https:\/\/www.budokampsport.se\/api\/wp\/v2\/tags?post=154806"}],"curies":[{"name":"wp","href":"https:\/\/api.w.org\/{rel}","templated":true}]}}