{"id":154807,"date":"2023-07-21T10:20:58","date_gmt":"2023-07-21T08:20:58","guid":{"rendered":"https:\/\/www.budokampsport.se\/?p=154807"},"modified":"2024-07-15T13:51:56","modified_gmt":"2024-07-15T11:51:56","slug":"em-i-kyudo-i-helgen","status":"publish","type":"post","link":"https:\/\/www.budokampsport.se\/2023\/07\/21\/em-i-kyudo-i-helgen\/","title":{"rendered":"EM i kyudo i helgen"},"content":{"rendered":"<p>P\u00e5 l\u00f6rdag startar EM i kyudo, som den h\u00e4r g\u00e5ngen \u00e4r f\u00f6rlagt till <a href=\"http:\/\/www.ekf-kyudo.org\/events.html\" target=\"_blank\" rel=\"noopener\">Pruszk\u00f3w i Polen<\/a>.<\/p>\n<p>Den svenska truppen \u00e4r fyra t\u00e4vlanden stark, tre ordinarie och en reserv.<\/p>\n<p>P\u00e5 l\u00f6rdag \u00e4r det individuell t\u00e4vlan och s\u00f6ndagen best\u00e5r av lagt\u00e4vlingen.<\/p>\n<p>&#8211; Vi ska f\u00f6rst\u00e5s g\u00f6ra v\u00e5rt b\u00e4sta och k\u00e4nna b\u00e5de stolthet och respekt f\u00f6r uppgiften. Vi har laddat f\u00f6r det h\u00e4r m\u00e4sterskapet sedan i oktober f\u00f6rra \u00e5ret och ser v\u00e4ldigt mycket fram emot att t\u00e4vlingarna startar, s\u00e4ger landslagscoachen Kari Jansson till budokampsport.se.<\/p>\n<h3>H\u00e4r \u00e4r svenska truppen<\/h3>\n<table style=\"border-collapse: collapse; width: 100%;\">\n<tbody>\n<tr>\n<td style=\"width: 100%;\"><img loading=\"lazy\" decoding=\"async\" class=\"alignnone size-full wp-image-122883\" src=\"https:\/\/www.budokampsport.se\/wp-content\/uploads\/2020\/11\/sweden-flag-icon-16.png\" alt=\"Sveriges flagga\" width=\"16\" height=\"10\" \/> <strong>Uwe Klosa<\/strong>, <span style=\"font-size: 10pt;\">Hokushinkan Kyudo (4 dan)\u00a0<\/span><br \/>\n<img loading=\"lazy\" decoding=\"async\" class=\"alignnone size-full wp-image-122883\" src=\"https:\/\/www.budokampsport.se\/wp-content\/uploads\/2020\/11\/sweden-flag-icon-16.png\" alt=\"Sveriges flagga\" width=\"16\" height=\"10\" \/> C<strong>hristine Alveblad<\/strong>, <span style=\"font-size: 10pt;\">Issha Kyudo Kai (2 dan)<\/span><br \/>\n<img loading=\"lazy\" decoding=\"async\" class=\"alignnone size-full wp-image-122883\" src=\"https:\/\/www.budokampsport.se\/wp-content\/uploads\/2020\/11\/sweden-flag-icon-16.png\" alt=\"Sveriges flagga\" width=\"16\" height=\"10\" \/> <strong>Per Ybo<\/strong>,<span style=\"font-size: 10pt;\"> Hokuskinkan Kyudo (3 dan)<\/span><br \/>\n<img loading=\"lazy\" decoding=\"async\" class=\"alignnone size-full wp-image-122883\" src=\"https:\/\/www.budokampsport.se\/wp-content\/uploads\/2020\/11\/sweden-flag-icon-16.png\" alt=\"Sveriges flagga\" width=\"16\" height=\"10\" \/> <strong>Rolf Svensson (reserv)<\/strong>, <span style=\"font-size: 10pt;\">Seikyukai kyudof\u00f6rening (4 dan)<\/span><\/td>\n<\/tr>\n<\/tbody>\n<\/table>\n<p>&nbsp;<\/p>\n<p>Text: Jonathan Broberg<\/p>\n","protected":false},"excerpt":{"rendered":"<p>KYUDO. I helgen \u00e4r det EM i kyudo som h\u00e5lls i polska staden Pruszk\u00f3w. Svenska truppen best\u00e5r av fyra t\u00e4vlande.<br \/><br>&#8211; Vi ser mycket fram emot att t\u00e4vlingarna startar, s\u00e4ger landslagscoachen Kari Jansson till budokampsport.se.<br \/><br>(Illustration: Ida Brogren)<\/p><br>","protected":false},"author":7,"featured_media":151095,"comment_status":"closed","ping_status":"closed","sticky":false,"template":"","format":"standard","meta":{"_acf_changed":false,"footnotes":""},"categories":[575],"tags":[],"class_list":["post-154807","post","type-post","status-publish","format-standard","has-post-thumbnail","hentry","category-kyudo"],"acf":[],"yoast_head":"<!-- This site is optimized with the Yoast SEO plugin v26.8 - https:\/\/yoast.com\/product\/yoast-seo-wordpress\/ -->\n<title>EM i kyudo i helgen - Svenska Budo &amp; Kampsportsf\u00f6rbundet<\/title>\n<meta name=\"description\" content=\"KYUDO. I helgen \u00e4r det EM i kyudo som h\u00e5lls i polska staden Pruszk\u00f3w. Svenska truppen best\u00e5r av fyra t\u00e4vlande. - Vi ser mycket fram emot att t\u00e4vlingarna startar, s\u00e4ger landslagscoachen Kari Jansson till budokampsport.se. (Illustration: Ida Brogren)\" \/>\n<meta name=\"robots\" content=\"index, follow, max-snippet:-1, max-image-preview:large, max-video-preview:-1\" \/>\n<link rel=\"canonical\" href=\"https:\/\/www.budokampsport.se\/2023\/07\/21\/em-i-kyudo-i-helgen\/\" \/>\n<meta property=\"og:locale\" content=\"sv_SE\" \/>\n<meta property=\"og:type\" content=\"article\" \/>\n<meta property=\"og:title\" content=\"EM i kyudo i helgen - Svenska Budo &amp; Kampsportsf\u00f6rbundet\" \/>\n<meta property=\"og:description\" content=\"KYUDO. I helgen \u00e4r det EM i kyudo som h\u00e5lls i polska staden Pruszk\u00f3w. Svenska truppen best\u00e5r av fyra t\u00e4vlande. - Vi ser mycket fram emot att t\u00e4vlingarna startar, s\u00e4ger landslagscoachen Kari Jansson till budokampsport.se. (Illustration: Ida Brogren)\" \/>\n<meta property=\"og:url\" content=\"https:\/\/www.budokampsport.se\/2023\/07\/21\/em-i-kyudo-i-helgen\/\" \/>\n<meta property=\"og:site_name\" content=\"Svenska Budo &amp; Kampsportsf\u00f6rbundet\" \/>\n<meta property=\"article:author\" content=\"https:\/\/www.facebook.com\/jonathan.broberg.7\" \/>\n<meta property=\"article:published_time\" content=\"2023-07-21T08:20:58+00:00\" \/>\n<meta property=\"article:modified_time\" content=\"2024-07-15T11:51:56+00:00\" \/>\n<meta property=\"og:image\" content=\"https:\/\/www.budokampsport.se\/wp-content\/uploads\/2016\/05\/Kyudo-1-copy.png\" \/>\n\t<meta property=\"og:image:width\" content=\"842\" \/>\n\t<meta property=\"og:image:height\" content=\"595\" \/>\n\t<meta property=\"og:image:type\" content=\"image\/png\" \/>\n<meta name=\"author\" content=\"Jonathan Broberg\" \/>\n<meta name=\"twitter:card\" content=\"summary_large_image\" \/>\n<meta name=\"twitter:label1\" content=\"Skriven av\" \/>\n\t<meta name=\"twitter:data1\" content=\"Jonathan Broberg\" \/>\n\t<meta name=\"twitter:label2\" content=\"Ber\u00e4knad l\u00e4stid\" \/>\n\t<meta name=\"twitter:data2\" content=\"2 minuter\" \/>\n<script type=\"application\/ld+json\" class=\"yoast-schema-graph\">{\"@context\":\"https:\/\/schema.org\",\"@graph\":[{\"@type\":\"Article\",\"@id\":\"https:\/\/www.budokampsport.se\/2023\/07\/21\/em-i-kyudo-i-helgen\/#article\",\"isPartOf\":{\"@id\":\"https:\/\/www.budokampsport.se\/2023\/07\/21\/em-i-kyudo-i-helgen\/\"},\"author\":{\"name\":\"Jonathan Broberg\",\"@id\":\"https:\/\/www.budokampsport.se\/#\/schema\/person\/5c06d81d14850e2a8ce5493386560145\"},\"headline\":\"EM i kyudo i helgen\",\"datePublished\":\"2023-07-21T08:20:58+00:00\",\"dateModified\":\"2024-07-15T11:51:56+00:00\",\"mainEntityOfPage\":{\"@id\":\"https:\/\/www.budokampsport.se\/2023\/07\/21\/em-i-kyudo-i-helgen\/\"},\"wordCount\":145,\"image\":{\"@id\":\"https:\/\/www.budokampsport.se\/2023\/07\/21\/em-i-kyudo-i-helgen\/#primaryimage\"},\"thumbnailUrl\":\"https:\/\/www.budokampsport.se\/wp-content\/uploads\/2016\/05\/Kyudo-1-copy.png\",\"articleSection\":[\"Kyudo\"],\"inLanguage\":\"sv-SE\"},{\"@type\":\"WebPage\",\"@id\":\"https:\/\/www.budokampsport.se\/2023\/07\/21\/em-i-kyudo-i-helgen\/\",\"url\":\"https:\/\/www.budokampsport.se\/2023\/07\/21\/em-i-kyudo-i-helgen\/\",\"name\":\"EM i kyudo i helgen - Svenska Budo &amp; Kampsportsf\u00f6rbundet\",\"isPartOf\":{\"@id\":\"https:\/\/www.budokampsport.se\/#website\"},\"primaryImageOfPage\":{\"@id\":\"https:\/\/www.budokampsport.se\/2023\/07\/21\/em-i-kyudo-i-helgen\/#primaryimage\"},\"image\":{\"@id\":\"https:\/\/www.budokampsport.se\/2023\/07\/21\/em-i-kyudo-i-helgen\/#primaryimage\"},\"thumbnailUrl\":\"https:\/\/www.budokampsport.se\/wp-content\/uploads\/2016\/05\/Kyudo-1-copy.png\",\"datePublished\":\"2023-07-21T08:20:58+00:00\",\"dateModified\":\"2024-07-15T11:51:56+00:00\",\"author\":{\"@id\":\"https:\/\/www.budokampsport.se\/#\/schema\/person\/5c06d81d14850e2a8ce5493386560145\"},\"description\":\"KYUDO. I helgen \u00e4r det EM i kyudo som h\u00e5lls i polska staden Pruszk\u00f3w. Svenska truppen best\u00e5r av fyra t\u00e4vlande. - Vi ser mycket fram emot att t\u00e4vlingarna startar, s\u00e4ger landslagscoachen Kari Jansson till budokampsport.se. (Illustration: Ida Brogren)\",\"breadcrumb\":{\"@id\":\"https:\/\/www.budokampsport.se\/2023\/07\/21\/em-i-kyudo-i-helgen\/#breadcrumb\"},\"inLanguage\":\"sv-SE\",\"potentialAction\":[{\"@type\":\"ReadAction\",\"target\":[\"https:\/\/www.budokampsport.se\/2023\/07\/21\/em-i-kyudo-i-helgen\/\"]}]},{\"@type\":\"ImageObject\",\"inLanguage\":\"sv-SE\",\"@id\":\"https:\/\/www.budokampsport.se\/2023\/07\/21\/em-i-kyudo-i-helgen\/#primaryimage\",\"url\":\"https:\/\/www.budokampsport.se\/wp-content\/uploads\/2016\/05\/Kyudo-1-copy.png\",\"contentUrl\":\"https:\/\/www.budokampsport.se\/wp-content\/uploads\/2016\/05\/Kyudo-1-copy.png\",\"width\":842,\"height\":595,\"caption\":\"Illustration: Ida Brogren\"},{\"@type\":\"BreadcrumbList\",\"@id\":\"https:\/\/www.budokampsport.se\/2023\/07\/21\/em-i-kyudo-i-helgen\/#breadcrumb\",\"itemListElement\":[{\"@type\":\"ListItem\",\"position\":1,\"name\":\"Hem\",\"item\":\"https:\/\/www.budokampsport.se\/\"},{\"@type\":\"ListItem\",\"position\":2,\"name\":\"EM i kyudo i helgen\"}]},{\"@type\":\"WebSite\",\"@id\":\"https:\/\/www.budokampsport.se\/#website\",\"url\":\"https:\/\/www.budokampsport.se\/\",\"name\":\"Svenska Budo &amp; Kampsportsf\u00f6rbundet\",\"description\":\"T\u00e4vling, Tr\u00e4ning, Tradition\",\"potentialAction\":[{\"@type\":\"SearchAction\",\"target\":{\"@type\":\"EntryPoint\",\"urlTemplate\":\"https:\/\/www.budokampsport.se\/?s={search_term_string}\"},\"query-input\":{\"@type\":\"PropertyValueSpecification\",\"valueRequired\":true,\"valueName\":\"search_term_string\"}}],\"inLanguage\":\"sv-SE\"},{\"@type\":\"Person\",\"@id\":\"https:\/\/www.budokampsport.se\/#\/schema\/person\/5c06d81d14850e2a8ce5493386560145\",\"name\":\"Jonathan Broberg\",\"image\":{\"@type\":\"ImageObject\",\"inLanguage\":\"sv-SE\",\"@id\":\"https:\/\/www.budokampsport.se\/#\/schema\/person\/image\/\",\"url\":\"https:\/\/secure.gravatar.com\/avatar\/a58041c6cea9128bd9c40ee2f26d4136?s=96&d=blank&r=g\",\"contentUrl\":\"https:\/\/secure.gravatar.com\/avatar\/a58041c6cea9128bd9c40ee2f26d4136?s=96&d=blank&r=g\",\"caption\":\"Jonathan Broberg\"},\"sameAs\":[\"https:\/\/www.facebook.com\/jonathan.broberg.7\"],\"url\":\"https:\/\/www.budokampsport.se\/author\/jonathan\/\"}]}<\/script>\n<!-- \/ Yoast SEO plugin. -->","yoast_head_json":{"title":"EM i kyudo i helgen - Svenska Budo &amp; Kampsportsf\u00f6rbundet","description":"KYUDO. I helgen \u00e4r det EM i kyudo som h\u00e5lls i polska staden Pruszk\u00f3w. Svenska truppen best\u00e5r av fyra t\u00e4vlande. - Vi ser mycket fram emot att t\u00e4vlingarna startar, s\u00e4ger landslagscoachen Kari Jansson till budokampsport.se. (Illustration: Ida Brogren)","robots":{"index":"index","follow":"follow","max-snippet":"max-snippet:-1","max-image-preview":"max-image-preview:large","max-video-preview":"max-video-preview:-1"},"canonical":"https:\/\/www.budokampsport.se\/2023\/07\/21\/em-i-kyudo-i-helgen\/","og_locale":"sv_SE","og_type":"article","og_title":"EM i kyudo i helgen - Svenska Budo &amp; Kampsportsf\u00f6rbundet","og_description":"KYUDO. I helgen \u00e4r det EM i kyudo som h\u00e5lls i polska staden Pruszk\u00f3w. Svenska truppen best\u00e5r av fyra t\u00e4vlande. - Vi ser mycket fram emot att t\u00e4vlingarna startar, s\u00e4ger landslagscoachen Kari Jansson till budokampsport.se. (Illustration: Ida Brogren)","og_url":"https:\/\/www.budokampsport.se\/2023\/07\/21\/em-i-kyudo-i-helgen\/","og_site_name":"Svenska Budo &amp; Kampsportsf\u00f6rbundet","article_author":"https:\/\/www.facebook.com\/jonathan.broberg.7","article_published_time":"2023-07-21T08:20:58+00:00","article_modified_time":"2024-07-15T11:51:56+00:00","og_image":[{"width":842,"height":595,"url":"https:\/\/www.budokampsport.se\/wp-content\/uploads\/2016\/05\/Kyudo-1-copy.png","type":"image\/png"}],"author":"Jonathan Broberg","twitter_card":"summary_large_image","twitter_misc":{"Skriven av":"Jonathan Broberg","Ber\u00e4knad l\u00e4stid":"2 minuter"},"schema":{"@context":"https:\/\/schema.org","@graph":[{"@type":"Article","@id":"https:\/\/www.budokampsport.se\/2023\/07\/21\/em-i-kyudo-i-helgen\/#article","isPartOf":{"@id":"https:\/\/www.budokampsport.se\/2023\/07\/21\/em-i-kyudo-i-helgen\/"},"author":{"name":"Jonathan Broberg","@id":"https:\/\/www.budokampsport.se\/#\/schema\/person\/5c06d81d14850e2a8ce5493386560145"},"headline":"EM i kyudo i helgen","datePublished":"2023-07-21T08:20:58+00:00","dateModified":"2024-07-15T11:51:56+00:00","mainEntityOfPage":{"@id":"https:\/\/www.budokampsport.se\/2023\/07\/21\/em-i-kyudo-i-helgen\/"},"wordCount":145,"image":{"@id":"https:\/\/www.budokampsport.se\/2023\/07\/21\/em-i-kyudo-i-helgen\/#primaryimage"},"thumbnailUrl":"https:\/\/www.budokampsport.se\/wp-content\/uploads\/2016\/05\/Kyudo-1-copy.png","articleSection":["Kyudo"],"inLanguage":"sv-SE"},{"@type":"WebPage","@id":"https:\/\/www.budokampsport.se\/2023\/07\/21\/em-i-kyudo-i-helgen\/","url":"https:\/\/www.budokampsport.se\/2023\/07\/21\/em-i-kyudo-i-helgen\/","name":"EM i kyudo i helgen - Svenska Budo &amp; Kampsportsf\u00f6rbundet","isPartOf":{"@id":"https:\/\/www.budokampsport.se\/#website"},"primaryImageOfPage":{"@id":"https:\/\/www.budokampsport.se\/2023\/07\/21\/em-i-kyudo-i-helgen\/#primaryimage"},"image":{"@id":"https:\/\/www.budokampsport.se\/2023\/07\/21\/em-i-kyudo-i-helgen\/#primaryimage"},"thumbnailUrl":"https:\/\/www.budokampsport.se\/wp-content\/uploads\/2016\/05\/Kyudo-1-copy.png","datePublished":"2023-07-21T08:20:58+00:00","dateModified":"2024-07-15T11:51:56+00:00","author":{"@id":"https:\/\/www.budokampsport.se\/#\/schema\/person\/5c06d81d14850e2a8ce5493386560145"},"description":"KYUDO. I helgen \u00e4r det EM i kyudo som h\u00e5lls i polska staden Pruszk\u00f3w. Svenska truppen best\u00e5r av fyra t\u00e4vlande. - Vi ser mycket fram emot att t\u00e4vlingarna startar, s\u00e4ger landslagscoachen Kari Jansson till budokampsport.se. (Illustration: Ida Brogren)","breadcrumb":{"@id":"https:\/\/www.budokampsport.se\/2023\/07\/21\/em-i-kyudo-i-helgen\/#breadcrumb"},"inLanguage":"sv-SE","potentialAction":[{"@type":"ReadAction","target":["https:\/\/www.budokampsport.se\/2023\/07\/21\/em-i-kyudo-i-helgen\/"]}]},{"@type":"ImageObject","inLanguage":"sv-SE","@id":"https:\/\/www.budokampsport.se\/2023\/07\/21\/em-i-kyudo-i-helgen\/#primaryimage","url":"https:\/\/www.budokampsport.se\/wp-content\/uploads\/2016\/05\/Kyudo-1-copy.png","contentUrl":"https:\/\/www.budokampsport.se\/wp-content\/uploads\/2016\/05\/Kyudo-1-copy.png","width":842,"height":595,"caption":"Illustration: Ida Brogren"},{"@type":"BreadcrumbList","@id":"https:\/\/www.budokampsport.se\/2023\/07\/21\/em-i-kyudo-i-helgen\/#breadcrumb","itemListElement":[{"@type":"ListItem","position":1,"name":"Hem","item":"https:\/\/www.budokampsport.se\/"},{"@type":"ListItem","position":2,"name":"EM i kyudo i helgen"}]},{"@type":"WebSite","@id":"https:\/\/www.budokampsport.se\/#website","url":"https:\/\/www.budokampsport.se\/","name":"Svenska Budo &amp; Kampsportsf\u00f6rbundet","description":"T\u00e4vling, Tr\u00e4ning, Tradition","potentialAction":[{"@type":"SearchAction","target":{"@type":"EntryPoint","urlTemplate":"https:\/\/www.budokampsport.se\/?s={search_term_string}"},"query-input":{"@type":"PropertyValueSpecification","valueRequired":true,"valueName":"search_term_string"}}],"inLanguage":"sv-SE"},{"@type":"Person","@id":"https:\/\/www.budokampsport.se\/#\/schema\/person\/5c06d81d14850e2a8ce5493386560145","name":"Jonathan Broberg","image":{"@type":"ImageObject","inLanguage":"sv-SE","@id":"https:\/\/www.budokampsport.se\/#\/schema\/person\/image\/","url":"https:\/\/secure.gravatar.com\/avatar\/a58041c6cea9128bd9c40ee2f26d4136?s=96&d=blank&r=g","contentUrl":"https:\/\/secure.gravatar.com\/avatar\/a58041c6cea9128bd9c40ee2f26d4136?s=96&d=blank&r=g","caption":"Jonathan Broberg"},"sameAs":["https:\/\/www.facebook.com\/jonathan.broberg.7"],"url":"https:\/\/www.budokampsport.se\/author\/jonathan\/"}]}},"_links":{"self":[{"href":"https:\/\/www.budokampsport.se\/api\/wp\/v2\/posts\/154807","targetHints":{"allow":["GET"]}}],"collection":[{"href":"https:\/\/www.budokampsport.se\/api\/wp\/v2\/posts"}],"about":[{"href":"https:\/\/www.budokampsport.se\/api\/wp\/v2\/types\/post"}],"author":[{"embeddable":true,"href":"https:\/\/www.budokampsport.se\/api\/wp\/v2\/users\/7"}],"replies":[{"embeddable":true,"href":"https:\/\/www.budokampsport.se\/api\/wp\/v2\/comments?post=154807"}],"version-history":[{"count":0,"href":"https:\/\/www.budokampsport.se\/api\/wp\/v2\/posts\/154807\/revisions"}],"wp:featuredmedia":[{"embeddable":true,"href":"https:\/\/www.budokampsport.se\/api\/wp\/v2\/media\/151095"}],"wp:attachment":[{"href":"https:\/\/www.budokampsport.se\/api\/wp\/v2\/media?parent=154807"}],"wp:term":[{"taxonomy":"category","embeddable":true,"href":"https:\/\/www.budokampsport.se\/api\/wp\/v2\/categories?post=154807"},{"taxonomy":"post_tag","embeddable":true,"href":"https:\/\/www.budokampsport.se\/api\/wp\/v2\/tags?post=154807"}],"curies":[{"name":"wp","href":"https:\/\/api.w.org\/{rel}","templated":true}]}}