{"id":154975,"date":"2023-07-31T09:20:02","date_gmt":"2023-07-31T07:20:02","guid":{"rendered":"https:\/\/www.budokampsport.se\/?p=154975"},"modified":"2023-07-31T09:20:02","modified_gmt":"2023-07-31T07:20:02","slug":"oskar-sjoberg-basta-dagen-i-mitt-liv","status":"publish","type":"post","link":"https:\/\/www.budokampsport.se\/2023\/07\/31\/oskar-sjoberg-basta-dagen-i-mitt-liv\/","title":{"rendered":"Oskar Sj\u00f6berg: \u201db\u00e4sta dagen i mitt liv\u201d"},"content":{"rendered":"<p>Det blev tre svenska taido-medaljer under VM i Hirosaka i Japan i helgen.<\/p>\n<p>Ett brons i tenkai (lagt\u00e4vlingen) och i det individuella t\u00e4vlandet tog Oskar Sj\u00f6berg ett silver och ett brons. En bedrift som svensk taido inte upplevt i VM-sammanhang sedan Anna Cervins dubbla VM-medaljer fr\u00e5n 2009.<\/p>\n<p>&#8211; Absolut b\u00e4sta dagen i mitt liv. Jag \u00e4r sjukt n\u00f6jd med allt jag har presterat och jag har gr\u00e5tit mer gl\u00e4djet\u00e5rar idag \u00e4n i hela mitt liv.<\/p>\n<p><em>Fotot \u00e4r en arkivbild.<\/em><\/p>\n<p>Text: Jonathan Broberg<\/p>\n","protected":false},"excerpt":{"rendered":"<p>TAIDO. VM i taido avgjordes i japanska Hirosaka under helgen och det blev allts\u00e5 tre svenska medaljer. Oskar Sj\u00f6berg b\u00e4rgade tv\u00e5 av dessa.<br \/><br>&#8211; Jag har gr\u00e5tit mer gl\u00e4djet\u00e5rar idag \u00e4n vad jag har gjort i hela mitt liv, s\u00e4ger han till budokampsport.se.<br \/><br>(Foto: Gunnar Cervin)<\/p><br>","protected":false},"author":7,"featured_media":103524,"comment_status":"closed","ping_status":"closed","sticky":false,"template":"","format":"standard","meta":{"_acf_changed":false,"footnotes":""},"categories":[1],"tags":[],"class_list":["post-154975","post","type-post","status-publish","format-standard","has-post-thumbnail","hentry","category-okategoriserade"],"acf":[],"yoast_head":"<!-- This site is optimized with the Yoast SEO plugin v26.8 - https:\/\/yoast.com\/product\/yoast-seo-wordpress\/ -->\n<title>Oskar Sj\u00f6berg: \u201db\u00e4sta dagen i mitt liv\u201d - Svenska Budo &amp; Kampsportsf\u00f6rbundet<\/title>\n<meta name=\"description\" content=\"TAIDO. VM i taido avgjordes i japanska Hirosaka under helgen och det blev allts\u00e5 tre svenska medaljer. Oskar Sj\u00f6berg b\u00e4rgade tv\u00e5 av dessa. - Jag har gr\u00e5tit mer gl\u00e4djet\u00e5rar idag \u00e4n vad jag har gjort i hela mitt liv, s\u00e4ger han till budokampsport.se. (Foto: Gunnar Cervin)\" \/>\n<meta name=\"robots\" content=\"index, follow, max-snippet:-1, max-image-preview:large, max-video-preview:-1\" \/>\n<link rel=\"canonical\" href=\"https:\/\/www.budokampsport.se\/2023\/07\/31\/oskar-sjoberg-basta-dagen-i-mitt-liv\/\" \/>\n<meta property=\"og:locale\" content=\"sv_SE\" \/>\n<meta property=\"og:type\" content=\"article\" \/>\n<meta property=\"og:title\" content=\"Oskar Sj\u00f6berg: \u201db\u00e4sta dagen i mitt liv\u201d - Svenska Budo &amp; Kampsportsf\u00f6rbundet\" \/>\n<meta property=\"og:description\" content=\"TAIDO. VM i taido avgjordes i japanska Hirosaka under helgen och det blev allts\u00e5 tre svenska medaljer. Oskar Sj\u00f6berg b\u00e4rgade tv\u00e5 av dessa. - Jag har gr\u00e5tit mer gl\u00e4djet\u00e5rar idag \u00e4n vad jag har gjort i hela mitt liv, s\u00e4ger han till budokampsport.se. (Foto: Gunnar Cervin)\" \/>\n<meta property=\"og:url\" content=\"https:\/\/www.budokampsport.se\/2023\/07\/31\/oskar-sjoberg-basta-dagen-i-mitt-liv\/\" \/>\n<meta property=\"og:site_name\" content=\"Svenska Budo &amp; Kampsportsf\u00f6rbundet\" \/>\n<meta property=\"article:author\" content=\"https:\/\/www.facebook.com\/jonathan.broberg.7\" \/>\n<meta property=\"article:published_time\" content=\"2023-07-31T07:20:02+00:00\" \/>\n<meta property=\"og:image\" content=\"https:\/\/www.budokampsport.se\/wp-content\/uploads\/2019\/08\/oskar_sjoberg-e1625211962379.jpg\" \/>\n\t<meta property=\"og:image:width\" content=\"850\" \/>\n\t<meta property=\"og:image:height\" content=\"473\" \/>\n\t<meta property=\"og:image:type\" content=\"image\/jpeg\" \/>\n<meta name=\"author\" content=\"Jonathan Broberg\" \/>\n<meta name=\"twitter:card\" content=\"summary_large_image\" \/>\n<meta name=\"twitter:label1\" content=\"Skriven av\" \/>\n\t<meta name=\"twitter:data1\" content=\"Jonathan Broberg\" \/>\n\t<meta name=\"twitter:label2\" content=\"Ber\u00e4knad l\u00e4stid\" \/>\n\t<meta name=\"twitter:data2\" content=\"1 minut\" \/>\n<script type=\"application\/ld+json\" class=\"yoast-schema-graph\">{\"@context\":\"https:\/\/schema.org\",\"@graph\":[{\"@type\":\"Article\",\"@id\":\"https:\/\/www.budokampsport.se\/2023\/07\/31\/oskar-sjoberg-basta-dagen-i-mitt-liv\/#article\",\"isPartOf\":{\"@id\":\"https:\/\/www.budokampsport.se\/2023\/07\/31\/oskar-sjoberg-basta-dagen-i-mitt-liv\/\"},\"author\":{\"name\":\"Jonathan Broberg\",\"@id\":\"https:\/\/www.budokampsport.se\/#\/schema\/person\/5c06d81d14850e2a8ce5493386560145\"},\"headline\":\"Oskar Sj\u00f6berg: \u201db\u00e4sta dagen i mitt liv\u201d\",\"datePublished\":\"2023-07-31T07:20:02+00:00\",\"mainEntityOfPage\":{\"@id\":\"https:\/\/www.budokampsport.se\/2023\/07\/31\/oskar-sjoberg-basta-dagen-i-mitt-liv\/\"},\"wordCount\":99,\"image\":{\"@id\":\"https:\/\/www.budokampsport.se\/2023\/07\/31\/oskar-sjoberg-basta-dagen-i-mitt-liv\/#primaryimage\"},\"thumbnailUrl\":\"https:\/\/www.budokampsport.se\/wp-content\/uploads\/2019\/08\/oskar_sjoberg-e1625211962379.jpg\",\"inLanguage\":\"sv-SE\"},{\"@type\":\"WebPage\",\"@id\":\"https:\/\/www.budokampsport.se\/2023\/07\/31\/oskar-sjoberg-basta-dagen-i-mitt-liv\/\",\"url\":\"https:\/\/www.budokampsport.se\/2023\/07\/31\/oskar-sjoberg-basta-dagen-i-mitt-liv\/\",\"name\":\"Oskar Sj\u00f6berg: \u201db\u00e4sta dagen i mitt liv\u201d - Svenska Budo &amp; Kampsportsf\u00f6rbundet\",\"isPartOf\":{\"@id\":\"https:\/\/www.budokampsport.se\/#website\"},\"primaryImageOfPage\":{\"@id\":\"https:\/\/www.budokampsport.se\/2023\/07\/31\/oskar-sjoberg-basta-dagen-i-mitt-liv\/#primaryimage\"},\"image\":{\"@id\":\"https:\/\/www.budokampsport.se\/2023\/07\/31\/oskar-sjoberg-basta-dagen-i-mitt-liv\/#primaryimage\"},\"thumbnailUrl\":\"https:\/\/www.budokampsport.se\/wp-content\/uploads\/2019\/08\/oskar_sjoberg-e1625211962379.jpg\",\"datePublished\":\"2023-07-31T07:20:02+00:00\",\"author\":{\"@id\":\"https:\/\/www.budokampsport.se\/#\/schema\/person\/5c06d81d14850e2a8ce5493386560145\"},\"description\":\"TAIDO. VM i taido avgjordes i japanska Hirosaka under helgen och det blev allts\u00e5 tre svenska medaljer. Oskar Sj\u00f6berg b\u00e4rgade tv\u00e5 av dessa. - Jag har gr\u00e5tit mer gl\u00e4djet\u00e5rar idag \u00e4n vad jag har gjort i hela mitt liv, s\u00e4ger han till budokampsport.se. (Foto: Gunnar Cervin)\",\"breadcrumb\":{\"@id\":\"https:\/\/www.budokampsport.se\/2023\/07\/31\/oskar-sjoberg-basta-dagen-i-mitt-liv\/#breadcrumb\"},\"inLanguage\":\"sv-SE\",\"potentialAction\":[{\"@type\":\"ReadAction\",\"target\":[\"https:\/\/www.budokampsport.se\/2023\/07\/31\/oskar-sjoberg-basta-dagen-i-mitt-liv\/\"]}]},{\"@type\":\"ImageObject\",\"inLanguage\":\"sv-SE\",\"@id\":\"https:\/\/www.budokampsport.se\/2023\/07\/31\/oskar-sjoberg-basta-dagen-i-mitt-liv\/#primaryimage\",\"url\":\"https:\/\/www.budokampsport.se\/wp-content\/uploads\/2019\/08\/oskar_sjoberg-e1625211962379.jpg\",\"contentUrl\":\"https:\/\/www.budokampsport.se\/wp-content\/uploads\/2019\/08\/oskar_sjoberg-e1625211962379.jpg\",\"width\":850,\"height\":473,\"caption\":\"Foto: Gunnar Cervin\"},{\"@type\":\"BreadcrumbList\",\"@id\":\"https:\/\/www.budokampsport.se\/2023\/07\/31\/oskar-sjoberg-basta-dagen-i-mitt-liv\/#breadcrumb\",\"itemListElement\":[{\"@type\":\"ListItem\",\"position\":1,\"name\":\"Hem\",\"item\":\"https:\/\/www.budokampsport.se\/\"},{\"@type\":\"ListItem\",\"position\":2,\"name\":\"Oskar Sj\u00f6berg: \u201db\u00e4sta dagen i mitt liv\u201d\"}]},{\"@type\":\"WebSite\",\"@id\":\"https:\/\/www.budokampsport.se\/#website\",\"url\":\"https:\/\/www.budokampsport.se\/\",\"name\":\"Svenska Budo &amp; Kampsportsf\u00f6rbundet\",\"description\":\"T\u00e4vling, Tr\u00e4ning, Tradition\",\"potentialAction\":[{\"@type\":\"SearchAction\",\"target\":{\"@type\":\"EntryPoint\",\"urlTemplate\":\"https:\/\/www.budokampsport.se\/?s={search_term_string}\"},\"query-input\":{\"@type\":\"PropertyValueSpecification\",\"valueRequired\":true,\"valueName\":\"search_term_string\"}}],\"inLanguage\":\"sv-SE\"},{\"@type\":\"Person\",\"@id\":\"https:\/\/www.budokampsport.se\/#\/schema\/person\/5c06d81d14850e2a8ce5493386560145\",\"name\":\"Jonathan Broberg\",\"image\":{\"@type\":\"ImageObject\",\"inLanguage\":\"sv-SE\",\"@id\":\"https:\/\/www.budokampsport.se\/#\/schema\/person\/image\/\",\"url\":\"https:\/\/secure.gravatar.com\/avatar\/a58041c6cea9128bd9c40ee2f26d4136?s=96&d=blank&r=g\",\"contentUrl\":\"https:\/\/secure.gravatar.com\/avatar\/a58041c6cea9128bd9c40ee2f26d4136?s=96&d=blank&r=g\",\"caption\":\"Jonathan Broberg\"},\"sameAs\":[\"https:\/\/www.facebook.com\/jonathan.broberg.7\"],\"url\":\"https:\/\/www.budokampsport.se\/author\/jonathan\/\"}]}<\/script>\n<!-- \/ Yoast SEO plugin. -->","yoast_head_json":{"title":"Oskar Sj\u00f6berg: \u201db\u00e4sta dagen i mitt liv\u201d - Svenska Budo &amp; Kampsportsf\u00f6rbundet","description":"TAIDO. VM i taido avgjordes i japanska Hirosaka under helgen och det blev allts\u00e5 tre svenska medaljer. Oskar Sj\u00f6berg b\u00e4rgade tv\u00e5 av dessa. - Jag har gr\u00e5tit mer gl\u00e4djet\u00e5rar idag \u00e4n vad jag har gjort i hela mitt liv, s\u00e4ger han till budokampsport.se. (Foto: Gunnar Cervin)","robots":{"index":"index","follow":"follow","max-snippet":"max-snippet:-1","max-image-preview":"max-image-preview:large","max-video-preview":"max-video-preview:-1"},"canonical":"https:\/\/www.budokampsport.se\/2023\/07\/31\/oskar-sjoberg-basta-dagen-i-mitt-liv\/","og_locale":"sv_SE","og_type":"article","og_title":"Oskar Sj\u00f6berg: \u201db\u00e4sta dagen i mitt liv\u201d - Svenska Budo &amp; Kampsportsf\u00f6rbundet","og_description":"TAIDO. VM i taido avgjordes i japanska Hirosaka under helgen och det blev allts\u00e5 tre svenska medaljer. Oskar Sj\u00f6berg b\u00e4rgade tv\u00e5 av dessa. - Jag har gr\u00e5tit mer gl\u00e4djet\u00e5rar idag \u00e4n vad jag har gjort i hela mitt liv, s\u00e4ger han till budokampsport.se. (Foto: Gunnar Cervin)","og_url":"https:\/\/www.budokampsport.se\/2023\/07\/31\/oskar-sjoberg-basta-dagen-i-mitt-liv\/","og_site_name":"Svenska Budo &amp; Kampsportsf\u00f6rbundet","article_author":"https:\/\/www.facebook.com\/jonathan.broberg.7","article_published_time":"2023-07-31T07:20:02+00:00","og_image":[{"width":850,"height":473,"url":"https:\/\/www.budokampsport.se\/wp-content\/uploads\/2019\/08\/oskar_sjoberg-e1625211962379.jpg","type":"image\/jpeg"}],"author":"Jonathan Broberg","twitter_card":"summary_large_image","twitter_misc":{"Skriven av":"Jonathan Broberg","Ber\u00e4knad l\u00e4stid":"1 minut"},"schema":{"@context":"https:\/\/schema.org","@graph":[{"@type":"Article","@id":"https:\/\/www.budokampsport.se\/2023\/07\/31\/oskar-sjoberg-basta-dagen-i-mitt-liv\/#article","isPartOf":{"@id":"https:\/\/www.budokampsport.se\/2023\/07\/31\/oskar-sjoberg-basta-dagen-i-mitt-liv\/"},"author":{"name":"Jonathan Broberg","@id":"https:\/\/www.budokampsport.se\/#\/schema\/person\/5c06d81d14850e2a8ce5493386560145"},"headline":"Oskar Sj\u00f6berg: \u201db\u00e4sta dagen i mitt liv\u201d","datePublished":"2023-07-31T07:20:02+00:00","mainEntityOfPage":{"@id":"https:\/\/www.budokampsport.se\/2023\/07\/31\/oskar-sjoberg-basta-dagen-i-mitt-liv\/"},"wordCount":99,"image":{"@id":"https:\/\/www.budokampsport.se\/2023\/07\/31\/oskar-sjoberg-basta-dagen-i-mitt-liv\/#primaryimage"},"thumbnailUrl":"https:\/\/www.budokampsport.se\/wp-content\/uploads\/2019\/08\/oskar_sjoberg-e1625211962379.jpg","inLanguage":"sv-SE"},{"@type":"WebPage","@id":"https:\/\/www.budokampsport.se\/2023\/07\/31\/oskar-sjoberg-basta-dagen-i-mitt-liv\/","url":"https:\/\/www.budokampsport.se\/2023\/07\/31\/oskar-sjoberg-basta-dagen-i-mitt-liv\/","name":"Oskar Sj\u00f6berg: \u201db\u00e4sta dagen i mitt liv\u201d - Svenska Budo &amp; Kampsportsf\u00f6rbundet","isPartOf":{"@id":"https:\/\/www.budokampsport.se\/#website"},"primaryImageOfPage":{"@id":"https:\/\/www.budokampsport.se\/2023\/07\/31\/oskar-sjoberg-basta-dagen-i-mitt-liv\/#primaryimage"},"image":{"@id":"https:\/\/www.budokampsport.se\/2023\/07\/31\/oskar-sjoberg-basta-dagen-i-mitt-liv\/#primaryimage"},"thumbnailUrl":"https:\/\/www.budokampsport.se\/wp-content\/uploads\/2019\/08\/oskar_sjoberg-e1625211962379.jpg","datePublished":"2023-07-31T07:20:02+00:00","author":{"@id":"https:\/\/www.budokampsport.se\/#\/schema\/person\/5c06d81d14850e2a8ce5493386560145"},"description":"TAIDO. VM i taido avgjordes i japanska Hirosaka under helgen och det blev allts\u00e5 tre svenska medaljer. Oskar Sj\u00f6berg b\u00e4rgade tv\u00e5 av dessa. - Jag har gr\u00e5tit mer gl\u00e4djet\u00e5rar idag \u00e4n vad jag har gjort i hela mitt liv, s\u00e4ger han till budokampsport.se. (Foto: Gunnar Cervin)","breadcrumb":{"@id":"https:\/\/www.budokampsport.se\/2023\/07\/31\/oskar-sjoberg-basta-dagen-i-mitt-liv\/#breadcrumb"},"inLanguage":"sv-SE","potentialAction":[{"@type":"ReadAction","target":["https:\/\/www.budokampsport.se\/2023\/07\/31\/oskar-sjoberg-basta-dagen-i-mitt-liv\/"]}]},{"@type":"ImageObject","inLanguage":"sv-SE","@id":"https:\/\/www.budokampsport.se\/2023\/07\/31\/oskar-sjoberg-basta-dagen-i-mitt-liv\/#primaryimage","url":"https:\/\/www.budokampsport.se\/wp-content\/uploads\/2019\/08\/oskar_sjoberg-e1625211962379.jpg","contentUrl":"https:\/\/www.budokampsport.se\/wp-content\/uploads\/2019\/08\/oskar_sjoberg-e1625211962379.jpg","width":850,"height":473,"caption":"Foto: Gunnar Cervin"},{"@type":"BreadcrumbList","@id":"https:\/\/www.budokampsport.se\/2023\/07\/31\/oskar-sjoberg-basta-dagen-i-mitt-liv\/#breadcrumb","itemListElement":[{"@type":"ListItem","position":1,"name":"Hem","item":"https:\/\/www.budokampsport.se\/"},{"@type":"ListItem","position":2,"name":"Oskar Sj\u00f6berg: \u201db\u00e4sta dagen i mitt liv\u201d"}]},{"@type":"WebSite","@id":"https:\/\/www.budokampsport.se\/#website","url":"https:\/\/www.budokampsport.se\/","name":"Svenska Budo &amp; Kampsportsf\u00f6rbundet","description":"T\u00e4vling, Tr\u00e4ning, Tradition","potentialAction":[{"@type":"SearchAction","target":{"@type":"EntryPoint","urlTemplate":"https:\/\/www.budokampsport.se\/?s={search_term_string}"},"query-input":{"@type":"PropertyValueSpecification","valueRequired":true,"valueName":"search_term_string"}}],"inLanguage":"sv-SE"},{"@type":"Person","@id":"https:\/\/www.budokampsport.se\/#\/schema\/person\/5c06d81d14850e2a8ce5493386560145","name":"Jonathan Broberg","image":{"@type":"ImageObject","inLanguage":"sv-SE","@id":"https:\/\/www.budokampsport.se\/#\/schema\/person\/image\/","url":"https:\/\/secure.gravatar.com\/avatar\/a58041c6cea9128bd9c40ee2f26d4136?s=96&d=blank&r=g","contentUrl":"https:\/\/secure.gravatar.com\/avatar\/a58041c6cea9128bd9c40ee2f26d4136?s=96&d=blank&r=g","caption":"Jonathan Broberg"},"sameAs":["https:\/\/www.facebook.com\/jonathan.broberg.7"],"url":"https:\/\/www.budokampsport.se\/author\/jonathan\/"}]}},"_links":{"self":[{"href":"https:\/\/www.budokampsport.se\/api\/wp\/v2\/posts\/154975","targetHints":{"allow":["GET"]}}],"collection":[{"href":"https:\/\/www.budokampsport.se\/api\/wp\/v2\/posts"}],"about":[{"href":"https:\/\/www.budokampsport.se\/api\/wp\/v2\/types\/post"}],"author":[{"embeddable":true,"href":"https:\/\/www.budokampsport.se\/api\/wp\/v2\/users\/7"}],"replies":[{"embeddable":true,"href":"https:\/\/www.budokampsport.se\/api\/wp\/v2\/comments?post=154975"}],"version-history":[{"count":0,"href":"https:\/\/www.budokampsport.se\/api\/wp\/v2\/posts\/154975\/revisions"}],"wp:featuredmedia":[{"embeddable":true,"href":"https:\/\/www.budokampsport.se\/api\/wp\/v2\/media\/103524"}],"wp:attachment":[{"href":"https:\/\/www.budokampsport.se\/api\/wp\/v2\/media?parent=154975"}],"wp:term":[{"taxonomy":"category","embeddable":true,"href":"https:\/\/www.budokampsport.se\/api\/wp\/v2\/categories?post=154975"},{"taxonomy":"post_tag","embeddable":true,"href":"https:\/\/www.budokampsport.se\/api\/wp\/v2\/tags?post=154975"}],"curies":[{"name":"wp","href":"https:\/\/api.w.org\/{rel}","templated":true}]}}