{"id":155429,"date":"2023-08-21T11:11:54","date_gmt":"2023-08-21T09:11:54","guid":{"rendered":"https:\/\/www.budokampsport.se\/?p=155429"},"modified":"2023-08-24T14:34:35","modified_gmt":"2023-08-24T12:34:35","slug":"dags-for-junior-vm-i-jujutsu","status":"publish","type":"post","link":"https:\/\/www.budokampsport.se\/2023\/08\/21\/dags-for-junior-vm-i-jujutsu\/","title":{"rendered":"Dags f\u00f6r junior-VM i jujutsu"},"content":{"rendered":"<p>Imorgon inleds <a href=\"https:\/\/www.sportdata.org\/ju-jitsu\/set-online\/veranstaltung_info_main.php?active_menu=calendar&amp;vernr=440#a_eventheadend\" target=\"_blank\" rel=\"noopener\">VM f\u00f6r juniorer i jujutsu<\/a>. Sverige skickar fyra t\u00e4vlande till m\u00e4sterskapet i Kazakstan och med p\u00e5 resan finns \u00e4ven coachen Joakim Vistam. T\u00e4vlingarna arrangeras mellan den 22 och 25 augusti och f\u00f6rst ut \u00e4r H\u00f6gbom som under fjol\u00e5ret tog ett <a href=\"https:\/\/www.budokampsport.se\/2022\/11\/03\/tva-vm-brons-i-jujutsu-sakrade\/\" target=\"_blank\" rel=\"noopener\">VM-brons i U18-klassen<\/a>.<\/p>\n<h3>Den svenska truppen<\/h3>\n<table style=\"border-collapse: collapse; width: 78.0188%; height: 96px;\">\n<tbody>\n<tr style=\"height: 24px;\">\n<td style=\"width: 16.6817%; height: 24px;\">-94 kg<\/td>\n<td style=\"width: 23.0346%; height: 24px;\"><img loading=\"lazy\" decoding=\"async\" class=\"alignnone size-full wp-image-122883\" src=\"https:\/\/www.budokampsport.se\/wp-content\/uploads\/2020\/11\/sweden-flag-icon-16.png\" alt=\"Sveriges flagga\" width=\"16\" height=\"10\" \/> U21<\/td>\n<td style=\"width: 43.9981%; height: 24px;\">Toni Beljo<\/td>\n<td style=\"width: 19.3417%; height: 24px;\">Male<\/td>\n<\/tr>\n<tr style=\"height: 24px;\">\n<td style=\"width: 16.6817%; height: 24px;\">-85 kg<\/td>\n<td style=\"width: 23.0346%; height: 24px;\"><img loading=\"lazy\" decoding=\"async\" class=\"alignnone size-full wp-image-122883\" src=\"https:\/\/www.budokampsport.se\/wp-content\/uploads\/2020\/11\/sweden-flag-icon-16.png\" alt=\"Sveriges flagga\" width=\"16\" height=\"10\" \/> U21<\/td>\n<td style=\"width: 43.9981%; height: 24px;\">Liam M\u00e4kele<\/td>\n<td style=\"width: 19.3417%; height: 24px;\">Male<\/td>\n<\/tr>\n<tr style=\"height: 24px;\">\n<td style=\"width: 16.6817%; height: 24px;\">-63 kg<\/td>\n<td style=\"width: 23.0346%; height: 24px;\"><img loading=\"lazy\" decoding=\"async\" class=\"alignnone size-full wp-image-122883\" src=\"https:\/\/www.budokampsport.se\/wp-content\/uploads\/2020\/11\/sweden-flag-icon-16.png\" alt=\"Sveriges flagga\" width=\"16\" height=\"10\" \/> U21<\/td>\n<td style=\"width: 43.9981%; height: 24px;\">Livia H\u00f6gbom<\/td>\n<td style=\"width: 19.3417%; height: 24px;\">Female<\/td>\n<\/tr>\n<tr style=\"height: 24px;\">\n<td style=\"width: 16.6817%; height: 24px;\">-66 kg<\/td>\n<td style=\"width: 23.0346%; height: 24px;\"><img loading=\"lazy\" decoding=\"async\" class=\"alignnone size-full wp-image-122883\" src=\"https:\/\/www.budokampsport.se\/wp-content\/uploads\/2020\/11\/sweden-flag-icon-16.png\" alt=\"Sveriges flagga\" width=\"16\" height=\"10\" \/> U18<\/td>\n<td style=\"width: 43.9981%; height: 24px;\">Kasper Fager<\/td>\n<td style=\"width: 19.3417%; height: 24px;\">Male<\/td>\n<\/tr>\n<\/tbody>\n<\/table>\n<p>&nbsp;<\/p>\n<p>Mer info och resultat finns <a href=\"https:\/\/www.sportdata.org\/ju-jitsu\/set-online\/veranstaltung_info_main.php?active_menu=calendar&amp;vernr=440&amp;ver_info_action=catlist#a_eventheadend\" target=\"_blank\" rel=\"noopener\">h\u00e4r<\/a>.<\/p>\n<p>&nbsp;<\/p>\n<p>Text: Annie Bondefelt<\/p>\n","protected":false},"excerpt":{"rendered":"<p>JUJUTSU. Fyra svenskar reser till junior-VM i jujutsu fighting som avg\u00f6rs under veckan.<br \/><br>(Foto: Svenska Jujutsufederationen)<\/p><br>","protected":false},"author":120,"featured_media":155430,"comment_status":"closed","ping_status":"closed","sticky":false,"template":"","format":"standard","meta":{"_acf_changed":false,"footnotes":""},"categories":[451],"tags":[],"class_list":["post-155429","post","type-post","status-publish","format-standard","has-post-thumbnail","hentry","category-elit"],"acf":[],"yoast_head":"<!-- This site is optimized with the Yoast SEO plugin v26.8 - https:\/\/yoast.com\/product\/yoast-seo-wordpress\/ -->\n<title>Dags f\u00f6r junior-VM i jujutsu - Svenska Budo &amp; Kampsportsf\u00f6rbundet<\/title>\n<meta name=\"description\" content=\"JUJUTSU. Fyra svenskar reser till junior-VM i jujutsu fighting som avg\u00f6rs under veckan. (Foto: Svenska Jujutsufederationen)\" \/>\n<meta name=\"robots\" content=\"index, follow, max-snippet:-1, max-image-preview:large, max-video-preview:-1\" \/>\n<link rel=\"canonical\" href=\"https:\/\/www.budokampsport.se\/2023\/08\/21\/dags-for-junior-vm-i-jujutsu\/\" \/>\n<meta property=\"og:locale\" content=\"sv_SE\" \/>\n<meta property=\"og:type\" content=\"article\" \/>\n<meta property=\"og:title\" content=\"Dags f\u00f6r junior-VM i jujutsu - Svenska Budo &amp; Kampsportsf\u00f6rbundet\" \/>\n<meta property=\"og:description\" content=\"JUJUTSU. Fyra svenskar reser till junior-VM i jujutsu fighting som avg\u00f6rs under veckan. (Foto: Svenska Jujutsufederationen)\" \/>\n<meta property=\"og:url\" content=\"https:\/\/www.budokampsport.se\/2023\/08\/21\/dags-for-junior-vm-i-jujutsu\/\" \/>\n<meta property=\"og:site_name\" content=\"Svenska Budo &amp; Kampsportsf\u00f6rbundet\" \/>\n<meta property=\"article:published_time\" content=\"2023-08-21T09:11:54+00:00\" \/>\n<meta property=\"article:modified_time\" content=\"2023-08-24T12:34:35+00:00\" \/>\n<meta property=\"og:image\" content=\"https:\/\/www.budokampsport.se\/wp-content\/uploads\/2023\/08\/jun.jpg\" \/>\n\t<meta property=\"og:image:width\" content=\"850\" \/>\n\t<meta property=\"og:image:height\" content=\"510\" \/>\n\t<meta property=\"og:image:type\" content=\"image\/jpeg\" \/>\n<meta name=\"author\" content=\"Annie Carriage\" \/>\n<meta name=\"twitter:card\" content=\"summary_large_image\" \/>\n<meta name=\"twitter:label1\" content=\"Skriven av\" \/>\n\t<meta name=\"twitter:data1\" content=\"Annie Carriage\" \/>\n\t<meta name=\"twitter:label2\" content=\"Ber\u00e4knad l\u00e4stid\" \/>\n\t<meta name=\"twitter:data2\" content=\"2 minuter\" \/>\n<script type=\"application\/ld+json\" class=\"yoast-schema-graph\">{\"@context\":\"https:\/\/schema.org\",\"@graph\":[{\"@type\":\"Article\",\"@id\":\"https:\/\/www.budokampsport.se\/2023\/08\/21\/dags-for-junior-vm-i-jujutsu\/#article\",\"isPartOf\":{\"@id\":\"https:\/\/www.budokampsport.se\/2023\/08\/21\/dags-for-junior-vm-i-jujutsu\/\"},\"author\":{\"name\":\"Annie Carriage\",\"@id\":\"https:\/\/www.budokampsport.se\/#\/schema\/person\/c838cace8171f692e363fde3f38f208b\"},\"headline\":\"Dags f\u00f6r junior-VM i jujutsu\",\"datePublished\":\"2023-08-21T09:11:54+00:00\",\"dateModified\":\"2023-08-24T12:34:35+00:00\",\"mainEntityOfPage\":{\"@id\":\"https:\/\/www.budokampsport.se\/2023\/08\/21\/dags-for-junior-vm-i-jujutsu\/\"},\"wordCount\":98,\"image\":{\"@id\":\"https:\/\/www.budokampsport.se\/2023\/08\/21\/dags-for-junior-vm-i-jujutsu\/#primaryimage\"},\"thumbnailUrl\":\"https:\/\/www.budokampsport.se\/wp-content\/uploads\/2023\/08\/jun.jpg\",\"articleSection\":[\"Elit\"],\"inLanguage\":\"sv-SE\"},{\"@type\":\"WebPage\",\"@id\":\"https:\/\/www.budokampsport.se\/2023\/08\/21\/dags-for-junior-vm-i-jujutsu\/\",\"url\":\"https:\/\/www.budokampsport.se\/2023\/08\/21\/dags-for-junior-vm-i-jujutsu\/\",\"name\":\"Dags f\u00f6r junior-VM i jujutsu - Svenska Budo &amp; Kampsportsf\u00f6rbundet\",\"isPartOf\":{\"@id\":\"https:\/\/www.budokampsport.se\/#website\"},\"primaryImageOfPage\":{\"@id\":\"https:\/\/www.budokampsport.se\/2023\/08\/21\/dags-for-junior-vm-i-jujutsu\/#primaryimage\"},\"image\":{\"@id\":\"https:\/\/www.budokampsport.se\/2023\/08\/21\/dags-for-junior-vm-i-jujutsu\/#primaryimage\"},\"thumbnailUrl\":\"https:\/\/www.budokampsport.se\/wp-content\/uploads\/2023\/08\/jun.jpg\",\"datePublished\":\"2023-08-21T09:11:54+00:00\",\"dateModified\":\"2023-08-24T12:34:35+00:00\",\"author\":{\"@id\":\"https:\/\/www.budokampsport.se\/#\/schema\/person\/c838cace8171f692e363fde3f38f208b\"},\"description\":\"JUJUTSU. Fyra svenskar reser till junior-VM i jujutsu fighting som avg\u00f6rs under veckan. (Foto: Svenska Jujutsufederationen)\",\"breadcrumb\":{\"@id\":\"https:\/\/www.budokampsport.se\/2023\/08\/21\/dags-for-junior-vm-i-jujutsu\/#breadcrumb\"},\"inLanguage\":\"sv-SE\",\"potentialAction\":[{\"@type\":\"ReadAction\",\"target\":[\"https:\/\/www.budokampsport.se\/2023\/08\/21\/dags-for-junior-vm-i-jujutsu\/\"]}]},{\"@type\":\"ImageObject\",\"inLanguage\":\"sv-SE\",\"@id\":\"https:\/\/www.budokampsport.se\/2023\/08\/21\/dags-for-junior-vm-i-jujutsu\/#primaryimage\",\"url\":\"https:\/\/www.budokampsport.se\/wp-content\/uploads\/2023\/08\/jun.jpg\",\"contentUrl\":\"https:\/\/www.budokampsport.se\/wp-content\/uploads\/2023\/08\/jun.jpg\",\"width\":850,\"height\":510},{\"@type\":\"BreadcrumbList\",\"@id\":\"https:\/\/www.budokampsport.se\/2023\/08\/21\/dags-for-junior-vm-i-jujutsu\/#breadcrumb\",\"itemListElement\":[{\"@type\":\"ListItem\",\"position\":1,\"name\":\"Hem\",\"item\":\"https:\/\/www.budokampsport.se\/\"},{\"@type\":\"ListItem\",\"position\":2,\"name\":\"Dags f\u00f6r junior-VM i jujutsu\"}]},{\"@type\":\"WebSite\",\"@id\":\"https:\/\/www.budokampsport.se\/#website\",\"url\":\"https:\/\/www.budokampsport.se\/\",\"name\":\"Svenska Budo &amp; Kampsportsf\u00f6rbundet\",\"description\":\"T\u00e4vling, Tr\u00e4ning, Tradition\",\"potentialAction\":[{\"@type\":\"SearchAction\",\"target\":{\"@type\":\"EntryPoint\",\"urlTemplate\":\"https:\/\/www.budokampsport.se\/?s={search_term_string}\"},\"query-input\":{\"@type\":\"PropertyValueSpecification\",\"valueRequired\":true,\"valueName\":\"search_term_string\"}}],\"inLanguage\":\"sv-SE\"},{\"@type\":\"Person\",\"@id\":\"https:\/\/www.budokampsport.se\/#\/schema\/person\/c838cace8171f692e363fde3f38f208b\",\"name\":\"Annie Carriage\",\"image\":{\"@type\":\"ImageObject\",\"inLanguage\":\"sv-SE\",\"@id\":\"https:\/\/www.budokampsport.se\/#\/schema\/person\/image\/\",\"url\":\"https:\/\/secure.gravatar.com\/avatar\/9311295560bdfbdf78365a26f7df1876?s=96&d=blank&r=g\",\"contentUrl\":\"https:\/\/secure.gravatar.com\/avatar\/9311295560bdfbdf78365a26f7df1876?s=96&d=blank&r=g\",\"caption\":\"Annie Carriage\"},\"url\":\"https:\/\/www.budokampsport.se\/author\/annie-bondefelt\/\"}]}<\/script>\n<!-- \/ Yoast SEO plugin. -->","yoast_head_json":{"title":"Dags f\u00f6r junior-VM i jujutsu - Svenska Budo &amp; Kampsportsf\u00f6rbundet","description":"JUJUTSU. Fyra svenskar reser till junior-VM i jujutsu fighting som avg\u00f6rs under veckan. (Foto: Svenska Jujutsufederationen)","robots":{"index":"index","follow":"follow","max-snippet":"max-snippet:-1","max-image-preview":"max-image-preview:large","max-video-preview":"max-video-preview:-1"},"canonical":"https:\/\/www.budokampsport.se\/2023\/08\/21\/dags-for-junior-vm-i-jujutsu\/","og_locale":"sv_SE","og_type":"article","og_title":"Dags f\u00f6r junior-VM i jujutsu - Svenska Budo &amp; Kampsportsf\u00f6rbundet","og_description":"JUJUTSU. Fyra svenskar reser till junior-VM i jujutsu fighting som avg\u00f6rs under veckan. (Foto: Svenska Jujutsufederationen)","og_url":"https:\/\/www.budokampsport.se\/2023\/08\/21\/dags-for-junior-vm-i-jujutsu\/","og_site_name":"Svenska Budo &amp; Kampsportsf\u00f6rbundet","article_published_time":"2023-08-21T09:11:54+00:00","article_modified_time":"2023-08-24T12:34:35+00:00","og_image":[{"width":850,"height":510,"url":"https:\/\/www.budokampsport.se\/wp-content\/uploads\/2023\/08\/jun.jpg","type":"image\/jpeg"}],"author":"Annie Carriage","twitter_card":"summary_large_image","twitter_misc":{"Skriven av":"Annie Carriage","Ber\u00e4knad l\u00e4stid":"2 minuter"},"schema":{"@context":"https:\/\/schema.org","@graph":[{"@type":"Article","@id":"https:\/\/www.budokampsport.se\/2023\/08\/21\/dags-for-junior-vm-i-jujutsu\/#article","isPartOf":{"@id":"https:\/\/www.budokampsport.se\/2023\/08\/21\/dags-for-junior-vm-i-jujutsu\/"},"author":{"name":"Annie Carriage","@id":"https:\/\/www.budokampsport.se\/#\/schema\/person\/c838cace8171f692e363fde3f38f208b"},"headline":"Dags f\u00f6r junior-VM i jujutsu","datePublished":"2023-08-21T09:11:54+00:00","dateModified":"2023-08-24T12:34:35+00:00","mainEntityOfPage":{"@id":"https:\/\/www.budokampsport.se\/2023\/08\/21\/dags-for-junior-vm-i-jujutsu\/"},"wordCount":98,"image":{"@id":"https:\/\/www.budokampsport.se\/2023\/08\/21\/dags-for-junior-vm-i-jujutsu\/#primaryimage"},"thumbnailUrl":"https:\/\/www.budokampsport.se\/wp-content\/uploads\/2023\/08\/jun.jpg","articleSection":["Elit"],"inLanguage":"sv-SE"},{"@type":"WebPage","@id":"https:\/\/www.budokampsport.se\/2023\/08\/21\/dags-for-junior-vm-i-jujutsu\/","url":"https:\/\/www.budokampsport.se\/2023\/08\/21\/dags-for-junior-vm-i-jujutsu\/","name":"Dags f\u00f6r junior-VM i jujutsu - Svenska Budo &amp; Kampsportsf\u00f6rbundet","isPartOf":{"@id":"https:\/\/www.budokampsport.se\/#website"},"primaryImageOfPage":{"@id":"https:\/\/www.budokampsport.se\/2023\/08\/21\/dags-for-junior-vm-i-jujutsu\/#primaryimage"},"image":{"@id":"https:\/\/www.budokampsport.se\/2023\/08\/21\/dags-for-junior-vm-i-jujutsu\/#primaryimage"},"thumbnailUrl":"https:\/\/www.budokampsport.se\/wp-content\/uploads\/2023\/08\/jun.jpg","datePublished":"2023-08-21T09:11:54+00:00","dateModified":"2023-08-24T12:34:35+00:00","author":{"@id":"https:\/\/www.budokampsport.se\/#\/schema\/person\/c838cace8171f692e363fde3f38f208b"},"description":"JUJUTSU. Fyra svenskar reser till junior-VM i jujutsu fighting som avg\u00f6rs under veckan. (Foto: Svenska Jujutsufederationen)","breadcrumb":{"@id":"https:\/\/www.budokampsport.se\/2023\/08\/21\/dags-for-junior-vm-i-jujutsu\/#breadcrumb"},"inLanguage":"sv-SE","potentialAction":[{"@type":"ReadAction","target":["https:\/\/www.budokampsport.se\/2023\/08\/21\/dags-for-junior-vm-i-jujutsu\/"]}]},{"@type":"ImageObject","inLanguage":"sv-SE","@id":"https:\/\/www.budokampsport.se\/2023\/08\/21\/dags-for-junior-vm-i-jujutsu\/#primaryimage","url":"https:\/\/www.budokampsport.se\/wp-content\/uploads\/2023\/08\/jun.jpg","contentUrl":"https:\/\/www.budokampsport.se\/wp-content\/uploads\/2023\/08\/jun.jpg","width":850,"height":510},{"@type":"BreadcrumbList","@id":"https:\/\/www.budokampsport.se\/2023\/08\/21\/dags-for-junior-vm-i-jujutsu\/#breadcrumb","itemListElement":[{"@type":"ListItem","position":1,"name":"Hem","item":"https:\/\/www.budokampsport.se\/"},{"@type":"ListItem","position":2,"name":"Dags f\u00f6r junior-VM i jujutsu"}]},{"@type":"WebSite","@id":"https:\/\/www.budokampsport.se\/#website","url":"https:\/\/www.budokampsport.se\/","name":"Svenska Budo &amp; Kampsportsf\u00f6rbundet","description":"T\u00e4vling, Tr\u00e4ning, Tradition","potentialAction":[{"@type":"SearchAction","target":{"@type":"EntryPoint","urlTemplate":"https:\/\/www.budokampsport.se\/?s={search_term_string}"},"query-input":{"@type":"PropertyValueSpecification","valueRequired":true,"valueName":"search_term_string"}}],"inLanguage":"sv-SE"},{"@type":"Person","@id":"https:\/\/www.budokampsport.se\/#\/schema\/person\/c838cace8171f692e363fde3f38f208b","name":"Annie Carriage","image":{"@type":"ImageObject","inLanguage":"sv-SE","@id":"https:\/\/www.budokampsport.se\/#\/schema\/person\/image\/","url":"https:\/\/secure.gravatar.com\/avatar\/9311295560bdfbdf78365a26f7df1876?s=96&d=blank&r=g","contentUrl":"https:\/\/secure.gravatar.com\/avatar\/9311295560bdfbdf78365a26f7df1876?s=96&d=blank&r=g","caption":"Annie Carriage"},"url":"https:\/\/www.budokampsport.se\/author\/annie-bondefelt\/"}]}},"_links":{"self":[{"href":"https:\/\/www.budokampsport.se\/api\/wp\/v2\/posts\/155429","targetHints":{"allow":["GET"]}}],"collection":[{"href":"https:\/\/www.budokampsport.se\/api\/wp\/v2\/posts"}],"about":[{"href":"https:\/\/www.budokampsport.se\/api\/wp\/v2\/types\/post"}],"author":[{"embeddable":true,"href":"https:\/\/www.budokampsport.se\/api\/wp\/v2\/users\/120"}],"replies":[{"embeddable":true,"href":"https:\/\/www.budokampsport.se\/api\/wp\/v2\/comments?post=155429"}],"version-history":[{"count":0,"href":"https:\/\/www.budokampsport.se\/api\/wp\/v2\/posts\/155429\/revisions"}],"wp:featuredmedia":[{"embeddable":true,"href":"https:\/\/www.budokampsport.se\/api\/wp\/v2\/media\/155430"}],"wp:attachment":[{"href":"https:\/\/www.budokampsport.se\/api\/wp\/v2\/media?parent=155429"}],"wp:term":[{"taxonomy":"category","embeddable":true,"href":"https:\/\/www.budokampsport.se\/api\/wp\/v2\/categories?post=155429"},{"taxonomy":"post_tag","embeddable":true,"href":"https:\/\/www.budokampsport.se\/api\/wp\/v2\/tags?post=155429"}],"curies":[{"name":"wp","href":"https:\/\/api.w.org\/{rel}","templated":true}]}}