{"id":156386,"date":"2023-09-28T09:33:36","date_gmt":"2023-09-28T07:33:36","guid":{"rendered":"https:\/\/www.budokampsport.se\/?p=156386"},"modified":"2025-07-23T08:41:38","modified_gmt":"2025-07-23T08:41:38","slug":"sebastian-gonzalez-projektleder-ett-hjarta-i-samhallet","status":"publish","type":"post","link":"https:\/\/www.budokampsport.se\/2023\/09\/28\/sebastian-gonzalez-projektleder-ett-hjarta-i-samhallet\/","title":{"rendered":"Sebastian Gonzalez projektleder &#8220;Ett hj\u00e4rta i samh\u00e4llet&#8221;"},"content":{"rendered":"<p>Det var i slutet av april som SB&amp;K informerade att man var ett av 15 specialidrottsf\u00f6rbund inom RF som <a href=\"https:\/\/www.budokampsport.se\/2023\/04\/24\/sbk-ett-hjarta-i-samhallet\/\" target=\"_blank\" rel=\"noopener\">tilldelades resurser<\/a> f\u00f6r en satsning i utsatta omr\u00e5den.<\/p>\n<figure id=\"attachment_157270\" aria-describedby=\"caption-attachment-157270\" style=\"width: 278px\" class=\"wp-caption alignright\"><img loading=\"lazy\" decoding=\"async\" class=\"size-thumbnail wp-image-157270\" src=\"https:\/\/www.budokampsport.se\/wp-content\/uploads\/2023\/09\/sebastian-gonzalez_igen-278x174.jpg\" alt=\"\" width=\"278\" height=\"174\" srcset=\"https:\/\/www.budokampsport.se\/wp-content\/uploads\/2023\/09\/sebastian-gonzalez_igen-278x174.jpg 278w, https:\/\/www.budokampsport.se\/wp-content\/uploads\/2023\/09\/sebastian-gonzalez_igen-600x376.jpg 600w, https:\/\/www.budokampsport.se\/wp-content\/uploads\/2023\/09\/sebastian-gonzalez_igen-376x236.jpg 376w, https:\/\/www.budokampsport.se\/wp-content\/uploads\/2023\/09\/sebastian-gonzalez_igen-847x531.jpg 847w, https:\/\/www.budokampsport.se\/wp-content\/uploads\/2023\/09\/sebastian-gonzalez_igen-572x359.jpg 572w, https:\/\/www.budokampsport.se\/wp-content\/uploads\/2023\/09\/sebastian-gonzalez_igen.jpg 850w\" sizes=\"auto, (max-width: 278px) 100vw, 278px\" \/><figcaption id=\"caption-attachment-157270\" class=\"wp-caption-text\">Foto: Jonathan Broberg<\/figcaption><\/figure>\n<p>Sedan drygt en vecka har Sebastian Gonzalez varit projektledare f\u00f6r SB&amp;K:s initiativ.<\/p>\n<p>&#8211; F\u00f6rsta tiden h\u00e4r har handlat mestadels om att bara komma in i arbetet. Jag har hunnit tr\u00e4ffa kansliet och pratat ihop mig med Patrik (Asplund) ocks\u00e5. Jag tror verkligen att det h\u00e4r projektet kan g\u00f6ra stor nytta.<\/p>\n<p>Sebastian \u00e4r utbildad idrottsvetare, har arbetat med ett ungdomsprojekt tidigare och har dessutom l\u00e5ng erfarenhet av olika kampsporter.<\/p>\n<p>&#8211; Utifr\u00e5n det k\u00e4nns detta som en \u201dmatch made in heaven\u201d. Jag och min b\u00e4sta kompis startade ett ungdomsprojekt i Malm\u00f6, jag har utbildat mig inom idrottsvetenskap via Malm\u00f6 Universitet och jag brinner f\u00f6r kampsport, tr\u00e4ning och att f\u00e5 ungdomar att bli mer fysiskt aktiva. Jag har sj\u00e4lv tr\u00e4nat bland annat thaiboxning, submission wrestling och MMA. Jag ser enormt mycket fram emot vad vi som f\u00f6rbund ska kunna g\u00f6ra i det h\u00e4r projektet. Kampsporten har s\u00e5 mycket att ge till individer.<\/p>\n<p>&#8211; Dessutom, att f\u00e5 m\u00f6jlighet att jobba med Patrik som har s\u00e5 l\u00e5ng erfarenhet av att jobba med ungdomar i samh\u00e4llsst\u00f6ttande projekt &#8211;\u00a0 det kommer verkligen bli kul och givande.<\/p>\n<p>Gonzalez st\u00f6ttas allts\u00e5 av Patrik Asplund, tidigare vice ordf\u00f6rande i styrelsen som kommer att bli adjungerad fram\u00f6ver och st\u00f6tta Gonzalez. Asplund har l\u00e5ng erfarenhet av olika samh\u00e4llsst\u00f6ttande projekt med idrott som verktyg.<\/p>\n<p>&#8211; Det k\u00e4nns bra och sp\u00e4nnande f\u00f6r min del. Jag kommer st\u00f6tta Sebastian s\u00e5 mycket det bara g\u00e5r. Jag kommer arbeta deltid med det h\u00e4r, samtidigt som jag bli adjungerad i styrelsen fram\u00f6ver. Jag tror att budo och kampsporter kan g\u00f6ra stor nytta. Det g\u00f6r vi ju redan, men nu f\u00e5r vi \u00e4nnu st\u00f6rre m\u00f6jlighet att utveckla det, s\u00e4ger Patrik Asplund.<\/p>\n<p>Projektet, som tills vidare kommer kallas \u201dett hj\u00e4rta i samh\u00e4llet\u201d, finansieras helt av pengar fr\u00e5n regeringen och Riksidrottsf\u00f6rbundet. RF:s satsning g\u00e5r under namnet Idrottsklivet och <a href=\"https:\/\/www.rf.se\/rf-arbetar-med\/aktuella-satsningar\/idrottsklivet\" target=\"_blank\" rel=\"noopener\">mer om det finns att l\u00e4sa h\u00e4r<\/a>.<\/p>\n<p>Text och foto: Jonathan Broberg<\/p>\n","protected":false},"excerpt":{"rendered":"<p>SB&#038;K. Det \u00e4r klart att Sebastian Gonzalez projektleder SB&#038;K:s satsning i prioriterade omr\u00e5den. Satsningen \u00e4r en del i idrottens gemensamma krafttag kallat Idrottsklivet.<br \/><br>&#8211; Det k\u00e4nns verkligen som ett dr\u00f6mjobb f\u00f6r min del, s\u00e4ger Gonzalez till budokampsport.se.<\/p><br>","protected":false},"author":7,"featured_media":157269,"comment_status":"closed","ping_status":"closed","sticky":false,"template":"","format":"standard","meta":{"_acf_changed":false,"footnotes":""},"categories":[602,531],"tags":[],"class_list":["post-156386","post","type-post","status-publish","format-standard","has-post-thumbnail","hentry","category-idrottsklivet","category-sbk-2"],"acf":[],"yoast_head":"<!-- This site is optimized with the Yoast SEO plugin v26.8 - https:\/\/yoast.com\/product\/yoast-seo-wordpress\/ -->\n<title>Sebastian Gonzalez projektleder &quot;Ett hj\u00e4rta i samh\u00e4llet&quot; - Svenska Budo &amp; Kampsportsf\u00f6rbundet<\/title>\n<meta name=\"description\" content=\"SB&amp;K. Det \u00e4r klart att Sebastian Gonzalez projektleder SB&amp;K:s satsning i prioriterade omr\u00e5den. Satsningen \u00e4r en del i idrottens gemensamma krafttag kallat Idrottsklivet. - Det k\u00e4nns verkligen som ett dr\u00f6mjobb f\u00f6r min del, s\u00e4ger Gonzalez till budokampsport.se.\" \/>\n<meta name=\"robots\" content=\"index, follow, max-snippet:-1, max-image-preview:large, max-video-preview:-1\" \/>\n<link rel=\"canonical\" href=\"https:\/\/www.budokampsport.se\/2023\/09\/28\/sebastian-gonzalez-projektleder-ett-hjarta-i-samhallet\/\" \/>\n<meta property=\"og:locale\" content=\"sv_SE\" \/>\n<meta property=\"og:type\" content=\"article\" \/>\n<meta property=\"og:title\" content=\"Sebastian Gonzalez projektleder &quot;Ett hj\u00e4rta i samh\u00e4llet&quot; - Svenska Budo &amp; Kampsportsf\u00f6rbundet\" \/>\n<meta property=\"og:description\" content=\"SB&amp;K. Det \u00e4r klart att Sebastian Gonzalez projektleder SB&amp;K:s satsning i prioriterade omr\u00e5den. Satsningen \u00e4r en del i idrottens gemensamma krafttag kallat Idrottsklivet. - Det k\u00e4nns verkligen som ett dr\u00f6mjobb f\u00f6r min del, s\u00e4ger Gonzalez till budokampsport.se.\" \/>\n<meta property=\"og:url\" content=\"https:\/\/www.budokampsport.se\/2023\/09\/28\/sebastian-gonzalez-projektleder-ett-hjarta-i-samhallet\/\" \/>\n<meta property=\"og:site_name\" content=\"Svenska Budo &amp; Kampsportsf\u00f6rbundet\" \/>\n<meta property=\"article:author\" content=\"https:\/\/www.facebook.com\/jonathan.broberg.7\" \/>\n<meta property=\"article:published_time\" content=\"2023-09-28T07:33:36+00:00\" \/>\n<meta property=\"article:modified_time\" content=\"2025-07-23T08:41:38+00:00\" \/>\n<meta property=\"og:image\" content=\"https:\/\/www.budokampsport.se\/wp-content\/uploads\/2023\/09\/sebastian-gonzalez.jpg\" \/>\n\t<meta property=\"og:image:width\" content=\"850\" \/>\n\t<meta property=\"og:image:height\" content=\"535\" \/>\n\t<meta property=\"og:image:type\" content=\"image\/jpeg\" \/>\n<meta name=\"author\" content=\"Jonathan Broberg\" \/>\n<meta name=\"twitter:card\" content=\"summary_large_image\" \/>\n<meta name=\"twitter:label1\" content=\"Skriven av\" \/>\n\t<meta name=\"twitter:data1\" content=\"Jonathan Broberg\" \/>\n\t<meta name=\"twitter:label2\" content=\"Ber\u00e4knad l\u00e4stid\" \/>\n\t<meta name=\"twitter:data2\" content=\"3 minuter\" \/>\n<script type=\"application\/ld+json\" class=\"yoast-schema-graph\">{\"@context\":\"https:\/\/schema.org\",\"@graph\":[{\"@type\":\"Article\",\"@id\":\"https:\/\/www.budokampsport.se\/2023\/09\/28\/sebastian-gonzalez-projektleder-ett-hjarta-i-samhallet\/#article\",\"isPartOf\":{\"@id\":\"https:\/\/www.budokampsport.se\/2023\/09\/28\/sebastian-gonzalez-projektleder-ett-hjarta-i-samhallet\/\"},\"author\":{\"name\":\"Jonathan Broberg\",\"@id\":\"https:\/\/www.budokampsport.se\/#\/schema\/person\/5c06d81d14850e2a8ce5493386560145\"},\"headline\":\"Sebastian Gonzalez projektleder &#8220;Ett hj\u00e4rta i samh\u00e4llet&#8221;\",\"datePublished\":\"2023-09-28T07:33:36+00:00\",\"dateModified\":\"2025-07-23T08:41:38+00:00\",\"mainEntityOfPage\":{\"@id\":\"https:\/\/www.budokampsport.se\/2023\/09\/28\/sebastian-gonzalez-projektleder-ett-hjarta-i-samhallet\/\"},\"wordCount\":411,\"image\":{\"@id\":\"https:\/\/www.budokampsport.se\/2023\/09\/28\/sebastian-gonzalez-projektleder-ett-hjarta-i-samhallet\/#primaryimage\"},\"thumbnailUrl\":\"https:\/\/www.budokampsport.se\/wp-content\/uploads\/2023\/09\/sebastian-gonzalez.jpg\",\"articleSection\":[\"Idrottsklivet\",\"SB&amp;K\"],\"inLanguage\":\"sv-SE\"},{\"@type\":\"WebPage\",\"@id\":\"https:\/\/www.budokampsport.se\/2023\/09\/28\/sebastian-gonzalez-projektleder-ett-hjarta-i-samhallet\/\",\"url\":\"https:\/\/www.budokampsport.se\/2023\/09\/28\/sebastian-gonzalez-projektleder-ett-hjarta-i-samhallet\/\",\"name\":\"Sebastian Gonzalez projektleder \\\"Ett hj\u00e4rta i samh\u00e4llet\\\" - Svenska Budo &amp; Kampsportsf\u00f6rbundet\",\"isPartOf\":{\"@id\":\"https:\/\/www.budokampsport.se\/#website\"},\"primaryImageOfPage\":{\"@id\":\"https:\/\/www.budokampsport.se\/2023\/09\/28\/sebastian-gonzalez-projektleder-ett-hjarta-i-samhallet\/#primaryimage\"},\"image\":{\"@id\":\"https:\/\/www.budokampsport.se\/2023\/09\/28\/sebastian-gonzalez-projektleder-ett-hjarta-i-samhallet\/#primaryimage\"},\"thumbnailUrl\":\"https:\/\/www.budokampsport.se\/wp-content\/uploads\/2023\/09\/sebastian-gonzalez.jpg\",\"datePublished\":\"2023-09-28T07:33:36+00:00\",\"dateModified\":\"2025-07-23T08:41:38+00:00\",\"author\":{\"@id\":\"https:\/\/www.budokampsport.se\/#\/schema\/person\/5c06d81d14850e2a8ce5493386560145\"},\"description\":\"SB&K. Det \u00e4r klart att Sebastian Gonzalez projektleder SB&K:s satsning i prioriterade omr\u00e5den. Satsningen \u00e4r en del i idrottens gemensamma krafttag kallat Idrottsklivet. - Det k\u00e4nns verkligen som ett dr\u00f6mjobb f\u00f6r min del, s\u00e4ger Gonzalez till budokampsport.se.\",\"breadcrumb\":{\"@id\":\"https:\/\/www.budokampsport.se\/2023\/09\/28\/sebastian-gonzalez-projektleder-ett-hjarta-i-samhallet\/#breadcrumb\"},\"inLanguage\":\"sv-SE\",\"potentialAction\":[{\"@type\":\"ReadAction\",\"target\":[\"https:\/\/www.budokampsport.se\/2023\/09\/28\/sebastian-gonzalez-projektleder-ett-hjarta-i-samhallet\/\"]}]},{\"@type\":\"ImageObject\",\"inLanguage\":\"sv-SE\",\"@id\":\"https:\/\/www.budokampsport.se\/2023\/09\/28\/sebastian-gonzalez-projektleder-ett-hjarta-i-samhallet\/#primaryimage\",\"url\":\"https:\/\/www.budokampsport.se\/wp-content\/uploads\/2023\/09\/sebastian-gonzalez.jpg\",\"contentUrl\":\"https:\/\/www.budokampsport.se\/wp-content\/uploads\/2023\/09\/sebastian-gonzalez.jpg\",\"width\":850,\"height\":535,\"caption\":\"Foto: Jonathan Broberg\"},{\"@type\":\"BreadcrumbList\",\"@id\":\"https:\/\/www.budokampsport.se\/2023\/09\/28\/sebastian-gonzalez-projektleder-ett-hjarta-i-samhallet\/#breadcrumb\",\"itemListElement\":[{\"@type\":\"ListItem\",\"position\":1,\"name\":\"Hem\",\"item\":\"https:\/\/www.budokampsport.se\/\"},{\"@type\":\"ListItem\",\"position\":2,\"name\":\"Sebastian Gonzalez projektleder &#8220;Ett hj\u00e4rta i samh\u00e4llet&#8221;\"}]},{\"@type\":\"WebSite\",\"@id\":\"https:\/\/www.budokampsport.se\/#website\",\"url\":\"https:\/\/www.budokampsport.se\/\",\"name\":\"Svenska Budo &amp; Kampsportsf\u00f6rbundet\",\"description\":\"T\u00e4vling, Tr\u00e4ning, Tradition\",\"potentialAction\":[{\"@type\":\"SearchAction\",\"target\":{\"@type\":\"EntryPoint\",\"urlTemplate\":\"https:\/\/www.budokampsport.se\/?s={search_term_string}\"},\"query-input\":{\"@type\":\"PropertyValueSpecification\",\"valueRequired\":true,\"valueName\":\"search_term_string\"}}],\"inLanguage\":\"sv-SE\"},{\"@type\":\"Person\",\"@id\":\"https:\/\/www.budokampsport.se\/#\/schema\/person\/5c06d81d14850e2a8ce5493386560145\",\"name\":\"Jonathan Broberg\",\"image\":{\"@type\":\"ImageObject\",\"inLanguage\":\"sv-SE\",\"@id\":\"https:\/\/www.budokampsport.se\/#\/schema\/person\/image\/\",\"url\":\"https:\/\/secure.gravatar.com\/avatar\/a58041c6cea9128bd9c40ee2f26d4136?s=96&d=blank&r=g\",\"contentUrl\":\"https:\/\/secure.gravatar.com\/avatar\/a58041c6cea9128bd9c40ee2f26d4136?s=96&d=blank&r=g\",\"caption\":\"Jonathan Broberg\"},\"sameAs\":[\"https:\/\/www.facebook.com\/jonathan.broberg.7\"],\"url\":\"https:\/\/www.budokampsport.se\/author\/jonathan\/\"}]}<\/script>\n<!-- \/ Yoast SEO plugin. -->","yoast_head_json":{"title":"Sebastian Gonzalez projektleder \"Ett hj\u00e4rta i samh\u00e4llet\" - Svenska Budo &amp; Kampsportsf\u00f6rbundet","description":"SB&K. Det \u00e4r klart att Sebastian Gonzalez projektleder SB&K:s satsning i prioriterade omr\u00e5den. Satsningen \u00e4r en del i idrottens gemensamma krafttag kallat Idrottsklivet. - Det k\u00e4nns verkligen som ett dr\u00f6mjobb f\u00f6r min del, s\u00e4ger Gonzalez till budokampsport.se.","robots":{"index":"index","follow":"follow","max-snippet":"max-snippet:-1","max-image-preview":"max-image-preview:large","max-video-preview":"max-video-preview:-1"},"canonical":"https:\/\/www.budokampsport.se\/2023\/09\/28\/sebastian-gonzalez-projektleder-ett-hjarta-i-samhallet\/","og_locale":"sv_SE","og_type":"article","og_title":"Sebastian Gonzalez projektleder \"Ett hj\u00e4rta i samh\u00e4llet\" - Svenska Budo &amp; Kampsportsf\u00f6rbundet","og_description":"SB&K. Det \u00e4r klart att Sebastian Gonzalez projektleder SB&K:s satsning i prioriterade omr\u00e5den. Satsningen \u00e4r en del i idrottens gemensamma krafttag kallat Idrottsklivet. - Det k\u00e4nns verkligen som ett dr\u00f6mjobb f\u00f6r min del, s\u00e4ger Gonzalez till budokampsport.se.","og_url":"https:\/\/www.budokampsport.se\/2023\/09\/28\/sebastian-gonzalez-projektleder-ett-hjarta-i-samhallet\/","og_site_name":"Svenska Budo &amp; Kampsportsf\u00f6rbundet","article_author":"https:\/\/www.facebook.com\/jonathan.broberg.7","article_published_time":"2023-09-28T07:33:36+00:00","article_modified_time":"2025-07-23T08:41:38+00:00","og_image":[{"width":850,"height":535,"url":"https:\/\/www.budokampsport.se\/wp-content\/uploads\/2023\/09\/sebastian-gonzalez.jpg","type":"image\/jpeg"}],"author":"Jonathan Broberg","twitter_card":"summary_large_image","twitter_misc":{"Skriven av":"Jonathan Broberg","Ber\u00e4knad l\u00e4stid":"3 minuter"},"schema":{"@context":"https:\/\/schema.org","@graph":[{"@type":"Article","@id":"https:\/\/www.budokampsport.se\/2023\/09\/28\/sebastian-gonzalez-projektleder-ett-hjarta-i-samhallet\/#article","isPartOf":{"@id":"https:\/\/www.budokampsport.se\/2023\/09\/28\/sebastian-gonzalez-projektleder-ett-hjarta-i-samhallet\/"},"author":{"name":"Jonathan Broberg","@id":"https:\/\/www.budokampsport.se\/#\/schema\/person\/5c06d81d14850e2a8ce5493386560145"},"headline":"Sebastian Gonzalez projektleder &#8220;Ett hj\u00e4rta i samh\u00e4llet&#8221;","datePublished":"2023-09-28T07:33:36+00:00","dateModified":"2025-07-23T08:41:38+00:00","mainEntityOfPage":{"@id":"https:\/\/www.budokampsport.se\/2023\/09\/28\/sebastian-gonzalez-projektleder-ett-hjarta-i-samhallet\/"},"wordCount":411,"image":{"@id":"https:\/\/www.budokampsport.se\/2023\/09\/28\/sebastian-gonzalez-projektleder-ett-hjarta-i-samhallet\/#primaryimage"},"thumbnailUrl":"https:\/\/www.budokampsport.se\/wp-content\/uploads\/2023\/09\/sebastian-gonzalez.jpg","articleSection":["Idrottsklivet","SB&amp;K"],"inLanguage":"sv-SE"},{"@type":"WebPage","@id":"https:\/\/www.budokampsport.se\/2023\/09\/28\/sebastian-gonzalez-projektleder-ett-hjarta-i-samhallet\/","url":"https:\/\/www.budokampsport.se\/2023\/09\/28\/sebastian-gonzalez-projektleder-ett-hjarta-i-samhallet\/","name":"Sebastian Gonzalez projektleder \"Ett hj\u00e4rta i samh\u00e4llet\" - Svenska Budo &amp; Kampsportsf\u00f6rbundet","isPartOf":{"@id":"https:\/\/www.budokampsport.se\/#website"},"primaryImageOfPage":{"@id":"https:\/\/www.budokampsport.se\/2023\/09\/28\/sebastian-gonzalez-projektleder-ett-hjarta-i-samhallet\/#primaryimage"},"image":{"@id":"https:\/\/www.budokampsport.se\/2023\/09\/28\/sebastian-gonzalez-projektleder-ett-hjarta-i-samhallet\/#primaryimage"},"thumbnailUrl":"https:\/\/www.budokampsport.se\/wp-content\/uploads\/2023\/09\/sebastian-gonzalez.jpg","datePublished":"2023-09-28T07:33:36+00:00","dateModified":"2025-07-23T08:41:38+00:00","author":{"@id":"https:\/\/www.budokampsport.se\/#\/schema\/person\/5c06d81d14850e2a8ce5493386560145"},"description":"SB&K. Det \u00e4r klart att Sebastian Gonzalez projektleder SB&K:s satsning i prioriterade omr\u00e5den. Satsningen \u00e4r en del i idrottens gemensamma krafttag kallat Idrottsklivet. - Det k\u00e4nns verkligen som ett dr\u00f6mjobb f\u00f6r min del, s\u00e4ger Gonzalez till budokampsport.se.","breadcrumb":{"@id":"https:\/\/www.budokampsport.se\/2023\/09\/28\/sebastian-gonzalez-projektleder-ett-hjarta-i-samhallet\/#breadcrumb"},"inLanguage":"sv-SE","potentialAction":[{"@type":"ReadAction","target":["https:\/\/www.budokampsport.se\/2023\/09\/28\/sebastian-gonzalez-projektleder-ett-hjarta-i-samhallet\/"]}]},{"@type":"ImageObject","inLanguage":"sv-SE","@id":"https:\/\/www.budokampsport.se\/2023\/09\/28\/sebastian-gonzalez-projektleder-ett-hjarta-i-samhallet\/#primaryimage","url":"https:\/\/www.budokampsport.se\/wp-content\/uploads\/2023\/09\/sebastian-gonzalez.jpg","contentUrl":"https:\/\/www.budokampsport.se\/wp-content\/uploads\/2023\/09\/sebastian-gonzalez.jpg","width":850,"height":535,"caption":"Foto: Jonathan Broberg"},{"@type":"BreadcrumbList","@id":"https:\/\/www.budokampsport.se\/2023\/09\/28\/sebastian-gonzalez-projektleder-ett-hjarta-i-samhallet\/#breadcrumb","itemListElement":[{"@type":"ListItem","position":1,"name":"Hem","item":"https:\/\/www.budokampsport.se\/"},{"@type":"ListItem","position":2,"name":"Sebastian Gonzalez projektleder &#8220;Ett hj\u00e4rta i samh\u00e4llet&#8221;"}]},{"@type":"WebSite","@id":"https:\/\/www.budokampsport.se\/#website","url":"https:\/\/www.budokampsport.se\/","name":"Svenska Budo &amp; Kampsportsf\u00f6rbundet","description":"T\u00e4vling, Tr\u00e4ning, Tradition","potentialAction":[{"@type":"SearchAction","target":{"@type":"EntryPoint","urlTemplate":"https:\/\/www.budokampsport.se\/?s={search_term_string}"},"query-input":{"@type":"PropertyValueSpecification","valueRequired":true,"valueName":"search_term_string"}}],"inLanguage":"sv-SE"},{"@type":"Person","@id":"https:\/\/www.budokampsport.se\/#\/schema\/person\/5c06d81d14850e2a8ce5493386560145","name":"Jonathan Broberg","image":{"@type":"ImageObject","inLanguage":"sv-SE","@id":"https:\/\/www.budokampsport.se\/#\/schema\/person\/image\/","url":"https:\/\/secure.gravatar.com\/avatar\/a58041c6cea9128bd9c40ee2f26d4136?s=96&d=blank&r=g","contentUrl":"https:\/\/secure.gravatar.com\/avatar\/a58041c6cea9128bd9c40ee2f26d4136?s=96&d=blank&r=g","caption":"Jonathan Broberg"},"sameAs":["https:\/\/www.facebook.com\/jonathan.broberg.7"],"url":"https:\/\/www.budokampsport.se\/author\/jonathan\/"}]}},"_links":{"self":[{"href":"https:\/\/www.budokampsport.se\/api\/wp\/v2\/posts\/156386","targetHints":{"allow":["GET"]}}],"collection":[{"href":"https:\/\/www.budokampsport.se\/api\/wp\/v2\/posts"}],"about":[{"href":"https:\/\/www.budokampsport.se\/api\/wp\/v2\/types\/post"}],"author":[{"embeddable":true,"href":"https:\/\/www.budokampsport.se\/api\/wp\/v2\/users\/7"}],"replies":[{"embeddable":true,"href":"https:\/\/www.budokampsport.se\/api\/wp\/v2\/comments?post=156386"}],"version-history":[{"count":0,"href":"https:\/\/www.budokampsport.se\/api\/wp\/v2\/posts\/156386\/revisions"}],"wp:featuredmedia":[{"embeddable":true,"href":"https:\/\/www.budokampsport.se\/api\/wp\/v2\/media\/157269"}],"wp:attachment":[{"href":"https:\/\/www.budokampsport.se\/api\/wp\/v2\/media?parent=156386"}],"wp:term":[{"taxonomy":"category","embeddable":true,"href":"https:\/\/www.budokampsport.se\/api\/wp\/v2\/categories?post=156386"},{"taxonomy":"post_tag","embeddable":true,"href":"https:\/\/www.budokampsport.se\/api\/wp\/v2\/tags?post=156386"}],"curies":[{"name":"wp","href":"https:\/\/api.w.org\/{rel}","templated":true}]}}