{"id":156711,"date":"2023-10-09T13:48:49","date_gmt":"2023-10-09T11:48:49","guid":{"rendered":"https:\/\/www.budokampsport.se\/?p=156711"},"modified":"2024-07-15T09:05:58","modified_gmt":"2024-07-15T07:05:58","slug":"andreas-tampe-forbereder-sig-infor-vm-i-shinkyokushin","status":"publish","type":"post","link":"https:\/\/www.budokampsport.se\/2023\/10\/09\/andreas-tampe-forbereder-sig-infor-vm-i-shinkyokushin\/","title":{"rendered":"Andreas Tampe f\u00f6rbereder sig inf\u00f6r VM i shinkyokushin"},"content":{"rendered":"<p>VM i shinkyokushin n\u00e4rmar sig. Sju svenskar \u00e5ker till Japan f\u00f6r att g\u00f6ra upp om medaljerna d\u00e4r bara en vinnare koras i herr- respektive damklassen. Fem av dessa t\u00e4vlar i kumite medan tv\u00e5 t\u00e4vlar i kata. \u00c5rets EM-bronsmedalj\u00f6r, <a href=\"https:\/\/www.budokampsport.se\/2023\/04\/01\/em-brons-till-andreas-tampe\/\" target=\"_blank\" rel=\"noopener\">Andreas Tampe<\/a>, har tr\u00e4nat i \u00f6ver 30 \u00e5r och ser fram emot m\u00e4sterskapet efter en viktigt uppladdningsperiod.<\/p>\n<p>\u2013 Uppladdningen har g\u00e5tt bra, jag har fokuserat mycket p\u00e5 katorna jag kommer t\u00e4vla med. Eftersom jag \u00e4r seedad till detta VM g\u00e5r jag in i andra omg\u00e5ngen direkt och beh\u00f6ver d\u00e4rmed bara fokusera p\u00e5 4 av 5 VM-kator. Jag har uteslutande tr\u00e4nat dessa fyra kator b\u00e5de p\u00e5 egen hand och med coach. I \u00f6vrigt har jag sett till att h\u00e5lla musklerna explosiva s\u00e5 det har blivit en del tyngre styrketr\u00e4ning samt stabiliserande tr\u00e4ning, s\u00e4ger Tampe till budokampsport.se<\/p>\n<p>Tampe har sedan tidigare en femte placering p\u00e5 EM och i v\u00e5ras blev det \u00e4ntligen ett brons p\u00e5 hemmaplan n\u00e4r europam\u00e4sterskapet avgjordes i Partille Arena, G\u00f6teborg. Han och <strong>Ki Pasanen<\/strong> blev genom sina prestationer p\u00e5 EM uttagna av den europeiska organisationen men representerar naturligtvis Sverige p\u00e5 plats i Japan. Det \u00e4r ocks\u00e5 f\u00f6rsta g\u00e5ngen det kommer t\u00e4vlas i kata p\u00e5 ett VM.<\/p>\n<p>\u2013 \u00a0Jag \u00e5ker till Japan den 8 oktober och d\u00e5 har jag fem lugna dagar med avkoppling innan det \u00e4r dags att t\u00e4vla den 14 oktober. Kv\u00e4llen innan \u00e4gnar jag mig vanligtvis \u00e5t mentala f\u00f6rberedelser och p\u00e5 t\u00e4vlingsdagen blir det speciellt viktigt med god uppv\u00e4rmning och d\u00e5 jag k\u00f6r igenom katorna ordentligt innan matcher, f\u00f6rs\u00e4tter Tampe.<\/p>\n<p>Tampe har ett h\u00f6gt uppsatt m\u00e5l och ser fram emot att lyfta fram kata p\u00e5 m\u00e4sterskapet schema.<\/p>\n<p>\u2013 \u00a0Mitt m\u00e5l \u00e4r pallen, topp tre-fyra. F\u00f6rhoppningsvis blir kata ocks\u00e5 ett sp\u00e4nnande och spektakul\u00e4rt inslag p\u00e5 \u00e5rets m\u00e4sterskap d\u00e5 det \u00e4r f\u00f6rsta g\u00e5ngen i VM-historien som kata \u00e4r med som disciplin. Det \u00e4r en \u00e4ra att vara uttagen som en av sju europ\u00e9er och representera b\u00e5de Sverige och Europa, s\u00e4ger Tampe.<\/p>\n<p>&nbsp;<\/p>\n<h3>SVENSKA TRUPPEN<\/h3>\n<table style=\"border-collapse: collapse; width: 79.1855%;\">\n<tbody>\n<tr>\n<td style=\"width: 40.5257%;\"><img loading=\"lazy\" decoding=\"async\" class=\"alignnone size-full wp-image-122883\" src=\"https:\/\/www.budokampsport.se\/wp-content\/uploads\/2020\/11\/sweden-flag-icon-16.png\" alt=\"Sveriges flagga\" width=\"16\" height=\"10\" \/> Ali Hayder<\/td>\n<td style=\"width: 25.0888%;\">Kumite\/sparring<\/td>\n<td style=\"width: 15.7534%;\">1 DAN<\/td>\n<\/tr>\n<tr>\n<td style=\"width: 40.5257%;\"><img loading=\"lazy\" decoding=\"async\" class=\"alignnone size-full wp-image-122883\" src=\"https:\/\/www.budokampsport.se\/wp-content\/uploads\/2020\/11\/sweden-flag-icon-16.png\" alt=\"Sveriges flagga\" width=\"16\" height=\"10\" \/> Kaveh Zahmatkesh<\/td>\n<td style=\"width: 25.0888%;\">Kumite\/sparring<\/td>\n<td style=\"width: 15.7534%;\">1 DAN<\/td>\n<\/tr>\n<tr>\n<td style=\"width: 40.5257%;\"><img loading=\"lazy\" decoding=\"async\" class=\"alignnone size-full wp-image-122883\" src=\"https:\/\/www.budokampsport.se\/wp-content\/uploads\/2020\/11\/sweden-flag-icon-16.png\" alt=\"Sveriges flagga\" width=\"16\" height=\"10\" \/> Simon Eriksson<\/td>\n<td style=\"width: 25.0888%;\">Kumite\/sparring<\/td>\n<td style=\"width: 15.7534%;\">1 KYU<\/td>\n<\/tr>\n<tr>\n<td style=\"width: 40.5257%;\"><img loading=\"lazy\" decoding=\"async\" class=\"alignnone size-full wp-image-122883\" src=\"https:\/\/www.budokampsport.se\/wp-content\/uploads\/2020\/11\/sweden-flag-icon-16.png\" alt=\"Sveriges flagga\" width=\"16\" height=\"10\" \/> Sebastian Eriksson<\/td>\n<td style=\"width: 25.0888%;\">Kumite\/sparring<\/td>\n<td style=\"width: 15.7534%;\">4 KYU<\/td>\n<\/tr>\n<tr>\n<td style=\"width: 40.5257%;\"><img loading=\"lazy\" decoding=\"async\" class=\"alignnone size-full wp-image-122883\" src=\"https:\/\/www.budokampsport.se\/wp-content\/uploads\/2020\/11\/sweden-flag-icon-16.png\" alt=\"Sveriges flagga\" width=\"16\" height=\"10\" \/> Mirjam Bj\u00f6rklund<\/td>\n<td style=\"width: 25.0888%;\">Kumite\/sparring<\/td>\n<td style=\"width: 15.7534%;\">2 KYU<\/td>\n<\/tr>\n<tr>\n<td style=\"width: 40.5257%;\"><img loading=\"lazy\" decoding=\"async\" class=\"alignnone size-full wp-image-122883\" src=\"https:\/\/www.budokampsport.se\/wp-content\/uploads\/2020\/11\/sweden-flag-icon-16.png\" alt=\"Sveriges flagga\" width=\"16\" height=\"10\" \/> Andreas Tampe<\/td>\n<td style=\"width: 25.0888%;\">Kata<\/td>\n<td style=\"width: 15.7534%;\">5 DAN<\/td>\n<\/tr>\n<tr>\n<td style=\"width: 40.5257%;\"><img loading=\"lazy\" decoding=\"async\" class=\"alignnone size-full wp-image-122883\" src=\"https:\/\/www.budokampsport.se\/wp-content\/uploads\/2020\/11\/sweden-flag-icon-16.png\" alt=\"Sveriges flagga\" width=\"16\" height=\"10\" \/> Ki Pasanen<\/td>\n<td style=\"width: 25.0888%;\">Kata<\/td>\n<td style=\"width: 15.7534%;\">1 DAN<\/td>\n<\/tr>\n<\/tbody>\n<\/table>\n<p>&nbsp;<\/p>\n<p>L\u00e4s mer om deltagarna och f\u00f6lj m\u00e4sterskapets resultat <a href=\"https:\/\/eko.kumitetechnology.com\/en\/tournament\/81\/\" target=\"_blank\" rel=\"noopener\">h\u00e4r<\/a>.<\/p>\n<p>Text: Annie Bondefelt Carriage<\/p>\n","protected":false},"excerpt":{"rendered":"<p>KYOKUSHIN. VM i kyokushin avg\u00f6rs mellan 14-15 oktober i den japanska huvudstaden Tokyo. Sverige representeras av sju atleter d\u00e4ribland Andreas Tampe som t\u00e4vlar i kata.<br \/><br>\u2013 \u00a0Mitt m\u00e5l \u00e4r pallen, topp tre-fyra. F\u00f6rhoppningsvis blir kata ocks\u00e5 ett sp\u00e4nnande och spektakul\u00e4rt inslag p\u00e5 \u00e5rets m\u00e4sterskap d\u00e5 det \u00e4r f\u00f6rsta g\u00e5ngen i VM-historien som kata \u00e4r med som disciplin. Det \u00e4r en \u00e4ra att vara uttagen som en av sju europ\u00e9er och representera b\u00e5de Sverige och Europa, s\u00e4ger Tampe.<\/p><br>","protected":false},"author":120,"featured_media":151967,"comment_status":"closed","ping_status":"closed","sticky":false,"template":"","format":"standard","meta":{"_acf_changed":false,"footnotes":""},"categories":[541],"tags":[],"class_list":["post-156711","post","type-post","status-publish","format-standard","has-post-thumbnail","hentry","category-kyokushin"],"acf":[],"yoast_head":"<!-- This site is optimized with the Yoast SEO plugin v26.8 - https:\/\/yoast.com\/product\/yoast-seo-wordpress\/ -->\n<title>Andreas Tampe f\u00f6rbereder sig inf\u00f6r VM i shinkyokushin - Svenska Budo &amp; Kampsportsf\u00f6rbundet<\/title>\n<meta name=\"description\" content=\"KYOKUSHIN. VM i kyokushin avg\u00f6rs mellan 14-15 oktober i den japanska huvudstaden Tokyo. Sverige representeras av sju atleter d\u00e4ribland Andreas Tampe som t\u00e4vlar i kata. \u2013 \u00a0Mitt m\u00e5l \u00e4r pallen, topp tre-fyra. F\u00f6rhoppningsvis blir kata ocks\u00e5 ett sp\u00e4nnande och spektakul\u00e4rt inslag p\u00e5 \u00e5rets m\u00e4sterskap d\u00e5 det \u00e4r f\u00f6rsta g\u00e5ngen i VM-historien som kata \u00e4r med som disciplin. Det \u00e4r en \u00e4ra att vara uttagen som en av sju europ\u00e9er och representera b\u00e5de Sverige och Europa, s\u00e4ger Tampe.\" \/>\n<meta name=\"robots\" content=\"index, follow, max-snippet:-1, max-image-preview:large, max-video-preview:-1\" \/>\n<link rel=\"canonical\" href=\"https:\/\/www.budokampsport.se\/2023\/10\/09\/andreas-tampe-forbereder-sig-infor-vm-i-shinkyokushin\/\" \/>\n<meta property=\"og:locale\" content=\"sv_SE\" \/>\n<meta property=\"og:type\" content=\"article\" \/>\n<meta property=\"og:title\" content=\"Andreas Tampe f\u00f6rbereder sig inf\u00f6r VM i shinkyokushin - Svenska Budo &amp; Kampsportsf\u00f6rbundet\" \/>\n<meta property=\"og:description\" content=\"KYOKUSHIN. VM i kyokushin avg\u00f6rs mellan 14-15 oktober i den japanska huvudstaden Tokyo. Sverige representeras av sju atleter d\u00e4ribland Andreas Tampe som t\u00e4vlar i kata. \u2013 \u00a0Mitt m\u00e5l \u00e4r pallen, topp tre-fyra. F\u00f6rhoppningsvis blir kata ocks\u00e5 ett sp\u00e4nnande och spektakul\u00e4rt inslag p\u00e5 \u00e5rets m\u00e4sterskap d\u00e5 det \u00e4r f\u00f6rsta g\u00e5ngen i VM-historien som kata \u00e4r med som disciplin. Det \u00e4r en \u00e4ra att vara uttagen som en av sju europ\u00e9er och representera b\u00e5de Sverige och Europa, s\u00e4ger Tampe.\" \/>\n<meta property=\"og:url\" content=\"https:\/\/www.budokampsport.se\/2023\/10\/09\/andreas-tampe-forbereder-sig-infor-vm-i-shinkyokushin\/\" \/>\n<meta property=\"og:site_name\" content=\"Svenska Budo &amp; Kampsportsf\u00f6rbundet\" \/>\n<meta property=\"article:published_time\" content=\"2023-10-09T11:48:49+00:00\" \/>\n<meta property=\"article:modified_time\" content=\"2024-07-15T07:05:58+00:00\" \/>\n<meta property=\"og:image\" content=\"https:\/\/www.budokampsport.se\/wp-content\/uploads\/2023\/03\/Andreas-Tampe_tva.jpg\" \/>\n\t<meta property=\"og:image:width\" content=\"850\" \/>\n\t<meta property=\"og:image:height\" content=\"567\" \/>\n\t<meta property=\"og:image:type\" content=\"image\/jpeg\" \/>\n<meta name=\"author\" content=\"Annie Carriage\" \/>\n<meta name=\"twitter:card\" content=\"summary_large_image\" \/>\n<meta name=\"twitter:label1\" content=\"Skriven av\" \/>\n\t<meta name=\"twitter:data1\" content=\"Annie Carriage\" \/>\n\t<meta name=\"twitter:label2\" content=\"Ber\u00e4knad l\u00e4stid\" \/>\n\t<meta name=\"twitter:data2\" content=\"4 minuter\" \/>\n<script type=\"application\/ld+json\" class=\"yoast-schema-graph\">{\"@context\":\"https:\/\/schema.org\",\"@graph\":[{\"@type\":\"Article\",\"@id\":\"https:\/\/www.budokampsport.se\/2023\/10\/09\/andreas-tampe-forbereder-sig-infor-vm-i-shinkyokushin\/#article\",\"isPartOf\":{\"@id\":\"https:\/\/www.budokampsport.se\/2023\/10\/09\/andreas-tampe-forbereder-sig-infor-vm-i-shinkyokushin\/\"},\"author\":{\"name\":\"Annie Carriage\",\"@id\":\"https:\/\/www.budokampsport.se\/#\/schema\/person\/c838cace8171f692e363fde3f38f208b\"},\"headline\":\"Andreas Tampe f\u00f6rbereder sig inf\u00f6r VM i shinkyokushin\",\"datePublished\":\"2023-10-09T11:48:49+00:00\",\"dateModified\":\"2024-07-15T07:05:58+00:00\",\"mainEntityOfPage\":{\"@id\":\"https:\/\/www.budokampsport.se\/2023\/10\/09\/andreas-tampe-forbereder-sig-infor-vm-i-shinkyokushin\/\"},\"wordCount\":427,\"image\":{\"@id\":\"https:\/\/www.budokampsport.se\/2023\/10\/09\/andreas-tampe-forbereder-sig-infor-vm-i-shinkyokushin\/#primaryimage\"},\"thumbnailUrl\":\"https:\/\/www.budokampsport.se\/wp-content\/uploads\/2023\/03\/Andreas-Tampe_tva.jpg\",\"articleSection\":[\"Kyokushin\"],\"inLanguage\":\"sv-SE\"},{\"@type\":\"WebPage\",\"@id\":\"https:\/\/www.budokampsport.se\/2023\/10\/09\/andreas-tampe-forbereder-sig-infor-vm-i-shinkyokushin\/\",\"url\":\"https:\/\/www.budokampsport.se\/2023\/10\/09\/andreas-tampe-forbereder-sig-infor-vm-i-shinkyokushin\/\",\"name\":\"Andreas Tampe f\u00f6rbereder sig inf\u00f6r VM i shinkyokushin - Svenska Budo &amp; Kampsportsf\u00f6rbundet\",\"isPartOf\":{\"@id\":\"https:\/\/www.budokampsport.se\/#website\"},\"primaryImageOfPage\":{\"@id\":\"https:\/\/www.budokampsport.se\/2023\/10\/09\/andreas-tampe-forbereder-sig-infor-vm-i-shinkyokushin\/#primaryimage\"},\"image\":{\"@id\":\"https:\/\/www.budokampsport.se\/2023\/10\/09\/andreas-tampe-forbereder-sig-infor-vm-i-shinkyokushin\/#primaryimage\"},\"thumbnailUrl\":\"https:\/\/www.budokampsport.se\/wp-content\/uploads\/2023\/03\/Andreas-Tampe_tva.jpg\",\"datePublished\":\"2023-10-09T11:48:49+00:00\",\"dateModified\":\"2024-07-15T07:05:58+00:00\",\"author\":{\"@id\":\"https:\/\/www.budokampsport.se\/#\/schema\/person\/c838cace8171f692e363fde3f38f208b\"},\"description\":\"KYOKUSHIN. VM i kyokushin avg\u00f6rs mellan 14-15 oktober i den japanska huvudstaden Tokyo. Sverige representeras av sju atleter d\u00e4ribland Andreas Tampe som t\u00e4vlar i kata. \u2013 \u00a0Mitt m\u00e5l \u00e4r pallen, topp tre-fyra. F\u00f6rhoppningsvis blir kata ocks\u00e5 ett sp\u00e4nnande och spektakul\u00e4rt inslag p\u00e5 \u00e5rets m\u00e4sterskap d\u00e5 det \u00e4r f\u00f6rsta g\u00e5ngen i VM-historien som kata \u00e4r med som disciplin. Det \u00e4r en \u00e4ra att vara uttagen som en av sju europ\u00e9er och representera b\u00e5de Sverige och Europa, s\u00e4ger Tampe.\",\"breadcrumb\":{\"@id\":\"https:\/\/www.budokampsport.se\/2023\/10\/09\/andreas-tampe-forbereder-sig-infor-vm-i-shinkyokushin\/#breadcrumb\"},\"inLanguage\":\"sv-SE\",\"potentialAction\":[{\"@type\":\"ReadAction\",\"target\":[\"https:\/\/www.budokampsport.se\/2023\/10\/09\/andreas-tampe-forbereder-sig-infor-vm-i-shinkyokushin\/\"]}]},{\"@type\":\"ImageObject\",\"inLanguage\":\"sv-SE\",\"@id\":\"https:\/\/www.budokampsport.se\/2023\/10\/09\/andreas-tampe-forbereder-sig-infor-vm-i-shinkyokushin\/#primaryimage\",\"url\":\"https:\/\/www.budokampsport.se\/wp-content\/uploads\/2023\/03\/Andreas-Tampe_tva.jpg\",\"contentUrl\":\"https:\/\/www.budokampsport.se\/wp-content\/uploads\/2023\/03\/Andreas-Tampe_tva.jpg\",\"width\":850,\"height\":567,\"caption\":\"Foto: Jonathan Broberg\"},{\"@type\":\"BreadcrumbList\",\"@id\":\"https:\/\/www.budokampsport.se\/2023\/10\/09\/andreas-tampe-forbereder-sig-infor-vm-i-shinkyokushin\/#breadcrumb\",\"itemListElement\":[{\"@type\":\"ListItem\",\"position\":1,\"name\":\"Hem\",\"item\":\"https:\/\/www.budokampsport.se\/\"},{\"@type\":\"ListItem\",\"position\":2,\"name\":\"Andreas Tampe f\u00f6rbereder sig inf\u00f6r VM i shinkyokushin\"}]},{\"@type\":\"WebSite\",\"@id\":\"https:\/\/www.budokampsport.se\/#website\",\"url\":\"https:\/\/www.budokampsport.se\/\",\"name\":\"Svenska Budo &amp; Kampsportsf\u00f6rbundet\",\"description\":\"T\u00e4vling, Tr\u00e4ning, Tradition\",\"potentialAction\":[{\"@type\":\"SearchAction\",\"target\":{\"@type\":\"EntryPoint\",\"urlTemplate\":\"https:\/\/www.budokampsport.se\/?s={search_term_string}\"},\"query-input\":{\"@type\":\"PropertyValueSpecification\",\"valueRequired\":true,\"valueName\":\"search_term_string\"}}],\"inLanguage\":\"sv-SE\"},{\"@type\":\"Person\",\"@id\":\"https:\/\/www.budokampsport.se\/#\/schema\/person\/c838cace8171f692e363fde3f38f208b\",\"name\":\"Annie Carriage\",\"image\":{\"@type\":\"ImageObject\",\"inLanguage\":\"sv-SE\",\"@id\":\"https:\/\/www.budokampsport.se\/#\/schema\/person\/image\/\",\"url\":\"https:\/\/secure.gravatar.com\/avatar\/9311295560bdfbdf78365a26f7df1876?s=96&d=blank&r=g\",\"contentUrl\":\"https:\/\/secure.gravatar.com\/avatar\/9311295560bdfbdf78365a26f7df1876?s=96&d=blank&r=g\",\"caption\":\"Annie Carriage\"},\"url\":\"https:\/\/www.budokampsport.se\/author\/annie-bondefelt\/\"}]}<\/script>\n<!-- \/ Yoast SEO plugin. -->","yoast_head_json":{"title":"Andreas Tampe f\u00f6rbereder sig inf\u00f6r VM i shinkyokushin - Svenska Budo &amp; Kampsportsf\u00f6rbundet","description":"KYOKUSHIN. VM i kyokushin avg\u00f6rs mellan 14-15 oktober i den japanska huvudstaden Tokyo. Sverige representeras av sju atleter d\u00e4ribland Andreas Tampe som t\u00e4vlar i kata. \u2013 \u00a0Mitt m\u00e5l \u00e4r pallen, topp tre-fyra. F\u00f6rhoppningsvis blir kata ocks\u00e5 ett sp\u00e4nnande och spektakul\u00e4rt inslag p\u00e5 \u00e5rets m\u00e4sterskap d\u00e5 det \u00e4r f\u00f6rsta g\u00e5ngen i VM-historien som kata \u00e4r med som disciplin. Det \u00e4r en \u00e4ra att vara uttagen som en av sju europ\u00e9er och representera b\u00e5de Sverige och Europa, s\u00e4ger Tampe.","robots":{"index":"index","follow":"follow","max-snippet":"max-snippet:-1","max-image-preview":"max-image-preview:large","max-video-preview":"max-video-preview:-1"},"canonical":"https:\/\/www.budokampsport.se\/2023\/10\/09\/andreas-tampe-forbereder-sig-infor-vm-i-shinkyokushin\/","og_locale":"sv_SE","og_type":"article","og_title":"Andreas Tampe f\u00f6rbereder sig inf\u00f6r VM i shinkyokushin - Svenska Budo &amp; Kampsportsf\u00f6rbundet","og_description":"KYOKUSHIN. VM i kyokushin avg\u00f6rs mellan 14-15 oktober i den japanska huvudstaden Tokyo. Sverige representeras av sju atleter d\u00e4ribland Andreas Tampe som t\u00e4vlar i kata. \u2013 \u00a0Mitt m\u00e5l \u00e4r pallen, topp tre-fyra. F\u00f6rhoppningsvis blir kata ocks\u00e5 ett sp\u00e4nnande och spektakul\u00e4rt inslag p\u00e5 \u00e5rets m\u00e4sterskap d\u00e5 det \u00e4r f\u00f6rsta g\u00e5ngen i VM-historien som kata \u00e4r med som disciplin. Det \u00e4r en \u00e4ra att vara uttagen som en av sju europ\u00e9er och representera b\u00e5de Sverige och Europa, s\u00e4ger Tampe.","og_url":"https:\/\/www.budokampsport.se\/2023\/10\/09\/andreas-tampe-forbereder-sig-infor-vm-i-shinkyokushin\/","og_site_name":"Svenska Budo &amp; Kampsportsf\u00f6rbundet","article_published_time":"2023-10-09T11:48:49+00:00","article_modified_time":"2024-07-15T07:05:58+00:00","og_image":[{"width":850,"height":567,"url":"https:\/\/www.budokampsport.se\/wp-content\/uploads\/2023\/03\/Andreas-Tampe_tva.jpg","type":"image\/jpeg"}],"author":"Annie Carriage","twitter_card":"summary_large_image","twitter_misc":{"Skriven av":"Annie Carriage","Ber\u00e4knad l\u00e4stid":"4 minuter"},"schema":{"@context":"https:\/\/schema.org","@graph":[{"@type":"Article","@id":"https:\/\/www.budokampsport.se\/2023\/10\/09\/andreas-tampe-forbereder-sig-infor-vm-i-shinkyokushin\/#article","isPartOf":{"@id":"https:\/\/www.budokampsport.se\/2023\/10\/09\/andreas-tampe-forbereder-sig-infor-vm-i-shinkyokushin\/"},"author":{"name":"Annie Carriage","@id":"https:\/\/www.budokampsport.se\/#\/schema\/person\/c838cace8171f692e363fde3f38f208b"},"headline":"Andreas Tampe f\u00f6rbereder sig inf\u00f6r VM i shinkyokushin","datePublished":"2023-10-09T11:48:49+00:00","dateModified":"2024-07-15T07:05:58+00:00","mainEntityOfPage":{"@id":"https:\/\/www.budokampsport.se\/2023\/10\/09\/andreas-tampe-forbereder-sig-infor-vm-i-shinkyokushin\/"},"wordCount":427,"image":{"@id":"https:\/\/www.budokampsport.se\/2023\/10\/09\/andreas-tampe-forbereder-sig-infor-vm-i-shinkyokushin\/#primaryimage"},"thumbnailUrl":"https:\/\/www.budokampsport.se\/wp-content\/uploads\/2023\/03\/Andreas-Tampe_tva.jpg","articleSection":["Kyokushin"],"inLanguage":"sv-SE"},{"@type":"WebPage","@id":"https:\/\/www.budokampsport.se\/2023\/10\/09\/andreas-tampe-forbereder-sig-infor-vm-i-shinkyokushin\/","url":"https:\/\/www.budokampsport.se\/2023\/10\/09\/andreas-tampe-forbereder-sig-infor-vm-i-shinkyokushin\/","name":"Andreas Tampe f\u00f6rbereder sig inf\u00f6r VM i shinkyokushin - Svenska Budo &amp; Kampsportsf\u00f6rbundet","isPartOf":{"@id":"https:\/\/www.budokampsport.se\/#website"},"primaryImageOfPage":{"@id":"https:\/\/www.budokampsport.se\/2023\/10\/09\/andreas-tampe-forbereder-sig-infor-vm-i-shinkyokushin\/#primaryimage"},"image":{"@id":"https:\/\/www.budokampsport.se\/2023\/10\/09\/andreas-tampe-forbereder-sig-infor-vm-i-shinkyokushin\/#primaryimage"},"thumbnailUrl":"https:\/\/www.budokampsport.se\/wp-content\/uploads\/2023\/03\/Andreas-Tampe_tva.jpg","datePublished":"2023-10-09T11:48:49+00:00","dateModified":"2024-07-15T07:05:58+00:00","author":{"@id":"https:\/\/www.budokampsport.se\/#\/schema\/person\/c838cace8171f692e363fde3f38f208b"},"description":"KYOKUSHIN. VM i kyokushin avg\u00f6rs mellan 14-15 oktober i den japanska huvudstaden Tokyo. Sverige representeras av sju atleter d\u00e4ribland Andreas Tampe som t\u00e4vlar i kata. \u2013 \u00a0Mitt m\u00e5l \u00e4r pallen, topp tre-fyra. F\u00f6rhoppningsvis blir kata ocks\u00e5 ett sp\u00e4nnande och spektakul\u00e4rt inslag p\u00e5 \u00e5rets m\u00e4sterskap d\u00e5 det \u00e4r f\u00f6rsta g\u00e5ngen i VM-historien som kata \u00e4r med som disciplin. Det \u00e4r en \u00e4ra att vara uttagen som en av sju europ\u00e9er och representera b\u00e5de Sverige och Europa, s\u00e4ger Tampe.","breadcrumb":{"@id":"https:\/\/www.budokampsport.se\/2023\/10\/09\/andreas-tampe-forbereder-sig-infor-vm-i-shinkyokushin\/#breadcrumb"},"inLanguage":"sv-SE","potentialAction":[{"@type":"ReadAction","target":["https:\/\/www.budokampsport.se\/2023\/10\/09\/andreas-tampe-forbereder-sig-infor-vm-i-shinkyokushin\/"]}]},{"@type":"ImageObject","inLanguage":"sv-SE","@id":"https:\/\/www.budokampsport.se\/2023\/10\/09\/andreas-tampe-forbereder-sig-infor-vm-i-shinkyokushin\/#primaryimage","url":"https:\/\/www.budokampsport.se\/wp-content\/uploads\/2023\/03\/Andreas-Tampe_tva.jpg","contentUrl":"https:\/\/www.budokampsport.se\/wp-content\/uploads\/2023\/03\/Andreas-Tampe_tva.jpg","width":850,"height":567,"caption":"Foto: Jonathan Broberg"},{"@type":"BreadcrumbList","@id":"https:\/\/www.budokampsport.se\/2023\/10\/09\/andreas-tampe-forbereder-sig-infor-vm-i-shinkyokushin\/#breadcrumb","itemListElement":[{"@type":"ListItem","position":1,"name":"Hem","item":"https:\/\/www.budokampsport.se\/"},{"@type":"ListItem","position":2,"name":"Andreas Tampe f\u00f6rbereder sig inf\u00f6r VM i shinkyokushin"}]},{"@type":"WebSite","@id":"https:\/\/www.budokampsport.se\/#website","url":"https:\/\/www.budokampsport.se\/","name":"Svenska Budo &amp; Kampsportsf\u00f6rbundet","description":"T\u00e4vling, Tr\u00e4ning, Tradition","potentialAction":[{"@type":"SearchAction","target":{"@type":"EntryPoint","urlTemplate":"https:\/\/www.budokampsport.se\/?s={search_term_string}"},"query-input":{"@type":"PropertyValueSpecification","valueRequired":true,"valueName":"search_term_string"}}],"inLanguage":"sv-SE"},{"@type":"Person","@id":"https:\/\/www.budokampsport.se\/#\/schema\/person\/c838cace8171f692e363fde3f38f208b","name":"Annie Carriage","image":{"@type":"ImageObject","inLanguage":"sv-SE","@id":"https:\/\/www.budokampsport.se\/#\/schema\/person\/image\/","url":"https:\/\/secure.gravatar.com\/avatar\/9311295560bdfbdf78365a26f7df1876?s=96&d=blank&r=g","contentUrl":"https:\/\/secure.gravatar.com\/avatar\/9311295560bdfbdf78365a26f7df1876?s=96&d=blank&r=g","caption":"Annie Carriage"},"url":"https:\/\/www.budokampsport.se\/author\/annie-bondefelt\/"}]}},"_links":{"self":[{"href":"https:\/\/www.budokampsport.se\/api\/wp\/v2\/posts\/156711","targetHints":{"allow":["GET"]}}],"collection":[{"href":"https:\/\/www.budokampsport.se\/api\/wp\/v2\/posts"}],"about":[{"href":"https:\/\/www.budokampsport.se\/api\/wp\/v2\/types\/post"}],"author":[{"embeddable":true,"href":"https:\/\/www.budokampsport.se\/api\/wp\/v2\/users\/120"}],"replies":[{"embeddable":true,"href":"https:\/\/www.budokampsport.se\/api\/wp\/v2\/comments?post=156711"}],"version-history":[{"count":0,"href":"https:\/\/www.budokampsport.se\/api\/wp\/v2\/posts\/156711\/revisions"}],"wp:featuredmedia":[{"embeddable":true,"href":"https:\/\/www.budokampsport.se\/api\/wp\/v2\/media\/151967"}],"wp:attachment":[{"href":"https:\/\/www.budokampsport.se\/api\/wp\/v2\/media?parent=156711"}],"wp:term":[{"taxonomy":"category","embeddable":true,"href":"https:\/\/www.budokampsport.se\/api\/wp\/v2\/categories?post=156711"},{"taxonomy":"post_tag","embeddable":true,"href":"https:\/\/www.budokampsport.se\/api\/wp\/v2\/tags?post=156711"}],"curies":[{"name":"wp","href":"https:\/\/api.w.org\/{rel}","templated":true}]}}