{"id":158003,"date":"2023-10-09T12:01:52","date_gmt":"2023-10-09T10:01:52","guid":{"rendered":"https:\/\/www.budokampsport.se\/?p=158003"},"modified":"2024-07-09T13:52:13","modified_gmt":"2024-07-09T11:52:13","slug":"medaljregn-for-kickboxningen-i-italien","status":"publish","type":"post","link":"https:\/\/www.budokampsport.se\/2023\/10\/09\/medaljregn-for-kickboxningen-i-italien\/","title":{"rendered":"Medaljregn f\u00f6r kickboxningen i Italien"},"content":{"rendered":"<p>I slutet p\u00e5 september \u00e5kte seniorlandslaget i kickboxning till Jesolo, utanf\u00f6r Venedig i Italien. Svenskarna deltog i<strong> Italian World Cup<\/strong> som \u00e4r en de st\u00f6rsta t\u00e4vlingarna under \u00e5ret med \u00f6ver 1600 t\u00e4vlande fr\u00e5n Europa, Nord- och Sydamerika, Afrika, Asien och Oceanien.<\/p>\n<p>Sverige t\u00e4vlade b\u00e5de i fullkontakt och kicklight och det blev guldmedaljer i b\u00e4gge disciplinerna, sammanlagt blev det hela tio medaljer f\u00f6r svenskarna nere p\u00e5 kontinenten.<\/p>\n<h3>Resultat<\/h3>\n<table style=\"border-collapse: collapse; width: 100%; height: 240px;\">\n<tbody>\n<tr style=\"height: 24px;\">\n<td style=\"width: 43.9592%; height: 24px;\"><img loading=\"lazy\" decoding=\"async\" class=\"wp-image-36061 alignnone\" src=\"https:\/\/www.budokampsport.se\/wp-content\/uploads\/2016\/12\/medal_gold.png\" alt=\"\" width=\"12\" height=\"18\" srcset=\"https:\/\/www.budokampsport.se\/wp-content\/uploads\/2016\/12\/medal_gold.png 200w, https:\/\/www.budokampsport.se\/wp-content\/uploads\/2016\/12\/medal_gold-190x278.png 190w, https:\/\/www.budokampsport.se\/wp-content\/uploads\/2016\/12\/medal_gold-95x137.png 95w\" sizes=\"auto, (max-width: 12px) 100vw, 12px\" \/> Sofia Bedziri Sj\u00f6str\u00f6m<\/td>\n<td style=\"width: 27.6565%; height: 24px;\">\u00a0-56 kg<\/td>\n<td style=\"width: 28.3842%; height: 24px;\">Fullkontakt low kick<\/td>\n<\/tr>\n<tr style=\"height: 24px;\">\n<td style=\"width: 43.9592%; height: 24px;\"><img loading=\"lazy\" decoding=\"async\" class=\"wp-image-36061 alignnone\" src=\"https:\/\/www.budokampsport.se\/wp-content\/uploads\/2016\/12\/medal_gold.png\" alt=\"\" width=\"12\" height=\"18\" srcset=\"https:\/\/www.budokampsport.se\/wp-content\/uploads\/2016\/12\/medal_gold.png 200w, https:\/\/www.budokampsport.se\/wp-content\/uploads\/2016\/12\/medal_gold-190x278.png 190w, https:\/\/www.budokampsport.se\/wp-content\/uploads\/2016\/12\/medal_gold-95x137.png 95w\" sizes=\"auto, (max-width: 12px) 100vw, 12px\" \/> Carl Nyqvist<\/td>\n<td style=\"width: 27.6565%; height: 24px;\">\u00a0-81 kg<\/td>\n<td style=\"width: 28.3842%; height: 24px;\">Fullkontakt K1<\/td>\n<\/tr>\n<tr style=\"height: 24px;\">\n<td style=\"width: 43.9592%; height: 24px;\"><img loading=\"lazy\" decoding=\"async\" class=\"alignnone  wp-image-139584\" src=\"https:\/\/www.budokampsport.se\/wp-content\/uploads\/2022\/05\/medal_silver_nospace.png\" alt=\"Silvermedalj\" width=\"10\" height=\"15\" srcset=\"https:\/\/www.budokampsport.se\/wp-content\/uploads\/2022\/05\/medal_silver_nospace.png 150w, https:\/\/www.budokampsport.se\/wp-content\/uploads\/2022\/05\/medal_silver_nospace-95x137.png 95w\" sizes=\"auto, (max-width: 10px) 100vw, 10px\" \/> Pavlo Golovanchuck<\/td>\n<td style=\"width: 27.6565%; height: 24px;\">-91 kg<\/td>\n<td style=\"width: 28.3842%; height: 24px;\">Fullkontakt K1<\/td>\n<\/tr>\n<tr style=\"height: 24px;\">\n<td style=\"width: 43.9592%; height: 24px;\"><img loading=\"lazy\" decoding=\"async\" class=\"alignnone  wp-image-139583\" src=\"https:\/\/www.budokampsport.se\/wp-content\/uploads\/2022\/05\/medal_bronze_nospace.png\" alt=\"Bronsmedalj\" width=\"11\" height=\"16\" srcset=\"https:\/\/www.budokampsport.se\/wp-content\/uploads\/2022\/05\/medal_bronze_nospace.png 150w, https:\/\/www.budokampsport.se\/wp-content\/uploads\/2022\/05\/medal_bronze_nospace-95x137.png 95w\" sizes=\"auto, (max-width: 11px) 100vw, 11px\" \/> Livia Malmborg Nygaard<\/td>\n<td style=\"width: 27.6565%; height: 24px;\">\u00a0-56 kg<\/td>\n<td style=\"width: 28.3842%; height: 24px;\">Fullkontakt K1<\/td>\n<\/tr>\n<tr style=\"height: 24px;\">\n<td style=\"width: 43.9592%; height: 24px;\"><img loading=\"lazy\" decoding=\"async\" class=\"alignnone  wp-image-139583\" src=\"https:\/\/www.budokampsport.se\/wp-content\/uploads\/2022\/05\/medal_bronze_nospace.png\" alt=\"Bronsmedalj\" width=\"11\" height=\"16\" srcset=\"https:\/\/www.budokampsport.se\/wp-content\/uploads\/2022\/05\/medal_bronze_nospace.png 150w, https:\/\/www.budokampsport.se\/wp-content\/uploads\/2022\/05\/medal_bronze_nospace-95x137.png 95w\" sizes=\"auto, (max-width: 11px) 100vw, 11px\" \/> Lina Saad<\/td>\n<td style=\"width: 27.6565%; height: 24px;\">\u00a0-60 kg<\/td>\n<td style=\"width: 28.3842%; height: 24px;\">Fullkontakt K1<\/td>\n<\/tr>\n<tr style=\"height: 24px;\">\n<td style=\"width: 43.9592%; height: 24px;\"><img loading=\"lazy\" decoding=\"async\" class=\"alignnone  wp-image-139583\" src=\"https:\/\/www.budokampsport.se\/wp-content\/uploads\/2022\/05\/medal_bronze_nospace.png\" alt=\"Bronsmedalj\" width=\"11\" height=\"16\" srcset=\"https:\/\/www.budokampsport.se\/wp-content\/uploads\/2022\/05\/medal_bronze_nospace.png 150w, https:\/\/www.budokampsport.se\/wp-content\/uploads\/2022\/05\/medal_bronze_nospace-95x137.png 95w\" sizes=\"auto, (max-width: 11px) 100vw, 11px\" \/> Leo Eshagi<\/td>\n<td style=\"width: 27.6565%; height: 24px;\">\u00a0-67 kg<\/td>\n<td style=\"width: 28.3842%; height: 24px;\">Fullkontakt K1<\/td>\n<\/tr>\n<tr style=\"height: 24px;\">\n<td style=\"width: 43.9592%; height: 24px;\"><img loading=\"lazy\" decoding=\"async\" class=\"alignnone  wp-image-139583\" src=\"https:\/\/www.budokampsport.se\/wp-content\/uploads\/2022\/05\/medal_bronze_nospace.png\" alt=\"Bronsmedalj\" width=\"11\" height=\"16\" srcset=\"https:\/\/www.budokampsport.se\/wp-content\/uploads\/2022\/05\/medal_bronze_nospace.png 150w, https:\/\/www.budokampsport.se\/wp-content\/uploads\/2022\/05\/medal_bronze_nospace-95x137.png 95w\" sizes=\"auto, (max-width: 11px) 100vw, 11px\" \/> Hubert Majewskii<\/td>\n<td style=\"width: 27.6565%; height: 24px;\">\u00a0-71 kg<\/td>\n<td style=\"width: 28.3842%; height: 24px;\">Fullkontakt K1<\/td>\n<\/tr>\n<tr style=\"height: 24px;\">\n<td style=\"width: 43.9592%; height: 24px;\"><img loading=\"lazy\" decoding=\"async\" class=\"wp-image-36061 alignnone\" src=\"https:\/\/www.budokampsport.se\/wp-content\/uploads\/2016\/12\/medal_gold.png\" alt=\"\" width=\"12\" height=\"18\" srcset=\"https:\/\/www.budokampsport.se\/wp-content\/uploads\/2016\/12\/medal_gold.png 200w, https:\/\/www.budokampsport.se\/wp-content\/uploads\/2016\/12\/medal_gold-190x278.png 190w, https:\/\/www.budokampsport.se\/wp-content\/uploads\/2016\/12\/medal_gold-95x137.png 95w\" sizes=\"auto, (max-width: 12px) 100vw, 12px\" \/> Annika Berglund<\/td>\n<td style=\"width: 27.6565%; height: 24px;\">-65 kg Veteran<\/td>\n<td style=\"width: 28.3842%; height: 24px;\">Kicklight<\/td>\n<\/tr>\n<tr style=\"height: 24px;\">\n<td style=\"width: 43.9592%; height: 24px;\"><img loading=\"lazy\" decoding=\"async\" class=\"alignnone  wp-image-139583\" src=\"https:\/\/www.budokampsport.se\/wp-content\/uploads\/2022\/05\/medal_bronze_nospace.png\" alt=\"Bronsmedalj\" width=\"11\" height=\"16\" srcset=\"https:\/\/www.budokampsport.se\/wp-content\/uploads\/2022\/05\/medal_bronze_nospace.png 150w, https:\/\/www.budokampsport.se\/wp-content\/uploads\/2022\/05\/medal_bronze_nospace-95x137.png 95w\" sizes=\"auto, (max-width: 11px) 100vw, 11px\" \/> Linnea Ekman<\/td>\n<td style=\"width: 27.6565%; height: 24px;\">\u00a0+70 kg<\/td>\n<td style=\"width: 28.3842%; height: 24px;\">Kicklight<\/td>\n<\/tr>\n<tr style=\"height: 24px;\">\n<td style=\"width: 43.9592%; height: 24px;\"><img loading=\"lazy\" decoding=\"async\" class=\"alignnone  wp-image-139583\" src=\"https:\/\/www.budokampsport.se\/wp-content\/uploads\/2022\/05\/medal_bronze_nospace.png\" alt=\"Bronsmedalj\" width=\"11\" height=\"16\" srcset=\"https:\/\/www.budokampsport.se\/wp-content\/uploads\/2022\/05\/medal_bronze_nospace.png 150w, https:\/\/www.budokampsport.se\/wp-content\/uploads\/2022\/05\/medal_bronze_nospace-95x137.png 95w\" sizes=\"auto, (max-width: 11px) 100vw, 11px\" \/> Josef Gunnarsson<\/td>\n<td style=\"width: 27.6565%; height: 24px;\">\u00a0+94 kg<\/td>\n<td style=\"width: 28.3842%; height: 24px;\">Kicklight<\/td>\n<\/tr>\n<\/tbody>\n<\/table>\n<p>&nbsp;<\/p>\n<p><strong>Alexia Olsen<\/strong> var ocks\u00e5 med och t\u00e4vlade i K1 samt <strong>Sammy Voss<\/strong> i kicklight men blev oplacerade.<\/p>\n<p>Huvudcoach var <strong>Sabrina Sedin Rosqvist<\/strong> och assisterande coach var <strong>Magnus Trommestad<\/strong>. F\u00f6r f\u00f6rsta g\u00e5ngen var \u00e4ven klubbcoacherna med p\u00e5 ett internationellt m\u00e4sterskap, detta f\u00f6r att f\u00e5 mer internationell erfarenhet och kunskap som sen kan anv\u00e4ndas i hemmaf\u00f6reningarna.<\/p>\n<p>\u2013 Jag \u00e4r stolt \u00f6ver \u00f6ver alla prestationer, medaljer och erfarenheter som har samlats inf\u00f6r n\u00e4sta m\u00e5l som \u00e4r VM i Portugal i november, s\u00e4ger Sabrina Sedin Rosqvist till budokampsport.se<\/p>\n<p>&nbsp;<\/p>\n<p><img loading=\"lazy\" decoding=\"async\" class=\"aligncenter wp-image-158005 size-full\" src=\"https:\/\/www.budokampsport.se\/wp-content\/uploads\/2023\/10\/kick2.jpg\" alt=\"\" width=\"850\" height=\"585\" srcset=\"https:\/\/www.budokampsport.se\/wp-content\/uploads\/2023\/10\/kick2.jpg 850w, https:\/\/www.budokampsport.se\/wp-content\/uploads\/2023\/10\/kick2-600x413.jpg 600w, https:\/\/www.budokampsport.se\/wp-content\/uploads\/2023\/10\/kick2-376x259.jpg 376w, https:\/\/www.budokampsport.se\/wp-content\/uploads\/2023\/10\/kick2-847x583.jpg 847w, https:\/\/www.budokampsport.se\/wp-content\/uploads\/2023\/10\/kick2-278x191.jpg 278w, https:\/\/www.budokampsport.se\/wp-content\/uploads\/2023\/10\/kick2-572x394.jpg 572w\" sizes=\"auto, (max-width: 850px) 100vw, 850px\" \/><\/p>\n<p>&nbsp;<\/p>\n<p>Text: Annie Bondefelt Carriage<\/p>\n","protected":false},"excerpt":{"rendered":"<p>KICKBOXNING. I slutet p\u00e5 september \u00e5kte seniorlandslaget till ett av \u00e5rets st\u00f6rsta t\u00e4vlingar, Italian World Cup. Det blev tio svenska medaljer varav tre guld.<br \/><br>\u2013 Jag \u00e4r stolt \u00f6ver \u00f6ver alla prestationer, medaljer och erfarenheter som har samlats inf\u00f6r n\u00e4sta m\u00e5l som \u00e4r VM i Portugal i november, s\u00e4ger f\u00f6rbundskapten Sabrina Sedin Rosqvist till budokampsport.se<br \/><br>(Foto: Svenska Kickboxningsf\u00f6rbundet)<\/p><br>","protected":false},"author":120,"featured_media":158004,"comment_status":"closed","ping_status":"closed","sticky":false,"template":"","format":"standard","meta":{"_acf_changed":false,"footnotes":""},"categories":[544],"tags":[],"class_list":["post-158003","post","type-post","status-publish","format-standard","has-post-thumbnail","hentry","category-kickboxning"],"acf":[],"yoast_head":"<!-- This site is optimized with the Yoast SEO plugin v26.8 - https:\/\/yoast.com\/product\/yoast-seo-wordpress\/ -->\n<title>Medaljregn f\u00f6r kickboxningen i Italien - Svenska Budo &amp; Kampsportsf\u00f6rbundet<\/title>\n<meta name=\"description\" content=\"KICKBOXNING. I slutet p\u00e5 september \u00e5kte seniorlandslaget till ett av \u00e5rets st\u00f6rsta t\u00e4vlingar, Italian World Cup. Det blev tio svenska medaljer varav tre guld. \u2013 Jag \u00e4r stolt \u00f6ver \u00f6ver alla prestationer, medaljer och erfarenheter som har samlats inf\u00f6r n\u00e4sta m\u00e5l som \u00e4r VM i Portugal i november, s\u00e4ger f\u00f6rbundskapten Sabrina Sedin Rosqvist till budokampsport.se (Foto: Svenska Kickboxningsf\u00f6rbundet)\" \/>\n<meta name=\"robots\" content=\"index, follow, max-snippet:-1, max-image-preview:large, max-video-preview:-1\" \/>\n<link rel=\"canonical\" href=\"https:\/\/www.budokampsport.se\/2023\/10\/09\/medaljregn-for-kickboxningen-i-italien\/\" \/>\n<meta property=\"og:locale\" content=\"sv_SE\" \/>\n<meta property=\"og:type\" content=\"article\" \/>\n<meta property=\"og:title\" content=\"Medaljregn f\u00f6r kickboxningen i Italien - Svenska Budo &amp; Kampsportsf\u00f6rbundet\" \/>\n<meta property=\"og:description\" content=\"KICKBOXNING. I slutet p\u00e5 september \u00e5kte seniorlandslaget till ett av \u00e5rets st\u00f6rsta t\u00e4vlingar, Italian World Cup. Det blev tio svenska medaljer varav tre guld. \u2013 Jag \u00e4r stolt \u00f6ver \u00f6ver alla prestationer, medaljer och erfarenheter som har samlats inf\u00f6r n\u00e4sta m\u00e5l som \u00e4r VM i Portugal i november, s\u00e4ger f\u00f6rbundskapten Sabrina Sedin Rosqvist till budokampsport.se (Foto: Svenska Kickboxningsf\u00f6rbundet)\" \/>\n<meta property=\"og:url\" content=\"https:\/\/www.budokampsport.se\/2023\/10\/09\/medaljregn-for-kickboxningen-i-italien\/\" \/>\n<meta property=\"og:site_name\" content=\"Svenska Budo &amp; Kampsportsf\u00f6rbundet\" \/>\n<meta property=\"article:published_time\" content=\"2023-10-09T10:01:52+00:00\" \/>\n<meta property=\"article:modified_time\" content=\"2024-07-09T11:52:13+00:00\" \/>\n<meta property=\"og:image\" content=\"https:\/\/www.budokampsport.se\/wp-content\/uploads\/2023\/10\/kick.jpg\" \/>\n\t<meta property=\"og:image:width\" content=\"858\" \/>\n\t<meta property=\"og:image:height\" content=\"555\" \/>\n\t<meta property=\"og:image:type\" content=\"image\/jpeg\" \/>\n<meta name=\"author\" content=\"Annie Carriage\" \/>\n<meta name=\"twitter:card\" content=\"summary_large_image\" \/>\n<meta name=\"twitter:label1\" content=\"Skriven av\" \/>\n\t<meta name=\"twitter:data1\" content=\"Annie Carriage\" \/>\n\t<meta name=\"twitter:label2\" content=\"Ber\u00e4knad l\u00e4stid\" \/>\n\t<meta name=\"twitter:data2\" content=\"4 minuter\" \/>\n<script type=\"application\/ld+json\" class=\"yoast-schema-graph\">{\"@context\":\"https:\/\/schema.org\",\"@graph\":[{\"@type\":\"Article\",\"@id\":\"https:\/\/www.budokampsport.se\/2023\/10\/09\/medaljregn-for-kickboxningen-i-italien\/#article\",\"isPartOf\":{\"@id\":\"https:\/\/www.budokampsport.se\/2023\/10\/09\/medaljregn-for-kickboxningen-i-italien\/\"},\"author\":{\"name\":\"Annie Carriage\",\"@id\":\"https:\/\/www.budokampsport.se\/#\/schema\/person\/c838cace8171f692e363fde3f38f208b\"},\"headline\":\"Medaljregn f\u00f6r kickboxningen i Italien\",\"datePublished\":\"2023-10-09T10:01:52+00:00\",\"dateModified\":\"2024-07-09T11:52:13+00:00\",\"mainEntityOfPage\":{\"@id\":\"https:\/\/www.budokampsport.se\/2023\/10\/09\/medaljregn-for-kickboxningen-i-italien\/\"},\"wordCount\":245,\"image\":{\"@id\":\"https:\/\/www.budokampsport.se\/2023\/10\/09\/medaljregn-for-kickboxningen-i-italien\/#primaryimage\"},\"thumbnailUrl\":\"https:\/\/www.budokampsport.se\/wp-content\/uploads\/2023\/10\/kick.jpg\",\"articleSection\":[\"Kickboxning\"],\"inLanguage\":\"sv-SE\"},{\"@type\":\"WebPage\",\"@id\":\"https:\/\/www.budokampsport.se\/2023\/10\/09\/medaljregn-for-kickboxningen-i-italien\/\",\"url\":\"https:\/\/www.budokampsport.se\/2023\/10\/09\/medaljregn-for-kickboxningen-i-italien\/\",\"name\":\"Medaljregn f\u00f6r kickboxningen i Italien - Svenska Budo &amp; Kampsportsf\u00f6rbundet\",\"isPartOf\":{\"@id\":\"https:\/\/www.budokampsport.se\/#website\"},\"primaryImageOfPage\":{\"@id\":\"https:\/\/www.budokampsport.se\/2023\/10\/09\/medaljregn-for-kickboxningen-i-italien\/#primaryimage\"},\"image\":{\"@id\":\"https:\/\/www.budokampsport.se\/2023\/10\/09\/medaljregn-for-kickboxningen-i-italien\/#primaryimage\"},\"thumbnailUrl\":\"https:\/\/www.budokampsport.se\/wp-content\/uploads\/2023\/10\/kick.jpg\",\"datePublished\":\"2023-10-09T10:01:52+00:00\",\"dateModified\":\"2024-07-09T11:52:13+00:00\",\"author\":{\"@id\":\"https:\/\/www.budokampsport.se\/#\/schema\/person\/c838cace8171f692e363fde3f38f208b\"},\"description\":\"KICKBOXNING. I slutet p\u00e5 september \u00e5kte seniorlandslaget till ett av \u00e5rets st\u00f6rsta t\u00e4vlingar, Italian World Cup. Det blev tio svenska medaljer varav tre guld. \u2013 Jag \u00e4r stolt \u00f6ver \u00f6ver alla prestationer, medaljer och erfarenheter som har samlats inf\u00f6r n\u00e4sta m\u00e5l som \u00e4r VM i Portugal i november, s\u00e4ger f\u00f6rbundskapten Sabrina Sedin Rosqvist till budokampsport.se (Foto: Svenska Kickboxningsf\u00f6rbundet)\",\"breadcrumb\":{\"@id\":\"https:\/\/www.budokampsport.se\/2023\/10\/09\/medaljregn-for-kickboxningen-i-italien\/#breadcrumb\"},\"inLanguage\":\"sv-SE\",\"potentialAction\":[{\"@type\":\"ReadAction\",\"target\":[\"https:\/\/www.budokampsport.se\/2023\/10\/09\/medaljregn-for-kickboxningen-i-italien\/\"]}]},{\"@type\":\"ImageObject\",\"inLanguage\":\"sv-SE\",\"@id\":\"https:\/\/www.budokampsport.se\/2023\/10\/09\/medaljregn-for-kickboxningen-i-italien\/#primaryimage\",\"url\":\"https:\/\/www.budokampsport.se\/wp-content\/uploads\/2023\/10\/kick.jpg\",\"contentUrl\":\"https:\/\/www.budokampsport.se\/wp-content\/uploads\/2023\/10\/kick.jpg\",\"width\":858,\"height\":555},{\"@type\":\"BreadcrumbList\",\"@id\":\"https:\/\/www.budokampsport.se\/2023\/10\/09\/medaljregn-for-kickboxningen-i-italien\/#breadcrumb\",\"itemListElement\":[{\"@type\":\"ListItem\",\"position\":1,\"name\":\"Hem\",\"item\":\"https:\/\/www.budokampsport.se\/\"},{\"@type\":\"ListItem\",\"position\":2,\"name\":\"Medaljregn f\u00f6r kickboxningen i Italien\"}]},{\"@type\":\"WebSite\",\"@id\":\"https:\/\/www.budokampsport.se\/#website\",\"url\":\"https:\/\/www.budokampsport.se\/\",\"name\":\"Svenska Budo &amp; Kampsportsf\u00f6rbundet\",\"description\":\"T\u00e4vling, Tr\u00e4ning, Tradition\",\"potentialAction\":[{\"@type\":\"SearchAction\",\"target\":{\"@type\":\"EntryPoint\",\"urlTemplate\":\"https:\/\/www.budokampsport.se\/?s={search_term_string}\"},\"query-input\":{\"@type\":\"PropertyValueSpecification\",\"valueRequired\":true,\"valueName\":\"search_term_string\"}}],\"inLanguage\":\"sv-SE\"},{\"@type\":\"Person\",\"@id\":\"https:\/\/www.budokampsport.se\/#\/schema\/person\/c838cace8171f692e363fde3f38f208b\",\"name\":\"Annie Carriage\",\"image\":{\"@type\":\"ImageObject\",\"inLanguage\":\"sv-SE\",\"@id\":\"https:\/\/www.budokampsport.se\/#\/schema\/person\/image\/\",\"url\":\"https:\/\/secure.gravatar.com\/avatar\/9311295560bdfbdf78365a26f7df1876?s=96&d=blank&r=g\",\"contentUrl\":\"https:\/\/secure.gravatar.com\/avatar\/9311295560bdfbdf78365a26f7df1876?s=96&d=blank&r=g\",\"caption\":\"Annie Carriage\"},\"url\":\"https:\/\/www.budokampsport.se\/author\/annie-bondefelt\/\"}]}<\/script>\n<!-- \/ Yoast SEO plugin. -->","yoast_head_json":{"title":"Medaljregn f\u00f6r kickboxningen i Italien - Svenska Budo &amp; Kampsportsf\u00f6rbundet","description":"KICKBOXNING. I slutet p\u00e5 september \u00e5kte seniorlandslaget till ett av \u00e5rets st\u00f6rsta t\u00e4vlingar, Italian World Cup. Det blev tio svenska medaljer varav tre guld. \u2013 Jag \u00e4r stolt \u00f6ver \u00f6ver alla prestationer, medaljer och erfarenheter som har samlats inf\u00f6r n\u00e4sta m\u00e5l som \u00e4r VM i Portugal i november, s\u00e4ger f\u00f6rbundskapten Sabrina Sedin Rosqvist till budokampsport.se (Foto: Svenska Kickboxningsf\u00f6rbundet)","robots":{"index":"index","follow":"follow","max-snippet":"max-snippet:-1","max-image-preview":"max-image-preview:large","max-video-preview":"max-video-preview:-1"},"canonical":"https:\/\/www.budokampsport.se\/2023\/10\/09\/medaljregn-for-kickboxningen-i-italien\/","og_locale":"sv_SE","og_type":"article","og_title":"Medaljregn f\u00f6r kickboxningen i Italien - Svenska Budo &amp; Kampsportsf\u00f6rbundet","og_description":"KICKBOXNING. I slutet p\u00e5 september \u00e5kte seniorlandslaget till ett av \u00e5rets st\u00f6rsta t\u00e4vlingar, Italian World Cup. Det blev tio svenska medaljer varav tre guld. \u2013 Jag \u00e4r stolt \u00f6ver \u00f6ver alla prestationer, medaljer och erfarenheter som har samlats inf\u00f6r n\u00e4sta m\u00e5l som \u00e4r VM i Portugal i november, s\u00e4ger f\u00f6rbundskapten Sabrina Sedin Rosqvist till budokampsport.se (Foto: Svenska Kickboxningsf\u00f6rbundet)","og_url":"https:\/\/www.budokampsport.se\/2023\/10\/09\/medaljregn-for-kickboxningen-i-italien\/","og_site_name":"Svenska Budo &amp; Kampsportsf\u00f6rbundet","article_published_time":"2023-10-09T10:01:52+00:00","article_modified_time":"2024-07-09T11:52:13+00:00","og_image":[{"width":858,"height":555,"url":"https:\/\/www.budokampsport.se\/wp-content\/uploads\/2023\/10\/kick.jpg","type":"image\/jpeg"}],"author":"Annie Carriage","twitter_card":"summary_large_image","twitter_misc":{"Skriven av":"Annie Carriage","Ber\u00e4knad l\u00e4stid":"4 minuter"},"schema":{"@context":"https:\/\/schema.org","@graph":[{"@type":"Article","@id":"https:\/\/www.budokampsport.se\/2023\/10\/09\/medaljregn-for-kickboxningen-i-italien\/#article","isPartOf":{"@id":"https:\/\/www.budokampsport.se\/2023\/10\/09\/medaljregn-for-kickboxningen-i-italien\/"},"author":{"name":"Annie Carriage","@id":"https:\/\/www.budokampsport.se\/#\/schema\/person\/c838cace8171f692e363fde3f38f208b"},"headline":"Medaljregn f\u00f6r kickboxningen i Italien","datePublished":"2023-10-09T10:01:52+00:00","dateModified":"2024-07-09T11:52:13+00:00","mainEntityOfPage":{"@id":"https:\/\/www.budokampsport.se\/2023\/10\/09\/medaljregn-for-kickboxningen-i-italien\/"},"wordCount":245,"image":{"@id":"https:\/\/www.budokampsport.se\/2023\/10\/09\/medaljregn-for-kickboxningen-i-italien\/#primaryimage"},"thumbnailUrl":"https:\/\/www.budokampsport.se\/wp-content\/uploads\/2023\/10\/kick.jpg","articleSection":["Kickboxning"],"inLanguage":"sv-SE"},{"@type":"WebPage","@id":"https:\/\/www.budokampsport.se\/2023\/10\/09\/medaljregn-for-kickboxningen-i-italien\/","url":"https:\/\/www.budokampsport.se\/2023\/10\/09\/medaljregn-for-kickboxningen-i-italien\/","name":"Medaljregn f\u00f6r kickboxningen i Italien - Svenska Budo &amp; Kampsportsf\u00f6rbundet","isPartOf":{"@id":"https:\/\/www.budokampsport.se\/#website"},"primaryImageOfPage":{"@id":"https:\/\/www.budokampsport.se\/2023\/10\/09\/medaljregn-for-kickboxningen-i-italien\/#primaryimage"},"image":{"@id":"https:\/\/www.budokampsport.se\/2023\/10\/09\/medaljregn-for-kickboxningen-i-italien\/#primaryimage"},"thumbnailUrl":"https:\/\/www.budokampsport.se\/wp-content\/uploads\/2023\/10\/kick.jpg","datePublished":"2023-10-09T10:01:52+00:00","dateModified":"2024-07-09T11:52:13+00:00","author":{"@id":"https:\/\/www.budokampsport.se\/#\/schema\/person\/c838cace8171f692e363fde3f38f208b"},"description":"KICKBOXNING. I slutet p\u00e5 september \u00e5kte seniorlandslaget till ett av \u00e5rets st\u00f6rsta t\u00e4vlingar, Italian World Cup. Det blev tio svenska medaljer varav tre guld. \u2013 Jag \u00e4r stolt \u00f6ver \u00f6ver alla prestationer, medaljer och erfarenheter som har samlats inf\u00f6r n\u00e4sta m\u00e5l som \u00e4r VM i Portugal i november, s\u00e4ger f\u00f6rbundskapten Sabrina Sedin Rosqvist till budokampsport.se (Foto: Svenska Kickboxningsf\u00f6rbundet)","breadcrumb":{"@id":"https:\/\/www.budokampsport.se\/2023\/10\/09\/medaljregn-for-kickboxningen-i-italien\/#breadcrumb"},"inLanguage":"sv-SE","potentialAction":[{"@type":"ReadAction","target":["https:\/\/www.budokampsport.se\/2023\/10\/09\/medaljregn-for-kickboxningen-i-italien\/"]}]},{"@type":"ImageObject","inLanguage":"sv-SE","@id":"https:\/\/www.budokampsport.se\/2023\/10\/09\/medaljregn-for-kickboxningen-i-italien\/#primaryimage","url":"https:\/\/www.budokampsport.se\/wp-content\/uploads\/2023\/10\/kick.jpg","contentUrl":"https:\/\/www.budokampsport.se\/wp-content\/uploads\/2023\/10\/kick.jpg","width":858,"height":555},{"@type":"BreadcrumbList","@id":"https:\/\/www.budokampsport.se\/2023\/10\/09\/medaljregn-for-kickboxningen-i-italien\/#breadcrumb","itemListElement":[{"@type":"ListItem","position":1,"name":"Hem","item":"https:\/\/www.budokampsport.se\/"},{"@type":"ListItem","position":2,"name":"Medaljregn f\u00f6r kickboxningen i Italien"}]},{"@type":"WebSite","@id":"https:\/\/www.budokampsport.se\/#website","url":"https:\/\/www.budokampsport.se\/","name":"Svenska Budo &amp; Kampsportsf\u00f6rbundet","description":"T\u00e4vling, Tr\u00e4ning, Tradition","potentialAction":[{"@type":"SearchAction","target":{"@type":"EntryPoint","urlTemplate":"https:\/\/www.budokampsport.se\/?s={search_term_string}"},"query-input":{"@type":"PropertyValueSpecification","valueRequired":true,"valueName":"search_term_string"}}],"inLanguage":"sv-SE"},{"@type":"Person","@id":"https:\/\/www.budokampsport.se\/#\/schema\/person\/c838cace8171f692e363fde3f38f208b","name":"Annie Carriage","image":{"@type":"ImageObject","inLanguage":"sv-SE","@id":"https:\/\/www.budokampsport.se\/#\/schema\/person\/image\/","url":"https:\/\/secure.gravatar.com\/avatar\/9311295560bdfbdf78365a26f7df1876?s=96&d=blank&r=g","contentUrl":"https:\/\/secure.gravatar.com\/avatar\/9311295560bdfbdf78365a26f7df1876?s=96&d=blank&r=g","caption":"Annie Carriage"},"url":"https:\/\/www.budokampsport.se\/author\/annie-bondefelt\/"}]}},"_links":{"self":[{"href":"https:\/\/www.budokampsport.se\/api\/wp\/v2\/posts\/158003","targetHints":{"allow":["GET"]}}],"collection":[{"href":"https:\/\/www.budokampsport.se\/api\/wp\/v2\/posts"}],"about":[{"href":"https:\/\/www.budokampsport.se\/api\/wp\/v2\/types\/post"}],"author":[{"embeddable":true,"href":"https:\/\/www.budokampsport.se\/api\/wp\/v2\/users\/120"}],"replies":[{"embeddable":true,"href":"https:\/\/www.budokampsport.se\/api\/wp\/v2\/comments?post=158003"}],"version-history":[{"count":0,"href":"https:\/\/www.budokampsport.se\/api\/wp\/v2\/posts\/158003\/revisions"}],"wp:featuredmedia":[{"embeddable":true,"href":"https:\/\/www.budokampsport.se\/api\/wp\/v2\/media\/158004"}],"wp:attachment":[{"href":"https:\/\/www.budokampsport.se\/api\/wp\/v2\/media?parent=158003"}],"wp:term":[{"taxonomy":"category","embeddable":true,"href":"https:\/\/www.budokampsport.se\/api\/wp\/v2\/categories?post=158003"},{"taxonomy":"post_tag","embeddable":true,"href":"https:\/\/www.budokampsport.se\/api\/wp\/v2\/tags?post=158003"}],"curies":[{"name":"wp","href":"https:\/\/api.w.org\/{rel}","templated":true}]}}