{"id":158035,"date":"2023-10-10T11:40:05","date_gmt":"2023-10-10T09:40:05","guid":{"rendered":"https:\/\/www.budokampsport.se\/?p=158035"},"modified":"2024-09-09T08:26:07","modified_gmt":"2024-09-09T06:26:07","slug":"stark-svensk-medaljskord-under-em-i-jodo","status":"publish","type":"post","link":"https:\/\/www.budokampsport.se\/2023\/10\/10\/stark-svensk-medaljskord-under-em-i-jodo\/","title":{"rendered":"Stark svensk medaljsk\u00f6rd under EM i jodo"},"content":{"rendered":"<p>Jodolandslaget f\u00f6ljde upp f\u00f6rra \u00e5rets EM-medaljregn med \u00e4nnu en succ\u00e9 n\u00e4r m\u00e4sterskapet \u00e5terigen avgjordes. I helgen arrangerades EM i staden Magglingen i Schweiz. Med i Sveriges trupp fanns flera av medalj\u00f6rerna fr\u00e5n f\u00f6rra \u00e5ret, bland annat <a href=\"https:\/\/www.budokampsport.se\/2022\/09\/17\/jesper-waldestal-knep-sveriges-andra-em-brons\/\" target=\"_blank\" rel=\"noopener\">Jesper Waldest\u00e5l<\/a> som denna g\u00e5ng n\u00e5dde hela v\u00e4gen och tog ett EM-guld i 5 dan-kategorin. Waldest\u00e5l var t\u00e4tt f\u00f6ljd av <strong>Simon Bleiker<\/strong> som Waldest\u00e5l st\u00e4lldes mot i finalen, det blev allts\u00e5 ett silver f\u00f6r Bleikers del.<\/p>\n<p>I 4 dan-klassen stod <strong>Anna-Lena Waldest\u00e5l<\/strong> f\u00f6r en stark insats och tog ett v\u00e4lf\u00f6rtj\u00e4nst brons liksom <a href=\"https:\/\/www.budokampsport.se\/2022\/09\/17\/laurens-loozen-tog-em-brons\/\" target=\"_blank\" rel=\"noopener\">Laurens Loozen<\/a> i 2 dan.<\/p>\n<p><a href=\"https:\/\/www.budokampsport.se\/2022\/09\/18\/josef-ewermans-forsta-em-slutade-med-brons\/\" target=\"_blank\" rel=\"noopener\">Josef Ewerman<\/a>, en av \u00e5rets elitidrottsstipendiater, tog liksom f\u00f6rra \u00e5ret ett brons men k\u00e4ndes detta \u00e5r str\u00e5et vassare och visade prov p\u00e5 fin utveckling.\u00a0<\/p>\n<p>I lagt\u00e4vlingen tog sig Sverige vidare till semifinal och trots en stark prestation fick laget se sig besegrat och fick ta med en bronspeng hem liksom <a href=\"https:\/\/www.budokampsport.se\/2022\/09\/18\/em-brons-till-sverige-i-lagtavlingen\/\" target=\"_blank\" rel=\"noopener\">f\u00f6rra \u00e5r<\/a>.<\/p>\n<p>Dessutom blev Simon Bleiker tredje svensk n\u00e5gonsin att n\u00e5 graden 6dan\u00a0 och Laurens Loozen plockade hem en ny 3dan-grad under graderingen.<\/p>\n<p>\u2013 Jag s\u00e5 \u00e4r s\u00e5klart j\u00e4ttestolt \u00f6ver lagets prestationer. Det var extra speciellt att ha tv\u00e5 svenskar i final i godan klassen. I lagt\u00e4vlingen hade vi ett mycket starkt lag och vi fick t\u00e4nka lite mer taktiskt kring vilken ordning vi st\u00e4llde upp spelarna, och d\u00e4r gjorde Josef Ewerman &#8211; v\u00e5r Elitidrottstipendiat &#8211; fantastisk bra ifr\u00e5n sig och vann mot personer som hade h\u00f6gre grad \u00e4n honom och tog oss hela v\u00e4gen till lagbronset, s\u00e4ger landslagscoachen Sida Yin till budokampsport.se<\/p>\n<p>&nbsp;<\/p>\n<p>Text: Annie Bondefelt Carriage<\/p>\n<p>&nbsp;<\/p>\n","protected":false},"excerpt":{"rendered":"<p>JODO. F\u00f6rra \u00e5rets EM-medaljregn f\u00f6ljdes upp med \u00e4nnu en succ\u00e9 n\u00e4r Sverige tog sex medaljer under helgen m\u00e4sterskap i Magglingen.<br \/><br>\u2013 Jag s\u00e5 \u00e4r s\u00e5klart j\u00e4ttestolt \u00f6ver lagets prestationer, s\u00e4ger landslagscoachen Sida Yin till budokampsport.se<br \/><br>(Foto: Svenska Kendof\u00f6rbundet)<\/p><br>","protected":false},"author":120,"featured_media":158036,"comment_status":"closed","ping_status":"closed","sticky":false,"template":"","format":"standard","meta":{"_acf_changed":false,"footnotes":""},"categories":[582],"tags":[],"class_list":["post-158035","post","type-post","status-publish","format-standard","has-post-thumbnail","hentry","category-jodo"],"acf":[],"yoast_head":"<!-- This site is optimized with the Yoast SEO plugin v26.8 - https:\/\/yoast.com\/product\/yoast-seo-wordpress\/ -->\n<title>Stark svensk medaljsk\u00f6rd under EM i jodo - Svenska Budo &amp; Kampsportsf\u00f6rbundet<\/title>\n<meta name=\"description\" content=\"JODO. F\u00f6rra \u00e5rets EM-medaljregn f\u00f6ljdes upp med \u00e4nnu en succ\u00e9 n\u00e4r Sverige tog sex medaljer under helgen m\u00e4sterskap i Magglingen. \u2013 Jag s\u00e5 \u00e4r s\u00e5klart j\u00e4ttestolt \u00f6ver lagets prestationer, s\u00e4ger landslagscoachen Sida Yin till budokampsport.se (Foto: Svenska Kendof\u00f6rbundet)\" \/>\n<meta name=\"robots\" content=\"index, follow, max-snippet:-1, max-image-preview:large, max-video-preview:-1\" \/>\n<link rel=\"canonical\" href=\"https:\/\/www.budokampsport.se\/2023\/10\/10\/stark-svensk-medaljskord-under-em-i-jodo\/\" \/>\n<meta property=\"og:locale\" content=\"sv_SE\" \/>\n<meta property=\"og:type\" content=\"article\" \/>\n<meta property=\"og:title\" content=\"Stark svensk medaljsk\u00f6rd under EM i jodo - Svenska Budo &amp; Kampsportsf\u00f6rbundet\" \/>\n<meta property=\"og:description\" content=\"JODO. F\u00f6rra \u00e5rets EM-medaljregn f\u00f6ljdes upp med \u00e4nnu en succ\u00e9 n\u00e4r Sverige tog sex medaljer under helgen m\u00e4sterskap i Magglingen. \u2013 Jag s\u00e5 \u00e4r s\u00e5klart j\u00e4ttestolt \u00f6ver lagets prestationer, s\u00e4ger landslagscoachen Sida Yin till budokampsport.se (Foto: Svenska Kendof\u00f6rbundet)\" \/>\n<meta property=\"og:url\" content=\"https:\/\/www.budokampsport.se\/2023\/10\/10\/stark-svensk-medaljskord-under-em-i-jodo\/\" \/>\n<meta property=\"og:site_name\" content=\"Svenska Budo &amp; Kampsportsf\u00f6rbundet\" \/>\n<meta property=\"article:published_time\" content=\"2023-10-10T09:40:05+00:00\" \/>\n<meta property=\"article:modified_time\" content=\"2024-09-09T06:26:07+00:00\" \/>\n<meta property=\"og:image\" content=\"https:\/\/www.budokampsport.se\/wp-content\/uploads\/2023\/10\/jodo.jpg\" \/>\n\t<meta property=\"og:image:width\" content=\"850\" \/>\n\t<meta property=\"og:image:height\" content=\"501\" \/>\n\t<meta property=\"og:image:type\" content=\"image\/jpeg\" \/>\n<meta name=\"author\" content=\"Annie Carriage\" \/>\n<meta name=\"twitter:card\" content=\"summary_large_image\" \/>\n<meta name=\"twitter:label1\" content=\"Skriven av\" \/>\n\t<meta name=\"twitter:data1\" content=\"Annie Carriage\" \/>\n\t<meta name=\"twitter:label2\" content=\"Ber\u00e4knad l\u00e4stid\" \/>\n\t<meta name=\"twitter:data2\" content=\"2 minuter\" \/>\n<script type=\"application\/ld+json\" class=\"yoast-schema-graph\">{\"@context\":\"https:\/\/schema.org\",\"@graph\":[{\"@type\":\"Article\",\"@id\":\"https:\/\/www.budokampsport.se\/2023\/10\/10\/stark-svensk-medaljskord-under-em-i-jodo\/#article\",\"isPartOf\":{\"@id\":\"https:\/\/www.budokampsport.se\/2023\/10\/10\/stark-svensk-medaljskord-under-em-i-jodo\/\"},\"author\":{\"name\":\"Annie Carriage\",\"@id\":\"https:\/\/www.budokampsport.se\/#\/schema\/person\/c838cace8171f692e363fde3f38f208b\"},\"headline\":\"Stark svensk medaljsk\u00f6rd under EM i jodo\",\"datePublished\":\"2023-10-10T09:40:05+00:00\",\"dateModified\":\"2024-09-09T06:26:07+00:00\",\"mainEntityOfPage\":{\"@id\":\"https:\/\/www.budokampsport.se\/2023\/10\/10\/stark-svensk-medaljskord-under-em-i-jodo\/\"},\"wordCount\":296,\"image\":{\"@id\":\"https:\/\/www.budokampsport.se\/2023\/10\/10\/stark-svensk-medaljskord-under-em-i-jodo\/#primaryimage\"},\"thumbnailUrl\":\"https:\/\/www.budokampsport.se\/wp-content\/uploads\/2023\/10\/jodo.jpg\",\"articleSection\":[\"Jodo\"],\"inLanguage\":\"sv-SE\"},{\"@type\":\"WebPage\",\"@id\":\"https:\/\/www.budokampsport.se\/2023\/10\/10\/stark-svensk-medaljskord-under-em-i-jodo\/\",\"url\":\"https:\/\/www.budokampsport.se\/2023\/10\/10\/stark-svensk-medaljskord-under-em-i-jodo\/\",\"name\":\"Stark svensk medaljsk\u00f6rd under EM i jodo - Svenska Budo &amp; Kampsportsf\u00f6rbundet\",\"isPartOf\":{\"@id\":\"https:\/\/www.budokampsport.se\/#website\"},\"primaryImageOfPage\":{\"@id\":\"https:\/\/www.budokampsport.se\/2023\/10\/10\/stark-svensk-medaljskord-under-em-i-jodo\/#primaryimage\"},\"image\":{\"@id\":\"https:\/\/www.budokampsport.se\/2023\/10\/10\/stark-svensk-medaljskord-under-em-i-jodo\/#primaryimage\"},\"thumbnailUrl\":\"https:\/\/www.budokampsport.se\/wp-content\/uploads\/2023\/10\/jodo.jpg\",\"datePublished\":\"2023-10-10T09:40:05+00:00\",\"dateModified\":\"2024-09-09T06:26:07+00:00\",\"author\":{\"@id\":\"https:\/\/www.budokampsport.se\/#\/schema\/person\/c838cace8171f692e363fde3f38f208b\"},\"description\":\"JODO. F\u00f6rra \u00e5rets EM-medaljregn f\u00f6ljdes upp med \u00e4nnu en succ\u00e9 n\u00e4r Sverige tog sex medaljer under helgen m\u00e4sterskap i Magglingen. \u2013 Jag s\u00e5 \u00e4r s\u00e5klart j\u00e4ttestolt \u00f6ver lagets prestationer, s\u00e4ger landslagscoachen Sida Yin till budokampsport.se (Foto: Svenska Kendof\u00f6rbundet)\",\"breadcrumb\":{\"@id\":\"https:\/\/www.budokampsport.se\/2023\/10\/10\/stark-svensk-medaljskord-under-em-i-jodo\/#breadcrumb\"},\"inLanguage\":\"sv-SE\",\"potentialAction\":[{\"@type\":\"ReadAction\",\"target\":[\"https:\/\/www.budokampsport.se\/2023\/10\/10\/stark-svensk-medaljskord-under-em-i-jodo\/\"]}]},{\"@type\":\"ImageObject\",\"inLanguage\":\"sv-SE\",\"@id\":\"https:\/\/www.budokampsport.se\/2023\/10\/10\/stark-svensk-medaljskord-under-em-i-jodo\/#primaryimage\",\"url\":\"https:\/\/www.budokampsport.se\/wp-content\/uploads\/2023\/10\/jodo.jpg\",\"contentUrl\":\"https:\/\/www.budokampsport.se\/wp-content\/uploads\/2023\/10\/jodo.jpg\",\"width\":850,\"height\":501},{\"@type\":\"BreadcrumbList\",\"@id\":\"https:\/\/www.budokampsport.se\/2023\/10\/10\/stark-svensk-medaljskord-under-em-i-jodo\/#breadcrumb\",\"itemListElement\":[{\"@type\":\"ListItem\",\"position\":1,\"name\":\"Hem\",\"item\":\"https:\/\/www.budokampsport.se\/\"},{\"@type\":\"ListItem\",\"position\":2,\"name\":\"Stark svensk medaljsk\u00f6rd under EM i jodo\"}]},{\"@type\":\"WebSite\",\"@id\":\"https:\/\/www.budokampsport.se\/#website\",\"url\":\"https:\/\/www.budokampsport.se\/\",\"name\":\"Svenska Budo &amp; Kampsportsf\u00f6rbundet\",\"description\":\"T\u00e4vling, Tr\u00e4ning, Tradition\",\"potentialAction\":[{\"@type\":\"SearchAction\",\"target\":{\"@type\":\"EntryPoint\",\"urlTemplate\":\"https:\/\/www.budokampsport.se\/?s={search_term_string}\"},\"query-input\":{\"@type\":\"PropertyValueSpecification\",\"valueRequired\":true,\"valueName\":\"search_term_string\"}}],\"inLanguage\":\"sv-SE\"},{\"@type\":\"Person\",\"@id\":\"https:\/\/www.budokampsport.se\/#\/schema\/person\/c838cace8171f692e363fde3f38f208b\",\"name\":\"Annie Carriage\",\"image\":{\"@type\":\"ImageObject\",\"inLanguage\":\"sv-SE\",\"@id\":\"https:\/\/www.budokampsport.se\/#\/schema\/person\/image\/\",\"url\":\"https:\/\/secure.gravatar.com\/avatar\/9311295560bdfbdf78365a26f7df1876?s=96&d=blank&r=g\",\"contentUrl\":\"https:\/\/secure.gravatar.com\/avatar\/9311295560bdfbdf78365a26f7df1876?s=96&d=blank&r=g\",\"caption\":\"Annie Carriage\"},\"url\":\"https:\/\/www.budokampsport.se\/author\/annie-bondefelt\/\"}]}<\/script>\n<!-- \/ Yoast SEO plugin. -->","yoast_head_json":{"title":"Stark svensk medaljsk\u00f6rd under EM i jodo - Svenska Budo &amp; Kampsportsf\u00f6rbundet","description":"JODO. F\u00f6rra \u00e5rets EM-medaljregn f\u00f6ljdes upp med \u00e4nnu en succ\u00e9 n\u00e4r Sverige tog sex medaljer under helgen m\u00e4sterskap i Magglingen. \u2013 Jag s\u00e5 \u00e4r s\u00e5klart j\u00e4ttestolt \u00f6ver lagets prestationer, s\u00e4ger landslagscoachen Sida Yin till budokampsport.se (Foto: Svenska Kendof\u00f6rbundet)","robots":{"index":"index","follow":"follow","max-snippet":"max-snippet:-1","max-image-preview":"max-image-preview:large","max-video-preview":"max-video-preview:-1"},"canonical":"https:\/\/www.budokampsport.se\/2023\/10\/10\/stark-svensk-medaljskord-under-em-i-jodo\/","og_locale":"sv_SE","og_type":"article","og_title":"Stark svensk medaljsk\u00f6rd under EM i jodo - Svenska Budo &amp; Kampsportsf\u00f6rbundet","og_description":"JODO. F\u00f6rra \u00e5rets EM-medaljregn f\u00f6ljdes upp med \u00e4nnu en succ\u00e9 n\u00e4r Sverige tog sex medaljer under helgen m\u00e4sterskap i Magglingen. \u2013 Jag s\u00e5 \u00e4r s\u00e5klart j\u00e4ttestolt \u00f6ver lagets prestationer, s\u00e4ger landslagscoachen Sida Yin till budokampsport.se (Foto: Svenska Kendof\u00f6rbundet)","og_url":"https:\/\/www.budokampsport.se\/2023\/10\/10\/stark-svensk-medaljskord-under-em-i-jodo\/","og_site_name":"Svenska Budo &amp; Kampsportsf\u00f6rbundet","article_published_time":"2023-10-10T09:40:05+00:00","article_modified_time":"2024-09-09T06:26:07+00:00","og_image":[{"width":850,"height":501,"url":"https:\/\/www.budokampsport.se\/wp-content\/uploads\/2023\/10\/jodo.jpg","type":"image\/jpeg"}],"author":"Annie Carriage","twitter_card":"summary_large_image","twitter_misc":{"Skriven av":"Annie Carriage","Ber\u00e4knad l\u00e4stid":"2 minuter"},"schema":{"@context":"https:\/\/schema.org","@graph":[{"@type":"Article","@id":"https:\/\/www.budokampsport.se\/2023\/10\/10\/stark-svensk-medaljskord-under-em-i-jodo\/#article","isPartOf":{"@id":"https:\/\/www.budokampsport.se\/2023\/10\/10\/stark-svensk-medaljskord-under-em-i-jodo\/"},"author":{"name":"Annie Carriage","@id":"https:\/\/www.budokampsport.se\/#\/schema\/person\/c838cace8171f692e363fde3f38f208b"},"headline":"Stark svensk medaljsk\u00f6rd under EM i jodo","datePublished":"2023-10-10T09:40:05+00:00","dateModified":"2024-09-09T06:26:07+00:00","mainEntityOfPage":{"@id":"https:\/\/www.budokampsport.se\/2023\/10\/10\/stark-svensk-medaljskord-under-em-i-jodo\/"},"wordCount":296,"image":{"@id":"https:\/\/www.budokampsport.se\/2023\/10\/10\/stark-svensk-medaljskord-under-em-i-jodo\/#primaryimage"},"thumbnailUrl":"https:\/\/www.budokampsport.se\/wp-content\/uploads\/2023\/10\/jodo.jpg","articleSection":["Jodo"],"inLanguage":"sv-SE"},{"@type":"WebPage","@id":"https:\/\/www.budokampsport.se\/2023\/10\/10\/stark-svensk-medaljskord-under-em-i-jodo\/","url":"https:\/\/www.budokampsport.se\/2023\/10\/10\/stark-svensk-medaljskord-under-em-i-jodo\/","name":"Stark svensk medaljsk\u00f6rd under EM i jodo - Svenska Budo &amp; Kampsportsf\u00f6rbundet","isPartOf":{"@id":"https:\/\/www.budokampsport.se\/#website"},"primaryImageOfPage":{"@id":"https:\/\/www.budokampsport.se\/2023\/10\/10\/stark-svensk-medaljskord-under-em-i-jodo\/#primaryimage"},"image":{"@id":"https:\/\/www.budokampsport.se\/2023\/10\/10\/stark-svensk-medaljskord-under-em-i-jodo\/#primaryimage"},"thumbnailUrl":"https:\/\/www.budokampsport.se\/wp-content\/uploads\/2023\/10\/jodo.jpg","datePublished":"2023-10-10T09:40:05+00:00","dateModified":"2024-09-09T06:26:07+00:00","author":{"@id":"https:\/\/www.budokampsport.se\/#\/schema\/person\/c838cace8171f692e363fde3f38f208b"},"description":"JODO. F\u00f6rra \u00e5rets EM-medaljregn f\u00f6ljdes upp med \u00e4nnu en succ\u00e9 n\u00e4r Sverige tog sex medaljer under helgen m\u00e4sterskap i Magglingen. \u2013 Jag s\u00e5 \u00e4r s\u00e5klart j\u00e4ttestolt \u00f6ver lagets prestationer, s\u00e4ger landslagscoachen Sida Yin till budokampsport.se (Foto: Svenska Kendof\u00f6rbundet)","breadcrumb":{"@id":"https:\/\/www.budokampsport.se\/2023\/10\/10\/stark-svensk-medaljskord-under-em-i-jodo\/#breadcrumb"},"inLanguage":"sv-SE","potentialAction":[{"@type":"ReadAction","target":["https:\/\/www.budokampsport.se\/2023\/10\/10\/stark-svensk-medaljskord-under-em-i-jodo\/"]}]},{"@type":"ImageObject","inLanguage":"sv-SE","@id":"https:\/\/www.budokampsport.se\/2023\/10\/10\/stark-svensk-medaljskord-under-em-i-jodo\/#primaryimage","url":"https:\/\/www.budokampsport.se\/wp-content\/uploads\/2023\/10\/jodo.jpg","contentUrl":"https:\/\/www.budokampsport.se\/wp-content\/uploads\/2023\/10\/jodo.jpg","width":850,"height":501},{"@type":"BreadcrumbList","@id":"https:\/\/www.budokampsport.se\/2023\/10\/10\/stark-svensk-medaljskord-under-em-i-jodo\/#breadcrumb","itemListElement":[{"@type":"ListItem","position":1,"name":"Hem","item":"https:\/\/www.budokampsport.se\/"},{"@type":"ListItem","position":2,"name":"Stark svensk medaljsk\u00f6rd under EM i jodo"}]},{"@type":"WebSite","@id":"https:\/\/www.budokampsport.se\/#website","url":"https:\/\/www.budokampsport.se\/","name":"Svenska Budo &amp; Kampsportsf\u00f6rbundet","description":"T\u00e4vling, Tr\u00e4ning, Tradition","potentialAction":[{"@type":"SearchAction","target":{"@type":"EntryPoint","urlTemplate":"https:\/\/www.budokampsport.se\/?s={search_term_string}"},"query-input":{"@type":"PropertyValueSpecification","valueRequired":true,"valueName":"search_term_string"}}],"inLanguage":"sv-SE"},{"@type":"Person","@id":"https:\/\/www.budokampsport.se\/#\/schema\/person\/c838cace8171f692e363fde3f38f208b","name":"Annie Carriage","image":{"@type":"ImageObject","inLanguage":"sv-SE","@id":"https:\/\/www.budokampsport.se\/#\/schema\/person\/image\/","url":"https:\/\/secure.gravatar.com\/avatar\/9311295560bdfbdf78365a26f7df1876?s=96&d=blank&r=g","contentUrl":"https:\/\/secure.gravatar.com\/avatar\/9311295560bdfbdf78365a26f7df1876?s=96&d=blank&r=g","caption":"Annie Carriage"},"url":"https:\/\/www.budokampsport.se\/author\/annie-bondefelt\/"}]}},"_links":{"self":[{"href":"https:\/\/www.budokampsport.se\/api\/wp\/v2\/posts\/158035","targetHints":{"allow":["GET"]}}],"collection":[{"href":"https:\/\/www.budokampsport.se\/api\/wp\/v2\/posts"}],"about":[{"href":"https:\/\/www.budokampsport.se\/api\/wp\/v2\/types\/post"}],"author":[{"embeddable":true,"href":"https:\/\/www.budokampsport.se\/api\/wp\/v2\/users\/120"}],"replies":[{"embeddable":true,"href":"https:\/\/www.budokampsport.se\/api\/wp\/v2\/comments?post=158035"}],"version-history":[{"count":0,"href":"https:\/\/www.budokampsport.se\/api\/wp\/v2\/posts\/158035\/revisions"}],"wp:featuredmedia":[{"embeddable":true,"href":"https:\/\/www.budokampsport.se\/api\/wp\/v2\/media\/158036"}],"wp:attachment":[{"href":"https:\/\/www.budokampsport.se\/api\/wp\/v2\/media?parent=158035"}],"wp:term":[{"taxonomy":"category","embeddable":true,"href":"https:\/\/www.budokampsport.se\/api\/wp\/v2\/categories?post=158035"},{"taxonomy":"post_tag","embeddable":true,"href":"https:\/\/www.budokampsport.se\/api\/wp\/v2\/tags?post=158035"}],"curies":[{"name":"wp","href":"https:\/\/api.w.org\/{rel}","templated":true}]}}