{"id":158483,"date":"2023-10-17T11:33:50","date_gmt":"2023-10-17T09:33:50","guid":{"rendered":"https:\/\/www.budokampsport.se\/?p=158483"},"modified":"2023-10-17T11:37:29","modified_gmt":"2023-10-17T09:37:29","slug":"forebyggande-atgarder-vid-utlandsresor","status":"publish","type":"post","link":"https:\/\/www.budokampsport.se\/2023\/10\/17\/forebyggande-atgarder-vid-utlandsresor\/","title":{"rendered":"F\u00f6rebyggande \u00e5tg\u00e4rder vid utlandsresor"},"content":{"rendered":"<p>H\u00e4r \u00e4r n\u00e5gra rekommendationer att ta i beaktande.\u00a0<\/p>\n<ul>\n<li>\u00d6verv\u00e4g om man b\u00f6r komplettera truppen med en s\u00e4rskild utsedd s\u00e4kerhetsansvarig som kan ansvara f\u00f6r riskanalys, bed\u00f6mningar, samverkan internt och externt med mera.<\/li>\n<li>\u00d6kad omv\u00e4rldsbevakning &#8211; var p\u00e5l\u00e4st och ta reda p\u00e5 vad som g\u00e4ller i landet ni ska \u00e5ka till<\/li>\n<li>F\u00f6lj eventuell <a href=\"https:\/\/www.regeringen.se\/uds-reseinformation\/\" target=\"_blank\" rel=\"noopener\">avr\u00e5dan eller restriktioner fr\u00e5n UD<\/a><\/li>\n<li>Kontrollera f\u00f6rs\u00e4kringar<\/li>\n<li>Ladda ner appen \u201d<a href=\"https:\/\/www.regeringen.se\/uds-reseinformation\/ud-resklar\/\" target=\"_blank\" rel=\"noopener\">UD Resklar<\/a>\u201d och se till att skriva upp dig p\u00e5 \u201d<a href=\"https:\/\/www.swedenabroad.se\/sv\/svensklistan\/\" target=\"_blank\" rel=\"noopener\">svensklistan<\/a>\u201d<\/li>\n<li>Skriv upp och uppr\u00e4tta relevanta kontakter i det land ni \u00e5ker till som till exempel Svenska Ambassaden, arrang\u00f6rens s\u00e4kerhetschef, hotellets s\u00e4kerhetschef etcetera.<\/li>\n<\/ul>\n<p><strong>Identifiera eventuella s\u00e5rbarheter som kan kr\u00e4va s\u00e4rskilda \u00e5tg\u00e4rder till exempel<\/strong><\/p>\n<ul>\n<li>Transport till och fr\u00e5n flygplatsen<\/li>\n<li>Boende &#8211; vilket v\u00e5ningsplan, evakueringsplan, var m\u00e5ltiderna intas och i vilken omfattning andra hotellg\u00e4ster beblandas med laget\/ut\u00f6varna<\/li>\n<li>Transport till och fr\u00e5n t\u00e4vlingsplatsen<\/li>\n<li>I vilken omfattning ut\u00f6vare och ledare kan r\u00f6ra sig fritt utanf\u00f6r boendet<\/li>\n<li>I vilken omfattning man b\u00f6r exponeras med svenska attiraljer<\/li>\n<li>Arrang\u00f6rens s\u00e4kerhetsplan vid det fall olika former av manifestationer \/incidenter \u00e4ger rum.<\/li>\n<li>Balanserad information till ut\u00f6varna f\u00f6r \u00f6kad s\u00e4kerhetsmedvetenhet<\/li>\n<\/ul>\n<p><a href=\"https:\/\/www.budokampsport.se\/forbund\/risk-och-krishantering\/\" target=\"_blank\" rel=\"noopener\">L\u00e4s mer h\u00e4r kring SB&amp;K:s risk- och krishantering<\/a>.<\/p>\n","protected":false},"excerpt":{"rendered":"<p>RISK &#038; KRIS. Utifr\u00e5n v\u00e4rldsl\u00e4get vill Svenska Budo &#038; Kampsportsf\u00f6rbundet p\u00e5minna om olika \u00e5tg\u00e4rder vid utlandsresor.<\/p><br>","protected":false},"author":1195,"featured_media":137110,"comment_status":"closed","ping_status":"closed","sticky":false,"template":"","format":"standard","meta":{"_acf_changed":false,"footnotes":""},"categories":[1],"tags":[],"class_list":["post-158483","post","type-post","status-publish","format-standard","has-post-thumbnail","hentry","category-okategoriserade"],"acf":[],"yoast_head":"<!-- This site is optimized with the Yoast SEO plugin v26.8 - https:\/\/yoast.com\/product\/yoast-seo-wordpress\/ -->\n<title>F\u00f6rebyggande \u00e5tg\u00e4rder vid utlandsresor - Svenska Budo &amp; Kampsportsf\u00f6rbundet<\/title>\n<meta name=\"description\" content=\"RISK &amp; KRIS. Utifr\u00e5n v\u00e4rldsl\u00e4get vill Svenska Budo &amp; Kampsportsf\u00f6rbundet p\u00e5minna om olika \u00e5tg\u00e4rder vid utlandsresor.\" \/>\n<meta name=\"robots\" content=\"index, follow, max-snippet:-1, max-image-preview:large, max-video-preview:-1\" \/>\n<link rel=\"canonical\" href=\"https:\/\/www.budokampsport.se\/2023\/10\/17\/forebyggande-atgarder-vid-utlandsresor\/\" \/>\n<meta property=\"og:locale\" content=\"sv_SE\" \/>\n<meta property=\"og:type\" content=\"article\" \/>\n<meta property=\"og:title\" content=\"F\u00f6rebyggande \u00e5tg\u00e4rder vid utlandsresor - Svenska Budo &amp; Kampsportsf\u00f6rbundet\" \/>\n<meta property=\"og:description\" content=\"RISK &amp; KRIS. Utifr\u00e5n v\u00e4rldsl\u00e4get vill Svenska Budo &amp; Kampsportsf\u00f6rbundet p\u00e5minna om olika \u00e5tg\u00e4rder vid utlandsresor.\" \/>\n<meta property=\"og:url\" content=\"https:\/\/www.budokampsport.se\/2023\/10\/17\/forebyggande-atgarder-vid-utlandsresor\/\" \/>\n<meta property=\"og:site_name\" content=\"Svenska Budo &amp; Kampsportsf\u00f6rbundet\" \/>\n<meta property=\"article:published_time\" content=\"2023-10-17T09:33:50+00:00\" \/>\n<meta property=\"article:modified_time\" content=\"2023-10-17T09:37:29+00:00\" \/>\n<meta property=\"og:image\" content=\"https:\/\/www.budokampsport.se\/wp-content\/uploads\/2022\/03\/newsbklogotype.jpg\" \/>\n\t<meta property=\"og:image:width\" content=\"1200\" \/>\n\t<meta property=\"og:image:height\" content=\"800\" \/>\n\t<meta property=\"og:image:type\" content=\"image\/jpeg\" \/>\n<meta name=\"author\" content=\"Kansliet\" \/>\n<meta name=\"twitter:card\" content=\"summary_large_image\" \/>\n<meta name=\"twitter:label1\" content=\"Skriven av\" \/>\n\t<meta name=\"twitter:data1\" content=\"Kansliet\" \/>\n\t<meta name=\"twitter:label2\" content=\"Ber\u00e4knad l\u00e4stid\" \/>\n\t<meta name=\"twitter:data2\" content=\"1 minut\" \/>\n<script type=\"application\/ld+json\" class=\"yoast-schema-graph\">{\"@context\":\"https:\/\/schema.org\",\"@graph\":[{\"@type\":\"Article\",\"@id\":\"https:\/\/www.budokampsport.se\/2023\/10\/17\/forebyggande-atgarder-vid-utlandsresor\/#article\",\"isPartOf\":{\"@id\":\"https:\/\/www.budokampsport.se\/2023\/10\/17\/forebyggande-atgarder-vid-utlandsresor\/\"},\"author\":{\"name\":\"Kansliet\",\"@id\":\"https:\/\/www.budokampsport.se\/#\/schema\/person\/4879786a5505c6e8fc3f5d619a753c3e\"},\"headline\":\"F\u00f6rebyggande \u00e5tg\u00e4rder vid utlandsresor\",\"datePublished\":\"2023-10-17T09:33:50+00:00\",\"dateModified\":\"2023-10-17T09:37:29+00:00\",\"mainEntityOfPage\":{\"@id\":\"https:\/\/www.budokampsport.se\/2023\/10\/17\/forebyggande-atgarder-vid-utlandsresor\/\"},\"wordCount\":232,\"image\":{\"@id\":\"https:\/\/www.budokampsport.se\/2023\/10\/17\/forebyggande-atgarder-vid-utlandsresor\/#primaryimage\"},\"thumbnailUrl\":\"https:\/\/www.budokampsport.se\/wp-content\/uploads\/2022\/03\/newsbklogotype.jpg\",\"inLanguage\":\"sv-SE\"},{\"@type\":\"WebPage\",\"@id\":\"https:\/\/www.budokampsport.se\/2023\/10\/17\/forebyggande-atgarder-vid-utlandsresor\/\",\"url\":\"https:\/\/www.budokampsport.se\/2023\/10\/17\/forebyggande-atgarder-vid-utlandsresor\/\",\"name\":\"F\u00f6rebyggande \u00e5tg\u00e4rder vid utlandsresor - Svenska Budo &amp; Kampsportsf\u00f6rbundet\",\"isPartOf\":{\"@id\":\"https:\/\/www.budokampsport.se\/#website\"},\"primaryImageOfPage\":{\"@id\":\"https:\/\/www.budokampsport.se\/2023\/10\/17\/forebyggande-atgarder-vid-utlandsresor\/#primaryimage\"},\"image\":{\"@id\":\"https:\/\/www.budokampsport.se\/2023\/10\/17\/forebyggande-atgarder-vid-utlandsresor\/#primaryimage\"},\"thumbnailUrl\":\"https:\/\/www.budokampsport.se\/wp-content\/uploads\/2022\/03\/newsbklogotype.jpg\",\"datePublished\":\"2023-10-17T09:33:50+00:00\",\"dateModified\":\"2023-10-17T09:37:29+00:00\",\"author\":{\"@id\":\"https:\/\/www.budokampsport.se\/#\/schema\/person\/4879786a5505c6e8fc3f5d619a753c3e\"},\"description\":\"RISK & KRIS. Utifr\u00e5n v\u00e4rldsl\u00e4get vill Svenska Budo & Kampsportsf\u00f6rbundet p\u00e5minna om olika \u00e5tg\u00e4rder vid utlandsresor.\",\"breadcrumb\":{\"@id\":\"https:\/\/www.budokampsport.se\/2023\/10\/17\/forebyggande-atgarder-vid-utlandsresor\/#breadcrumb\"},\"inLanguage\":\"sv-SE\",\"potentialAction\":[{\"@type\":\"ReadAction\",\"target\":[\"https:\/\/www.budokampsport.se\/2023\/10\/17\/forebyggande-atgarder-vid-utlandsresor\/\"]}]},{\"@type\":\"ImageObject\",\"inLanguage\":\"sv-SE\",\"@id\":\"https:\/\/www.budokampsport.se\/2023\/10\/17\/forebyggande-atgarder-vid-utlandsresor\/#primaryimage\",\"url\":\"https:\/\/www.budokampsport.se\/wp-content\/uploads\/2022\/03\/newsbklogotype.jpg\",\"contentUrl\":\"https:\/\/www.budokampsport.se\/wp-content\/uploads\/2022\/03\/newsbklogotype.jpg\",\"width\":1200,\"height\":800,\"caption\":\"Grafik: Johanna Bjuhr Escalante.\"},{\"@type\":\"BreadcrumbList\",\"@id\":\"https:\/\/www.budokampsport.se\/2023\/10\/17\/forebyggande-atgarder-vid-utlandsresor\/#breadcrumb\",\"itemListElement\":[{\"@type\":\"ListItem\",\"position\":1,\"name\":\"Hem\",\"item\":\"https:\/\/www.budokampsport.se\/\"},{\"@type\":\"ListItem\",\"position\":2,\"name\":\"F\u00f6rebyggande \u00e5tg\u00e4rder vid utlandsresor\"}]},{\"@type\":\"WebSite\",\"@id\":\"https:\/\/www.budokampsport.se\/#website\",\"url\":\"https:\/\/www.budokampsport.se\/\",\"name\":\"Svenska Budo &amp; Kampsportsf\u00f6rbundet\",\"description\":\"T\u00e4vling, Tr\u00e4ning, Tradition\",\"potentialAction\":[{\"@type\":\"SearchAction\",\"target\":{\"@type\":\"EntryPoint\",\"urlTemplate\":\"https:\/\/www.budokampsport.se\/?s={search_term_string}\"},\"query-input\":{\"@type\":\"PropertyValueSpecification\",\"valueRequired\":true,\"valueName\":\"search_term_string\"}}],\"inLanguage\":\"sv-SE\"},{\"@type\":\"Person\",\"@id\":\"https:\/\/www.budokampsport.se\/#\/schema\/person\/4879786a5505c6e8fc3f5d619a753c3e\",\"name\":\"Kansliet\",\"image\":{\"@type\":\"ImageObject\",\"inLanguage\":\"sv-SE\",\"@id\":\"https:\/\/www.budokampsport.se\/#\/schema\/person\/image\/\",\"url\":\"https:\/\/secure.gravatar.com\/avatar\/14cbc5bb355f5ca0b294dcf8d8981cf4?s=96&d=blank&r=g\",\"contentUrl\":\"https:\/\/secure.gravatar.com\/avatar\/14cbc5bb355f5ca0b294dcf8d8981cf4?s=96&d=blank&r=g\",\"caption\":\"Kansliet\"},\"url\":\"https:\/\/www.budokampsport.se\/author\/kansliet\/\"}]}<\/script>\n<!-- \/ Yoast SEO plugin. -->","yoast_head_json":{"title":"F\u00f6rebyggande \u00e5tg\u00e4rder vid utlandsresor - Svenska Budo &amp; Kampsportsf\u00f6rbundet","description":"RISK & KRIS. Utifr\u00e5n v\u00e4rldsl\u00e4get vill Svenska Budo & Kampsportsf\u00f6rbundet p\u00e5minna om olika \u00e5tg\u00e4rder vid utlandsresor.","robots":{"index":"index","follow":"follow","max-snippet":"max-snippet:-1","max-image-preview":"max-image-preview:large","max-video-preview":"max-video-preview:-1"},"canonical":"https:\/\/www.budokampsport.se\/2023\/10\/17\/forebyggande-atgarder-vid-utlandsresor\/","og_locale":"sv_SE","og_type":"article","og_title":"F\u00f6rebyggande \u00e5tg\u00e4rder vid utlandsresor - Svenska Budo &amp; Kampsportsf\u00f6rbundet","og_description":"RISK & KRIS. Utifr\u00e5n v\u00e4rldsl\u00e4get vill Svenska Budo & Kampsportsf\u00f6rbundet p\u00e5minna om olika \u00e5tg\u00e4rder vid utlandsresor.","og_url":"https:\/\/www.budokampsport.se\/2023\/10\/17\/forebyggande-atgarder-vid-utlandsresor\/","og_site_name":"Svenska Budo &amp; Kampsportsf\u00f6rbundet","article_published_time":"2023-10-17T09:33:50+00:00","article_modified_time":"2023-10-17T09:37:29+00:00","og_image":[{"width":1200,"height":800,"url":"https:\/\/www.budokampsport.se\/wp-content\/uploads\/2022\/03\/newsbklogotype.jpg","type":"image\/jpeg"}],"author":"Kansliet","twitter_card":"summary_large_image","twitter_misc":{"Skriven av":"Kansliet","Ber\u00e4knad l\u00e4stid":"1 minut"},"schema":{"@context":"https:\/\/schema.org","@graph":[{"@type":"Article","@id":"https:\/\/www.budokampsport.se\/2023\/10\/17\/forebyggande-atgarder-vid-utlandsresor\/#article","isPartOf":{"@id":"https:\/\/www.budokampsport.se\/2023\/10\/17\/forebyggande-atgarder-vid-utlandsresor\/"},"author":{"name":"Kansliet","@id":"https:\/\/www.budokampsport.se\/#\/schema\/person\/4879786a5505c6e8fc3f5d619a753c3e"},"headline":"F\u00f6rebyggande \u00e5tg\u00e4rder vid utlandsresor","datePublished":"2023-10-17T09:33:50+00:00","dateModified":"2023-10-17T09:37:29+00:00","mainEntityOfPage":{"@id":"https:\/\/www.budokampsport.se\/2023\/10\/17\/forebyggande-atgarder-vid-utlandsresor\/"},"wordCount":232,"image":{"@id":"https:\/\/www.budokampsport.se\/2023\/10\/17\/forebyggande-atgarder-vid-utlandsresor\/#primaryimage"},"thumbnailUrl":"https:\/\/www.budokampsport.se\/wp-content\/uploads\/2022\/03\/newsbklogotype.jpg","inLanguage":"sv-SE"},{"@type":"WebPage","@id":"https:\/\/www.budokampsport.se\/2023\/10\/17\/forebyggande-atgarder-vid-utlandsresor\/","url":"https:\/\/www.budokampsport.se\/2023\/10\/17\/forebyggande-atgarder-vid-utlandsresor\/","name":"F\u00f6rebyggande \u00e5tg\u00e4rder vid utlandsresor - Svenska Budo &amp; Kampsportsf\u00f6rbundet","isPartOf":{"@id":"https:\/\/www.budokampsport.se\/#website"},"primaryImageOfPage":{"@id":"https:\/\/www.budokampsport.se\/2023\/10\/17\/forebyggande-atgarder-vid-utlandsresor\/#primaryimage"},"image":{"@id":"https:\/\/www.budokampsport.se\/2023\/10\/17\/forebyggande-atgarder-vid-utlandsresor\/#primaryimage"},"thumbnailUrl":"https:\/\/www.budokampsport.se\/wp-content\/uploads\/2022\/03\/newsbklogotype.jpg","datePublished":"2023-10-17T09:33:50+00:00","dateModified":"2023-10-17T09:37:29+00:00","author":{"@id":"https:\/\/www.budokampsport.se\/#\/schema\/person\/4879786a5505c6e8fc3f5d619a753c3e"},"description":"RISK & KRIS. Utifr\u00e5n v\u00e4rldsl\u00e4get vill Svenska Budo & Kampsportsf\u00f6rbundet p\u00e5minna om olika \u00e5tg\u00e4rder vid utlandsresor.","breadcrumb":{"@id":"https:\/\/www.budokampsport.se\/2023\/10\/17\/forebyggande-atgarder-vid-utlandsresor\/#breadcrumb"},"inLanguage":"sv-SE","potentialAction":[{"@type":"ReadAction","target":["https:\/\/www.budokampsport.se\/2023\/10\/17\/forebyggande-atgarder-vid-utlandsresor\/"]}]},{"@type":"ImageObject","inLanguage":"sv-SE","@id":"https:\/\/www.budokampsport.se\/2023\/10\/17\/forebyggande-atgarder-vid-utlandsresor\/#primaryimage","url":"https:\/\/www.budokampsport.se\/wp-content\/uploads\/2022\/03\/newsbklogotype.jpg","contentUrl":"https:\/\/www.budokampsport.se\/wp-content\/uploads\/2022\/03\/newsbklogotype.jpg","width":1200,"height":800,"caption":"Grafik: Johanna Bjuhr Escalante."},{"@type":"BreadcrumbList","@id":"https:\/\/www.budokampsport.se\/2023\/10\/17\/forebyggande-atgarder-vid-utlandsresor\/#breadcrumb","itemListElement":[{"@type":"ListItem","position":1,"name":"Hem","item":"https:\/\/www.budokampsport.se\/"},{"@type":"ListItem","position":2,"name":"F\u00f6rebyggande \u00e5tg\u00e4rder vid utlandsresor"}]},{"@type":"WebSite","@id":"https:\/\/www.budokampsport.se\/#website","url":"https:\/\/www.budokampsport.se\/","name":"Svenska Budo &amp; Kampsportsf\u00f6rbundet","description":"T\u00e4vling, Tr\u00e4ning, Tradition","potentialAction":[{"@type":"SearchAction","target":{"@type":"EntryPoint","urlTemplate":"https:\/\/www.budokampsport.se\/?s={search_term_string}"},"query-input":{"@type":"PropertyValueSpecification","valueRequired":true,"valueName":"search_term_string"}}],"inLanguage":"sv-SE"},{"@type":"Person","@id":"https:\/\/www.budokampsport.se\/#\/schema\/person\/4879786a5505c6e8fc3f5d619a753c3e","name":"Kansliet","image":{"@type":"ImageObject","inLanguage":"sv-SE","@id":"https:\/\/www.budokampsport.se\/#\/schema\/person\/image\/","url":"https:\/\/secure.gravatar.com\/avatar\/14cbc5bb355f5ca0b294dcf8d8981cf4?s=96&d=blank&r=g","contentUrl":"https:\/\/secure.gravatar.com\/avatar\/14cbc5bb355f5ca0b294dcf8d8981cf4?s=96&d=blank&r=g","caption":"Kansliet"},"url":"https:\/\/www.budokampsport.se\/author\/kansliet\/"}]}},"_links":{"self":[{"href":"https:\/\/www.budokampsport.se\/api\/wp\/v2\/posts\/158483","targetHints":{"allow":["GET"]}}],"collection":[{"href":"https:\/\/www.budokampsport.se\/api\/wp\/v2\/posts"}],"about":[{"href":"https:\/\/www.budokampsport.se\/api\/wp\/v2\/types\/post"}],"author":[{"embeddable":true,"href":"https:\/\/www.budokampsport.se\/api\/wp\/v2\/users\/1195"}],"replies":[{"embeddable":true,"href":"https:\/\/www.budokampsport.se\/api\/wp\/v2\/comments?post=158483"}],"version-history":[{"count":0,"href":"https:\/\/www.budokampsport.se\/api\/wp\/v2\/posts\/158483\/revisions"}],"wp:featuredmedia":[{"embeddable":true,"href":"https:\/\/www.budokampsport.se\/api\/wp\/v2\/media\/137110"}],"wp:attachment":[{"href":"https:\/\/www.budokampsport.se\/api\/wp\/v2\/media?parent=158483"}],"wp:term":[{"taxonomy":"category","embeddable":true,"href":"https:\/\/www.budokampsport.se\/api\/wp\/v2\/categories?post=158483"},{"taxonomy":"post_tag","embeddable":true,"href":"https:\/\/www.budokampsport.se\/api\/wp\/v2\/tags?post=158483"}],"curies":[{"name":"wp","href":"https:\/\/api.w.org\/{rel}","templated":true}]}}