{"id":158926,"date":"2023-10-25T10:46:29","date_gmt":"2023-10-25T08:46:29","guid":{"rendered":"https:\/\/www.budokampsport.se\/?p=158926"},"modified":"2023-10-25T10:46:29","modified_gmt":"2023-10-25T08:46:29","slug":"anpassad-bjj-tavling-under-nordic-bjj-open-champsionship-i-helgen","status":"publish","type":"post","link":"https:\/\/www.budokampsport.se\/2023\/10\/25\/anpassad-bjj-tavling-under-nordic-bjj-open-champsionship-i-helgen\/","title":{"rendered":"Anpassad BJJ-t\u00e4vling under Nordic BJJ Open Champsionship i helgen"},"content":{"rendered":"<p>I helgen h\u00f6lls en av Europas st\u00f6rsta BJJ-t\u00e4vlingar i Nacka, <strong>Nordic BJJ Open Championship<\/strong>. D\u00e4r arrangerades \u00e4ven den f\u00f6rsta t\u00e4vlingen i s\u00e5 kallad A-BJJ, anpassad BJJ. I anpassad BJJ t\u00e4vlar idrottare med en eller fler diagnoser inom NPF eller som har en intellektuell funktionsvariation.<\/p>\n<p>\u2013 Vi \u00e4r s\u00e5 extremt glada att alla v\u00e5ra barn p\u00e5 Eker\u00f6 BJJ klubb nu kan t\u00e4vla i BJJ. T\u00e4vlingen gick v\u00e4ldigt bra och deltagarna upplevde det v\u00e4ldigt positivt. F\u00f6r vissa var det f\u00f6rsta g\u00e5ngen de t\u00e4vlade medan andra tidigare hade t\u00e4vlat i andra kampsporter p\u00e5 h\u00f6g niv\u00e5 inom anpassad budo, s\u00e4ger Marc Lundberg, huvudtr\u00e4nare i <a href=\"https:\/\/www.ekerobjj.se\/\" target=\"_blank\" rel=\"noopener\">Eker\u00f6 BJJ Klubb<\/a>, till budokampsport.se<\/p>\n<p>\u2013 Det var totalt elva som t\u00e4vlade i A-BJJ och vi hade tre deltagare. Max, Clara och Hollie gick upp p\u00e5 t\u00e4vlingsmattan f\u00f6r f\u00f6rsta g\u00e5ngen och gjorde v\u00e4ldigt bra matcher, Clara vann gruppen och tog guldet medan Hollie fick silver och Max brons, s\u00e4ger Lundberg.<\/p>\n<p>Det var f\u00f6rsta g\u00e5ngen t\u00e4vlingsarrang\u00f6ren, <a href=\"https:\/\/www.nackadojo.com\/\" target=\"_blank\" rel=\"noopener\">Nacka Dojo<\/a>, testade konceptet.<\/p>\n<p>\u2013 Det var Marc Lundberg som kom med id\u00e9n f\u00f6r n\u00e5gra m\u00e5nader sen. Vi k\u00e4nde direkt att det var ett bra tillf\u00e4lle att f\u00e5 ig\u00e5ng initiativet och att Nordic BJJ Open var en bra plattform att starta p\u00e5. Marc och Roger Berger sk\u00f6tte matchningen och sen gjordes alla matcher p\u00e5 en och samma matta direkt p\u00e5 morgon. De t\u00e4vlande barnen fanns p\u00e5 plats liksom deras f\u00f6r\u00e4ldrar, s\u00e5 att de skulle finnas n\u00e4ra om det skulle beh\u00f6vas. Alla var superduktiga och det fl\u00f6t p\u00e5 hur bra som helst. Det var h\u00e4rligt att se de t\u00e4vla, tr\u00e4ffa andra som tr\u00e4nar jiu-jitsu och gl\u00e4djen hos dem n\u00e4r de klev upp p\u00e5 prispallen, s\u00e4ger Ricard Carneborn, arrang\u00f6r p\u00e5 Nacka Dojo.<\/p>\n<p>&nbsp;<\/p>\n<p>Text: Annie Bondefelt Carriage<\/p>\n","protected":false},"excerpt":{"rendered":"<p>F\u00d6RENING. Under helgen h\u00f6lls Sveriges f\u00f6rsta BJJ-t\u00e4vling i A-BJJ, anpassad f\u00f6r idrottare med NPF-diagnoser eller intellektuell funktionsvariation.<br \/><br>\u2013 Vi \u00e4r s\u00e5 extremt glada att alla v\u00e5ra barn p\u00e5 Eker\u00f6 BJJ klubb nu kan t\u00e4vla i BJJ. T\u00e4vlingen gick v\u00e4ldigt bra och deltagarna upplevde det v\u00e4ldigt positivt, s\u00e4ger Marc Lundberg fr\u00e5n en av de deltagande f\u00f6reningarna Eker\u00f6 BJJ Klubb.<br \/><br>(Foto: Eker\u00f6 BJJ Klubb)<\/p><br>","protected":false},"author":120,"featured_media":158927,"comment_status":"closed","ping_status":"closed","sticky":false,"template":"","format":"standard","meta":{"_acf_changed":false,"footnotes":""},"categories":[481],"tags":[],"class_list":["post-158926","post","type-post","status-publish","format-standard","has-post-thumbnail","hentry","category-forening"],"acf":[],"yoast_head":"<!-- This site is optimized with the Yoast SEO plugin v26.8 - https:\/\/yoast.com\/product\/yoast-seo-wordpress\/ -->\n<title>Anpassad BJJ-t\u00e4vling under Nordic BJJ Open Champsionship i helgen - Svenska Budo &amp; Kampsportsf\u00f6rbundet<\/title>\n<meta name=\"description\" content=\"F\u00d6RENING. Under helgen h\u00f6lls Sveriges f\u00f6rsta BJJ-t\u00e4vling i A-BJJ, anpassad f\u00f6r idrottare med NPF-diagnoser eller intellektuell funktionsvariation.  \u2013 Vi \u00e4r s\u00e5 extremt glada att alla v\u00e5ra barn p\u00e5 Eker\u00f6 BJJ klubb nu kan t\u00e4vla i BJJ. T\u00e4vlingen gick v\u00e4ldigt bra och deltagarna upplevde det v\u00e4ldigt positivt, s\u00e4ger Marc Lundberg fr\u00e5n en av de deltagande f\u00f6reningarna Eker\u00f6 BJJ Klubb. (Foto: Eker\u00f6 BJJ Klubb)\" \/>\n<meta name=\"robots\" content=\"index, follow, max-snippet:-1, max-image-preview:large, max-video-preview:-1\" \/>\n<link rel=\"canonical\" href=\"https:\/\/www.budokampsport.se\/2023\/10\/25\/anpassad-bjj-tavling-under-nordic-bjj-open-champsionship-i-helgen\/\" \/>\n<meta property=\"og:locale\" content=\"sv_SE\" \/>\n<meta property=\"og:type\" content=\"article\" \/>\n<meta property=\"og:title\" content=\"Anpassad BJJ-t\u00e4vling under Nordic BJJ Open Champsionship i helgen - Svenska Budo &amp; Kampsportsf\u00f6rbundet\" \/>\n<meta property=\"og:description\" content=\"F\u00d6RENING. Under helgen h\u00f6lls Sveriges f\u00f6rsta BJJ-t\u00e4vling i A-BJJ, anpassad f\u00f6r idrottare med NPF-diagnoser eller intellektuell funktionsvariation.  \u2013 Vi \u00e4r s\u00e5 extremt glada att alla v\u00e5ra barn p\u00e5 Eker\u00f6 BJJ klubb nu kan t\u00e4vla i BJJ. T\u00e4vlingen gick v\u00e4ldigt bra och deltagarna upplevde det v\u00e4ldigt positivt, s\u00e4ger Marc Lundberg fr\u00e5n en av de deltagande f\u00f6reningarna Eker\u00f6 BJJ Klubb. (Foto: Eker\u00f6 BJJ Klubb)\" \/>\n<meta property=\"og:url\" content=\"https:\/\/www.budokampsport.se\/2023\/10\/25\/anpassad-bjj-tavling-under-nordic-bjj-open-champsionship-i-helgen\/\" \/>\n<meta property=\"og:site_name\" content=\"Svenska Budo &amp; Kampsportsf\u00f6rbundet\" \/>\n<meta property=\"article:published_time\" content=\"2023-10-25T08:46:29+00:00\" \/>\n<meta property=\"og:image\" content=\"https:\/\/www.budokampsport.se\/wp-content\/uploads\/2023\/10\/para.jpg\" \/>\n\t<meta property=\"og:image:width\" content=\"850\" \/>\n\t<meta property=\"og:image:height\" content=\"558\" \/>\n\t<meta property=\"og:image:type\" content=\"image\/jpeg\" \/>\n<meta name=\"author\" content=\"Annie Carriage\" \/>\n<meta name=\"twitter:card\" content=\"summary_large_image\" \/>\n<meta name=\"twitter:label1\" content=\"Skriven av\" \/>\n\t<meta name=\"twitter:data1\" content=\"Annie Carriage\" \/>\n\t<meta name=\"twitter:label2\" content=\"Ber\u00e4knad l\u00e4stid\" \/>\n\t<meta name=\"twitter:data2\" content=\"2 minuter\" \/>\n<script type=\"application\/ld+json\" class=\"yoast-schema-graph\">{\"@context\":\"https:\/\/schema.org\",\"@graph\":[{\"@type\":\"Article\",\"@id\":\"https:\/\/www.budokampsport.se\/2023\/10\/25\/anpassad-bjj-tavling-under-nordic-bjj-open-champsionship-i-helgen\/#article\",\"isPartOf\":{\"@id\":\"https:\/\/www.budokampsport.se\/2023\/10\/25\/anpassad-bjj-tavling-under-nordic-bjj-open-champsionship-i-helgen\/\"},\"author\":{\"name\":\"Annie Carriage\",\"@id\":\"https:\/\/www.budokampsport.se\/#\/schema\/person\/c838cace8171f692e363fde3f38f208b\"},\"headline\":\"Anpassad BJJ-t\u00e4vling under Nordic BJJ Open Champsionship i helgen\",\"datePublished\":\"2023-10-25T08:46:29+00:00\",\"mainEntityOfPage\":{\"@id\":\"https:\/\/www.budokampsport.se\/2023\/10\/25\/anpassad-bjj-tavling-under-nordic-bjj-open-champsionship-i-helgen\/\"},\"wordCount\":341,\"image\":{\"@id\":\"https:\/\/www.budokampsport.se\/2023\/10\/25\/anpassad-bjj-tavling-under-nordic-bjj-open-champsionship-i-helgen\/#primaryimage\"},\"thumbnailUrl\":\"https:\/\/www.budokampsport.se\/wp-content\/uploads\/2023\/10\/para.jpg\",\"articleSection\":[\"F\u00f6rening\"],\"inLanguage\":\"sv-SE\"},{\"@type\":\"WebPage\",\"@id\":\"https:\/\/www.budokampsport.se\/2023\/10\/25\/anpassad-bjj-tavling-under-nordic-bjj-open-champsionship-i-helgen\/\",\"url\":\"https:\/\/www.budokampsport.se\/2023\/10\/25\/anpassad-bjj-tavling-under-nordic-bjj-open-champsionship-i-helgen\/\",\"name\":\"Anpassad BJJ-t\u00e4vling under Nordic BJJ Open Champsionship i helgen - Svenska Budo &amp; Kampsportsf\u00f6rbundet\",\"isPartOf\":{\"@id\":\"https:\/\/www.budokampsport.se\/#website\"},\"primaryImageOfPage\":{\"@id\":\"https:\/\/www.budokampsport.se\/2023\/10\/25\/anpassad-bjj-tavling-under-nordic-bjj-open-champsionship-i-helgen\/#primaryimage\"},\"image\":{\"@id\":\"https:\/\/www.budokampsport.se\/2023\/10\/25\/anpassad-bjj-tavling-under-nordic-bjj-open-champsionship-i-helgen\/#primaryimage\"},\"thumbnailUrl\":\"https:\/\/www.budokampsport.se\/wp-content\/uploads\/2023\/10\/para.jpg\",\"datePublished\":\"2023-10-25T08:46:29+00:00\",\"author\":{\"@id\":\"https:\/\/www.budokampsport.se\/#\/schema\/person\/c838cace8171f692e363fde3f38f208b\"},\"description\":\"F\u00d6RENING. Under helgen h\u00f6lls Sveriges f\u00f6rsta BJJ-t\u00e4vling i A-BJJ, anpassad f\u00f6r idrottare med NPF-diagnoser eller intellektuell funktionsvariation. \u2013 Vi \u00e4r s\u00e5 extremt glada att alla v\u00e5ra barn p\u00e5 Eker\u00f6 BJJ klubb nu kan t\u00e4vla i BJJ. T\u00e4vlingen gick v\u00e4ldigt bra och deltagarna upplevde det v\u00e4ldigt positivt, s\u00e4ger Marc Lundberg fr\u00e5n en av de deltagande f\u00f6reningarna Eker\u00f6 BJJ Klubb. (Foto: Eker\u00f6 BJJ Klubb)\",\"breadcrumb\":{\"@id\":\"https:\/\/www.budokampsport.se\/2023\/10\/25\/anpassad-bjj-tavling-under-nordic-bjj-open-champsionship-i-helgen\/#breadcrumb\"},\"inLanguage\":\"sv-SE\",\"potentialAction\":[{\"@type\":\"ReadAction\",\"target\":[\"https:\/\/www.budokampsport.se\/2023\/10\/25\/anpassad-bjj-tavling-under-nordic-bjj-open-champsionship-i-helgen\/\"]}]},{\"@type\":\"ImageObject\",\"inLanguage\":\"sv-SE\",\"@id\":\"https:\/\/www.budokampsport.se\/2023\/10\/25\/anpassad-bjj-tavling-under-nordic-bjj-open-champsionship-i-helgen\/#primaryimage\",\"url\":\"https:\/\/www.budokampsport.se\/wp-content\/uploads\/2023\/10\/para.jpg\",\"contentUrl\":\"https:\/\/www.budokampsport.se\/wp-content\/uploads\/2023\/10\/para.jpg\",\"width\":850,\"height\":558,\"caption\":\"Foto: Eker\u00f6 BJJ Klubb\"},{\"@type\":\"BreadcrumbList\",\"@id\":\"https:\/\/www.budokampsport.se\/2023\/10\/25\/anpassad-bjj-tavling-under-nordic-bjj-open-champsionship-i-helgen\/#breadcrumb\",\"itemListElement\":[{\"@type\":\"ListItem\",\"position\":1,\"name\":\"Hem\",\"item\":\"https:\/\/www.budokampsport.se\/\"},{\"@type\":\"ListItem\",\"position\":2,\"name\":\"Anpassad BJJ-t\u00e4vling under Nordic BJJ Open Champsionship i helgen\"}]},{\"@type\":\"WebSite\",\"@id\":\"https:\/\/www.budokampsport.se\/#website\",\"url\":\"https:\/\/www.budokampsport.se\/\",\"name\":\"Svenska Budo &amp; Kampsportsf\u00f6rbundet\",\"description\":\"T\u00e4vling, Tr\u00e4ning, Tradition\",\"potentialAction\":[{\"@type\":\"SearchAction\",\"target\":{\"@type\":\"EntryPoint\",\"urlTemplate\":\"https:\/\/www.budokampsport.se\/?s={search_term_string}\"},\"query-input\":{\"@type\":\"PropertyValueSpecification\",\"valueRequired\":true,\"valueName\":\"search_term_string\"}}],\"inLanguage\":\"sv-SE\"},{\"@type\":\"Person\",\"@id\":\"https:\/\/www.budokampsport.se\/#\/schema\/person\/c838cace8171f692e363fde3f38f208b\",\"name\":\"Annie Carriage\",\"image\":{\"@type\":\"ImageObject\",\"inLanguage\":\"sv-SE\",\"@id\":\"https:\/\/www.budokampsport.se\/#\/schema\/person\/image\/\",\"url\":\"https:\/\/secure.gravatar.com\/avatar\/9311295560bdfbdf78365a26f7df1876?s=96&d=blank&r=g\",\"contentUrl\":\"https:\/\/secure.gravatar.com\/avatar\/9311295560bdfbdf78365a26f7df1876?s=96&d=blank&r=g\",\"caption\":\"Annie Carriage\"},\"url\":\"https:\/\/www.budokampsport.se\/author\/annie-bondefelt\/\"}]}<\/script>\n<!-- \/ Yoast SEO plugin. -->","yoast_head_json":{"title":"Anpassad BJJ-t\u00e4vling under Nordic BJJ Open Champsionship i helgen - Svenska Budo &amp; Kampsportsf\u00f6rbundet","description":"F\u00d6RENING. Under helgen h\u00f6lls Sveriges f\u00f6rsta BJJ-t\u00e4vling i A-BJJ, anpassad f\u00f6r idrottare med NPF-diagnoser eller intellektuell funktionsvariation.  \u2013 Vi \u00e4r s\u00e5 extremt glada att alla v\u00e5ra barn p\u00e5 Eker\u00f6 BJJ klubb nu kan t\u00e4vla i BJJ. T\u00e4vlingen gick v\u00e4ldigt bra och deltagarna upplevde det v\u00e4ldigt positivt, s\u00e4ger Marc Lundberg fr\u00e5n en av de deltagande f\u00f6reningarna Eker\u00f6 BJJ Klubb. (Foto: Eker\u00f6 BJJ Klubb)","robots":{"index":"index","follow":"follow","max-snippet":"max-snippet:-1","max-image-preview":"max-image-preview:large","max-video-preview":"max-video-preview:-1"},"canonical":"https:\/\/www.budokampsport.se\/2023\/10\/25\/anpassad-bjj-tavling-under-nordic-bjj-open-champsionship-i-helgen\/","og_locale":"sv_SE","og_type":"article","og_title":"Anpassad BJJ-t\u00e4vling under Nordic BJJ Open Champsionship i helgen - Svenska Budo &amp; Kampsportsf\u00f6rbundet","og_description":"F\u00d6RENING. Under helgen h\u00f6lls Sveriges f\u00f6rsta BJJ-t\u00e4vling i A-BJJ, anpassad f\u00f6r idrottare med NPF-diagnoser eller intellektuell funktionsvariation.  \u2013 Vi \u00e4r s\u00e5 extremt glada att alla v\u00e5ra barn p\u00e5 Eker\u00f6 BJJ klubb nu kan t\u00e4vla i BJJ. T\u00e4vlingen gick v\u00e4ldigt bra och deltagarna upplevde det v\u00e4ldigt positivt, s\u00e4ger Marc Lundberg fr\u00e5n en av de deltagande f\u00f6reningarna Eker\u00f6 BJJ Klubb. (Foto: Eker\u00f6 BJJ Klubb)","og_url":"https:\/\/www.budokampsport.se\/2023\/10\/25\/anpassad-bjj-tavling-under-nordic-bjj-open-champsionship-i-helgen\/","og_site_name":"Svenska Budo &amp; Kampsportsf\u00f6rbundet","article_published_time":"2023-10-25T08:46:29+00:00","og_image":[{"width":850,"height":558,"url":"https:\/\/www.budokampsport.se\/wp-content\/uploads\/2023\/10\/para.jpg","type":"image\/jpeg"}],"author":"Annie Carriage","twitter_card":"summary_large_image","twitter_misc":{"Skriven av":"Annie Carriage","Ber\u00e4knad l\u00e4stid":"2 minuter"},"schema":{"@context":"https:\/\/schema.org","@graph":[{"@type":"Article","@id":"https:\/\/www.budokampsport.se\/2023\/10\/25\/anpassad-bjj-tavling-under-nordic-bjj-open-champsionship-i-helgen\/#article","isPartOf":{"@id":"https:\/\/www.budokampsport.se\/2023\/10\/25\/anpassad-bjj-tavling-under-nordic-bjj-open-champsionship-i-helgen\/"},"author":{"name":"Annie Carriage","@id":"https:\/\/www.budokampsport.se\/#\/schema\/person\/c838cace8171f692e363fde3f38f208b"},"headline":"Anpassad BJJ-t\u00e4vling under Nordic BJJ Open Champsionship i helgen","datePublished":"2023-10-25T08:46:29+00:00","mainEntityOfPage":{"@id":"https:\/\/www.budokampsport.se\/2023\/10\/25\/anpassad-bjj-tavling-under-nordic-bjj-open-champsionship-i-helgen\/"},"wordCount":341,"image":{"@id":"https:\/\/www.budokampsport.se\/2023\/10\/25\/anpassad-bjj-tavling-under-nordic-bjj-open-champsionship-i-helgen\/#primaryimage"},"thumbnailUrl":"https:\/\/www.budokampsport.se\/wp-content\/uploads\/2023\/10\/para.jpg","articleSection":["F\u00f6rening"],"inLanguage":"sv-SE"},{"@type":"WebPage","@id":"https:\/\/www.budokampsport.se\/2023\/10\/25\/anpassad-bjj-tavling-under-nordic-bjj-open-champsionship-i-helgen\/","url":"https:\/\/www.budokampsport.se\/2023\/10\/25\/anpassad-bjj-tavling-under-nordic-bjj-open-champsionship-i-helgen\/","name":"Anpassad BJJ-t\u00e4vling under Nordic BJJ Open Champsionship i helgen - Svenska Budo &amp; Kampsportsf\u00f6rbundet","isPartOf":{"@id":"https:\/\/www.budokampsport.se\/#website"},"primaryImageOfPage":{"@id":"https:\/\/www.budokampsport.se\/2023\/10\/25\/anpassad-bjj-tavling-under-nordic-bjj-open-champsionship-i-helgen\/#primaryimage"},"image":{"@id":"https:\/\/www.budokampsport.se\/2023\/10\/25\/anpassad-bjj-tavling-under-nordic-bjj-open-champsionship-i-helgen\/#primaryimage"},"thumbnailUrl":"https:\/\/www.budokampsport.se\/wp-content\/uploads\/2023\/10\/para.jpg","datePublished":"2023-10-25T08:46:29+00:00","author":{"@id":"https:\/\/www.budokampsport.se\/#\/schema\/person\/c838cace8171f692e363fde3f38f208b"},"description":"F\u00d6RENING. Under helgen h\u00f6lls Sveriges f\u00f6rsta BJJ-t\u00e4vling i A-BJJ, anpassad f\u00f6r idrottare med NPF-diagnoser eller intellektuell funktionsvariation. \u2013 Vi \u00e4r s\u00e5 extremt glada att alla v\u00e5ra barn p\u00e5 Eker\u00f6 BJJ klubb nu kan t\u00e4vla i BJJ. T\u00e4vlingen gick v\u00e4ldigt bra och deltagarna upplevde det v\u00e4ldigt positivt, s\u00e4ger Marc Lundberg fr\u00e5n en av de deltagande f\u00f6reningarna Eker\u00f6 BJJ Klubb. (Foto: Eker\u00f6 BJJ Klubb)","breadcrumb":{"@id":"https:\/\/www.budokampsport.se\/2023\/10\/25\/anpassad-bjj-tavling-under-nordic-bjj-open-champsionship-i-helgen\/#breadcrumb"},"inLanguage":"sv-SE","potentialAction":[{"@type":"ReadAction","target":["https:\/\/www.budokampsport.se\/2023\/10\/25\/anpassad-bjj-tavling-under-nordic-bjj-open-champsionship-i-helgen\/"]}]},{"@type":"ImageObject","inLanguage":"sv-SE","@id":"https:\/\/www.budokampsport.se\/2023\/10\/25\/anpassad-bjj-tavling-under-nordic-bjj-open-champsionship-i-helgen\/#primaryimage","url":"https:\/\/www.budokampsport.se\/wp-content\/uploads\/2023\/10\/para.jpg","contentUrl":"https:\/\/www.budokampsport.se\/wp-content\/uploads\/2023\/10\/para.jpg","width":850,"height":558,"caption":"Foto: Eker\u00f6 BJJ Klubb"},{"@type":"BreadcrumbList","@id":"https:\/\/www.budokampsport.se\/2023\/10\/25\/anpassad-bjj-tavling-under-nordic-bjj-open-champsionship-i-helgen\/#breadcrumb","itemListElement":[{"@type":"ListItem","position":1,"name":"Hem","item":"https:\/\/www.budokampsport.se\/"},{"@type":"ListItem","position":2,"name":"Anpassad BJJ-t\u00e4vling under Nordic BJJ Open Champsionship i helgen"}]},{"@type":"WebSite","@id":"https:\/\/www.budokampsport.se\/#website","url":"https:\/\/www.budokampsport.se\/","name":"Svenska Budo &amp; Kampsportsf\u00f6rbundet","description":"T\u00e4vling, Tr\u00e4ning, Tradition","potentialAction":[{"@type":"SearchAction","target":{"@type":"EntryPoint","urlTemplate":"https:\/\/www.budokampsport.se\/?s={search_term_string}"},"query-input":{"@type":"PropertyValueSpecification","valueRequired":true,"valueName":"search_term_string"}}],"inLanguage":"sv-SE"},{"@type":"Person","@id":"https:\/\/www.budokampsport.se\/#\/schema\/person\/c838cace8171f692e363fde3f38f208b","name":"Annie Carriage","image":{"@type":"ImageObject","inLanguage":"sv-SE","@id":"https:\/\/www.budokampsport.se\/#\/schema\/person\/image\/","url":"https:\/\/secure.gravatar.com\/avatar\/9311295560bdfbdf78365a26f7df1876?s=96&d=blank&r=g","contentUrl":"https:\/\/secure.gravatar.com\/avatar\/9311295560bdfbdf78365a26f7df1876?s=96&d=blank&r=g","caption":"Annie Carriage"},"url":"https:\/\/www.budokampsport.se\/author\/annie-bondefelt\/"}]}},"_links":{"self":[{"href":"https:\/\/www.budokampsport.se\/api\/wp\/v2\/posts\/158926","targetHints":{"allow":["GET"]}}],"collection":[{"href":"https:\/\/www.budokampsport.se\/api\/wp\/v2\/posts"}],"about":[{"href":"https:\/\/www.budokampsport.se\/api\/wp\/v2\/types\/post"}],"author":[{"embeddable":true,"href":"https:\/\/www.budokampsport.se\/api\/wp\/v2\/users\/120"}],"replies":[{"embeddable":true,"href":"https:\/\/www.budokampsport.se\/api\/wp\/v2\/comments?post=158926"}],"version-history":[{"count":0,"href":"https:\/\/www.budokampsport.se\/api\/wp\/v2\/posts\/158926\/revisions"}],"wp:featuredmedia":[{"embeddable":true,"href":"https:\/\/www.budokampsport.se\/api\/wp\/v2\/media\/158927"}],"wp:attachment":[{"href":"https:\/\/www.budokampsport.se\/api\/wp\/v2\/media?parent=158926"}],"wp:term":[{"taxonomy":"category","embeddable":true,"href":"https:\/\/www.budokampsport.se\/api\/wp\/v2\/categories?post=158926"},{"taxonomy":"post_tag","embeddable":true,"href":"https:\/\/www.budokampsport.se\/api\/wp\/v2\/tags?post=158926"}],"curies":[{"name":"wp","href":"https:\/\/api.w.org\/{rel}","templated":true}]}}