{"id":158928,"date":"2023-10-24T14:24:02","date_gmt":"2023-10-24T12:24:02","guid":{"rendered":"https:\/\/www.budokampsport.se\/?p=158928"},"modified":"2023-10-24T14:26:48","modified_gmt":"2023-10-24T12:26:48","slug":"lotta-wersalls-storsta-shorinji-kempo-framgang-hittills","status":"publish","type":"post","link":"https:\/\/www.budokampsport.se\/2023\/10\/24\/lotta-wersalls-storsta-shorinji-kempo-framgang-hittills\/","title":{"rendered":"Lotta Wers\u00e4lls st\u00f6rsta shorinji kempo-framg\u00e5ng hittills"},"content":{"rendered":"<p>VM i shorinji kempo h\u00f6lls i Tokyo f\u00f6r drygt tv\u00e5 veckor sedan.<\/p>\n<p>Lovisa Axelle Johnsson (v\u00e4nster p\u00e5 fotot) och Lotta Wers\u00e4ll (h\u00f6ger p\u00e5 fotot) kom fyra i stilen kumi embu, masters.<\/p>\n<p>Det blev landslagets sammanlagt b\u00e4sta placering under Tokyo-m\u00e4sterskapet och trots flera EM-medaljer i bagaget menar Lotta Wers\u00e4ll att det h\u00e4r var st\u00f6rsta framg\u00e5ngen hittills.<\/p>\n<p>&#8211; Fj\u00e4rdeplatsen \u00f6vertr\u00e4ffade v\u00e5ra f\u00f6rv\u00e4ntningar med r\u00e5ge, s\u00e5 vi \u00e4r v\u00e4ldigt n\u00f6jda. Vi var dessutom po\u00e4ngm\u00e4ssigt v\u00e4ldigt n\u00e4ra bronsmedaljen, bara en halv po\u00e4ng ifr\u00e5n, vilket visar att vi har n\u00e4rmat oss de japanska ut\u00f6varna. Det g\u00e4ller svenska landslaget generellt som i detta VM visat p\u00e5 mycket h\u00f6g kvalitet och bra resultat.<\/p>\n<figure id=\"attachment_158929\" aria-describedby=\"caption-attachment-158929\" style=\"width: 278px\" class=\"wp-caption alignright\"><img loading=\"lazy\" decoding=\"async\" class=\"size-thumbnail wp-image-158929\" src=\"https:\/\/www.budokampsport.se\/wp-content\/uploads\/2023\/10\/lotta-278x192.jpg\" alt=\"\" width=\"278\" height=\"192\" srcset=\"https:\/\/www.budokampsport.se\/wp-content\/uploads\/2023\/10\/lotta-278x192.jpg 278w, https:\/\/www.budokampsport.se\/wp-content\/uploads\/2023\/10\/lotta-600x415.jpg 600w, https:\/\/www.budokampsport.se\/wp-content\/uploads\/2023\/10\/lotta-376x260.jpg 376w, https:\/\/www.budokampsport.se\/wp-content\/uploads\/2023\/10\/lotta-847x586.jpg 847w, https:\/\/www.budokampsport.se\/wp-content\/uploads\/2023\/10\/lotta-572x396.jpg 572w, https:\/\/www.budokampsport.se\/wp-content\/uploads\/2023\/10\/lotta.jpg 850w\" sizes=\"auto, (max-width: 278px) 100vw, 278px\" \/><figcaption id=\"caption-attachment-158929\" class=\"wp-caption-text\">Foto: privat<\/figcaption><\/figure>\n<p>&#8211; F\u00f6r oss s\u00e5 var det h\u00e4r den st\u00f6rsta framg\u00e5ngen hittills, vilket ocks\u00e5 g\u00f6r att vi kan gl\u00e4dja oss \u00e4nnu mer \u00e5t tidigare framg\u00e5ngar. Eftersom Shorinji kempo \u00e4r s\u00e5 mycket st\u00f6rre i Japan s\u00e5 blir framg\u00e5ngen h\u00e4r ett kvitto p\u00e5 att vi i Sverige h\u00e5ller en h\u00f6g niv\u00e5.<\/p>\n<p><strong>Lotta, hur var det att t\u00e4vla i klassiska arenan Nippon Budokan?<\/strong><\/p>\n<p>&#8211; \u00c4nda sen vi fick veta att det var d\u00e4r t\u00e4vlingen skulle h\u00e5llas s\u00e5 har vi sett fram emot att f\u00e5 kliva in p\u00e5 den arenan. T\u00e4vlingen skulle egentligen blivit av 2021 men blev uppskjuten p\u00e5 grund av pandemin s\u00e5 det blev en l\u00e5ng v\u00e4ntan. D\u00e4rf\u00f6r var det ocks\u00e5 en helt otrolig upplevelse att \u00e4ntligen vara d\u00e4r. Det \u00e4r ocks\u00e5 roligt att f\u00e5 t\u00e4vla p\u00e5 en riktig kampsportsarena som \u00e4r anpassad f\u00f6r \u00e4ndam\u00e5let, n\u00e5got vi ju inte i Sverige \u00e4r bortsk\u00e4mda med.<\/p>\n<p>&#8211; Sen \u00e4r det ju heller inte fel att ha ett genomf\u00f6rt VM i klassiska Budokan p\u00e5 sin kampsport-CV.<\/p>\n<p><strong>Vad h\u00e4nder framgent f\u00f6r dig nu rent idrottsligt?<\/strong><\/p>\n<p>I och med framg\u00e5ngen h\u00e4r s\u00e5 k\u00e4nner b\u00e5de jag och Lovisa att vi g\u00e4rna s\u00e5 sm\u00e5ningom satsar mot n\u00e4sta VM, som ocks\u00e5 kommer att h\u00e5llas i Japan. V\u00e4gen dit kommer ocks\u00e5 att vara aktivt arbete med resten av landslaget och f\u00f6r oss att dela med oss av v\u00e5ra erfarenheter till v\u00e5ra yngre talanger som \u00e4r v\u00e4ldigt lovande.<\/p>\n<p>Text: Jonathan Broberg<\/p>\n","protected":false},"excerpt":{"rendered":"<p>SHORINJI KEMPO. Tillsammans med parh\u00e4sten Lovisa Axelle Johnsson kom Lotta Wers\u00e4ll p\u00e5 en fj\u00e4rdeplats i VM i shorinji kempo f\u00f6r drygt tv\u00e5 veckor sedan. Det \u00e4r hennes st\u00f6rsta framg\u00e5ng hittills enligt henne sj\u00e4lv \u2013 och nu satsar stj\u00e4rnveteranerna vidare mot ytterligare ett VM.<br \/><br>&#8211; Vi var dessutom po\u00e4ngm\u00e4ssigt v\u00e4ldigt n\u00e4ra bronsmedaljen, bara en halv po\u00e4ng ifr\u00e5n, s\u00e4ger hon till budokampsport.se.<br \/><br>(Foto: Jenny Svensson)<\/p><br>","protected":false},"author":7,"featured_media":101373,"comment_status":"closed","ping_status":"closed","sticky":false,"template":"","format":"standard","meta":{"_acf_changed":false,"footnotes":""},"categories":[1],"tags":[],"class_list":["post-158928","post","type-post","status-publish","format-standard","has-post-thumbnail","hentry","category-okategoriserade"],"acf":[],"yoast_head":"<!-- This site is optimized with the Yoast SEO plugin v26.8 - https:\/\/yoast.com\/product\/yoast-seo-wordpress\/ -->\n<title>Lotta Wers\u00e4lls st\u00f6rsta shorinji kempo-framg\u00e5ng hittills - Svenska Budo &amp; Kampsportsf\u00f6rbundet<\/title>\n<meta name=\"description\" content=\"SHORINJI KEMPO. Tillsammans med parh\u00e4sten Lovisa Axelle Johnsson kom Lotta Wers\u00e4ll p\u00e5 en fj\u00e4rdeplats i VM i shorinji kempo f\u00f6r drygt tv\u00e5 veckor sedan. Det \u00e4r hennes st\u00f6rsta framg\u00e5ng hittills enligt henne sj\u00e4lv \u2013 och nu satsar stj\u00e4rnveteranerna vidare mot ytterligare ett VM. - Vi var dessutom po\u00e4ngm\u00e4ssigt v\u00e4ldigt n\u00e4ra bronsmedaljen, bara en halv po\u00e4ng ifr\u00e5n, s\u00e4ger hon till budokampsport.se. (Foto: Jenny Svensson)\" \/>\n<meta name=\"robots\" content=\"index, follow, max-snippet:-1, max-image-preview:large, max-video-preview:-1\" \/>\n<link rel=\"canonical\" href=\"https:\/\/www.budokampsport.se\/2023\/10\/24\/lotta-wersalls-storsta-shorinji-kempo-framgang-hittills\/\" \/>\n<meta property=\"og:locale\" content=\"sv_SE\" \/>\n<meta property=\"og:type\" content=\"article\" \/>\n<meta property=\"og:title\" content=\"Lotta Wers\u00e4lls st\u00f6rsta shorinji kempo-framg\u00e5ng hittills - Svenska Budo &amp; Kampsportsf\u00f6rbundet\" \/>\n<meta property=\"og:description\" content=\"SHORINJI KEMPO. Tillsammans med parh\u00e4sten Lovisa Axelle Johnsson kom Lotta Wers\u00e4ll p\u00e5 en fj\u00e4rdeplats i VM i shorinji kempo f\u00f6r drygt tv\u00e5 veckor sedan. Det \u00e4r hennes st\u00f6rsta framg\u00e5ng hittills enligt henne sj\u00e4lv \u2013 och nu satsar stj\u00e4rnveteranerna vidare mot ytterligare ett VM. - Vi var dessutom po\u00e4ngm\u00e4ssigt v\u00e4ldigt n\u00e4ra bronsmedaljen, bara en halv po\u00e4ng ifr\u00e5n, s\u00e4ger hon till budokampsport.se. (Foto: Jenny Svensson)\" \/>\n<meta property=\"og:url\" content=\"https:\/\/www.budokampsport.se\/2023\/10\/24\/lotta-wersalls-storsta-shorinji-kempo-framgang-hittills\/\" \/>\n<meta property=\"og:site_name\" content=\"Svenska Budo &amp; Kampsportsf\u00f6rbundet\" \/>\n<meta property=\"article:author\" content=\"https:\/\/www.facebook.com\/jonathan.broberg.7\" \/>\n<meta property=\"article:published_time\" content=\"2023-10-24T12:24:02+00:00\" \/>\n<meta property=\"article:modified_time\" content=\"2023-10-24T12:26:48+00:00\" \/>\n<meta property=\"og:image\" content=\"https:\/\/www.budokampsport.se\/wp-content\/uploads\/2019\/06\/lotta_lovisa_ett.jpg\" \/>\n\t<meta property=\"og:image:width\" content=\"850\" \/>\n\t<meta property=\"og:image:height\" content=\"567\" \/>\n\t<meta property=\"og:image:type\" content=\"image\/jpeg\" \/>\n<meta name=\"author\" content=\"Jonathan Broberg\" \/>\n<meta name=\"twitter:card\" content=\"summary_large_image\" \/>\n<meta name=\"twitter:label1\" content=\"Skriven av\" \/>\n\t<meta name=\"twitter:data1\" content=\"Jonathan Broberg\" \/>\n\t<meta name=\"twitter:label2\" content=\"Ber\u00e4knad l\u00e4stid\" \/>\n\t<meta name=\"twitter:data2\" content=\"2 minuter\" \/>\n<script type=\"application\/ld+json\" class=\"yoast-schema-graph\">{\"@context\":\"https:\/\/schema.org\",\"@graph\":[{\"@type\":\"Article\",\"@id\":\"https:\/\/www.budokampsport.se\/2023\/10\/24\/lotta-wersalls-storsta-shorinji-kempo-framgang-hittills\/#article\",\"isPartOf\":{\"@id\":\"https:\/\/www.budokampsport.se\/2023\/10\/24\/lotta-wersalls-storsta-shorinji-kempo-framgang-hittills\/\"},\"author\":{\"name\":\"Jonathan Broberg\",\"@id\":\"https:\/\/www.budokampsport.se\/#\/schema\/person\/5c06d81d14850e2a8ce5493386560145\"},\"headline\":\"Lotta Wers\u00e4lls st\u00f6rsta shorinji kempo-framg\u00e5ng hittills\",\"datePublished\":\"2023-10-24T12:24:02+00:00\",\"dateModified\":\"2023-10-24T12:26:48+00:00\",\"mainEntityOfPage\":{\"@id\":\"https:\/\/www.budokampsport.se\/2023\/10\/24\/lotta-wersalls-storsta-shorinji-kempo-framgang-hittills\/\"},\"wordCount\":423,\"image\":{\"@id\":\"https:\/\/www.budokampsport.se\/2023\/10\/24\/lotta-wersalls-storsta-shorinji-kempo-framgang-hittills\/#primaryimage\"},\"thumbnailUrl\":\"https:\/\/www.budokampsport.se\/wp-content\/uploads\/2019\/06\/lotta_lovisa_ett.jpg\",\"inLanguage\":\"sv-SE\"},{\"@type\":\"WebPage\",\"@id\":\"https:\/\/www.budokampsport.se\/2023\/10\/24\/lotta-wersalls-storsta-shorinji-kempo-framgang-hittills\/\",\"url\":\"https:\/\/www.budokampsport.se\/2023\/10\/24\/lotta-wersalls-storsta-shorinji-kempo-framgang-hittills\/\",\"name\":\"Lotta Wers\u00e4lls st\u00f6rsta shorinji kempo-framg\u00e5ng hittills - Svenska Budo &amp; Kampsportsf\u00f6rbundet\",\"isPartOf\":{\"@id\":\"https:\/\/www.budokampsport.se\/#website\"},\"primaryImageOfPage\":{\"@id\":\"https:\/\/www.budokampsport.se\/2023\/10\/24\/lotta-wersalls-storsta-shorinji-kempo-framgang-hittills\/#primaryimage\"},\"image\":{\"@id\":\"https:\/\/www.budokampsport.se\/2023\/10\/24\/lotta-wersalls-storsta-shorinji-kempo-framgang-hittills\/#primaryimage\"},\"thumbnailUrl\":\"https:\/\/www.budokampsport.se\/wp-content\/uploads\/2019\/06\/lotta_lovisa_ett.jpg\",\"datePublished\":\"2023-10-24T12:24:02+00:00\",\"dateModified\":\"2023-10-24T12:26:48+00:00\",\"author\":{\"@id\":\"https:\/\/www.budokampsport.se\/#\/schema\/person\/5c06d81d14850e2a8ce5493386560145\"},\"description\":\"SHORINJI KEMPO. Tillsammans med parh\u00e4sten Lovisa Axelle Johnsson kom Lotta Wers\u00e4ll p\u00e5 en fj\u00e4rdeplats i VM i shorinji kempo f\u00f6r drygt tv\u00e5 veckor sedan. Det \u00e4r hennes st\u00f6rsta framg\u00e5ng hittills enligt henne sj\u00e4lv \u2013 och nu satsar stj\u00e4rnveteranerna vidare mot ytterligare ett VM. - Vi var dessutom po\u00e4ngm\u00e4ssigt v\u00e4ldigt n\u00e4ra bronsmedaljen, bara en halv po\u00e4ng ifr\u00e5n, s\u00e4ger hon till budokampsport.se. (Foto: Jenny Svensson)\",\"breadcrumb\":{\"@id\":\"https:\/\/www.budokampsport.se\/2023\/10\/24\/lotta-wersalls-storsta-shorinji-kempo-framgang-hittills\/#breadcrumb\"},\"inLanguage\":\"sv-SE\",\"potentialAction\":[{\"@type\":\"ReadAction\",\"target\":[\"https:\/\/www.budokampsport.se\/2023\/10\/24\/lotta-wersalls-storsta-shorinji-kempo-framgang-hittills\/\"]}]},{\"@type\":\"ImageObject\",\"inLanguage\":\"sv-SE\",\"@id\":\"https:\/\/www.budokampsport.se\/2023\/10\/24\/lotta-wersalls-storsta-shorinji-kempo-framgang-hittills\/#primaryimage\",\"url\":\"https:\/\/www.budokampsport.se\/wp-content\/uploads\/2019\/06\/lotta_lovisa_ett.jpg\",\"contentUrl\":\"https:\/\/www.budokampsport.se\/wp-content\/uploads\/2019\/06\/lotta_lovisa_ett.jpg\",\"width\":850,\"height\":567,\"caption\":\"Foto: Jenny Svensson\"},{\"@type\":\"BreadcrumbList\",\"@id\":\"https:\/\/www.budokampsport.se\/2023\/10\/24\/lotta-wersalls-storsta-shorinji-kempo-framgang-hittills\/#breadcrumb\",\"itemListElement\":[{\"@type\":\"ListItem\",\"position\":1,\"name\":\"Hem\",\"item\":\"https:\/\/www.budokampsport.se\/\"},{\"@type\":\"ListItem\",\"position\":2,\"name\":\"Lotta Wers\u00e4lls st\u00f6rsta shorinji kempo-framg\u00e5ng hittills\"}]},{\"@type\":\"WebSite\",\"@id\":\"https:\/\/www.budokampsport.se\/#website\",\"url\":\"https:\/\/www.budokampsport.se\/\",\"name\":\"Svenska Budo &amp; Kampsportsf\u00f6rbundet\",\"description\":\"T\u00e4vling, Tr\u00e4ning, Tradition\",\"potentialAction\":[{\"@type\":\"SearchAction\",\"target\":{\"@type\":\"EntryPoint\",\"urlTemplate\":\"https:\/\/www.budokampsport.se\/?s={search_term_string}\"},\"query-input\":{\"@type\":\"PropertyValueSpecification\",\"valueRequired\":true,\"valueName\":\"search_term_string\"}}],\"inLanguage\":\"sv-SE\"},{\"@type\":\"Person\",\"@id\":\"https:\/\/www.budokampsport.se\/#\/schema\/person\/5c06d81d14850e2a8ce5493386560145\",\"name\":\"Jonathan Broberg\",\"image\":{\"@type\":\"ImageObject\",\"inLanguage\":\"sv-SE\",\"@id\":\"https:\/\/www.budokampsport.se\/#\/schema\/person\/image\/\",\"url\":\"https:\/\/secure.gravatar.com\/avatar\/a58041c6cea9128bd9c40ee2f26d4136?s=96&d=blank&r=g\",\"contentUrl\":\"https:\/\/secure.gravatar.com\/avatar\/a58041c6cea9128bd9c40ee2f26d4136?s=96&d=blank&r=g\",\"caption\":\"Jonathan Broberg\"},\"sameAs\":[\"https:\/\/www.facebook.com\/jonathan.broberg.7\"],\"url\":\"https:\/\/www.budokampsport.se\/author\/jonathan\/\"}]}<\/script>\n<!-- \/ Yoast SEO plugin. -->","yoast_head_json":{"title":"Lotta Wers\u00e4lls st\u00f6rsta shorinji kempo-framg\u00e5ng hittills - Svenska Budo &amp; Kampsportsf\u00f6rbundet","description":"SHORINJI KEMPO. Tillsammans med parh\u00e4sten Lovisa Axelle Johnsson kom Lotta Wers\u00e4ll p\u00e5 en fj\u00e4rdeplats i VM i shorinji kempo f\u00f6r drygt tv\u00e5 veckor sedan. Det \u00e4r hennes st\u00f6rsta framg\u00e5ng hittills enligt henne sj\u00e4lv \u2013 och nu satsar stj\u00e4rnveteranerna vidare mot ytterligare ett VM. - Vi var dessutom po\u00e4ngm\u00e4ssigt v\u00e4ldigt n\u00e4ra bronsmedaljen, bara en halv po\u00e4ng ifr\u00e5n, s\u00e4ger hon till budokampsport.se. (Foto: Jenny Svensson)","robots":{"index":"index","follow":"follow","max-snippet":"max-snippet:-1","max-image-preview":"max-image-preview:large","max-video-preview":"max-video-preview:-1"},"canonical":"https:\/\/www.budokampsport.se\/2023\/10\/24\/lotta-wersalls-storsta-shorinji-kempo-framgang-hittills\/","og_locale":"sv_SE","og_type":"article","og_title":"Lotta Wers\u00e4lls st\u00f6rsta shorinji kempo-framg\u00e5ng hittills - Svenska Budo &amp; Kampsportsf\u00f6rbundet","og_description":"SHORINJI KEMPO. Tillsammans med parh\u00e4sten Lovisa Axelle Johnsson kom Lotta Wers\u00e4ll p\u00e5 en fj\u00e4rdeplats i VM i shorinji kempo f\u00f6r drygt tv\u00e5 veckor sedan. Det \u00e4r hennes st\u00f6rsta framg\u00e5ng hittills enligt henne sj\u00e4lv \u2013 och nu satsar stj\u00e4rnveteranerna vidare mot ytterligare ett VM. - Vi var dessutom po\u00e4ngm\u00e4ssigt v\u00e4ldigt n\u00e4ra bronsmedaljen, bara en halv po\u00e4ng ifr\u00e5n, s\u00e4ger hon till budokampsport.se. (Foto: Jenny Svensson)","og_url":"https:\/\/www.budokampsport.se\/2023\/10\/24\/lotta-wersalls-storsta-shorinji-kempo-framgang-hittills\/","og_site_name":"Svenska Budo &amp; Kampsportsf\u00f6rbundet","article_author":"https:\/\/www.facebook.com\/jonathan.broberg.7","article_published_time":"2023-10-24T12:24:02+00:00","article_modified_time":"2023-10-24T12:26:48+00:00","og_image":[{"width":850,"height":567,"url":"https:\/\/www.budokampsport.se\/wp-content\/uploads\/2019\/06\/lotta_lovisa_ett.jpg","type":"image\/jpeg"}],"author":"Jonathan Broberg","twitter_card":"summary_large_image","twitter_misc":{"Skriven av":"Jonathan Broberg","Ber\u00e4knad l\u00e4stid":"2 minuter"},"schema":{"@context":"https:\/\/schema.org","@graph":[{"@type":"Article","@id":"https:\/\/www.budokampsport.se\/2023\/10\/24\/lotta-wersalls-storsta-shorinji-kempo-framgang-hittills\/#article","isPartOf":{"@id":"https:\/\/www.budokampsport.se\/2023\/10\/24\/lotta-wersalls-storsta-shorinji-kempo-framgang-hittills\/"},"author":{"name":"Jonathan Broberg","@id":"https:\/\/www.budokampsport.se\/#\/schema\/person\/5c06d81d14850e2a8ce5493386560145"},"headline":"Lotta Wers\u00e4lls st\u00f6rsta shorinji kempo-framg\u00e5ng hittills","datePublished":"2023-10-24T12:24:02+00:00","dateModified":"2023-10-24T12:26:48+00:00","mainEntityOfPage":{"@id":"https:\/\/www.budokampsport.se\/2023\/10\/24\/lotta-wersalls-storsta-shorinji-kempo-framgang-hittills\/"},"wordCount":423,"image":{"@id":"https:\/\/www.budokampsport.se\/2023\/10\/24\/lotta-wersalls-storsta-shorinji-kempo-framgang-hittills\/#primaryimage"},"thumbnailUrl":"https:\/\/www.budokampsport.se\/wp-content\/uploads\/2019\/06\/lotta_lovisa_ett.jpg","inLanguage":"sv-SE"},{"@type":"WebPage","@id":"https:\/\/www.budokampsport.se\/2023\/10\/24\/lotta-wersalls-storsta-shorinji-kempo-framgang-hittills\/","url":"https:\/\/www.budokampsport.se\/2023\/10\/24\/lotta-wersalls-storsta-shorinji-kempo-framgang-hittills\/","name":"Lotta Wers\u00e4lls st\u00f6rsta shorinji kempo-framg\u00e5ng hittills - Svenska Budo &amp; Kampsportsf\u00f6rbundet","isPartOf":{"@id":"https:\/\/www.budokampsport.se\/#website"},"primaryImageOfPage":{"@id":"https:\/\/www.budokampsport.se\/2023\/10\/24\/lotta-wersalls-storsta-shorinji-kempo-framgang-hittills\/#primaryimage"},"image":{"@id":"https:\/\/www.budokampsport.se\/2023\/10\/24\/lotta-wersalls-storsta-shorinji-kempo-framgang-hittills\/#primaryimage"},"thumbnailUrl":"https:\/\/www.budokampsport.se\/wp-content\/uploads\/2019\/06\/lotta_lovisa_ett.jpg","datePublished":"2023-10-24T12:24:02+00:00","dateModified":"2023-10-24T12:26:48+00:00","author":{"@id":"https:\/\/www.budokampsport.se\/#\/schema\/person\/5c06d81d14850e2a8ce5493386560145"},"description":"SHORINJI KEMPO. Tillsammans med parh\u00e4sten Lovisa Axelle Johnsson kom Lotta Wers\u00e4ll p\u00e5 en fj\u00e4rdeplats i VM i shorinji kempo f\u00f6r drygt tv\u00e5 veckor sedan. Det \u00e4r hennes st\u00f6rsta framg\u00e5ng hittills enligt henne sj\u00e4lv \u2013 och nu satsar stj\u00e4rnveteranerna vidare mot ytterligare ett VM. - Vi var dessutom po\u00e4ngm\u00e4ssigt v\u00e4ldigt n\u00e4ra bronsmedaljen, bara en halv po\u00e4ng ifr\u00e5n, s\u00e4ger hon till budokampsport.se. (Foto: Jenny Svensson)","breadcrumb":{"@id":"https:\/\/www.budokampsport.se\/2023\/10\/24\/lotta-wersalls-storsta-shorinji-kempo-framgang-hittills\/#breadcrumb"},"inLanguage":"sv-SE","potentialAction":[{"@type":"ReadAction","target":["https:\/\/www.budokampsport.se\/2023\/10\/24\/lotta-wersalls-storsta-shorinji-kempo-framgang-hittills\/"]}]},{"@type":"ImageObject","inLanguage":"sv-SE","@id":"https:\/\/www.budokampsport.se\/2023\/10\/24\/lotta-wersalls-storsta-shorinji-kempo-framgang-hittills\/#primaryimage","url":"https:\/\/www.budokampsport.se\/wp-content\/uploads\/2019\/06\/lotta_lovisa_ett.jpg","contentUrl":"https:\/\/www.budokampsport.se\/wp-content\/uploads\/2019\/06\/lotta_lovisa_ett.jpg","width":850,"height":567,"caption":"Foto: Jenny Svensson"},{"@type":"BreadcrumbList","@id":"https:\/\/www.budokampsport.se\/2023\/10\/24\/lotta-wersalls-storsta-shorinji-kempo-framgang-hittills\/#breadcrumb","itemListElement":[{"@type":"ListItem","position":1,"name":"Hem","item":"https:\/\/www.budokampsport.se\/"},{"@type":"ListItem","position":2,"name":"Lotta Wers\u00e4lls st\u00f6rsta shorinji kempo-framg\u00e5ng hittills"}]},{"@type":"WebSite","@id":"https:\/\/www.budokampsport.se\/#website","url":"https:\/\/www.budokampsport.se\/","name":"Svenska Budo &amp; Kampsportsf\u00f6rbundet","description":"T\u00e4vling, Tr\u00e4ning, Tradition","potentialAction":[{"@type":"SearchAction","target":{"@type":"EntryPoint","urlTemplate":"https:\/\/www.budokampsport.se\/?s={search_term_string}"},"query-input":{"@type":"PropertyValueSpecification","valueRequired":true,"valueName":"search_term_string"}}],"inLanguage":"sv-SE"},{"@type":"Person","@id":"https:\/\/www.budokampsport.se\/#\/schema\/person\/5c06d81d14850e2a8ce5493386560145","name":"Jonathan Broberg","image":{"@type":"ImageObject","inLanguage":"sv-SE","@id":"https:\/\/www.budokampsport.se\/#\/schema\/person\/image\/","url":"https:\/\/secure.gravatar.com\/avatar\/a58041c6cea9128bd9c40ee2f26d4136?s=96&d=blank&r=g","contentUrl":"https:\/\/secure.gravatar.com\/avatar\/a58041c6cea9128bd9c40ee2f26d4136?s=96&d=blank&r=g","caption":"Jonathan Broberg"},"sameAs":["https:\/\/www.facebook.com\/jonathan.broberg.7"],"url":"https:\/\/www.budokampsport.se\/author\/jonathan\/"}]}},"_links":{"self":[{"href":"https:\/\/www.budokampsport.se\/api\/wp\/v2\/posts\/158928","targetHints":{"allow":["GET"]}}],"collection":[{"href":"https:\/\/www.budokampsport.se\/api\/wp\/v2\/posts"}],"about":[{"href":"https:\/\/www.budokampsport.se\/api\/wp\/v2\/types\/post"}],"author":[{"embeddable":true,"href":"https:\/\/www.budokampsport.se\/api\/wp\/v2\/users\/7"}],"replies":[{"embeddable":true,"href":"https:\/\/www.budokampsport.se\/api\/wp\/v2\/comments?post=158928"}],"version-history":[{"count":0,"href":"https:\/\/www.budokampsport.se\/api\/wp\/v2\/posts\/158928\/revisions"}],"wp:featuredmedia":[{"embeddable":true,"href":"https:\/\/www.budokampsport.se\/api\/wp\/v2\/media\/101373"}],"wp:attachment":[{"href":"https:\/\/www.budokampsport.se\/api\/wp\/v2\/media?parent=158928"}],"wp:term":[{"taxonomy":"category","embeddable":true,"href":"https:\/\/www.budokampsport.se\/api\/wp\/v2\/categories?post=158928"},{"taxonomy":"post_tag","embeddable":true,"href":"https:\/\/www.budokampsport.se\/api\/wp\/v2\/tags?post=158928"}],"curies":[{"name":"wp","href":"https:\/\/api.w.org\/{rel}","templated":true}]}}