{"id":159646,"date":"2023-11-08T11:07:53","date_gmt":"2023-11-08T10:07:53","guid":{"rendered":"https:\/\/www.budokampsport.se\/?p=159646"},"modified":"2023-11-21T15:59:13","modified_gmt":"2023-11-21T14:59:13","slug":"svenska-vm-medaljer-i-kyokushin-stilen-ashihara","status":"publish","type":"post","link":"https:\/\/www.budokampsport.se\/2023\/11\/08\/svenska-vm-medaljer-i-kyokushin-stilen-ashihara\/","title":{"rendered":"Svenska VM-medaljer i Ashihara"},"content":{"rendered":"<p>Det blev ett svenskt guld i <a href=\"https:\/\/world.ashihara-karate.net\/wcs\/\" target=\"_blank\" rel=\"noopener\">Ashihara<\/a>,en stil hemmah\u00f6rande i Svenska Fullkontaktkarateorganisationen, avgjordes i japanska staden Matsuyama under helgen, f\u00f6r Amando Morino i veteranklassen +35 \u00e5r. Morino blev \u00e4ven tilldelad priset &#8220;excellent fighter&#8221; under m\u00e4sterskapet.<\/p>\n<p>V\u00e4gen till guldet gick via fyra fina matcher och blev Morinos f\u00f6rsta m\u00e4sterskapsguld. Han har tidigare vunnit b\u00e5de silver och brons.<\/p>\n<p>Det blev ytterligare fem svenska medaljer &#8211; ett silver och fyra brons &#8211; varav tv\u00e5 brons var i juniorklasser och resterande medaljsk\u00f6rd i veteran- eller masterklasser.<\/p>\n<h3>H\u00e4r \u00e4r de svenska medaljerna under m\u00e4sterskapet<\/h3>\n<table style=\"border-collapse: collapse; width: 100%; height: 49px;\">\n<tbody>\n<tr style=\"height: 22px;\">\n<td style=\"width: 100%; height: 22px;\">HERRAR<\/td>\n<\/tr>\n<tr style=\"height: 27px;\">\n<td style=\"width: 100%; height: 27px;\"><img loading=\"lazy\" decoding=\"async\" class=\" wp-image-36061 alignnone\" src=\"https:\/\/www.budokampsport.se\/wp-content\/uploads\/2016\/12\/medal_gold.png\" alt=\"\" width=\"14\" height=\"21\" srcset=\"https:\/\/www.budokampsport.se\/wp-content\/uploads\/2016\/12\/medal_gold.png 200w, https:\/\/www.budokampsport.se\/wp-content\/uploads\/2016\/12\/medal_gold-190x278.png 190w, https:\/\/www.budokampsport.se\/wp-content\/uploads\/2016\/12\/medal_gold-95x137.png 95w\" sizes=\"auto, (max-width: 14px) 100vw, 14px\" \/> <strong>Amando Morino<\/strong>, <span style=\"font-size: 10pt;\">veteran +35 \u00e5r<br \/>\n<img loading=\"lazy\" decoding=\"async\" class=\"wp-image-36060 alignnone\" src=\"https:\/\/www.budokampsport.se\/wp-content\/uploads\/2016\/12\/medal_bronze.png\" alt=\"\" width=\"14\" height=\"21\" srcset=\"https:\/\/www.budokampsport.se\/wp-content\/uploads\/2016\/12\/medal_bronze.png 200w, https:\/\/www.budokampsport.se\/wp-content\/uploads\/2016\/12\/medal_bronze-190x278.png 190w, https:\/\/www.budokampsport.se\/wp-content\/uploads\/2016\/12\/medal_bronze-95x137.png 95w\" sizes=\"auto, (max-width: 14px) 100vw, 14px\" \/> <strong><span style=\"font-size: 12pt;\">Stefan Skott<\/span><\/strong>, masters +45 \u00e5r (+80 kg)<br \/>\n<img loading=\"lazy\" decoding=\"async\" class=\"wp-image-36060 alignnone\" src=\"https:\/\/www.budokampsport.se\/wp-content\/uploads\/2016\/12\/medal_bronze.png\" alt=\"\" width=\"14\" height=\"21\" srcset=\"https:\/\/www.budokampsport.se\/wp-content\/uploads\/2016\/12\/medal_bronze.png 200w, https:\/\/www.budokampsport.se\/wp-content\/uploads\/2016\/12\/medal_bronze-190x278.png 190w, https:\/\/www.budokampsport.se\/wp-content\/uploads\/2016\/12\/medal_bronze-95x137.png 95w\" sizes=\"auto, (max-width: 14px) 100vw, 14px\" \/> <strong><span style=\"font-size: 12pt;\">Jan Nyman<\/span><\/strong>, masters +45 \u00e5r (-80 kg)<br \/>\n<img loading=\"lazy\" decoding=\"async\" class=\"wp-image-36060 alignnone\" src=\"https:\/\/www.budokampsport.se\/wp-content\/uploads\/2016\/12\/medal_bronze.png\" alt=\"\" width=\"14\" height=\"21\" srcset=\"https:\/\/www.budokampsport.se\/wp-content\/uploads\/2016\/12\/medal_bronze.png 200w, https:\/\/www.budokampsport.se\/wp-content\/uploads\/2016\/12\/medal_bronze-190x278.png 190w, https:\/\/www.budokampsport.se\/wp-content\/uploads\/2016\/12\/medal_bronze-95x137.png 95w\" sizes=\"auto, (max-width: 14px) 100vw, 14px\" \/> <strong><span style=\"font-size: 12pt;\">Ludvig Johansson<\/span><\/strong>, junior 16-17 \u00e5r (+75 kg)<br \/>\n<img loading=\"lazy\" decoding=\"async\" class=\"wp-image-36060 alignnone\" src=\"https:\/\/www.budokampsport.se\/wp-content\/uploads\/2016\/12\/medal_bronze.png\" alt=\"\" width=\"14\" height=\"21\" srcset=\"https:\/\/www.budokampsport.se\/wp-content\/uploads\/2016\/12\/medal_bronze.png 200w, https:\/\/www.budokampsport.se\/wp-content\/uploads\/2016\/12\/medal_bronze-190x278.png 190w, https:\/\/www.budokampsport.se\/wp-content\/uploads\/2016\/12\/medal_bronze-95x137.png 95w\" sizes=\"auto, (max-width: 14px) 100vw, 14px\" \/><strong><span style=\"font-size: 12pt;\">Erik Henriksson Yttling<\/span><\/strong>, junior 14-15 \u00e5r (+65 kg)<br \/>\n<\/span><\/td>\n<\/tr>\n<tr>\n<td style=\"width: 100%;\">DAMER<\/td>\n<\/tr>\n<tr>\n<td style=\"width: 100%;\"><img loading=\"lazy\" decoding=\"async\" class=\"wp-image-36062 alignnone\" src=\"https:\/\/www.budokampsport.se\/wp-content\/uploads\/2016\/12\/medal_silver.png\" alt=\"\" width=\"14\" height=\"21\" srcset=\"https:\/\/www.budokampsport.se\/wp-content\/uploads\/2016\/12\/medal_silver.png 200w, https:\/\/www.budokampsport.se\/wp-content\/uploads\/2016\/12\/medal_silver-190x278.png 190w, https:\/\/www.budokampsport.se\/wp-content\/uploads\/2016\/12\/medal_silver-95x137.png 95w\" sizes=\"auto, (max-width: 14px) 100vw, 14px\" \/> <strong>Johanna H\u00f6venmark<\/strong>, <span style=\"font-size: 10pt;\">veteran +35 \u00e5r\u00a0<\/span><\/td>\n<\/tr>\n<\/tbody>\n<\/table>\n","protected":false},"excerpt":{"rendered":"<p>KYOKUSHIN. Det blev ett svenskt VM-guld i Ashihara, en stil hemmah\u00f6rande i Svenska Fullkontaktskarateorganisationen, genom Amando Morino i s\u00f6ndags i veteranklassen +35 \u00e5r. Ut\u00f6ver guldet blev det ytterligare ett svenskt silver och fyra bl\u00e5gula brons i junior-, veteran- och masterklasser.<br \/><br>(Illustration: Ida Brogren)<\/p><br>","protected":false},"author":7,"featured_media":151094,"comment_status":"closed","ping_status":"closed","sticky":false,"template":"","format":"standard","meta":{"_acf_changed":false,"footnotes":""},"categories":[1],"tags":[],"class_list":["post-159646","post","type-post","status-publish","format-standard","has-post-thumbnail","hentry","category-okategoriserade"],"acf":[],"yoast_head":"<!-- This site is optimized with the Yoast SEO plugin v26.8 - https:\/\/yoast.com\/product\/yoast-seo-wordpress\/ -->\n<title>Svenska VM-medaljer i Ashihara - Svenska Budo &amp; Kampsportsf\u00f6rbundet<\/title>\n<meta name=\"description\" content=\"KYOKUSHIN. Det blev ett svenskt VM-guld i Ashihara, en stil hemmah\u00f6rande i Svenska Fullkontaktskarateorganisationen, genom Amando Morino i s\u00f6ndags i veteranklassen +35 \u00e5r. Ut\u00f6ver guldet blev det ytterligare ett svenskt silver och fyra bl\u00e5gula brons i junior-, veteran- och masterklasser. (Illustration: Ida Brogren)\" \/>\n<meta name=\"robots\" content=\"index, follow, max-snippet:-1, max-image-preview:large, max-video-preview:-1\" \/>\n<link rel=\"canonical\" href=\"https:\/\/www.budokampsport.se\/2023\/11\/08\/svenska-vm-medaljer-i-kyokushin-stilen-ashihara\/\" \/>\n<meta property=\"og:locale\" content=\"sv_SE\" \/>\n<meta property=\"og:type\" content=\"article\" \/>\n<meta property=\"og:title\" content=\"Svenska VM-medaljer i Ashihara - Svenska Budo &amp; Kampsportsf\u00f6rbundet\" \/>\n<meta property=\"og:description\" content=\"KYOKUSHIN. Det blev ett svenskt VM-guld i Ashihara, en stil hemmah\u00f6rande i Svenska Fullkontaktskarateorganisationen, genom Amando Morino i s\u00f6ndags i veteranklassen +35 \u00e5r. Ut\u00f6ver guldet blev det ytterligare ett svenskt silver och fyra bl\u00e5gula brons i junior-, veteran- och masterklasser. (Illustration: Ida Brogren)\" \/>\n<meta property=\"og:url\" content=\"https:\/\/www.budokampsport.se\/2023\/11\/08\/svenska-vm-medaljer-i-kyokushin-stilen-ashihara\/\" \/>\n<meta property=\"og:site_name\" content=\"Svenska Budo &amp; Kampsportsf\u00f6rbundet\" \/>\n<meta property=\"article:author\" content=\"https:\/\/www.facebook.com\/jonathan.broberg.7\" \/>\n<meta property=\"article:published_time\" content=\"2023-11-08T10:07:53+00:00\" \/>\n<meta property=\"article:modified_time\" content=\"2023-11-21T14:59:13+00:00\" \/>\n<meta property=\"og:image\" content=\"https:\/\/www.budokampsport.se\/wp-content\/uploads\/2016\/05\/Kyokushin_Karate-copy.png\" \/>\n\t<meta property=\"og:image:width\" content=\"842\" \/>\n\t<meta property=\"og:image:height\" content=\"595\" \/>\n\t<meta property=\"og:image:type\" content=\"image\/png\" \/>\n<meta name=\"author\" content=\"Jonathan Broberg\" \/>\n<meta name=\"twitter:card\" content=\"summary_large_image\" \/>\n<meta name=\"twitter:label1\" content=\"Skriven av\" \/>\n\t<meta name=\"twitter:data1\" content=\"Jonathan Broberg\" \/>\n\t<meta name=\"twitter:label2\" content=\"Ber\u00e4knad l\u00e4stid\" \/>\n\t<meta name=\"twitter:data2\" content=\"2 minuter\" \/>\n<script type=\"application\/ld+json\" class=\"yoast-schema-graph\">{\"@context\":\"https:\/\/schema.org\",\"@graph\":[{\"@type\":\"Article\",\"@id\":\"https:\/\/www.budokampsport.se\/2023\/11\/08\/svenska-vm-medaljer-i-kyokushin-stilen-ashihara\/#article\",\"isPartOf\":{\"@id\":\"https:\/\/www.budokampsport.se\/2023\/11\/08\/svenska-vm-medaljer-i-kyokushin-stilen-ashihara\/\"},\"author\":{\"name\":\"Jonathan Broberg\",\"@id\":\"https:\/\/www.budokampsport.se\/#\/schema\/person\/5c06d81d14850e2a8ce5493386560145\"},\"headline\":\"Svenska VM-medaljer i Ashihara\",\"datePublished\":\"2023-11-08T10:07:53+00:00\",\"dateModified\":\"2023-11-21T14:59:13+00:00\",\"mainEntityOfPage\":{\"@id\":\"https:\/\/www.budokampsport.se\/2023\/11\/08\/svenska-vm-medaljer-i-kyokushin-stilen-ashihara\/\"},\"wordCount\":138,\"image\":{\"@id\":\"https:\/\/www.budokampsport.se\/2023\/11\/08\/svenska-vm-medaljer-i-kyokushin-stilen-ashihara\/#primaryimage\"},\"thumbnailUrl\":\"https:\/\/www.budokampsport.se\/wp-content\/uploads\/2016\/05\/Kyokushin_Karate-copy.png\",\"inLanguage\":\"sv-SE\"},{\"@type\":\"WebPage\",\"@id\":\"https:\/\/www.budokampsport.se\/2023\/11\/08\/svenska-vm-medaljer-i-kyokushin-stilen-ashihara\/\",\"url\":\"https:\/\/www.budokampsport.se\/2023\/11\/08\/svenska-vm-medaljer-i-kyokushin-stilen-ashihara\/\",\"name\":\"Svenska VM-medaljer i Ashihara - Svenska Budo &amp; Kampsportsf\u00f6rbundet\",\"isPartOf\":{\"@id\":\"https:\/\/www.budokampsport.se\/#website\"},\"primaryImageOfPage\":{\"@id\":\"https:\/\/www.budokampsport.se\/2023\/11\/08\/svenska-vm-medaljer-i-kyokushin-stilen-ashihara\/#primaryimage\"},\"image\":{\"@id\":\"https:\/\/www.budokampsport.se\/2023\/11\/08\/svenska-vm-medaljer-i-kyokushin-stilen-ashihara\/#primaryimage\"},\"thumbnailUrl\":\"https:\/\/www.budokampsport.se\/wp-content\/uploads\/2016\/05\/Kyokushin_Karate-copy.png\",\"datePublished\":\"2023-11-08T10:07:53+00:00\",\"dateModified\":\"2023-11-21T14:59:13+00:00\",\"author\":{\"@id\":\"https:\/\/www.budokampsport.se\/#\/schema\/person\/5c06d81d14850e2a8ce5493386560145\"},\"description\":\"KYOKUSHIN. Det blev ett svenskt VM-guld i Ashihara, en stil hemmah\u00f6rande i Svenska Fullkontaktskarateorganisationen, genom Amando Morino i s\u00f6ndags i veteranklassen +35 \u00e5r. Ut\u00f6ver guldet blev det ytterligare ett svenskt silver och fyra bl\u00e5gula brons i junior-, veteran- och masterklasser. (Illustration: Ida Brogren)\",\"breadcrumb\":{\"@id\":\"https:\/\/www.budokampsport.se\/2023\/11\/08\/svenska-vm-medaljer-i-kyokushin-stilen-ashihara\/#breadcrumb\"},\"inLanguage\":\"sv-SE\",\"potentialAction\":[{\"@type\":\"ReadAction\",\"target\":[\"https:\/\/www.budokampsport.se\/2023\/11\/08\/svenska-vm-medaljer-i-kyokushin-stilen-ashihara\/\"]}]},{\"@type\":\"ImageObject\",\"inLanguage\":\"sv-SE\",\"@id\":\"https:\/\/www.budokampsport.se\/2023\/11\/08\/svenska-vm-medaljer-i-kyokushin-stilen-ashihara\/#primaryimage\",\"url\":\"https:\/\/www.budokampsport.se\/wp-content\/uploads\/2016\/05\/Kyokushin_Karate-copy.png\",\"contentUrl\":\"https:\/\/www.budokampsport.se\/wp-content\/uploads\/2016\/05\/Kyokushin_Karate-copy.png\",\"width\":842,\"height\":595,\"caption\":\"Illustration: Ida Brogren\"},{\"@type\":\"BreadcrumbList\",\"@id\":\"https:\/\/www.budokampsport.se\/2023\/11\/08\/svenska-vm-medaljer-i-kyokushin-stilen-ashihara\/#breadcrumb\",\"itemListElement\":[{\"@type\":\"ListItem\",\"position\":1,\"name\":\"Hem\",\"item\":\"https:\/\/www.budokampsport.se\/\"},{\"@type\":\"ListItem\",\"position\":2,\"name\":\"Svenska VM-medaljer i Ashihara\"}]},{\"@type\":\"WebSite\",\"@id\":\"https:\/\/www.budokampsport.se\/#website\",\"url\":\"https:\/\/www.budokampsport.se\/\",\"name\":\"Svenska Budo &amp; Kampsportsf\u00f6rbundet\",\"description\":\"T\u00e4vling, Tr\u00e4ning, Tradition\",\"potentialAction\":[{\"@type\":\"SearchAction\",\"target\":{\"@type\":\"EntryPoint\",\"urlTemplate\":\"https:\/\/www.budokampsport.se\/?s={search_term_string}\"},\"query-input\":{\"@type\":\"PropertyValueSpecification\",\"valueRequired\":true,\"valueName\":\"search_term_string\"}}],\"inLanguage\":\"sv-SE\"},{\"@type\":\"Person\",\"@id\":\"https:\/\/www.budokampsport.se\/#\/schema\/person\/5c06d81d14850e2a8ce5493386560145\",\"name\":\"Jonathan Broberg\",\"image\":{\"@type\":\"ImageObject\",\"inLanguage\":\"sv-SE\",\"@id\":\"https:\/\/www.budokampsport.se\/#\/schema\/person\/image\/\",\"url\":\"https:\/\/secure.gravatar.com\/avatar\/a58041c6cea9128bd9c40ee2f26d4136?s=96&d=blank&r=g\",\"contentUrl\":\"https:\/\/secure.gravatar.com\/avatar\/a58041c6cea9128bd9c40ee2f26d4136?s=96&d=blank&r=g\",\"caption\":\"Jonathan Broberg\"},\"sameAs\":[\"https:\/\/www.facebook.com\/jonathan.broberg.7\"],\"url\":\"https:\/\/www.budokampsport.se\/author\/jonathan\/\"}]}<\/script>\n<!-- \/ Yoast SEO plugin. -->","yoast_head_json":{"title":"Svenska VM-medaljer i Ashihara - Svenska Budo &amp; Kampsportsf\u00f6rbundet","description":"KYOKUSHIN. Det blev ett svenskt VM-guld i Ashihara, en stil hemmah\u00f6rande i Svenska Fullkontaktskarateorganisationen, genom Amando Morino i s\u00f6ndags i veteranklassen +35 \u00e5r. Ut\u00f6ver guldet blev det ytterligare ett svenskt silver och fyra bl\u00e5gula brons i junior-, veteran- och masterklasser. (Illustration: Ida Brogren)","robots":{"index":"index","follow":"follow","max-snippet":"max-snippet:-1","max-image-preview":"max-image-preview:large","max-video-preview":"max-video-preview:-1"},"canonical":"https:\/\/www.budokampsport.se\/2023\/11\/08\/svenska-vm-medaljer-i-kyokushin-stilen-ashihara\/","og_locale":"sv_SE","og_type":"article","og_title":"Svenska VM-medaljer i Ashihara - Svenska Budo &amp; Kampsportsf\u00f6rbundet","og_description":"KYOKUSHIN. Det blev ett svenskt VM-guld i Ashihara, en stil hemmah\u00f6rande i Svenska Fullkontaktskarateorganisationen, genom Amando Morino i s\u00f6ndags i veteranklassen +35 \u00e5r. Ut\u00f6ver guldet blev det ytterligare ett svenskt silver och fyra bl\u00e5gula brons i junior-, veteran- och masterklasser. (Illustration: Ida Brogren)","og_url":"https:\/\/www.budokampsport.se\/2023\/11\/08\/svenska-vm-medaljer-i-kyokushin-stilen-ashihara\/","og_site_name":"Svenska Budo &amp; Kampsportsf\u00f6rbundet","article_author":"https:\/\/www.facebook.com\/jonathan.broberg.7","article_published_time":"2023-11-08T10:07:53+00:00","article_modified_time":"2023-11-21T14:59:13+00:00","og_image":[{"width":842,"height":595,"url":"https:\/\/www.budokampsport.se\/wp-content\/uploads\/2016\/05\/Kyokushin_Karate-copy.png","type":"image\/png"}],"author":"Jonathan Broberg","twitter_card":"summary_large_image","twitter_misc":{"Skriven av":"Jonathan Broberg","Ber\u00e4knad l\u00e4stid":"2 minuter"},"schema":{"@context":"https:\/\/schema.org","@graph":[{"@type":"Article","@id":"https:\/\/www.budokampsport.se\/2023\/11\/08\/svenska-vm-medaljer-i-kyokushin-stilen-ashihara\/#article","isPartOf":{"@id":"https:\/\/www.budokampsport.se\/2023\/11\/08\/svenska-vm-medaljer-i-kyokushin-stilen-ashihara\/"},"author":{"name":"Jonathan Broberg","@id":"https:\/\/www.budokampsport.se\/#\/schema\/person\/5c06d81d14850e2a8ce5493386560145"},"headline":"Svenska VM-medaljer i Ashihara","datePublished":"2023-11-08T10:07:53+00:00","dateModified":"2023-11-21T14:59:13+00:00","mainEntityOfPage":{"@id":"https:\/\/www.budokampsport.se\/2023\/11\/08\/svenska-vm-medaljer-i-kyokushin-stilen-ashihara\/"},"wordCount":138,"image":{"@id":"https:\/\/www.budokampsport.se\/2023\/11\/08\/svenska-vm-medaljer-i-kyokushin-stilen-ashihara\/#primaryimage"},"thumbnailUrl":"https:\/\/www.budokampsport.se\/wp-content\/uploads\/2016\/05\/Kyokushin_Karate-copy.png","inLanguage":"sv-SE"},{"@type":"WebPage","@id":"https:\/\/www.budokampsport.se\/2023\/11\/08\/svenska-vm-medaljer-i-kyokushin-stilen-ashihara\/","url":"https:\/\/www.budokampsport.se\/2023\/11\/08\/svenska-vm-medaljer-i-kyokushin-stilen-ashihara\/","name":"Svenska VM-medaljer i Ashihara - Svenska Budo &amp; Kampsportsf\u00f6rbundet","isPartOf":{"@id":"https:\/\/www.budokampsport.se\/#website"},"primaryImageOfPage":{"@id":"https:\/\/www.budokampsport.se\/2023\/11\/08\/svenska-vm-medaljer-i-kyokushin-stilen-ashihara\/#primaryimage"},"image":{"@id":"https:\/\/www.budokampsport.se\/2023\/11\/08\/svenska-vm-medaljer-i-kyokushin-stilen-ashihara\/#primaryimage"},"thumbnailUrl":"https:\/\/www.budokampsport.se\/wp-content\/uploads\/2016\/05\/Kyokushin_Karate-copy.png","datePublished":"2023-11-08T10:07:53+00:00","dateModified":"2023-11-21T14:59:13+00:00","author":{"@id":"https:\/\/www.budokampsport.se\/#\/schema\/person\/5c06d81d14850e2a8ce5493386560145"},"description":"KYOKUSHIN. Det blev ett svenskt VM-guld i Ashihara, en stil hemmah\u00f6rande i Svenska Fullkontaktskarateorganisationen, genom Amando Morino i s\u00f6ndags i veteranklassen +35 \u00e5r. Ut\u00f6ver guldet blev det ytterligare ett svenskt silver och fyra bl\u00e5gula brons i junior-, veteran- och masterklasser. (Illustration: Ida Brogren)","breadcrumb":{"@id":"https:\/\/www.budokampsport.se\/2023\/11\/08\/svenska-vm-medaljer-i-kyokushin-stilen-ashihara\/#breadcrumb"},"inLanguage":"sv-SE","potentialAction":[{"@type":"ReadAction","target":["https:\/\/www.budokampsport.se\/2023\/11\/08\/svenska-vm-medaljer-i-kyokushin-stilen-ashihara\/"]}]},{"@type":"ImageObject","inLanguage":"sv-SE","@id":"https:\/\/www.budokampsport.se\/2023\/11\/08\/svenska-vm-medaljer-i-kyokushin-stilen-ashihara\/#primaryimage","url":"https:\/\/www.budokampsport.se\/wp-content\/uploads\/2016\/05\/Kyokushin_Karate-copy.png","contentUrl":"https:\/\/www.budokampsport.se\/wp-content\/uploads\/2016\/05\/Kyokushin_Karate-copy.png","width":842,"height":595,"caption":"Illustration: Ida Brogren"},{"@type":"BreadcrumbList","@id":"https:\/\/www.budokampsport.se\/2023\/11\/08\/svenska-vm-medaljer-i-kyokushin-stilen-ashihara\/#breadcrumb","itemListElement":[{"@type":"ListItem","position":1,"name":"Hem","item":"https:\/\/www.budokampsport.se\/"},{"@type":"ListItem","position":2,"name":"Svenska VM-medaljer i Ashihara"}]},{"@type":"WebSite","@id":"https:\/\/www.budokampsport.se\/#website","url":"https:\/\/www.budokampsport.se\/","name":"Svenska Budo &amp; Kampsportsf\u00f6rbundet","description":"T\u00e4vling, Tr\u00e4ning, Tradition","potentialAction":[{"@type":"SearchAction","target":{"@type":"EntryPoint","urlTemplate":"https:\/\/www.budokampsport.se\/?s={search_term_string}"},"query-input":{"@type":"PropertyValueSpecification","valueRequired":true,"valueName":"search_term_string"}}],"inLanguage":"sv-SE"},{"@type":"Person","@id":"https:\/\/www.budokampsport.se\/#\/schema\/person\/5c06d81d14850e2a8ce5493386560145","name":"Jonathan Broberg","image":{"@type":"ImageObject","inLanguage":"sv-SE","@id":"https:\/\/www.budokampsport.se\/#\/schema\/person\/image\/","url":"https:\/\/secure.gravatar.com\/avatar\/a58041c6cea9128bd9c40ee2f26d4136?s=96&d=blank&r=g","contentUrl":"https:\/\/secure.gravatar.com\/avatar\/a58041c6cea9128bd9c40ee2f26d4136?s=96&d=blank&r=g","caption":"Jonathan Broberg"},"sameAs":["https:\/\/www.facebook.com\/jonathan.broberg.7"],"url":"https:\/\/www.budokampsport.se\/author\/jonathan\/"}]}},"_links":{"self":[{"href":"https:\/\/www.budokampsport.se\/api\/wp\/v2\/posts\/159646","targetHints":{"allow":["GET"]}}],"collection":[{"href":"https:\/\/www.budokampsport.se\/api\/wp\/v2\/posts"}],"about":[{"href":"https:\/\/www.budokampsport.se\/api\/wp\/v2\/types\/post"}],"author":[{"embeddable":true,"href":"https:\/\/www.budokampsport.se\/api\/wp\/v2\/users\/7"}],"replies":[{"embeddable":true,"href":"https:\/\/www.budokampsport.se\/api\/wp\/v2\/comments?post=159646"}],"version-history":[{"count":0,"href":"https:\/\/www.budokampsport.se\/api\/wp\/v2\/posts\/159646\/revisions"}],"wp:featuredmedia":[{"embeddable":true,"href":"https:\/\/www.budokampsport.se\/api\/wp\/v2\/media\/151094"}],"wp:attachment":[{"href":"https:\/\/www.budokampsport.se\/api\/wp\/v2\/media?parent=159646"}],"wp:term":[{"taxonomy":"category","embeddable":true,"href":"https:\/\/www.budokampsport.se\/api\/wp\/v2\/categories?post=159646"},{"taxonomy":"post_tag","embeddable":true,"href":"https:\/\/www.budokampsport.se\/api\/wp\/v2\/tags?post=159646"}],"curies":[{"name":"wp","href":"https:\/\/api.w.org\/{rel}","templated":true}]}}