{"id":159664,"date":"2023-11-09T16:33:08","date_gmt":"2023-11-09T15:33:08","guid":{"rendered":"https:\/\/www.budokampsport.se\/?p=159664"},"modified":"2024-07-03T11:49:07","modified_gmt":"2024-07-03T09:49:07","slug":"kendo-sm-i-umea-i-helgen","status":"publish","type":"post","link":"https:\/\/www.budokampsport.se\/2023\/11\/09\/kendo-sm-i-umea-i-helgen\/","title":{"rendered":"Kendo-SM i Ume\u00e5 i helgen"},"content":{"rendered":"<p>Kendo-SM h\u00e5lls i Ume\u00e5 i helgen.<\/p>\n<p>F\u00f6r en av arrang\u00f6rerna Maja Nilsson fr\u00e5n <a href=\"https:\/\/www.iksu.se\/sv\/sektioner\/iksu-kendo\/\" target=\"_blank\" rel=\"noopener\">IKSU kendo<\/a> inneb\u00e4r det br\u00e5da dagar.<\/p>\n<p>&#8211; Det \u00e4r f\u00f6rst\u00e5s lite stressigt att f\u00e5 ihop allt. Vi \u00e4r vana att t\u00e4vla men kanske inte lika vana vid att arrangera s\u00e5 h\u00e4r stora t\u00e4vlingar. Det \u00e4r 20 \u00e5r sedan klubben arrangerade SM senast. Men vi har f\u00e5tt bra st\u00f6ttning fr\u00e5n kendo-Sverige och vi hoppas att vi kommer levererar ett bra och trevligt m\u00e4sterskap.<\/p>\n<p>Nilsson har sj\u00e4lv en gedigen t\u00e4vlingsbakgrund och har bland annat tillh\u00f6rt landslaget. Men SM-helgen som stundar blir en ny erfarenhet f\u00f6r henne.<\/p>\n<p>&#8211; Det blir lite nytt f\u00f6r mig att arrangera och inte t\u00e4vla, men det ska bli kul. Jag ser kanske mest fram emot de stora \u00f6gonblicken som kommer, som line-up, medaljutdelning och s\u00e5 vidare. Jag gillar de stora ceremoniella delarna av m\u00e4sterskap.<\/p>\n<p><strong>S\u00e5, Maja, vad kan vi f\u00f6rv\u00e4nta oss av \u00e5rets SM?<\/strong><\/p>\n<p>&#8211; Oj, som deltagare hoppas jag att de kommer att tycka att det hela flyter p\u00e5 och att vi h\u00e5ller tiderna. Som betraktare hoppas jag att man f\u00e5r en trevlig och rolig upplevelse.<\/p>\n<p>Prelimin\u00e4rt schema f\u00f6r helgen finns <a href=\"https:\/\/www.kendoforbundet.se\/event\/kendo-sm-2023\/\" target=\"_blank\" rel=\"noopener\">h\u00e4r<\/a>.<\/p>\n<p>Text: Jonathan Broberg<\/p>\n","protected":false},"excerpt":{"rendered":"<p>KENDO. Det n\u00e4rmar sig SM i kendo med stormsteg. M\u00e4sterskapet h\u00e5lls i Ume\u00e5 i helgen och en av arrang\u00f6rerna Maja Nilsson fr\u00e5n IKSU kendo ser fram emot helgen.<br \/><br>&#8211; Det blir lite nytt f\u00f6r mig att arrangera och inte t\u00e4vla, men det ska bli kul, s\u00e4ger hon till budokampsport.se.<br \/><br>(Foto: IKSU kendo)<\/p><br>","protected":false},"author":7,"featured_media":159794,"comment_status":"closed","ping_status":"closed","sticky":false,"template":"","format":"standard","meta":{"_acf_changed":false,"footnotes":""},"categories":[534],"tags":[],"class_list":["post-159664","post","type-post","status-publish","format-standard","has-post-thumbnail","hentry","category-kendo"],"acf":[],"yoast_head":"<!-- This site is optimized with the Yoast SEO plugin v26.8 - https:\/\/yoast.com\/product\/yoast-seo-wordpress\/ -->\n<title>Kendo-SM i Ume\u00e5 i helgen - Svenska Budo &amp; Kampsportsf\u00f6rbundet<\/title>\n<meta name=\"description\" content=\"KENDO. Det n\u00e4rmar sig SM i kendo med stormsteg. M\u00e4sterskapet h\u00e5lls i Ume\u00e5 i helgen och en av arrang\u00f6rerna Maja Nilsson fr\u00e5n IKSU kendo ser fram emot helgen. - Det blir lite nytt f\u00f6r mig att arrangera och inte t\u00e4vla, men det ska bli kul, s\u00e4ger hon till budokampsport.se. (Foto: IKSU kendo)\" \/>\n<meta name=\"robots\" content=\"index, follow, max-snippet:-1, max-image-preview:large, max-video-preview:-1\" \/>\n<link rel=\"canonical\" href=\"https:\/\/www.budokampsport.se\/2023\/11\/09\/kendo-sm-i-umea-i-helgen\/\" \/>\n<meta property=\"og:locale\" content=\"sv_SE\" \/>\n<meta property=\"og:type\" content=\"article\" \/>\n<meta property=\"og:title\" content=\"Kendo-SM i Ume\u00e5 i helgen - Svenska Budo &amp; Kampsportsf\u00f6rbundet\" \/>\n<meta property=\"og:description\" content=\"KENDO. Det n\u00e4rmar sig SM i kendo med stormsteg. M\u00e4sterskapet h\u00e5lls i Ume\u00e5 i helgen och en av arrang\u00f6rerna Maja Nilsson fr\u00e5n IKSU kendo ser fram emot helgen. - Det blir lite nytt f\u00f6r mig att arrangera och inte t\u00e4vla, men det ska bli kul, s\u00e4ger hon till budokampsport.se. (Foto: IKSU kendo)\" \/>\n<meta property=\"og:url\" content=\"https:\/\/www.budokampsport.se\/2023\/11\/09\/kendo-sm-i-umea-i-helgen\/\" \/>\n<meta property=\"og:site_name\" content=\"Svenska Budo &amp; Kampsportsf\u00f6rbundet\" \/>\n<meta property=\"article:author\" content=\"https:\/\/www.facebook.com\/jonathan.broberg.7\" \/>\n<meta property=\"article:published_time\" content=\"2023-11-09T15:33:08+00:00\" \/>\n<meta property=\"article:modified_time\" content=\"2024-07-03T09:49:07+00:00\" \/>\n<meta property=\"og:image\" content=\"https:\/\/www.budokampsport.se\/wp-content\/uploads\/2023\/11\/kendo-sm.jpg\" \/>\n\t<meta property=\"og:image:width\" content=\"729\" \/>\n\t<meta property=\"og:image:height\" content=\"379\" \/>\n\t<meta property=\"og:image:type\" content=\"image\/jpeg\" \/>\n<meta name=\"author\" content=\"Jonathan Broberg\" \/>\n<meta name=\"twitter:card\" content=\"summary_large_image\" \/>\n<meta name=\"twitter:label1\" content=\"Skriven av\" \/>\n\t<meta name=\"twitter:data1\" content=\"Jonathan Broberg\" \/>\n\t<meta name=\"twitter:label2\" content=\"Ber\u00e4knad l\u00e4stid\" \/>\n\t<meta name=\"twitter:data2\" content=\"2 minuter\" \/>\n<script type=\"application\/ld+json\" class=\"yoast-schema-graph\">{\"@context\":\"https:\/\/schema.org\",\"@graph\":[{\"@type\":\"Article\",\"@id\":\"https:\/\/www.budokampsport.se\/2023\/11\/09\/kendo-sm-i-umea-i-helgen\/#article\",\"isPartOf\":{\"@id\":\"https:\/\/www.budokampsport.se\/2023\/11\/09\/kendo-sm-i-umea-i-helgen\/\"},\"author\":{\"name\":\"Jonathan Broberg\",\"@id\":\"https:\/\/www.budokampsport.se\/#\/schema\/person\/5c06d81d14850e2a8ce5493386560145\"},\"headline\":\"Kendo-SM i Ume\u00e5 i helgen\",\"datePublished\":\"2023-11-09T15:33:08+00:00\",\"dateModified\":\"2024-07-03T09:49:07+00:00\",\"mainEntityOfPage\":{\"@id\":\"https:\/\/www.budokampsport.se\/2023\/11\/09\/kendo-sm-i-umea-i-helgen\/\"},\"wordCount\":224,\"image\":{\"@id\":\"https:\/\/www.budokampsport.se\/2023\/11\/09\/kendo-sm-i-umea-i-helgen\/#primaryimage\"},\"thumbnailUrl\":\"https:\/\/www.budokampsport.se\/wp-content\/uploads\/2023\/11\/kendo-sm.jpg\",\"articleSection\":[\"Kendo\"],\"inLanguage\":\"sv-SE\"},{\"@type\":\"WebPage\",\"@id\":\"https:\/\/www.budokampsport.se\/2023\/11\/09\/kendo-sm-i-umea-i-helgen\/\",\"url\":\"https:\/\/www.budokampsport.se\/2023\/11\/09\/kendo-sm-i-umea-i-helgen\/\",\"name\":\"Kendo-SM i Ume\u00e5 i helgen - Svenska Budo &amp; Kampsportsf\u00f6rbundet\",\"isPartOf\":{\"@id\":\"https:\/\/www.budokampsport.se\/#website\"},\"primaryImageOfPage\":{\"@id\":\"https:\/\/www.budokampsport.se\/2023\/11\/09\/kendo-sm-i-umea-i-helgen\/#primaryimage\"},\"image\":{\"@id\":\"https:\/\/www.budokampsport.se\/2023\/11\/09\/kendo-sm-i-umea-i-helgen\/#primaryimage\"},\"thumbnailUrl\":\"https:\/\/www.budokampsport.se\/wp-content\/uploads\/2023\/11\/kendo-sm.jpg\",\"datePublished\":\"2023-11-09T15:33:08+00:00\",\"dateModified\":\"2024-07-03T09:49:07+00:00\",\"author\":{\"@id\":\"https:\/\/www.budokampsport.se\/#\/schema\/person\/5c06d81d14850e2a8ce5493386560145\"},\"description\":\"KENDO. Det n\u00e4rmar sig SM i kendo med stormsteg. M\u00e4sterskapet h\u00e5lls i Ume\u00e5 i helgen och en av arrang\u00f6rerna Maja Nilsson fr\u00e5n IKSU kendo ser fram emot helgen. - Det blir lite nytt f\u00f6r mig att arrangera och inte t\u00e4vla, men det ska bli kul, s\u00e4ger hon till budokampsport.se. (Foto: IKSU kendo)\",\"breadcrumb\":{\"@id\":\"https:\/\/www.budokampsport.se\/2023\/11\/09\/kendo-sm-i-umea-i-helgen\/#breadcrumb\"},\"inLanguage\":\"sv-SE\",\"potentialAction\":[{\"@type\":\"ReadAction\",\"target\":[\"https:\/\/www.budokampsport.se\/2023\/11\/09\/kendo-sm-i-umea-i-helgen\/\"]}]},{\"@type\":\"ImageObject\",\"inLanguage\":\"sv-SE\",\"@id\":\"https:\/\/www.budokampsport.se\/2023\/11\/09\/kendo-sm-i-umea-i-helgen\/#primaryimage\",\"url\":\"https:\/\/www.budokampsport.se\/wp-content\/uploads\/2023\/11\/kendo-sm.jpg\",\"contentUrl\":\"https:\/\/www.budokampsport.se\/wp-content\/uploads\/2023\/11\/kendo-sm.jpg\",\"width\":729,\"height\":379},{\"@type\":\"BreadcrumbList\",\"@id\":\"https:\/\/www.budokampsport.se\/2023\/11\/09\/kendo-sm-i-umea-i-helgen\/#breadcrumb\",\"itemListElement\":[{\"@type\":\"ListItem\",\"position\":1,\"name\":\"Hem\",\"item\":\"https:\/\/www.budokampsport.se\/\"},{\"@type\":\"ListItem\",\"position\":2,\"name\":\"Kendo-SM i Ume\u00e5 i helgen\"}]},{\"@type\":\"WebSite\",\"@id\":\"https:\/\/www.budokampsport.se\/#website\",\"url\":\"https:\/\/www.budokampsport.se\/\",\"name\":\"Svenska Budo &amp; Kampsportsf\u00f6rbundet\",\"description\":\"T\u00e4vling, Tr\u00e4ning, Tradition\",\"potentialAction\":[{\"@type\":\"SearchAction\",\"target\":{\"@type\":\"EntryPoint\",\"urlTemplate\":\"https:\/\/www.budokampsport.se\/?s={search_term_string}\"},\"query-input\":{\"@type\":\"PropertyValueSpecification\",\"valueRequired\":true,\"valueName\":\"search_term_string\"}}],\"inLanguage\":\"sv-SE\"},{\"@type\":\"Person\",\"@id\":\"https:\/\/www.budokampsport.se\/#\/schema\/person\/5c06d81d14850e2a8ce5493386560145\",\"name\":\"Jonathan Broberg\",\"image\":{\"@type\":\"ImageObject\",\"inLanguage\":\"sv-SE\",\"@id\":\"https:\/\/www.budokampsport.se\/#\/schema\/person\/image\/\",\"url\":\"https:\/\/secure.gravatar.com\/avatar\/a58041c6cea9128bd9c40ee2f26d4136?s=96&d=blank&r=g\",\"contentUrl\":\"https:\/\/secure.gravatar.com\/avatar\/a58041c6cea9128bd9c40ee2f26d4136?s=96&d=blank&r=g\",\"caption\":\"Jonathan Broberg\"},\"sameAs\":[\"https:\/\/www.facebook.com\/jonathan.broberg.7\"],\"url\":\"https:\/\/www.budokampsport.se\/author\/jonathan\/\"}]}<\/script>\n<!-- \/ Yoast SEO plugin. -->","yoast_head_json":{"title":"Kendo-SM i Ume\u00e5 i helgen - Svenska Budo &amp; Kampsportsf\u00f6rbundet","description":"KENDO. Det n\u00e4rmar sig SM i kendo med stormsteg. M\u00e4sterskapet h\u00e5lls i Ume\u00e5 i helgen och en av arrang\u00f6rerna Maja Nilsson fr\u00e5n IKSU kendo ser fram emot helgen. - Det blir lite nytt f\u00f6r mig att arrangera och inte t\u00e4vla, men det ska bli kul, s\u00e4ger hon till budokampsport.se. (Foto: IKSU kendo)","robots":{"index":"index","follow":"follow","max-snippet":"max-snippet:-1","max-image-preview":"max-image-preview:large","max-video-preview":"max-video-preview:-1"},"canonical":"https:\/\/www.budokampsport.se\/2023\/11\/09\/kendo-sm-i-umea-i-helgen\/","og_locale":"sv_SE","og_type":"article","og_title":"Kendo-SM i Ume\u00e5 i helgen - Svenska Budo &amp; Kampsportsf\u00f6rbundet","og_description":"KENDO. Det n\u00e4rmar sig SM i kendo med stormsteg. M\u00e4sterskapet h\u00e5lls i Ume\u00e5 i helgen och en av arrang\u00f6rerna Maja Nilsson fr\u00e5n IKSU kendo ser fram emot helgen. - Det blir lite nytt f\u00f6r mig att arrangera och inte t\u00e4vla, men det ska bli kul, s\u00e4ger hon till budokampsport.se. (Foto: IKSU kendo)","og_url":"https:\/\/www.budokampsport.se\/2023\/11\/09\/kendo-sm-i-umea-i-helgen\/","og_site_name":"Svenska Budo &amp; Kampsportsf\u00f6rbundet","article_author":"https:\/\/www.facebook.com\/jonathan.broberg.7","article_published_time":"2023-11-09T15:33:08+00:00","article_modified_time":"2024-07-03T09:49:07+00:00","og_image":[{"width":729,"height":379,"url":"https:\/\/www.budokampsport.se\/wp-content\/uploads\/2023\/11\/kendo-sm.jpg","type":"image\/jpeg"}],"author":"Jonathan Broberg","twitter_card":"summary_large_image","twitter_misc":{"Skriven av":"Jonathan Broberg","Ber\u00e4knad l\u00e4stid":"2 minuter"},"schema":{"@context":"https:\/\/schema.org","@graph":[{"@type":"Article","@id":"https:\/\/www.budokampsport.se\/2023\/11\/09\/kendo-sm-i-umea-i-helgen\/#article","isPartOf":{"@id":"https:\/\/www.budokampsport.se\/2023\/11\/09\/kendo-sm-i-umea-i-helgen\/"},"author":{"name":"Jonathan Broberg","@id":"https:\/\/www.budokampsport.se\/#\/schema\/person\/5c06d81d14850e2a8ce5493386560145"},"headline":"Kendo-SM i Ume\u00e5 i helgen","datePublished":"2023-11-09T15:33:08+00:00","dateModified":"2024-07-03T09:49:07+00:00","mainEntityOfPage":{"@id":"https:\/\/www.budokampsport.se\/2023\/11\/09\/kendo-sm-i-umea-i-helgen\/"},"wordCount":224,"image":{"@id":"https:\/\/www.budokampsport.se\/2023\/11\/09\/kendo-sm-i-umea-i-helgen\/#primaryimage"},"thumbnailUrl":"https:\/\/www.budokampsport.se\/wp-content\/uploads\/2023\/11\/kendo-sm.jpg","articleSection":["Kendo"],"inLanguage":"sv-SE"},{"@type":"WebPage","@id":"https:\/\/www.budokampsport.se\/2023\/11\/09\/kendo-sm-i-umea-i-helgen\/","url":"https:\/\/www.budokampsport.se\/2023\/11\/09\/kendo-sm-i-umea-i-helgen\/","name":"Kendo-SM i Ume\u00e5 i helgen - Svenska Budo &amp; Kampsportsf\u00f6rbundet","isPartOf":{"@id":"https:\/\/www.budokampsport.se\/#website"},"primaryImageOfPage":{"@id":"https:\/\/www.budokampsport.se\/2023\/11\/09\/kendo-sm-i-umea-i-helgen\/#primaryimage"},"image":{"@id":"https:\/\/www.budokampsport.se\/2023\/11\/09\/kendo-sm-i-umea-i-helgen\/#primaryimage"},"thumbnailUrl":"https:\/\/www.budokampsport.se\/wp-content\/uploads\/2023\/11\/kendo-sm.jpg","datePublished":"2023-11-09T15:33:08+00:00","dateModified":"2024-07-03T09:49:07+00:00","author":{"@id":"https:\/\/www.budokampsport.se\/#\/schema\/person\/5c06d81d14850e2a8ce5493386560145"},"description":"KENDO. Det n\u00e4rmar sig SM i kendo med stormsteg. M\u00e4sterskapet h\u00e5lls i Ume\u00e5 i helgen och en av arrang\u00f6rerna Maja Nilsson fr\u00e5n IKSU kendo ser fram emot helgen. - Det blir lite nytt f\u00f6r mig att arrangera och inte t\u00e4vla, men det ska bli kul, s\u00e4ger hon till budokampsport.se. (Foto: IKSU kendo)","breadcrumb":{"@id":"https:\/\/www.budokampsport.se\/2023\/11\/09\/kendo-sm-i-umea-i-helgen\/#breadcrumb"},"inLanguage":"sv-SE","potentialAction":[{"@type":"ReadAction","target":["https:\/\/www.budokampsport.se\/2023\/11\/09\/kendo-sm-i-umea-i-helgen\/"]}]},{"@type":"ImageObject","inLanguage":"sv-SE","@id":"https:\/\/www.budokampsport.se\/2023\/11\/09\/kendo-sm-i-umea-i-helgen\/#primaryimage","url":"https:\/\/www.budokampsport.se\/wp-content\/uploads\/2023\/11\/kendo-sm.jpg","contentUrl":"https:\/\/www.budokampsport.se\/wp-content\/uploads\/2023\/11\/kendo-sm.jpg","width":729,"height":379},{"@type":"BreadcrumbList","@id":"https:\/\/www.budokampsport.se\/2023\/11\/09\/kendo-sm-i-umea-i-helgen\/#breadcrumb","itemListElement":[{"@type":"ListItem","position":1,"name":"Hem","item":"https:\/\/www.budokampsport.se\/"},{"@type":"ListItem","position":2,"name":"Kendo-SM i Ume\u00e5 i helgen"}]},{"@type":"WebSite","@id":"https:\/\/www.budokampsport.se\/#website","url":"https:\/\/www.budokampsport.se\/","name":"Svenska Budo &amp; Kampsportsf\u00f6rbundet","description":"T\u00e4vling, Tr\u00e4ning, Tradition","potentialAction":[{"@type":"SearchAction","target":{"@type":"EntryPoint","urlTemplate":"https:\/\/www.budokampsport.se\/?s={search_term_string}"},"query-input":{"@type":"PropertyValueSpecification","valueRequired":true,"valueName":"search_term_string"}}],"inLanguage":"sv-SE"},{"@type":"Person","@id":"https:\/\/www.budokampsport.se\/#\/schema\/person\/5c06d81d14850e2a8ce5493386560145","name":"Jonathan Broberg","image":{"@type":"ImageObject","inLanguage":"sv-SE","@id":"https:\/\/www.budokampsport.se\/#\/schema\/person\/image\/","url":"https:\/\/secure.gravatar.com\/avatar\/a58041c6cea9128bd9c40ee2f26d4136?s=96&d=blank&r=g","contentUrl":"https:\/\/secure.gravatar.com\/avatar\/a58041c6cea9128bd9c40ee2f26d4136?s=96&d=blank&r=g","caption":"Jonathan Broberg"},"sameAs":["https:\/\/www.facebook.com\/jonathan.broberg.7"],"url":"https:\/\/www.budokampsport.se\/author\/jonathan\/"}]}},"_links":{"self":[{"href":"https:\/\/www.budokampsport.se\/api\/wp\/v2\/posts\/159664","targetHints":{"allow":["GET"]}}],"collection":[{"href":"https:\/\/www.budokampsport.se\/api\/wp\/v2\/posts"}],"about":[{"href":"https:\/\/www.budokampsport.se\/api\/wp\/v2\/types\/post"}],"author":[{"embeddable":true,"href":"https:\/\/www.budokampsport.se\/api\/wp\/v2\/users\/7"}],"replies":[{"embeddable":true,"href":"https:\/\/www.budokampsport.se\/api\/wp\/v2\/comments?post=159664"}],"version-history":[{"count":0,"href":"https:\/\/www.budokampsport.se\/api\/wp\/v2\/posts\/159664\/revisions"}],"wp:featuredmedia":[{"embeddable":true,"href":"https:\/\/www.budokampsport.se\/api\/wp\/v2\/media\/159794"}],"wp:attachment":[{"href":"https:\/\/www.budokampsport.se\/api\/wp\/v2\/media?parent=159664"}],"wp:term":[{"taxonomy":"category","embeddable":true,"href":"https:\/\/www.budokampsport.se\/api\/wp\/v2\/categories?post=159664"},{"taxonomy":"post_tag","embeddable":true,"href":"https:\/\/www.budokampsport.se\/api\/wp\/v2\/tags?post=159664"}],"curies":[{"name":"wp","href":"https:\/\/api.w.org\/{rel}","templated":true}]}}