{"id":159665,"date":"2023-12-07T11:54:56","date_gmt":"2023-12-07T10:54:56","guid":{"rendered":"https:\/\/www.budokampsport.se\/?p=159665"},"modified":"2023-12-07T12:00:51","modified_gmt":"2023-12-07T11:00:51","slug":"marlene-palander-ny-forbundskapten-for-taido-landslaget","status":"publish","type":"post","link":"https:\/\/www.budokampsport.se\/2023\/12\/07\/marlene-palander-ny-forbundskapten-for-taido-landslaget\/","title":{"rendered":"Marlene Palander ny f\u00f6rbundskapten f\u00f6r taido-landslaget"},"content":{"rendered":"<p>Taido-profilen Marlene Palander tar \u00f6ver f\u00f6rbundskaptensposten f\u00f6r landslaget.<\/p>\n<p>Hon har sj\u00e4lv gedigen bakgrund inom taidon, b\u00e5de som ut\u00f6vare och som ledare i flera olika roller.<\/p>\n<p>&#8211; Jag b\u00f6rjade tr\u00e4na taido 1994 och kom in i landslaget redan \u00e5ret efter det. P\u00e5 den tiden t\u00e4vlade killar och tjejer ihop vilket gjorde att vi tjejer som var med p\u00e5 den tiden h\u00e4rdades en hel del. Numera tr\u00e4nar ju killar och tjejer ihop och det \u00e4r alldeles f\u00f6rtr\u00e4ffligt, tycker jag.<\/p>\n<p>Det blev ett individuellt EM-guld och ett lagsilver i VM f\u00f6r Palander under hennes \u00e5r i landslaget. Och otaliga SM-tecken. Efter att hon lade t\u00e4vlingskarri\u00e4ren \u00e5t sidan 2005 har hon \u00e4gnat stor tid \u00e5t att vara ledare i olika roller.<\/p>\n<p>&#8211; Jag har varit tr\u00e4nare p\u00e5 klubben, suttit i styrelsen, \u00e4r ordf\u00f6rande i klubben och har varit ledare f\u00f6rr inom landslaget och inom sin yrkesprofession.<br \/>\nHon beskriver sina styrkor som ledare i att framf\u00f6r allt se individer.<\/p>\n<p>&#8211; Jag tror att det \u00e4r j\u00e4tteviktigt att se till varje individs egenskaper. Alla kan prestera sitt b\u00e4sta utefter egen f\u00f6rm\u00e5ga om man bara ger de r\u00e4tt m\u00f6jligheter och r\u00e4tt triggerpunkter. Jag \u00e4r nog en r\u00e4tt mjuk ledare men gillar struktur.<\/p>\n<p><strong>Marlene, nu \u00e4r du svensk taidos f\u00f6rsta kvinnliga f\u00f6rbundskapten.<\/strong><\/p>\n<p>&#8211; Det k\u00e4nns f\u00f6rst\u00e5s j\u00e4ttestort och jag hoppas kunna vara med och utveckla svensk landslags-taido till att ta ytterligare steg fram\u00e5t.<\/p>\n<p><strong>Hur skulle du s\u00e4ga att svensk taido ligger till?<\/strong><\/p>\n<p>&#8211; Vi har ett v\u00e4ldigt bra landslag med v\u00e5r bredd med erfarna och nya hungriga landslagsmedlemmar samt en bra stabil \u00e5terv\u00e4xt till kommande juniorlandslag. Och vi \u00e4r ett fantastiskt team runt landslaget ocks\u00e5. Jag tycker vi har m\u00e5nga delar d\u00e4r svenska taido ligger l\u00e5ngt fram. Landslaget \u00e4r givetvis en del.<\/p>\n<p>Text: Jonathan Broberg<\/p>\n","protected":false},"excerpt":{"rendered":"<p>TAIDO. Landslaget i taido har f\u00e5tt en ny f\u00f6rbundskapten. Marlene Palander tar \u00f6ver rodret och blir med det den f\u00f6rsta kvinnliga f\u00f6rbundskaptenen i svensk taido.<br \/><br>&#8211; Jag tycker vi har m\u00e5nga delar d\u00e4r svensk taido ligger l\u00e5ngt fram. Landslaget \u00e4r givetvis en del, s\u00e4ger hon till budokampsport.se.<br \/><br>(Illustration: Ida Brogren\/Foto: privat)<\/p><br>","protected":false},"author":7,"featured_media":160769,"comment_status":"closed","ping_status":"closed","sticky":false,"template":"","format":"standard","meta":{"_acf_changed":false,"footnotes":""},"categories":[1],"tags":[],"class_list":["post-159665","post","type-post","status-publish","format-standard","has-post-thumbnail","hentry","category-okategoriserade"],"acf":[],"yoast_head":"<!-- This site is optimized with the Yoast SEO plugin v26.8 - https:\/\/yoast.com\/product\/yoast-seo-wordpress\/ -->\n<title>Marlene Palander ny f\u00f6rbundskapten f\u00f6r taido-landslaget - Svenska Budo &amp; Kampsportsf\u00f6rbundet<\/title>\n<meta name=\"description\" content=\"TAIDO. Landslaget i taido har f\u00e5tt en ny f\u00f6rbundskapten. Marlene Palander tar \u00f6ver rodret och blir med det den f\u00f6rsta kvinnliga f\u00f6rbundskaptenen i svensk taido. - Jag tycker vi har m\u00e5nga delar d\u00e4r svensk taido ligger l\u00e5ngt fram. Landslaget \u00e4r givetvis en del, s\u00e4ger hon till budokampsport.se. (Illustration: Ida Brogren\/Foto: privat)\" \/>\n<meta name=\"robots\" content=\"index, follow, max-snippet:-1, max-image-preview:large, max-video-preview:-1\" \/>\n<link rel=\"canonical\" href=\"https:\/\/www.budokampsport.se\/2023\/12\/07\/marlene-palander-ny-forbundskapten-for-taido-landslaget\/\" \/>\n<meta property=\"og:locale\" content=\"sv_SE\" \/>\n<meta property=\"og:type\" content=\"article\" \/>\n<meta property=\"og:title\" content=\"Marlene Palander ny f\u00f6rbundskapten f\u00f6r taido-landslaget - Svenska Budo &amp; Kampsportsf\u00f6rbundet\" \/>\n<meta property=\"og:description\" content=\"TAIDO. Landslaget i taido har f\u00e5tt en ny f\u00f6rbundskapten. Marlene Palander tar \u00f6ver rodret och blir med det den f\u00f6rsta kvinnliga f\u00f6rbundskaptenen i svensk taido. - Jag tycker vi har m\u00e5nga delar d\u00e4r svensk taido ligger l\u00e5ngt fram. Landslaget \u00e4r givetvis en del, s\u00e4ger hon till budokampsport.se. (Illustration: Ida Brogren\/Foto: privat)\" \/>\n<meta property=\"og:url\" content=\"https:\/\/www.budokampsport.se\/2023\/12\/07\/marlene-palander-ny-forbundskapten-for-taido-landslaget\/\" \/>\n<meta property=\"og:site_name\" content=\"Svenska Budo &amp; Kampsportsf\u00f6rbundet\" \/>\n<meta property=\"article:author\" content=\"https:\/\/www.facebook.com\/jonathan.broberg.7\" \/>\n<meta property=\"article:published_time\" content=\"2023-12-07T10:54:56+00:00\" \/>\n<meta property=\"article:modified_time\" content=\"2023-12-07T11:00:51+00:00\" \/>\n<meta property=\"og:image\" content=\"https:\/\/www.budokampsport.se\/wp-content\/uploads\/2023\/12\/Marlene-Palander.jpg\" \/>\n\t<meta property=\"og:image:width\" content=\"850\" \/>\n\t<meta property=\"og:image:height\" content=\"550\" \/>\n\t<meta property=\"og:image:type\" content=\"image\/jpeg\" \/>\n<meta name=\"author\" content=\"Jonathan Broberg\" \/>\n<meta name=\"twitter:card\" content=\"summary_large_image\" \/>\n<meta name=\"twitter:label1\" content=\"Skriven av\" \/>\n\t<meta name=\"twitter:data1\" content=\"Jonathan Broberg\" \/>\n\t<meta name=\"twitter:label2\" content=\"Ber\u00e4knad l\u00e4stid\" \/>\n\t<meta name=\"twitter:data2\" content=\"2 minuter\" \/>\n<script type=\"application\/ld+json\" class=\"yoast-schema-graph\">{\"@context\":\"https:\/\/schema.org\",\"@graph\":[{\"@type\":\"Article\",\"@id\":\"https:\/\/www.budokampsport.se\/2023\/12\/07\/marlene-palander-ny-forbundskapten-for-taido-landslaget\/#article\",\"isPartOf\":{\"@id\":\"https:\/\/www.budokampsport.se\/2023\/12\/07\/marlene-palander-ny-forbundskapten-for-taido-landslaget\/\"},\"author\":{\"name\":\"Jonathan Broberg\",\"@id\":\"https:\/\/www.budokampsport.se\/#\/schema\/person\/5c06d81d14850e2a8ce5493386560145\"},\"headline\":\"Marlene Palander ny f\u00f6rbundskapten f\u00f6r taido-landslaget\",\"datePublished\":\"2023-12-07T10:54:56+00:00\",\"dateModified\":\"2023-12-07T11:00:51+00:00\",\"mainEntityOfPage\":{\"@id\":\"https:\/\/www.budokampsport.se\/2023\/12\/07\/marlene-palander-ny-forbundskapten-for-taido-landslaget\/\"},\"wordCount\":334,\"image\":{\"@id\":\"https:\/\/www.budokampsport.se\/2023\/12\/07\/marlene-palander-ny-forbundskapten-for-taido-landslaget\/#primaryimage\"},\"thumbnailUrl\":\"https:\/\/www.budokampsport.se\/wp-content\/uploads\/2023\/12\/Marlene-Palander.jpg\",\"inLanguage\":\"sv-SE\"},{\"@type\":\"WebPage\",\"@id\":\"https:\/\/www.budokampsport.se\/2023\/12\/07\/marlene-palander-ny-forbundskapten-for-taido-landslaget\/\",\"url\":\"https:\/\/www.budokampsport.se\/2023\/12\/07\/marlene-palander-ny-forbundskapten-for-taido-landslaget\/\",\"name\":\"Marlene Palander ny f\u00f6rbundskapten f\u00f6r taido-landslaget - Svenska Budo &amp; Kampsportsf\u00f6rbundet\",\"isPartOf\":{\"@id\":\"https:\/\/www.budokampsport.se\/#website\"},\"primaryImageOfPage\":{\"@id\":\"https:\/\/www.budokampsport.se\/2023\/12\/07\/marlene-palander-ny-forbundskapten-for-taido-landslaget\/#primaryimage\"},\"image\":{\"@id\":\"https:\/\/www.budokampsport.se\/2023\/12\/07\/marlene-palander-ny-forbundskapten-for-taido-landslaget\/#primaryimage\"},\"thumbnailUrl\":\"https:\/\/www.budokampsport.se\/wp-content\/uploads\/2023\/12\/Marlene-Palander.jpg\",\"datePublished\":\"2023-12-07T10:54:56+00:00\",\"dateModified\":\"2023-12-07T11:00:51+00:00\",\"author\":{\"@id\":\"https:\/\/www.budokampsport.se\/#\/schema\/person\/5c06d81d14850e2a8ce5493386560145\"},\"description\":\"TAIDO. Landslaget i taido har f\u00e5tt en ny f\u00f6rbundskapten. Marlene Palander tar \u00f6ver rodret och blir med det den f\u00f6rsta kvinnliga f\u00f6rbundskaptenen i svensk taido. - Jag tycker vi har m\u00e5nga delar d\u00e4r svensk taido ligger l\u00e5ngt fram. Landslaget \u00e4r givetvis en del, s\u00e4ger hon till budokampsport.se. (Illustration: Ida Brogren\/Foto: privat)\",\"breadcrumb\":{\"@id\":\"https:\/\/www.budokampsport.se\/2023\/12\/07\/marlene-palander-ny-forbundskapten-for-taido-landslaget\/#breadcrumb\"},\"inLanguage\":\"sv-SE\",\"potentialAction\":[{\"@type\":\"ReadAction\",\"target\":[\"https:\/\/www.budokampsport.se\/2023\/12\/07\/marlene-palander-ny-forbundskapten-for-taido-landslaget\/\"]}]},{\"@type\":\"ImageObject\",\"inLanguage\":\"sv-SE\",\"@id\":\"https:\/\/www.budokampsport.se\/2023\/12\/07\/marlene-palander-ny-forbundskapten-for-taido-landslaget\/#primaryimage\",\"url\":\"https:\/\/www.budokampsport.se\/wp-content\/uploads\/2023\/12\/Marlene-Palander.jpg\",\"contentUrl\":\"https:\/\/www.budokampsport.se\/wp-content\/uploads\/2023\/12\/Marlene-Palander.jpg\",\"width\":850,\"height\":550,\"caption\":\"Illustration: Ida Brogren\/foto: privat\"},{\"@type\":\"BreadcrumbList\",\"@id\":\"https:\/\/www.budokampsport.se\/2023\/12\/07\/marlene-palander-ny-forbundskapten-for-taido-landslaget\/#breadcrumb\",\"itemListElement\":[{\"@type\":\"ListItem\",\"position\":1,\"name\":\"Hem\",\"item\":\"https:\/\/www.budokampsport.se\/\"},{\"@type\":\"ListItem\",\"position\":2,\"name\":\"Marlene Palander ny f\u00f6rbundskapten f\u00f6r taido-landslaget\"}]},{\"@type\":\"WebSite\",\"@id\":\"https:\/\/www.budokampsport.se\/#website\",\"url\":\"https:\/\/www.budokampsport.se\/\",\"name\":\"Svenska Budo &amp; Kampsportsf\u00f6rbundet\",\"description\":\"T\u00e4vling, Tr\u00e4ning, Tradition\",\"potentialAction\":[{\"@type\":\"SearchAction\",\"target\":{\"@type\":\"EntryPoint\",\"urlTemplate\":\"https:\/\/www.budokampsport.se\/?s={search_term_string}\"},\"query-input\":{\"@type\":\"PropertyValueSpecification\",\"valueRequired\":true,\"valueName\":\"search_term_string\"}}],\"inLanguage\":\"sv-SE\"},{\"@type\":\"Person\",\"@id\":\"https:\/\/www.budokampsport.se\/#\/schema\/person\/5c06d81d14850e2a8ce5493386560145\",\"name\":\"Jonathan Broberg\",\"image\":{\"@type\":\"ImageObject\",\"inLanguage\":\"sv-SE\",\"@id\":\"https:\/\/www.budokampsport.se\/#\/schema\/person\/image\/\",\"url\":\"https:\/\/secure.gravatar.com\/avatar\/a58041c6cea9128bd9c40ee2f26d4136?s=96&d=blank&r=g\",\"contentUrl\":\"https:\/\/secure.gravatar.com\/avatar\/a58041c6cea9128bd9c40ee2f26d4136?s=96&d=blank&r=g\",\"caption\":\"Jonathan Broberg\"},\"sameAs\":[\"https:\/\/www.facebook.com\/jonathan.broberg.7\"],\"url\":\"https:\/\/www.budokampsport.se\/author\/jonathan\/\"}]}<\/script>\n<!-- \/ Yoast SEO plugin. -->","yoast_head_json":{"title":"Marlene Palander ny f\u00f6rbundskapten f\u00f6r taido-landslaget - Svenska Budo &amp; Kampsportsf\u00f6rbundet","description":"TAIDO. Landslaget i taido har f\u00e5tt en ny f\u00f6rbundskapten. Marlene Palander tar \u00f6ver rodret och blir med det den f\u00f6rsta kvinnliga f\u00f6rbundskaptenen i svensk taido. - Jag tycker vi har m\u00e5nga delar d\u00e4r svensk taido ligger l\u00e5ngt fram. Landslaget \u00e4r givetvis en del, s\u00e4ger hon till budokampsport.se. (Illustration: Ida Brogren\/Foto: privat)","robots":{"index":"index","follow":"follow","max-snippet":"max-snippet:-1","max-image-preview":"max-image-preview:large","max-video-preview":"max-video-preview:-1"},"canonical":"https:\/\/www.budokampsport.se\/2023\/12\/07\/marlene-palander-ny-forbundskapten-for-taido-landslaget\/","og_locale":"sv_SE","og_type":"article","og_title":"Marlene Palander ny f\u00f6rbundskapten f\u00f6r taido-landslaget - Svenska Budo &amp; Kampsportsf\u00f6rbundet","og_description":"TAIDO. Landslaget i taido har f\u00e5tt en ny f\u00f6rbundskapten. Marlene Palander tar \u00f6ver rodret och blir med det den f\u00f6rsta kvinnliga f\u00f6rbundskaptenen i svensk taido. - Jag tycker vi har m\u00e5nga delar d\u00e4r svensk taido ligger l\u00e5ngt fram. Landslaget \u00e4r givetvis en del, s\u00e4ger hon till budokampsport.se. (Illustration: Ida Brogren\/Foto: privat)","og_url":"https:\/\/www.budokampsport.se\/2023\/12\/07\/marlene-palander-ny-forbundskapten-for-taido-landslaget\/","og_site_name":"Svenska Budo &amp; Kampsportsf\u00f6rbundet","article_author":"https:\/\/www.facebook.com\/jonathan.broberg.7","article_published_time":"2023-12-07T10:54:56+00:00","article_modified_time":"2023-12-07T11:00:51+00:00","og_image":[{"width":850,"height":550,"url":"https:\/\/www.budokampsport.se\/wp-content\/uploads\/2023\/12\/Marlene-Palander.jpg","type":"image\/jpeg"}],"author":"Jonathan Broberg","twitter_card":"summary_large_image","twitter_misc":{"Skriven av":"Jonathan Broberg","Ber\u00e4knad l\u00e4stid":"2 minuter"},"schema":{"@context":"https:\/\/schema.org","@graph":[{"@type":"Article","@id":"https:\/\/www.budokampsport.se\/2023\/12\/07\/marlene-palander-ny-forbundskapten-for-taido-landslaget\/#article","isPartOf":{"@id":"https:\/\/www.budokampsport.se\/2023\/12\/07\/marlene-palander-ny-forbundskapten-for-taido-landslaget\/"},"author":{"name":"Jonathan Broberg","@id":"https:\/\/www.budokampsport.se\/#\/schema\/person\/5c06d81d14850e2a8ce5493386560145"},"headline":"Marlene Palander ny f\u00f6rbundskapten f\u00f6r taido-landslaget","datePublished":"2023-12-07T10:54:56+00:00","dateModified":"2023-12-07T11:00:51+00:00","mainEntityOfPage":{"@id":"https:\/\/www.budokampsport.se\/2023\/12\/07\/marlene-palander-ny-forbundskapten-for-taido-landslaget\/"},"wordCount":334,"image":{"@id":"https:\/\/www.budokampsport.se\/2023\/12\/07\/marlene-palander-ny-forbundskapten-for-taido-landslaget\/#primaryimage"},"thumbnailUrl":"https:\/\/www.budokampsport.se\/wp-content\/uploads\/2023\/12\/Marlene-Palander.jpg","inLanguage":"sv-SE"},{"@type":"WebPage","@id":"https:\/\/www.budokampsport.se\/2023\/12\/07\/marlene-palander-ny-forbundskapten-for-taido-landslaget\/","url":"https:\/\/www.budokampsport.se\/2023\/12\/07\/marlene-palander-ny-forbundskapten-for-taido-landslaget\/","name":"Marlene Palander ny f\u00f6rbundskapten f\u00f6r taido-landslaget - Svenska Budo &amp; Kampsportsf\u00f6rbundet","isPartOf":{"@id":"https:\/\/www.budokampsport.se\/#website"},"primaryImageOfPage":{"@id":"https:\/\/www.budokampsport.se\/2023\/12\/07\/marlene-palander-ny-forbundskapten-for-taido-landslaget\/#primaryimage"},"image":{"@id":"https:\/\/www.budokampsport.se\/2023\/12\/07\/marlene-palander-ny-forbundskapten-for-taido-landslaget\/#primaryimage"},"thumbnailUrl":"https:\/\/www.budokampsport.se\/wp-content\/uploads\/2023\/12\/Marlene-Palander.jpg","datePublished":"2023-12-07T10:54:56+00:00","dateModified":"2023-12-07T11:00:51+00:00","author":{"@id":"https:\/\/www.budokampsport.se\/#\/schema\/person\/5c06d81d14850e2a8ce5493386560145"},"description":"TAIDO. Landslaget i taido har f\u00e5tt en ny f\u00f6rbundskapten. Marlene Palander tar \u00f6ver rodret och blir med det den f\u00f6rsta kvinnliga f\u00f6rbundskaptenen i svensk taido. - Jag tycker vi har m\u00e5nga delar d\u00e4r svensk taido ligger l\u00e5ngt fram. Landslaget \u00e4r givetvis en del, s\u00e4ger hon till budokampsport.se. (Illustration: Ida Brogren\/Foto: privat)","breadcrumb":{"@id":"https:\/\/www.budokampsport.se\/2023\/12\/07\/marlene-palander-ny-forbundskapten-for-taido-landslaget\/#breadcrumb"},"inLanguage":"sv-SE","potentialAction":[{"@type":"ReadAction","target":["https:\/\/www.budokampsport.se\/2023\/12\/07\/marlene-palander-ny-forbundskapten-for-taido-landslaget\/"]}]},{"@type":"ImageObject","inLanguage":"sv-SE","@id":"https:\/\/www.budokampsport.se\/2023\/12\/07\/marlene-palander-ny-forbundskapten-for-taido-landslaget\/#primaryimage","url":"https:\/\/www.budokampsport.se\/wp-content\/uploads\/2023\/12\/Marlene-Palander.jpg","contentUrl":"https:\/\/www.budokampsport.se\/wp-content\/uploads\/2023\/12\/Marlene-Palander.jpg","width":850,"height":550,"caption":"Illustration: Ida Brogren\/foto: privat"},{"@type":"BreadcrumbList","@id":"https:\/\/www.budokampsport.se\/2023\/12\/07\/marlene-palander-ny-forbundskapten-for-taido-landslaget\/#breadcrumb","itemListElement":[{"@type":"ListItem","position":1,"name":"Hem","item":"https:\/\/www.budokampsport.se\/"},{"@type":"ListItem","position":2,"name":"Marlene Palander ny f\u00f6rbundskapten f\u00f6r taido-landslaget"}]},{"@type":"WebSite","@id":"https:\/\/www.budokampsport.se\/#website","url":"https:\/\/www.budokampsport.se\/","name":"Svenska Budo &amp; Kampsportsf\u00f6rbundet","description":"T\u00e4vling, Tr\u00e4ning, Tradition","potentialAction":[{"@type":"SearchAction","target":{"@type":"EntryPoint","urlTemplate":"https:\/\/www.budokampsport.se\/?s={search_term_string}"},"query-input":{"@type":"PropertyValueSpecification","valueRequired":true,"valueName":"search_term_string"}}],"inLanguage":"sv-SE"},{"@type":"Person","@id":"https:\/\/www.budokampsport.se\/#\/schema\/person\/5c06d81d14850e2a8ce5493386560145","name":"Jonathan Broberg","image":{"@type":"ImageObject","inLanguage":"sv-SE","@id":"https:\/\/www.budokampsport.se\/#\/schema\/person\/image\/","url":"https:\/\/secure.gravatar.com\/avatar\/a58041c6cea9128bd9c40ee2f26d4136?s=96&d=blank&r=g","contentUrl":"https:\/\/secure.gravatar.com\/avatar\/a58041c6cea9128bd9c40ee2f26d4136?s=96&d=blank&r=g","caption":"Jonathan Broberg"},"sameAs":["https:\/\/www.facebook.com\/jonathan.broberg.7"],"url":"https:\/\/www.budokampsport.se\/author\/jonathan\/"}]}},"_links":{"self":[{"href":"https:\/\/www.budokampsport.se\/api\/wp\/v2\/posts\/159665","targetHints":{"allow":["GET"]}}],"collection":[{"href":"https:\/\/www.budokampsport.se\/api\/wp\/v2\/posts"}],"about":[{"href":"https:\/\/www.budokampsport.se\/api\/wp\/v2\/types\/post"}],"author":[{"embeddable":true,"href":"https:\/\/www.budokampsport.se\/api\/wp\/v2\/users\/7"}],"replies":[{"embeddable":true,"href":"https:\/\/www.budokampsport.se\/api\/wp\/v2\/comments?post=159665"}],"version-history":[{"count":0,"href":"https:\/\/www.budokampsport.se\/api\/wp\/v2\/posts\/159665\/revisions"}],"wp:featuredmedia":[{"embeddable":true,"href":"https:\/\/www.budokampsport.se\/api\/wp\/v2\/media\/160769"}],"wp:attachment":[{"href":"https:\/\/www.budokampsport.se\/api\/wp\/v2\/media?parent=159665"}],"wp:term":[{"taxonomy":"category","embeddable":true,"href":"https:\/\/www.budokampsport.se\/api\/wp\/v2\/categories?post=159665"},{"taxonomy":"post_tag","embeddable":true,"href":"https:\/\/www.budokampsport.se\/api\/wp\/v2\/tags?post=159665"}],"curies":[{"name":"wp","href":"https:\/\/api.w.org\/{rel}","templated":true}]}}