{"id":159792,"date":"2023-11-10T14:00:14","date_gmt":"2023-11-10T13:00:14","guid":{"rendered":"https:\/\/www.budokampsport.se\/?p=159792"},"modified":"2024-07-04T10:22:25","modified_gmt":"2024-07-04T08:22:25","slug":"capoeira-profilen-martin-lamina-blad-blev-mestre","status":"publish","type":"post","link":"https:\/\/www.budokampsport.se\/2023\/11\/10\/capoeira-profilen-martin-lamina-blad-blev-mestre\/","title":{"rendered":"Capoeira-profilen Martin &#8220;L\u00e2mina&#8221; Blad blev \u201dMestre\u201d"},"content":{"rendered":"<p>Svensk capoeira \u00e4r p\u00e5 frammarsch.<\/p>\n<p>Och en svensk capoeira-profil har under h\u00f6sten skrivit historia.<\/p>\n<p>Martin Blad har graderat och f\u00e5tt titeln \u201dMestre\u201d.<\/p>\n<p><strong>Martin, vad inneb\u00e4r det att bli \u201dMestre\u201d?<\/strong><\/p>\n<figure id=\"attachment_159832\" aria-describedby=\"caption-attachment-159832\" style=\"width: 172px\" class=\"wp-caption alignright\"><img loading=\"lazy\" decoding=\"async\" class=\" wp-image-159832\" src=\"https:\/\/www.budokampsport.se\/wp-content\/uploads\/2023\/11\/martin_blad_igen.jpg\" alt=\"\" width=\"172\" height=\"264\" srcset=\"https:\/\/www.budokampsport.se\/wp-content\/uploads\/2023\/11\/martin_blad_igen.jpg 320w, https:\/\/www.budokampsport.se\/wp-content\/uploads\/2023\/11\/martin_blad_igen-245x376.jpg 245w, https:\/\/www.budokampsport.se\/wp-content\/uploads\/2023\/11\/martin_blad_igen-181x278.jpg 181w\" sizes=\"auto, (max-width: 172px) 100vw, 172px\" \/><figcaption id=\"caption-attachment-159832\" class=\"wp-caption-text\">Foto: privat<\/figcaption><\/figure>\n<p>&#8211; Ett erk\u00e4nnande som dedikerad ut\u00f6vare, tr\u00e4nare och ambassad\u00f6r f\u00f6r capoeiran. Att ha kommit s\u00e5 pass l\u00e5ngt i sin personliga utveckling\/mognad praktiskt, tekniskt och teoretiskt tillsammans med kunskapen att f\u00f6rmedla detta p\u00e5 en h\u00f6g teknisk och pedagogisk niv\u00e5 att man f\u00f6r\u00e4ras titeln. I m\u00e5nga sammanhang ett erk\u00e4nnande av \u00e4ldre Mestres att man \u00e4r redo att ta detta steg i sin resa inom capoeiran. Capoeira best\u00e5r av olika stilar\/grenar d\u00e4r kriterierna varierar n\u00e5got och \u00e4ven systemen f\u00f6r att p\u00e5visa kunskapen och uppfylla dessa kriterier.<\/p>\n<p><strong>Beskriv betydelsen f\u00f6r dig att f\u00e5 titeln.<\/strong><\/p>\n<p>&#8211; F\u00f6r mig \u00e4r det en \u00e4ra, en k\u00e4nsla av gl\u00e4dje och stolthet att ha lyckats. Det \u00e4r en stark k\u00e4nsla av tacksamhet till alla som varit med l\u00e4ngs v\u00e4gen &#8211; elever, v\u00e4nner, tr\u00e4nare som alla \u00e4r en del av varf\u00f6r jag f\u00e5tt m\u00f6jligheten och lyckats att erh\u00e5lla denna titel. F\u00f6r mig personligen s\u00e5 betyder det starten p\u00e5 ytterligare en resa och m\u00f6jlighet att v\u00e4xa som m\u00e4nniska och ledare.<\/p>\n<p>&#8211; Att bli Mestre f\u00f6r mig inneb\u00e4r ett ansvar och \u00e5tagande att forts\u00e4tta att utvecklas och vara till tj\u00e4nst f\u00f6r sporten och ut\u00f6varna. Att vara en del av bevarandet av capoeirans kultur och tradition samtidigt vara en del av den fortsatta utvecklingen. Att vara en god ambassad\u00f6r f\u00f6r capoeiran och den potential som sporten f\u00f6r med sig. En bekr\u00e4ftelse att jag \u00e4r p\u00e5 r\u00e4tt v\u00e4g.<\/p>\n<p>Martin ber\u00e4ttar hur det kom sig att han b\u00f6rjade med capoeira en g\u00e5ng i tiden.<\/p>\n<p>&#8211; Jag har alltid varit aktiv inom olika sporter och aktiviteter fr\u00e5n barnsben. Som en energirik grabb letade jag st\u00e4ndigt efter utmaningar p\u00e5 olika s\u00e4tt och sporten var en bra arena f\u00f6r att f\u00e5 utlopp f\u00f6r denna energi. Kampsporten f\u00e5ngade mig tidigt och det fanns en uppsj\u00f6 av olika typer.<\/p>\n<h3>&#8220;D\u00e4r i Alings\u00e5s Judoklubbs lokaler trillade vi in&#8221;<\/h3>\n<p>Han ber\u00e4ttare vidare hur han och hans bror tillsammans med n\u00e5gra kompisar l\u00e5nade b\u00f6cker och f\u00f6rs\u00f6kte f\u00f6rst\u00e5 hur kampsport fungerade, med blandade resultat.<\/p>\n<p>&#8211; Gamla kampsportsfilmer p\u00e5 VHS slets ut genom att pausas, spola samma sekvenser fram och tillbaka om och om igen. Till slut fick jag prova p\u00e5 kampsport f\u00f6r mina f\u00f6r\u00e4ldrar efter min bror testat jujutsu p\u00e5 Alings\u00e5s Ju-jutsuklubb. D\u00e4r k\u00e4mpade p\u00e5 tillsammans med goda v\u00e4nner. Detta blev n\u00e5gra \u00e5r och sedan ebbade intresset ut, men inte f\u00f6r kampsporten.<\/p>\n<p>Martin hade sett capoeira n\u00e5gon g\u00e5ng i n\u00e5gon film men inte riktigt haft koll p\u00e5 vad det var. En dag ringde en v\u00e4n till honom och sa att capoeiran hade n\u00e5tt Alings\u00e5s. De tvekade aldrig att g\u00e5 till klubben och kolla l\u00e4get. D\u00e4r f\u00e5ngades hans intresse f\u00f6r kampsporten blandat med akrobatiken, musiken och kulturen i en energifylld mix.<\/p>\n<p>&#8211; D\u00e4r i Alings\u00e5s Judoklubbs lokaler trillade vi in, en ung tr\u00e4nare inte s\u00e5 mycket \u00e4ldre \u00e4n mig sj\u00e4lv ledde ett pass med massa energi och sp\u00e4nnande r\u00f6relser. Och vi fick vara med p\u00e5 passet. Stort tack till Antony som s\u00e5dde det fr\u00f6 som fortfarande v\u00e4xer i mig!<\/p>\n<p>&#8211; Det har inte g\u00e5tt en dag efter det utan att capoeiran och jag vandrar tillsammans p\u00e5 n\u00e5got vis.<\/p>\n<figure id=\"attachment_36294\" aria-describedby=\"caption-attachment-36294\" style=\"width: 847px\" class=\"wp-caption aligncenter\"><img loading=\"lazy\" decoding=\"async\" class=\"size-large wp-image-36294\" src=\"https:\/\/www.budokampsport.se\/wp-content\/uploads\/2016\/05\/capoeira-847x565.jpg\" alt=\"\" width=\"847\" height=\"565\" srcset=\"https:\/\/www.budokampsport.se\/wp-content\/uploads\/2016\/05\/capoeira-847x565.jpg 847w, https:\/\/www.budokampsport.se\/wp-content\/uploads\/2016\/05\/capoeira-600x400.jpg 600w, https:\/\/www.budokampsport.se\/wp-content\/uploads\/2016\/05\/capoeira-278x185.jpg 278w, https:\/\/www.budokampsport.se\/wp-content\/uploads\/2016\/05\/capoeira-376x251.jpg 376w, https:\/\/www.budokampsport.se\/wp-content\/uploads\/2016\/05\/capoeira-572x382.jpg 572w, https:\/\/www.budokampsport.se\/wp-content\/uploads\/2016\/05\/capoeira.jpg 850w\" sizes=\"auto, (max-width: 847px) 100vw, 847px\" \/><figcaption id=\"caption-attachment-36294\" class=\"wp-caption-text\">Foto: Hamid Ershad Sarabi\u00a0 \u00a0 \u00a0 \u00a0 \u00a0 \u00a0 \u00a0 \u00a0 \u00a0 \u00a0 \u00a0 \u00a0 \u00a0 \u00a0 \u00a0 \u00a0 \u00a0 \u00a0 \u00a0 \u00a0 \u00a0 \u00a0 \u00a0 \u00a0 \u00a0 \u00a0 \u00a0 \u00a0 \u00a0 \u00a0 \u00a0 <em>\u00a0 \u00a0 \u00a0 \u00a0 \u00a0 \u00a0 \u00a0 \u00a0 \u00a0 \u00a0 \u00a0 \u00a0 \u00a0 \u00a0 \u00a0 \u00a0 \u00a0 \u00a0 \u00a0 Fr\u00e5n Kampsportsgalan 2013<\/em><\/figcaption><\/figure>\n<p><strong>Martin, vad \u00e4r capoeira f\u00f6r dig?<\/strong><br \/>\n&#8211; Det \u00e4r alla f\u00e4rger p\u00e5 skalan, dur och moll, gl\u00e4dje och sorg, utmaningar i mig sj\u00e4lv och hos andra&#8230; En sport som b\u00e4r med sig kamp, musik, dans, akrobatik, brasiliansk kultur och historia. F\u00f6r mig har capoeiran ett potential att vara ett socialt sammanhang d\u00e4r m\u00e4nniskor kan m\u00f6tas och ut\u00f6va en sport samtidigt som de kan utmana sig sj\u00e4lva, bygga sj\u00e4lvk\u00e4nnedom och relation till andra.<\/p>\n<p>&#8211; Det \u00e4r en plats d\u00e4r h\u00e4lsa och liv kan f\u00e5 plats. Vad vi v\u00e4ljer att g\u00f6ra med den potentialen \u00e4r upp till oss som ut\u00f6vare och tr\u00e4nare. Jag har f\u00e5tt se v\u00e4rlden och andra kulturer tack vare capoeiran och mitt engagemang i sporten. Capoeiran har gett mig v\u00e4nner f\u00f6r livet. Den hj\u00e4lpt mig utvecklas som person och gett mig m\u00f6jligheten att kunna hj\u00e4lpa andra.<\/p>\n<p><strong>Vad h\u00e4nder i din idrottsliga g\u00e4rning framgent nu?<\/strong><br \/>\n&#8211; N\u00e4rmst arrangerar IF Capoeira Alings\u00e5s ett \u00f6ppet event och tr\u00e4ningsl\u00e4ger 11-12:e november. Det \u00e4r gratis f\u00f6r alla som vill komma och delta. Ett event d\u00e4r vi \u00e4ven kommer ta tillf\u00e4lle i akt att fira graderingen tillsammans d\u00e5 den skedde i Brasilien. Arbetet forts\u00e4tter med att utveckla klubben i Alings\u00e5s, forts\u00e4tta jobba med Svenska Capoeira-f\u00f6rbundet f\u00f6r att st\u00f6dja sporten i Sverige. D\u00e4r finns m\u00e5nga intressanta arbeten att g\u00f6ra i Sverige med capoeira och fortsatt k\u00e4mpa f\u00f6r.<\/p>\n<p>Text: Jonathan Broberg<\/p>\n","protected":false},"excerpt":{"rendered":"<p>CAPOEIRA. Martin &#8220;L\u00e2mina&#8221; Blad har rest till Brasilien och kan numera titulera sig \u201dMestre\u201d i capoeira. Budokampsport.se har f\u00f6rst\u00e5s pratat med Martin om denna historiska h\u00e4ndelse.<br \/><br>&#8211; Det \u00e4r en stark k\u00e4nsla av tacksamhet till alla som varit med l\u00e4ngs v\u00e4gen, elever, v\u00e4nner, tr\u00e4nare som alla \u00e4r en del av varf\u00f6r jag f\u00e5tt m\u00f6jligheten och lyckats att erh\u00e5lla denna titel, s\u00e4ger han till budokampsport.se.<br \/><br>(Foto: Hamid Ershad Sarabi och privat)<\/p><br>","protected":false},"author":7,"featured_media":159831,"comment_status":"closed","ping_status":"closed","sticky":false,"template":"","format":"standard","meta":{"_acf_changed":false,"footnotes":""},"categories":[564],"tags":[],"class_list":["post-159792","post","type-post","status-publish","format-standard","has-post-thumbnail","hentry","category-capoeira"],"acf":[],"yoast_head":"<!-- This site is optimized with the Yoast SEO plugin v26.8 - https:\/\/yoast.com\/product\/yoast-seo-wordpress\/ -->\n<title>Capoeira-profilen Martin &quot;L\u00e2mina&quot; Blad blev \u201dMestre\u201d - Svenska Budo &amp; Kampsportsf\u00f6rbundet<\/title>\n<meta name=\"description\" content=\"CAPOEIRA. Martin &quot;L\u00e2mina&quot; Blad har rest till Brasilien och kan numera titulera sig \u201dMestre\u201d i capoeira. Budokampsport.se har f\u00f6rst\u00e5s pratat med Martin om denna historiska h\u00e4ndelse. - Det \u00e4r en stark k\u00e4nsla av tacksamhet till alla som varit med l\u00e4ngs v\u00e4gen, elever, v\u00e4nner, tr\u00e4nare som alla \u00e4r en del av varf\u00f6r jag f\u00e5tt m\u00f6jligheten och lyckats att erh\u00e5lla denna titel, s\u00e4ger han till budokampsport.se. (Foto: Hamid Ershad Sarabi och privat)\" \/>\n<meta name=\"robots\" content=\"index, follow, max-snippet:-1, max-image-preview:large, max-video-preview:-1\" \/>\n<link rel=\"canonical\" href=\"https:\/\/www.budokampsport.se\/2023\/11\/10\/capoeira-profilen-martin-lamina-blad-blev-mestre\/\" \/>\n<meta property=\"og:locale\" content=\"sv_SE\" \/>\n<meta property=\"og:type\" content=\"article\" \/>\n<meta property=\"og:title\" content=\"Capoeira-profilen Martin &quot;L\u00e2mina&quot; Blad blev \u201dMestre\u201d - Svenska Budo &amp; Kampsportsf\u00f6rbundet\" \/>\n<meta property=\"og:description\" content=\"CAPOEIRA. Martin &quot;L\u00e2mina&quot; Blad har rest till Brasilien och kan numera titulera sig \u201dMestre\u201d i capoeira. Budokampsport.se har f\u00f6rst\u00e5s pratat med Martin om denna historiska h\u00e4ndelse. - Det \u00e4r en stark k\u00e4nsla av tacksamhet till alla som varit med l\u00e4ngs v\u00e4gen, elever, v\u00e4nner, tr\u00e4nare som alla \u00e4r en del av varf\u00f6r jag f\u00e5tt m\u00f6jligheten och lyckats att erh\u00e5lla denna titel, s\u00e4ger han till budokampsport.se. (Foto: Hamid Ershad Sarabi och privat)\" \/>\n<meta property=\"og:url\" content=\"https:\/\/www.budokampsport.se\/2023\/11\/10\/capoeira-profilen-martin-lamina-blad-blev-mestre\/\" \/>\n<meta property=\"og:site_name\" content=\"Svenska Budo &amp; Kampsportsf\u00f6rbundet\" \/>\n<meta property=\"article:author\" content=\"https:\/\/www.facebook.com\/jonathan.broberg.7\" \/>\n<meta property=\"article:published_time\" content=\"2023-11-10T13:00:14+00:00\" \/>\n<meta property=\"article:modified_time\" content=\"2024-07-04T08:22:25+00:00\" \/>\n<meta property=\"og:image\" content=\"https:\/\/www.budokampsport.se\/wp-content\/uploads\/2023\/11\/martin-blad.jpg\" \/>\n\t<meta property=\"og:image:width\" content=\"850\" \/>\n\t<meta property=\"og:image:height\" content=\"550\" \/>\n\t<meta property=\"og:image:type\" content=\"image\/jpeg\" \/>\n<meta name=\"author\" content=\"Jonathan Broberg\" \/>\n<meta name=\"twitter:card\" content=\"summary_large_image\" \/>\n<meta name=\"twitter:label1\" content=\"Skriven av\" \/>\n\t<meta name=\"twitter:data1\" content=\"Jonathan Broberg\" \/>\n\t<meta name=\"twitter:label2\" content=\"Ber\u00e4knad l\u00e4stid\" \/>\n\t<meta name=\"twitter:data2\" content=\"5 minuter\" \/>\n<script type=\"application\/ld+json\" class=\"yoast-schema-graph\">{\"@context\":\"https:\/\/schema.org\",\"@graph\":[{\"@type\":\"Article\",\"@id\":\"https:\/\/www.budokampsport.se\/2023\/11\/10\/capoeira-profilen-martin-lamina-blad-blev-mestre\/#article\",\"isPartOf\":{\"@id\":\"https:\/\/www.budokampsport.se\/2023\/11\/10\/capoeira-profilen-martin-lamina-blad-blev-mestre\/\"},\"author\":{\"name\":\"Jonathan Broberg\",\"@id\":\"https:\/\/www.budokampsport.se\/#\/schema\/person\/5c06d81d14850e2a8ce5493386560145\"},\"headline\":\"Capoeira-profilen Martin &#8220;L\u00e2mina&#8221; Blad blev \u201dMestre\u201d\",\"datePublished\":\"2023-11-10T13:00:14+00:00\",\"dateModified\":\"2024-07-04T08:22:25+00:00\",\"mainEntityOfPage\":{\"@id\":\"https:\/\/www.budokampsport.se\/2023\/11\/10\/capoeira-profilen-martin-lamina-blad-blev-mestre\/\"},\"wordCount\":931,\"image\":{\"@id\":\"https:\/\/www.budokampsport.se\/2023\/11\/10\/capoeira-profilen-martin-lamina-blad-blev-mestre\/#primaryimage\"},\"thumbnailUrl\":\"https:\/\/www.budokampsport.se\/wp-content\/uploads\/2023\/11\/martin-blad.jpg\",\"articleSection\":[\"Capoeira\"],\"inLanguage\":\"sv-SE\"},{\"@type\":\"WebPage\",\"@id\":\"https:\/\/www.budokampsport.se\/2023\/11\/10\/capoeira-profilen-martin-lamina-blad-blev-mestre\/\",\"url\":\"https:\/\/www.budokampsport.se\/2023\/11\/10\/capoeira-profilen-martin-lamina-blad-blev-mestre\/\",\"name\":\"Capoeira-profilen Martin \\\"L\u00e2mina\\\" Blad blev \u201dMestre\u201d - Svenska Budo &amp; Kampsportsf\u00f6rbundet\",\"isPartOf\":{\"@id\":\"https:\/\/www.budokampsport.se\/#website\"},\"primaryImageOfPage\":{\"@id\":\"https:\/\/www.budokampsport.se\/2023\/11\/10\/capoeira-profilen-martin-lamina-blad-blev-mestre\/#primaryimage\"},\"image\":{\"@id\":\"https:\/\/www.budokampsport.se\/2023\/11\/10\/capoeira-profilen-martin-lamina-blad-blev-mestre\/#primaryimage\"},\"thumbnailUrl\":\"https:\/\/www.budokampsport.se\/wp-content\/uploads\/2023\/11\/martin-blad.jpg\",\"datePublished\":\"2023-11-10T13:00:14+00:00\",\"dateModified\":\"2024-07-04T08:22:25+00:00\",\"author\":{\"@id\":\"https:\/\/www.budokampsport.se\/#\/schema\/person\/5c06d81d14850e2a8ce5493386560145\"},\"description\":\"CAPOEIRA. Martin \\\"L\u00e2mina\\\" Blad har rest till Brasilien och kan numera titulera sig \u201dMestre\u201d i capoeira. Budokampsport.se har f\u00f6rst\u00e5s pratat med Martin om denna historiska h\u00e4ndelse. - Det \u00e4r en stark k\u00e4nsla av tacksamhet till alla som varit med l\u00e4ngs v\u00e4gen, elever, v\u00e4nner, tr\u00e4nare som alla \u00e4r en del av varf\u00f6r jag f\u00e5tt m\u00f6jligheten och lyckats att erh\u00e5lla denna titel, s\u00e4ger han till budokampsport.se. (Foto: Hamid Ershad Sarabi och privat)\",\"breadcrumb\":{\"@id\":\"https:\/\/www.budokampsport.se\/2023\/11\/10\/capoeira-profilen-martin-lamina-blad-blev-mestre\/#breadcrumb\"},\"inLanguage\":\"sv-SE\",\"potentialAction\":[{\"@type\":\"ReadAction\",\"target\":[\"https:\/\/www.budokampsport.se\/2023\/11\/10\/capoeira-profilen-martin-lamina-blad-blev-mestre\/\"]}]},{\"@type\":\"ImageObject\",\"inLanguage\":\"sv-SE\",\"@id\":\"https:\/\/www.budokampsport.se\/2023\/11\/10\/capoeira-profilen-martin-lamina-blad-blev-mestre\/#primaryimage\",\"url\":\"https:\/\/www.budokampsport.se\/wp-content\/uploads\/2023\/11\/martin-blad.jpg\",\"contentUrl\":\"https:\/\/www.budokampsport.se\/wp-content\/uploads\/2023\/11\/martin-blad.jpg\",\"width\":850,\"height\":550},{\"@type\":\"BreadcrumbList\",\"@id\":\"https:\/\/www.budokampsport.se\/2023\/11\/10\/capoeira-profilen-martin-lamina-blad-blev-mestre\/#breadcrumb\",\"itemListElement\":[{\"@type\":\"ListItem\",\"position\":1,\"name\":\"Hem\",\"item\":\"https:\/\/www.budokampsport.se\/\"},{\"@type\":\"ListItem\",\"position\":2,\"name\":\"Capoeira-profilen Martin &#8220;L\u00e2mina&#8221; Blad blev \u201dMestre\u201d\"}]},{\"@type\":\"WebSite\",\"@id\":\"https:\/\/www.budokampsport.se\/#website\",\"url\":\"https:\/\/www.budokampsport.se\/\",\"name\":\"Svenska Budo &amp; Kampsportsf\u00f6rbundet\",\"description\":\"T\u00e4vling, Tr\u00e4ning, Tradition\",\"potentialAction\":[{\"@type\":\"SearchAction\",\"target\":{\"@type\":\"EntryPoint\",\"urlTemplate\":\"https:\/\/www.budokampsport.se\/?s={search_term_string}\"},\"query-input\":{\"@type\":\"PropertyValueSpecification\",\"valueRequired\":true,\"valueName\":\"search_term_string\"}}],\"inLanguage\":\"sv-SE\"},{\"@type\":\"Person\",\"@id\":\"https:\/\/www.budokampsport.se\/#\/schema\/person\/5c06d81d14850e2a8ce5493386560145\",\"name\":\"Jonathan Broberg\",\"image\":{\"@type\":\"ImageObject\",\"inLanguage\":\"sv-SE\",\"@id\":\"https:\/\/www.budokampsport.se\/#\/schema\/person\/image\/\",\"url\":\"https:\/\/secure.gravatar.com\/avatar\/a58041c6cea9128bd9c40ee2f26d4136?s=96&d=blank&r=g\",\"contentUrl\":\"https:\/\/secure.gravatar.com\/avatar\/a58041c6cea9128bd9c40ee2f26d4136?s=96&d=blank&r=g\",\"caption\":\"Jonathan Broberg\"},\"sameAs\":[\"https:\/\/www.facebook.com\/jonathan.broberg.7\"],\"url\":\"https:\/\/www.budokampsport.se\/author\/jonathan\/\"}]}<\/script>\n<!-- \/ Yoast SEO plugin. -->","yoast_head_json":{"title":"Capoeira-profilen Martin \"L\u00e2mina\" Blad blev \u201dMestre\u201d - Svenska Budo &amp; Kampsportsf\u00f6rbundet","description":"CAPOEIRA. Martin \"L\u00e2mina\" Blad har rest till Brasilien och kan numera titulera sig \u201dMestre\u201d i capoeira. Budokampsport.se har f\u00f6rst\u00e5s pratat med Martin om denna historiska h\u00e4ndelse. - Det \u00e4r en stark k\u00e4nsla av tacksamhet till alla som varit med l\u00e4ngs v\u00e4gen, elever, v\u00e4nner, tr\u00e4nare som alla \u00e4r en del av varf\u00f6r jag f\u00e5tt m\u00f6jligheten och lyckats att erh\u00e5lla denna titel, s\u00e4ger han till budokampsport.se. (Foto: Hamid Ershad Sarabi och privat)","robots":{"index":"index","follow":"follow","max-snippet":"max-snippet:-1","max-image-preview":"max-image-preview:large","max-video-preview":"max-video-preview:-1"},"canonical":"https:\/\/www.budokampsport.se\/2023\/11\/10\/capoeira-profilen-martin-lamina-blad-blev-mestre\/","og_locale":"sv_SE","og_type":"article","og_title":"Capoeira-profilen Martin \"L\u00e2mina\" Blad blev \u201dMestre\u201d - Svenska Budo &amp; Kampsportsf\u00f6rbundet","og_description":"CAPOEIRA. Martin \"L\u00e2mina\" Blad har rest till Brasilien och kan numera titulera sig \u201dMestre\u201d i capoeira. Budokampsport.se har f\u00f6rst\u00e5s pratat med Martin om denna historiska h\u00e4ndelse. - Det \u00e4r en stark k\u00e4nsla av tacksamhet till alla som varit med l\u00e4ngs v\u00e4gen, elever, v\u00e4nner, tr\u00e4nare som alla \u00e4r en del av varf\u00f6r jag f\u00e5tt m\u00f6jligheten och lyckats att erh\u00e5lla denna titel, s\u00e4ger han till budokampsport.se. (Foto: Hamid Ershad Sarabi och privat)","og_url":"https:\/\/www.budokampsport.se\/2023\/11\/10\/capoeira-profilen-martin-lamina-blad-blev-mestre\/","og_site_name":"Svenska Budo &amp; Kampsportsf\u00f6rbundet","article_author":"https:\/\/www.facebook.com\/jonathan.broberg.7","article_published_time":"2023-11-10T13:00:14+00:00","article_modified_time":"2024-07-04T08:22:25+00:00","og_image":[{"width":850,"height":550,"url":"https:\/\/www.budokampsport.se\/wp-content\/uploads\/2023\/11\/martin-blad.jpg","type":"image\/jpeg"}],"author":"Jonathan Broberg","twitter_card":"summary_large_image","twitter_misc":{"Skriven av":"Jonathan Broberg","Ber\u00e4knad l\u00e4stid":"5 minuter"},"schema":{"@context":"https:\/\/schema.org","@graph":[{"@type":"Article","@id":"https:\/\/www.budokampsport.se\/2023\/11\/10\/capoeira-profilen-martin-lamina-blad-blev-mestre\/#article","isPartOf":{"@id":"https:\/\/www.budokampsport.se\/2023\/11\/10\/capoeira-profilen-martin-lamina-blad-blev-mestre\/"},"author":{"name":"Jonathan Broberg","@id":"https:\/\/www.budokampsport.se\/#\/schema\/person\/5c06d81d14850e2a8ce5493386560145"},"headline":"Capoeira-profilen Martin &#8220;L\u00e2mina&#8221; Blad blev \u201dMestre\u201d","datePublished":"2023-11-10T13:00:14+00:00","dateModified":"2024-07-04T08:22:25+00:00","mainEntityOfPage":{"@id":"https:\/\/www.budokampsport.se\/2023\/11\/10\/capoeira-profilen-martin-lamina-blad-blev-mestre\/"},"wordCount":931,"image":{"@id":"https:\/\/www.budokampsport.se\/2023\/11\/10\/capoeira-profilen-martin-lamina-blad-blev-mestre\/#primaryimage"},"thumbnailUrl":"https:\/\/www.budokampsport.se\/wp-content\/uploads\/2023\/11\/martin-blad.jpg","articleSection":["Capoeira"],"inLanguage":"sv-SE"},{"@type":"WebPage","@id":"https:\/\/www.budokampsport.se\/2023\/11\/10\/capoeira-profilen-martin-lamina-blad-blev-mestre\/","url":"https:\/\/www.budokampsport.se\/2023\/11\/10\/capoeira-profilen-martin-lamina-blad-blev-mestre\/","name":"Capoeira-profilen Martin \"L\u00e2mina\" Blad blev \u201dMestre\u201d - Svenska Budo &amp; Kampsportsf\u00f6rbundet","isPartOf":{"@id":"https:\/\/www.budokampsport.se\/#website"},"primaryImageOfPage":{"@id":"https:\/\/www.budokampsport.se\/2023\/11\/10\/capoeira-profilen-martin-lamina-blad-blev-mestre\/#primaryimage"},"image":{"@id":"https:\/\/www.budokampsport.se\/2023\/11\/10\/capoeira-profilen-martin-lamina-blad-blev-mestre\/#primaryimage"},"thumbnailUrl":"https:\/\/www.budokampsport.se\/wp-content\/uploads\/2023\/11\/martin-blad.jpg","datePublished":"2023-11-10T13:00:14+00:00","dateModified":"2024-07-04T08:22:25+00:00","author":{"@id":"https:\/\/www.budokampsport.se\/#\/schema\/person\/5c06d81d14850e2a8ce5493386560145"},"description":"CAPOEIRA. Martin \"L\u00e2mina\" Blad har rest till Brasilien och kan numera titulera sig \u201dMestre\u201d i capoeira. Budokampsport.se har f\u00f6rst\u00e5s pratat med Martin om denna historiska h\u00e4ndelse. - Det \u00e4r en stark k\u00e4nsla av tacksamhet till alla som varit med l\u00e4ngs v\u00e4gen, elever, v\u00e4nner, tr\u00e4nare som alla \u00e4r en del av varf\u00f6r jag f\u00e5tt m\u00f6jligheten och lyckats att erh\u00e5lla denna titel, s\u00e4ger han till budokampsport.se. (Foto: Hamid Ershad Sarabi och privat)","breadcrumb":{"@id":"https:\/\/www.budokampsport.se\/2023\/11\/10\/capoeira-profilen-martin-lamina-blad-blev-mestre\/#breadcrumb"},"inLanguage":"sv-SE","potentialAction":[{"@type":"ReadAction","target":["https:\/\/www.budokampsport.se\/2023\/11\/10\/capoeira-profilen-martin-lamina-blad-blev-mestre\/"]}]},{"@type":"ImageObject","inLanguage":"sv-SE","@id":"https:\/\/www.budokampsport.se\/2023\/11\/10\/capoeira-profilen-martin-lamina-blad-blev-mestre\/#primaryimage","url":"https:\/\/www.budokampsport.se\/wp-content\/uploads\/2023\/11\/martin-blad.jpg","contentUrl":"https:\/\/www.budokampsport.se\/wp-content\/uploads\/2023\/11\/martin-blad.jpg","width":850,"height":550},{"@type":"BreadcrumbList","@id":"https:\/\/www.budokampsport.se\/2023\/11\/10\/capoeira-profilen-martin-lamina-blad-blev-mestre\/#breadcrumb","itemListElement":[{"@type":"ListItem","position":1,"name":"Hem","item":"https:\/\/www.budokampsport.se\/"},{"@type":"ListItem","position":2,"name":"Capoeira-profilen Martin &#8220;L\u00e2mina&#8221; Blad blev \u201dMestre\u201d"}]},{"@type":"WebSite","@id":"https:\/\/www.budokampsport.se\/#website","url":"https:\/\/www.budokampsport.se\/","name":"Svenska Budo &amp; Kampsportsf\u00f6rbundet","description":"T\u00e4vling, Tr\u00e4ning, Tradition","potentialAction":[{"@type":"SearchAction","target":{"@type":"EntryPoint","urlTemplate":"https:\/\/www.budokampsport.se\/?s={search_term_string}"},"query-input":{"@type":"PropertyValueSpecification","valueRequired":true,"valueName":"search_term_string"}}],"inLanguage":"sv-SE"},{"@type":"Person","@id":"https:\/\/www.budokampsport.se\/#\/schema\/person\/5c06d81d14850e2a8ce5493386560145","name":"Jonathan Broberg","image":{"@type":"ImageObject","inLanguage":"sv-SE","@id":"https:\/\/www.budokampsport.se\/#\/schema\/person\/image\/","url":"https:\/\/secure.gravatar.com\/avatar\/a58041c6cea9128bd9c40ee2f26d4136?s=96&d=blank&r=g","contentUrl":"https:\/\/secure.gravatar.com\/avatar\/a58041c6cea9128bd9c40ee2f26d4136?s=96&d=blank&r=g","caption":"Jonathan Broberg"},"sameAs":["https:\/\/www.facebook.com\/jonathan.broberg.7"],"url":"https:\/\/www.budokampsport.se\/author\/jonathan\/"}]}},"_links":{"self":[{"href":"https:\/\/www.budokampsport.se\/api\/wp\/v2\/posts\/159792","targetHints":{"allow":["GET"]}}],"collection":[{"href":"https:\/\/www.budokampsport.se\/api\/wp\/v2\/posts"}],"about":[{"href":"https:\/\/www.budokampsport.se\/api\/wp\/v2\/types\/post"}],"author":[{"embeddable":true,"href":"https:\/\/www.budokampsport.se\/api\/wp\/v2\/users\/7"}],"replies":[{"embeddable":true,"href":"https:\/\/www.budokampsport.se\/api\/wp\/v2\/comments?post=159792"}],"version-history":[{"count":0,"href":"https:\/\/www.budokampsport.se\/api\/wp\/v2\/posts\/159792\/revisions"}],"wp:featuredmedia":[{"embeddable":true,"href":"https:\/\/www.budokampsport.se\/api\/wp\/v2\/media\/159831"}],"wp:attachment":[{"href":"https:\/\/www.budokampsport.se\/api\/wp\/v2\/media?parent=159792"}],"wp:term":[{"taxonomy":"category","embeddable":true,"href":"https:\/\/www.budokampsport.se\/api\/wp\/v2\/categories?post=159792"},{"taxonomy":"post_tag","embeddable":true,"href":"https:\/\/www.budokampsport.se\/api\/wp\/v2\/tags?post=159792"}],"curies":[{"name":"wp","href":"https:\/\/api.w.org\/{rel}","templated":true}]}}