{"id":160232,"date":"2023-11-20T19:34:35","date_gmt":"2023-11-20T18:34:35","guid":{"rendered":"https:\/\/www.budokampsport.se\/?p=160232"},"modified":"2023-11-20T19:37:30","modified_gmt":"2023-11-20T18:37:30","slug":"fyra-svenskar-vidare-i-mma-vm-efter-forsta-tavlingsdagen","status":"publish","type":"post","link":"https:\/\/www.budokampsport.se\/2023\/11\/20\/fyra-svenskar-vidare-i-mma-vm-efter-forsta-tavlingsdagen\/","title":{"rendered":"Fyra svenskar vidare i MMA-VM efter f\u00f6rsta t\u00e4vlingsdagen"},"content":{"rendered":"<p>Det blev fyra svenska avancemang av fyra m\u00f6jliga n\u00e4r f\u00f6rsta dagen av VM i MMA i Tirana kan summeras.<\/p>\n<p>Sahand Shokohi beh\u00f6vde dock inte g\u00e5 match f\u00f6r sitt avancemang, d\u00e5 slovaken Samir Smaali inte kom till start i bantamvikt.<\/p>\n<p>Men sedan kom tre fina svenska segrar p\u00e5 rad. Viktor Mangs i l\u00e4ttvikt, Sebastian Palacio Gomez i weltervikt och Liam Pitts i juniorernas bantamvikt.<\/p>\n<p>Text: Jonathan Broberg<\/p>\n","protected":false},"excerpt":{"rendered":"<p>MMA. S\u00e5 \u00e4r det d\u00e5 \u00e4ntligen ig\u00e5ng. VM i MMA, som h\u00e5lls i Tirana i Albanien. Och det kunde knappast b\u00f6rjat b\u00e4ttre f\u00f6r svensk del. Samtliga fyra bl\u00e5gula som t\u00e4vlade under dagen \u00e4r vidare till 8-delsfinalerna.<br \/><br>(Illustration: Ida Brogren)\u00a0\u00a0<\/p><br>","protected":false},"author":7,"featured_media":151096,"comment_status":"closed","ping_status":"closed","sticky":false,"template":"","format":"standard","meta":{"_acf_changed":false,"footnotes":""},"categories":[1],"tags":[],"class_list":["post-160232","post","type-post","status-publish","format-standard","has-post-thumbnail","hentry","category-okategoriserade"],"acf":[],"yoast_head":"<!-- This site is optimized with the Yoast SEO plugin v26.8 - https:\/\/yoast.com\/product\/yoast-seo-wordpress\/ -->\n<title>Fyra svenskar vidare i MMA-VM efter f\u00f6rsta t\u00e4vlingsdagen - Svenska Budo &amp; Kampsportsf\u00f6rbundet<\/title>\n<meta name=\"description\" content=\"MMA. S\u00e5 \u00e4r det d\u00e5 \u00e4ntligen ig\u00e5ng. VM i MMA, som h\u00e5lls i Tirana i Albanien. Och det kunde knappast b\u00f6rjat b\u00e4ttre f\u00f6r svensk del. Samtliga fyra bl\u00e5gula som t\u00e4vlade under dagen \u00e4r vidare till 8-delsfinalerna.  (Illustration: Ida Brogren)\u00a0\u00a0\" \/>\n<meta name=\"robots\" content=\"index, follow, max-snippet:-1, max-image-preview:large, max-video-preview:-1\" \/>\n<link rel=\"canonical\" href=\"https:\/\/www.budokampsport.se\/2023\/11\/20\/fyra-svenskar-vidare-i-mma-vm-efter-forsta-tavlingsdagen\/\" \/>\n<meta property=\"og:locale\" content=\"sv_SE\" \/>\n<meta property=\"og:type\" content=\"article\" \/>\n<meta property=\"og:title\" content=\"Fyra svenskar vidare i MMA-VM efter f\u00f6rsta t\u00e4vlingsdagen - Svenska Budo &amp; Kampsportsf\u00f6rbundet\" \/>\n<meta property=\"og:description\" content=\"MMA. S\u00e5 \u00e4r det d\u00e5 \u00e4ntligen ig\u00e5ng. VM i MMA, som h\u00e5lls i Tirana i Albanien. Och det kunde knappast b\u00f6rjat b\u00e4ttre f\u00f6r svensk del. Samtliga fyra bl\u00e5gula som t\u00e4vlade under dagen \u00e4r vidare till 8-delsfinalerna.  (Illustration: Ida Brogren)\u00a0\u00a0\" \/>\n<meta property=\"og:url\" content=\"https:\/\/www.budokampsport.se\/2023\/11\/20\/fyra-svenskar-vidare-i-mma-vm-efter-forsta-tavlingsdagen\/\" \/>\n<meta property=\"og:site_name\" content=\"Svenska Budo &amp; Kampsportsf\u00f6rbundet\" \/>\n<meta property=\"article:author\" content=\"https:\/\/www.facebook.com\/jonathan.broberg.7\" \/>\n<meta property=\"article:published_time\" content=\"2023-11-20T18:34:35+00:00\" \/>\n<meta property=\"article:modified_time\" content=\"2023-11-20T18:37:30+00:00\" \/>\n<meta property=\"og:image\" content=\"https:\/\/www.budokampsport.se\/wp-content\/uploads\/2016\/05\/mma-copy.png\" \/>\n\t<meta property=\"og:image:width\" content=\"842\" \/>\n\t<meta property=\"og:image:height\" content=\"595\" \/>\n\t<meta property=\"og:image:type\" content=\"image\/png\" \/>\n<meta name=\"author\" content=\"Jonathan Broberg\" \/>\n<meta name=\"twitter:card\" content=\"summary_large_image\" \/>\n<meta name=\"twitter:label1\" content=\"Skriven av\" \/>\n\t<meta name=\"twitter:data1\" content=\"Jonathan Broberg\" \/>\n\t<meta name=\"twitter:label2\" content=\"Ber\u00e4knad l\u00e4stid\" \/>\n\t<meta name=\"twitter:data2\" content=\"1 minut\" \/>\n<script type=\"application\/ld+json\" class=\"yoast-schema-graph\">{\"@context\":\"https:\/\/schema.org\",\"@graph\":[{\"@type\":\"Article\",\"@id\":\"https:\/\/www.budokampsport.se\/2023\/11\/20\/fyra-svenskar-vidare-i-mma-vm-efter-forsta-tavlingsdagen\/#article\",\"isPartOf\":{\"@id\":\"https:\/\/www.budokampsport.se\/2023\/11\/20\/fyra-svenskar-vidare-i-mma-vm-efter-forsta-tavlingsdagen\/\"},\"author\":{\"name\":\"Jonathan Broberg\",\"@id\":\"https:\/\/www.budokampsport.se\/#\/schema\/person\/5c06d81d14850e2a8ce5493386560145\"},\"headline\":\"Fyra svenskar vidare i MMA-VM efter f\u00f6rsta t\u00e4vlingsdagen\",\"datePublished\":\"2023-11-20T18:34:35+00:00\",\"dateModified\":\"2023-11-20T18:37:30+00:00\",\"mainEntityOfPage\":{\"@id\":\"https:\/\/www.budokampsport.se\/2023\/11\/20\/fyra-svenskar-vidare-i-mma-vm-efter-forsta-tavlingsdagen\/\"},\"wordCount\":82,\"image\":{\"@id\":\"https:\/\/www.budokampsport.se\/2023\/11\/20\/fyra-svenskar-vidare-i-mma-vm-efter-forsta-tavlingsdagen\/#primaryimage\"},\"thumbnailUrl\":\"https:\/\/www.budokampsport.se\/wp-content\/uploads\/2016\/05\/mma-copy.png\",\"inLanguage\":\"sv-SE\"},{\"@type\":\"WebPage\",\"@id\":\"https:\/\/www.budokampsport.se\/2023\/11\/20\/fyra-svenskar-vidare-i-mma-vm-efter-forsta-tavlingsdagen\/\",\"url\":\"https:\/\/www.budokampsport.se\/2023\/11\/20\/fyra-svenskar-vidare-i-mma-vm-efter-forsta-tavlingsdagen\/\",\"name\":\"Fyra svenskar vidare i MMA-VM efter f\u00f6rsta t\u00e4vlingsdagen - Svenska Budo &amp; Kampsportsf\u00f6rbundet\",\"isPartOf\":{\"@id\":\"https:\/\/www.budokampsport.se\/#website\"},\"primaryImageOfPage\":{\"@id\":\"https:\/\/www.budokampsport.se\/2023\/11\/20\/fyra-svenskar-vidare-i-mma-vm-efter-forsta-tavlingsdagen\/#primaryimage\"},\"image\":{\"@id\":\"https:\/\/www.budokampsport.se\/2023\/11\/20\/fyra-svenskar-vidare-i-mma-vm-efter-forsta-tavlingsdagen\/#primaryimage\"},\"thumbnailUrl\":\"https:\/\/www.budokampsport.se\/wp-content\/uploads\/2016\/05\/mma-copy.png\",\"datePublished\":\"2023-11-20T18:34:35+00:00\",\"dateModified\":\"2023-11-20T18:37:30+00:00\",\"author\":{\"@id\":\"https:\/\/www.budokampsport.se\/#\/schema\/person\/5c06d81d14850e2a8ce5493386560145\"},\"description\":\"MMA. S\u00e5 \u00e4r det d\u00e5 \u00e4ntligen ig\u00e5ng. VM i MMA, som h\u00e5lls i Tirana i Albanien. Och det kunde knappast b\u00f6rjat b\u00e4ttre f\u00f6r svensk del. Samtliga fyra bl\u00e5gula som t\u00e4vlade under dagen \u00e4r vidare till 8-delsfinalerna. (Illustration: Ida Brogren)\u00a0\u00a0\",\"breadcrumb\":{\"@id\":\"https:\/\/www.budokampsport.se\/2023\/11\/20\/fyra-svenskar-vidare-i-mma-vm-efter-forsta-tavlingsdagen\/#breadcrumb\"},\"inLanguage\":\"sv-SE\",\"potentialAction\":[{\"@type\":\"ReadAction\",\"target\":[\"https:\/\/www.budokampsport.se\/2023\/11\/20\/fyra-svenskar-vidare-i-mma-vm-efter-forsta-tavlingsdagen\/\"]}]},{\"@type\":\"ImageObject\",\"inLanguage\":\"sv-SE\",\"@id\":\"https:\/\/www.budokampsport.se\/2023\/11\/20\/fyra-svenskar-vidare-i-mma-vm-efter-forsta-tavlingsdagen\/#primaryimage\",\"url\":\"https:\/\/www.budokampsport.se\/wp-content\/uploads\/2016\/05\/mma-copy.png\",\"contentUrl\":\"https:\/\/www.budokampsport.se\/wp-content\/uploads\/2016\/05\/mma-copy.png\",\"width\":842,\"height\":595,\"caption\":\"Illustration: Ida Brogren\"},{\"@type\":\"BreadcrumbList\",\"@id\":\"https:\/\/www.budokampsport.se\/2023\/11\/20\/fyra-svenskar-vidare-i-mma-vm-efter-forsta-tavlingsdagen\/#breadcrumb\",\"itemListElement\":[{\"@type\":\"ListItem\",\"position\":1,\"name\":\"Hem\",\"item\":\"https:\/\/www.budokampsport.se\/\"},{\"@type\":\"ListItem\",\"position\":2,\"name\":\"Fyra svenskar vidare i MMA-VM efter f\u00f6rsta t\u00e4vlingsdagen\"}]},{\"@type\":\"WebSite\",\"@id\":\"https:\/\/www.budokampsport.se\/#website\",\"url\":\"https:\/\/www.budokampsport.se\/\",\"name\":\"Svenska Budo &amp; Kampsportsf\u00f6rbundet\",\"description\":\"T\u00e4vling, Tr\u00e4ning, Tradition\",\"potentialAction\":[{\"@type\":\"SearchAction\",\"target\":{\"@type\":\"EntryPoint\",\"urlTemplate\":\"https:\/\/www.budokampsport.se\/?s={search_term_string}\"},\"query-input\":{\"@type\":\"PropertyValueSpecification\",\"valueRequired\":true,\"valueName\":\"search_term_string\"}}],\"inLanguage\":\"sv-SE\"},{\"@type\":\"Person\",\"@id\":\"https:\/\/www.budokampsport.se\/#\/schema\/person\/5c06d81d14850e2a8ce5493386560145\",\"name\":\"Jonathan Broberg\",\"image\":{\"@type\":\"ImageObject\",\"inLanguage\":\"sv-SE\",\"@id\":\"https:\/\/www.budokampsport.se\/#\/schema\/person\/image\/\",\"url\":\"https:\/\/secure.gravatar.com\/avatar\/a58041c6cea9128bd9c40ee2f26d4136?s=96&d=blank&r=g\",\"contentUrl\":\"https:\/\/secure.gravatar.com\/avatar\/a58041c6cea9128bd9c40ee2f26d4136?s=96&d=blank&r=g\",\"caption\":\"Jonathan Broberg\"},\"sameAs\":[\"https:\/\/www.facebook.com\/jonathan.broberg.7\"],\"url\":\"https:\/\/www.budokampsport.se\/author\/jonathan\/\"}]}<\/script>\n<!-- \/ Yoast SEO plugin. -->","yoast_head_json":{"title":"Fyra svenskar vidare i MMA-VM efter f\u00f6rsta t\u00e4vlingsdagen - Svenska Budo &amp; Kampsportsf\u00f6rbundet","description":"MMA. S\u00e5 \u00e4r det d\u00e5 \u00e4ntligen ig\u00e5ng. VM i MMA, som h\u00e5lls i Tirana i Albanien. Och det kunde knappast b\u00f6rjat b\u00e4ttre f\u00f6r svensk del. Samtliga fyra bl\u00e5gula som t\u00e4vlade under dagen \u00e4r vidare till 8-delsfinalerna.  (Illustration: Ida Brogren)\u00a0\u00a0","robots":{"index":"index","follow":"follow","max-snippet":"max-snippet:-1","max-image-preview":"max-image-preview:large","max-video-preview":"max-video-preview:-1"},"canonical":"https:\/\/www.budokampsport.se\/2023\/11\/20\/fyra-svenskar-vidare-i-mma-vm-efter-forsta-tavlingsdagen\/","og_locale":"sv_SE","og_type":"article","og_title":"Fyra svenskar vidare i MMA-VM efter f\u00f6rsta t\u00e4vlingsdagen - Svenska Budo &amp; Kampsportsf\u00f6rbundet","og_description":"MMA. S\u00e5 \u00e4r det d\u00e5 \u00e4ntligen ig\u00e5ng. VM i MMA, som h\u00e5lls i Tirana i Albanien. Och det kunde knappast b\u00f6rjat b\u00e4ttre f\u00f6r svensk del. Samtliga fyra bl\u00e5gula som t\u00e4vlade under dagen \u00e4r vidare till 8-delsfinalerna.  (Illustration: Ida Brogren)\u00a0\u00a0","og_url":"https:\/\/www.budokampsport.se\/2023\/11\/20\/fyra-svenskar-vidare-i-mma-vm-efter-forsta-tavlingsdagen\/","og_site_name":"Svenska Budo &amp; Kampsportsf\u00f6rbundet","article_author":"https:\/\/www.facebook.com\/jonathan.broberg.7","article_published_time":"2023-11-20T18:34:35+00:00","article_modified_time":"2023-11-20T18:37:30+00:00","og_image":[{"width":842,"height":595,"url":"https:\/\/www.budokampsport.se\/wp-content\/uploads\/2016\/05\/mma-copy.png","type":"image\/png"}],"author":"Jonathan Broberg","twitter_card":"summary_large_image","twitter_misc":{"Skriven av":"Jonathan Broberg","Ber\u00e4knad l\u00e4stid":"1 minut"},"schema":{"@context":"https:\/\/schema.org","@graph":[{"@type":"Article","@id":"https:\/\/www.budokampsport.se\/2023\/11\/20\/fyra-svenskar-vidare-i-mma-vm-efter-forsta-tavlingsdagen\/#article","isPartOf":{"@id":"https:\/\/www.budokampsport.se\/2023\/11\/20\/fyra-svenskar-vidare-i-mma-vm-efter-forsta-tavlingsdagen\/"},"author":{"name":"Jonathan Broberg","@id":"https:\/\/www.budokampsport.se\/#\/schema\/person\/5c06d81d14850e2a8ce5493386560145"},"headline":"Fyra svenskar vidare i MMA-VM efter f\u00f6rsta t\u00e4vlingsdagen","datePublished":"2023-11-20T18:34:35+00:00","dateModified":"2023-11-20T18:37:30+00:00","mainEntityOfPage":{"@id":"https:\/\/www.budokampsport.se\/2023\/11\/20\/fyra-svenskar-vidare-i-mma-vm-efter-forsta-tavlingsdagen\/"},"wordCount":82,"image":{"@id":"https:\/\/www.budokampsport.se\/2023\/11\/20\/fyra-svenskar-vidare-i-mma-vm-efter-forsta-tavlingsdagen\/#primaryimage"},"thumbnailUrl":"https:\/\/www.budokampsport.se\/wp-content\/uploads\/2016\/05\/mma-copy.png","inLanguage":"sv-SE"},{"@type":"WebPage","@id":"https:\/\/www.budokampsport.se\/2023\/11\/20\/fyra-svenskar-vidare-i-mma-vm-efter-forsta-tavlingsdagen\/","url":"https:\/\/www.budokampsport.se\/2023\/11\/20\/fyra-svenskar-vidare-i-mma-vm-efter-forsta-tavlingsdagen\/","name":"Fyra svenskar vidare i MMA-VM efter f\u00f6rsta t\u00e4vlingsdagen - Svenska Budo &amp; Kampsportsf\u00f6rbundet","isPartOf":{"@id":"https:\/\/www.budokampsport.se\/#website"},"primaryImageOfPage":{"@id":"https:\/\/www.budokampsport.se\/2023\/11\/20\/fyra-svenskar-vidare-i-mma-vm-efter-forsta-tavlingsdagen\/#primaryimage"},"image":{"@id":"https:\/\/www.budokampsport.se\/2023\/11\/20\/fyra-svenskar-vidare-i-mma-vm-efter-forsta-tavlingsdagen\/#primaryimage"},"thumbnailUrl":"https:\/\/www.budokampsport.se\/wp-content\/uploads\/2016\/05\/mma-copy.png","datePublished":"2023-11-20T18:34:35+00:00","dateModified":"2023-11-20T18:37:30+00:00","author":{"@id":"https:\/\/www.budokampsport.se\/#\/schema\/person\/5c06d81d14850e2a8ce5493386560145"},"description":"MMA. S\u00e5 \u00e4r det d\u00e5 \u00e4ntligen ig\u00e5ng. VM i MMA, som h\u00e5lls i Tirana i Albanien. Och det kunde knappast b\u00f6rjat b\u00e4ttre f\u00f6r svensk del. Samtliga fyra bl\u00e5gula som t\u00e4vlade under dagen \u00e4r vidare till 8-delsfinalerna. (Illustration: Ida Brogren)\u00a0\u00a0","breadcrumb":{"@id":"https:\/\/www.budokampsport.se\/2023\/11\/20\/fyra-svenskar-vidare-i-mma-vm-efter-forsta-tavlingsdagen\/#breadcrumb"},"inLanguage":"sv-SE","potentialAction":[{"@type":"ReadAction","target":["https:\/\/www.budokampsport.se\/2023\/11\/20\/fyra-svenskar-vidare-i-mma-vm-efter-forsta-tavlingsdagen\/"]}]},{"@type":"ImageObject","inLanguage":"sv-SE","@id":"https:\/\/www.budokampsport.se\/2023\/11\/20\/fyra-svenskar-vidare-i-mma-vm-efter-forsta-tavlingsdagen\/#primaryimage","url":"https:\/\/www.budokampsport.se\/wp-content\/uploads\/2016\/05\/mma-copy.png","contentUrl":"https:\/\/www.budokampsport.se\/wp-content\/uploads\/2016\/05\/mma-copy.png","width":842,"height":595,"caption":"Illustration: Ida Brogren"},{"@type":"BreadcrumbList","@id":"https:\/\/www.budokampsport.se\/2023\/11\/20\/fyra-svenskar-vidare-i-mma-vm-efter-forsta-tavlingsdagen\/#breadcrumb","itemListElement":[{"@type":"ListItem","position":1,"name":"Hem","item":"https:\/\/www.budokampsport.se\/"},{"@type":"ListItem","position":2,"name":"Fyra svenskar vidare i MMA-VM efter f\u00f6rsta t\u00e4vlingsdagen"}]},{"@type":"WebSite","@id":"https:\/\/www.budokampsport.se\/#website","url":"https:\/\/www.budokampsport.se\/","name":"Svenska Budo &amp; Kampsportsf\u00f6rbundet","description":"T\u00e4vling, Tr\u00e4ning, Tradition","potentialAction":[{"@type":"SearchAction","target":{"@type":"EntryPoint","urlTemplate":"https:\/\/www.budokampsport.se\/?s={search_term_string}"},"query-input":{"@type":"PropertyValueSpecification","valueRequired":true,"valueName":"search_term_string"}}],"inLanguage":"sv-SE"},{"@type":"Person","@id":"https:\/\/www.budokampsport.se\/#\/schema\/person\/5c06d81d14850e2a8ce5493386560145","name":"Jonathan Broberg","image":{"@type":"ImageObject","inLanguage":"sv-SE","@id":"https:\/\/www.budokampsport.se\/#\/schema\/person\/image\/","url":"https:\/\/secure.gravatar.com\/avatar\/a58041c6cea9128bd9c40ee2f26d4136?s=96&d=blank&r=g","contentUrl":"https:\/\/secure.gravatar.com\/avatar\/a58041c6cea9128bd9c40ee2f26d4136?s=96&d=blank&r=g","caption":"Jonathan Broberg"},"sameAs":["https:\/\/www.facebook.com\/jonathan.broberg.7"],"url":"https:\/\/www.budokampsport.se\/author\/jonathan\/"}]}},"_links":{"self":[{"href":"https:\/\/www.budokampsport.se\/api\/wp\/v2\/posts\/160232","targetHints":{"allow":["GET"]}}],"collection":[{"href":"https:\/\/www.budokampsport.se\/api\/wp\/v2\/posts"}],"about":[{"href":"https:\/\/www.budokampsport.se\/api\/wp\/v2\/types\/post"}],"author":[{"embeddable":true,"href":"https:\/\/www.budokampsport.se\/api\/wp\/v2\/users\/7"}],"replies":[{"embeddable":true,"href":"https:\/\/www.budokampsport.se\/api\/wp\/v2\/comments?post=160232"}],"version-history":[{"count":0,"href":"https:\/\/www.budokampsport.se\/api\/wp\/v2\/posts\/160232\/revisions"}],"wp:featuredmedia":[{"embeddable":true,"href":"https:\/\/www.budokampsport.se\/api\/wp\/v2\/media\/151096"}],"wp:attachment":[{"href":"https:\/\/www.budokampsport.se\/api\/wp\/v2\/media?parent=160232"}],"wp:term":[{"taxonomy":"category","embeddable":true,"href":"https:\/\/www.budokampsport.se\/api\/wp\/v2\/categories?post=160232"},{"taxonomy":"post_tag","embeddable":true,"href":"https:\/\/www.budokampsport.se\/api\/wp\/v2\/tags?post=160232"}],"curies":[{"name":"wp","href":"https:\/\/api.w.org\/{rel}","templated":true}]}}