{"id":162014,"date":"2023-12-20T15:11:04","date_gmt":"2023-12-20T14:11:04","guid":{"rendered":"https:\/\/www.budokampsport.se\/?p=162014"},"modified":"2024-07-04T10:11:33","modified_gmt":"2024-07-04T08:11:33","slug":"manga-leenden-hos-vasterhaninge-kaizen-aikidoklubb","status":"publish","type":"post","link":"https:\/\/www.budokampsport.se\/2023\/12\/20\/manga-leenden-hos-vasterhaninge-kaizen-aikidoklubb\/","title":{"rendered":"M\u00e5nga leenden hos V\u00e4sterhaninge Kaizen Aikidoklubb"},"content":{"rendered":"<p>Det \u00e4r julaftonsvecka. I Stockholm s\u00e5g det l\u00e4nge ut att bli en vit jul, d\u00e4r sn\u00f6n och minusgrader har pr\u00e4glat vinterv\u00e4dret s\u00e5 h\u00e4r l\u00e5ngt. Men den h\u00e4r m\u00e5ndagskv\u00e4llen \u00e4r det t\u00f6. Kvar av det vita landskapet finns p\u00e5 sina h\u00e5ll bara sorgsen genomskinlig is kvar. Om ens det.<\/p>\n<p>Det \u00e4r sista tr\u00e4ningen med g\u00e4nget innan jul f\u00f6r V\u00e4sterhaninge Kaizen Aikidoklubb. En liten klubb i sammanhanget, men med stor och ih\u00e5llande v\u00e4rme d\u00e4r det h\u00e4r passet pr\u00e4glas av lika mycket skratt som tekniktr\u00e4ning.<\/p>\n<p><img loading=\"lazy\" decoding=\"async\" class=\"wp-image-162100 size-large\" src=\"https:\/\/www.budokampsport.se\/wp-content\/uploads\/2023\/12\/Kaizen_fem-847x565.jpg\" alt=\"\" width=\"847\" height=\"565\" srcset=\"https:\/\/www.budokampsport.se\/wp-content\/uploads\/2023\/12\/Kaizen_fem-847x565.jpg 847w, https:\/\/www.budokampsport.se\/wp-content\/uploads\/2023\/12\/Kaizen_fem-600x400.jpg 600w, https:\/\/www.budokampsport.se\/wp-content\/uploads\/2023\/12\/Kaizen_fem-376x251.jpg 376w, https:\/\/www.budokampsport.se\/wp-content\/uploads\/2023\/12\/Kaizen_fem-278x185.jpg 278w, https:\/\/www.budokampsport.se\/wp-content\/uploads\/2023\/12\/Kaizen_fem-572x382.jpg 572w, https:\/\/www.budokampsport.se\/wp-content\/uploads\/2023\/12\/Kaizen_fem.jpg 850w\" sizes=\"auto, (max-width: 847px) 100vw, 847px\" \/><\/p>\n<p>Tr\u00e4ningen sker i en fin k\u00e4llarlokal i Ribby Sporthall, bara ett aikidokast fr\u00e5n V\u00e4sterhaninges centrum. Lokalen \u00e4r budoanpassad och kommunen stod f\u00f6r nya mattor f\u00f6r ett par m\u00e5nader sedan f\u00f6r den drygt 100 kvadratmeter stora tr\u00e4ningsytan<\/p>\n<p>Klubben startades f\u00f6r snart fyra \u00e5r sedan genom Andreas Falk, som tror att Kaizen har en bra grund att v\u00e4xa p\u00e5.<\/p>\n<p>&#8211; Jag har tr\u00e4nat aikido i snart 35 \u00e5r. Jag b\u00f6rjade tr\u00e4na i Brandbergen och k\u00e4nde efter drygt 30 \u00e5r att jag g\u00e4rna ville starta en ny f\u00f6rening i V\u00e4sterhaninge dit jag d\u00e5 nyss flyttat. Vi blev fyra som drog ig\u00e5ng tillsammans. Efter n\u00e5gra \u00e5r ig\u00e5ng nu \u00e4r vi p\u00e5 grund av pandemin fortfarande ganska f\u00e5 tr\u00e4nande, men g\u00e4nget som tr\u00e4nar \u00e4r en himla fin k\u00e4rna som vill verkligen utvecklas tillsammans, b\u00e5de som individer och som idrottare.<\/p>\n<h3>&#8220;Jag f\u00f6rs\u00f6ker se alla&#8221;<\/h3>\n<p>P\u00e5 mattan den h\u00e4r kv\u00e4llen tr\u00e4nar fyra personer. Mamma Kerstin och dottern Karolina, Erol och Anna-Karin. Samtliga \u00e4r relativt nya inom aikidon, men har blivit ett tajt tr\u00e4ningsg\u00e4ng.<\/p>\n<p>Kerstin menar att det \u00e4r givande och roligt att kunna tr\u00e4na ihop med sin dotter och att deras familjeroller suddas ut lite p\u00e5 tr\u00e4ningarna.<\/p>\n<p>Anna-Karin och Erol s\u00e4ger b\u00e5da att aikidon \u00e4r en bra och rolig tr\u00e4ning och att klubben betyder mycket. Som exempel lyfts att en medlem, som inte \u00e4r p\u00e5 mattan just ikv\u00e4ll, pendlar en timme enkel v\u00e4g till varje pass.<\/p>\n<p>Andreas Falk ber\u00e4ttar att just det sociala \u00e4r v\u00e4ldigt viktigt i hans ledarskap och i klubben.<\/p>\n<p>&#8211; Jag f\u00f6rs\u00f6ker se alla och hj\u00e4lpa dem d\u00e4r de befinner sig i sin egna utveckling. Vi har velat bygga en inkluderande, \u00f6ppen och v\u00e4lkomnande klubb d\u00e4r alla ser och hj\u00e4lper varandra.<\/p>\n<h3>&#8220;Ordnat tr\u00e4ffar utan tr\u00e4ning&#8221;<\/h3>\n<p>N\u00e4r tr\u00e4ningspasset \u00e4r \u00f6ver har Andreas Falk ordnat med avslutningsfika: lussebullar, pepparkakor, frukt, te och julmust. N\u00e4r julfikat \u00e4r \u00f6ver och lokalen ska sl\u00e4ckas ned f\u00f6r den h\u00e4r terminen s\u00e4ger han:<\/p>\n<p>&#8211; S\u00e5nt h\u00e4r vill vi g\u00f6ra mer av. Att umg\u00e5s lite utanf\u00f6r mattan ocks\u00e5 \u00e4r viktigt f\u00f6r att kunna v\u00e4xa, b\u00e5de som grupp och som individer. Vi har exempelvis ordnat tr\u00e4ffar utan tr\u00e4ning, d\u00e4r vi tillsammans tittar p\u00e5 aikidofilmer, fikar och pratar om aikidons historia och utveckling i olika stilar, och om kampkonst i allm\u00e4nhet. S\u00e5 f\u00e5ngar vi upp b\u00e5de det sociala, aikidoteori och samtal om japansk kultur och annat, p\u00e5 ett s\u00e4tt som ger omv\u00e4xling.<\/p>\n<p>Andreas ler. Det g\u00f6r han ofta.<br \/>\nOch det verkar som att det leendet smittar av sig.<\/p>\n<p><img loading=\"lazy\" decoding=\"async\" class=\"size-full wp-image-162098\" src=\"https:\/\/www.budokampsport.se\/wp-content\/uploads\/2023\/12\/kaizen_tre.jpg\" alt=\"\" width=\"850\" height=\"567\" srcset=\"https:\/\/www.budokampsport.se\/wp-content\/uploads\/2023\/12\/kaizen_tre.jpg 850w, https:\/\/www.budokampsport.se\/wp-content\/uploads\/2023\/12\/kaizen_tre-600x400.jpg 600w, https:\/\/www.budokampsport.se\/wp-content\/uploads\/2023\/12\/kaizen_tre-376x251.jpg 376w, https:\/\/www.budokampsport.se\/wp-content\/uploads\/2023\/12\/kaizen_tre-847x565.jpg 847w, https:\/\/www.budokampsport.se\/wp-content\/uploads\/2023\/12\/kaizen_tre-278x185.jpg 278w, https:\/\/www.budokampsport.se\/wp-content\/uploads\/2023\/12\/kaizen_tre-572x382.jpg 572w\" sizes=\"auto, (max-width: 850px) 100vw, 850px\" \/><\/p>\n<p><img loading=\"lazy\" decoding=\"async\" class=\"size-full wp-image-162099\" src=\"https:\/\/www.budokampsport.se\/wp-content\/uploads\/2023\/12\/Kaizen_fyra.jpg\" alt=\"\" width=\"850\" height=\"567\" srcset=\"https:\/\/www.budokampsport.se\/wp-content\/uploads\/2023\/12\/Kaizen_fyra.jpg 850w, https:\/\/www.budokampsport.se\/wp-content\/uploads\/2023\/12\/Kaizen_fyra-600x400.jpg 600w, https:\/\/www.budokampsport.se\/wp-content\/uploads\/2023\/12\/Kaizen_fyra-376x251.jpg 376w, https:\/\/www.budokampsport.se\/wp-content\/uploads\/2023\/12\/Kaizen_fyra-847x565.jpg 847w, https:\/\/www.budokampsport.se\/wp-content\/uploads\/2023\/12\/Kaizen_fyra-278x185.jpg 278w, https:\/\/www.budokampsport.se\/wp-content\/uploads\/2023\/12\/Kaizen_fyra-572x382.jpg 572w\" sizes=\"auto, (max-width: 850px) 100vw, 850px\" \/><\/p>\n<p><img loading=\"lazy\" decoding=\"async\" class=\"size-full wp-image-162097\" src=\"https:\/\/www.budokampsport.se\/wp-content\/uploads\/2023\/12\/kaizen_tva.jpg\" alt=\"\" width=\"850\" height=\"583\" srcset=\"https:\/\/www.budokampsport.se\/wp-content\/uploads\/2023\/12\/kaizen_tva.jpg 850w, https:\/\/www.budokampsport.se\/wp-content\/uploads\/2023\/12\/kaizen_tva-600x412.jpg 600w, https:\/\/www.budokampsport.se\/wp-content\/uploads\/2023\/12\/kaizen_tva-376x258.jpg 376w, https:\/\/www.budokampsport.se\/wp-content\/uploads\/2023\/12\/kaizen_tva-847x581.jpg 847w, https:\/\/www.budokampsport.se\/wp-content\/uploads\/2023\/12\/kaizen_tva-278x191.jpg 278w, https:\/\/www.budokampsport.se\/wp-content\/uploads\/2023\/12\/kaizen_tva-572x392.jpg 572w\" sizes=\"auto, (max-width: 850px) 100vw, 850px\" \/><\/p>\n<p>Text och foto: Jonathan Broberg<\/p>\n","protected":false},"excerpt":{"rendered":"<p>REPORTAGE. Budokampsport.se bes\u00f6kte V\u00e4sterhaninge Kaizen Aikidoklubb under terminens sista tr\u00e4ningspass. Skratten bland ut\u00f6varna avl\u00f6ste varandra i budolokalen i Ribby sporthall.<br \/><br>&#8211; Vi har velat bygga en inkluderande, \u00f6ppen och v\u00e4lkomnande klubb d\u00e4r alla kan k\u00e4nna sig sedda, s\u00e4ger initiativtagaren till klubben Andreas Falk till budokampsport.se.<\/p><br>","protected":false},"author":7,"featured_media":162096,"comment_status":"closed","ping_status":"closed","sticky":false,"template":"","format":"standard","meta":{"_acf_changed":false,"footnotes":""},"categories":[562],"tags":[],"class_list":["post-162014","post","type-post","status-publish","format-standard","has-post-thumbnail","hentry","category-aikido"],"acf":[],"yoast_head":"<!-- This site is optimized with the Yoast SEO plugin v26.8 - https:\/\/yoast.com\/product\/yoast-seo-wordpress\/ -->\n<title>M\u00e5nga leenden hos V\u00e4sterhaninge Kaizen Aikidoklubb - Svenska Budo &amp; Kampsportsf\u00f6rbundet<\/title>\n<meta name=\"description\" content=\"REPORTAGE. Budokampsport.se bes\u00f6kte V\u00e4sterhaninge Kaizen Aikidoklubb under terminens sista tr\u00e4ningspass. Skratten bland ut\u00f6varna avl\u00f6ste varandra i budolokalen i Ribby sporthall. - Vi har velat bygga en inkluderande, \u00f6ppen och v\u00e4lkomnande klubb d\u00e4r alla kan k\u00e4nna sig sedda, s\u00e4ger initiativtagaren till klubben Andreas Falk till budokampsport.se.\" \/>\n<meta name=\"robots\" content=\"index, follow, max-snippet:-1, max-image-preview:large, max-video-preview:-1\" \/>\n<link rel=\"canonical\" href=\"https:\/\/www.budokampsport.se\/2023\/12\/20\/manga-leenden-hos-vasterhaninge-kaizen-aikidoklubb\/\" \/>\n<meta property=\"og:locale\" content=\"sv_SE\" \/>\n<meta property=\"og:type\" content=\"article\" \/>\n<meta property=\"og:title\" content=\"M\u00e5nga leenden hos V\u00e4sterhaninge Kaizen Aikidoklubb - Svenska Budo &amp; Kampsportsf\u00f6rbundet\" \/>\n<meta property=\"og:description\" content=\"REPORTAGE. Budokampsport.se bes\u00f6kte V\u00e4sterhaninge Kaizen Aikidoklubb under terminens sista tr\u00e4ningspass. Skratten bland ut\u00f6varna avl\u00f6ste varandra i budolokalen i Ribby sporthall. - Vi har velat bygga en inkluderande, \u00f6ppen och v\u00e4lkomnande klubb d\u00e4r alla kan k\u00e4nna sig sedda, s\u00e4ger initiativtagaren till klubben Andreas Falk till budokampsport.se.\" \/>\n<meta property=\"og:url\" content=\"https:\/\/www.budokampsport.se\/2023\/12\/20\/manga-leenden-hos-vasterhaninge-kaizen-aikidoklubb\/\" \/>\n<meta property=\"og:site_name\" content=\"Svenska Budo &amp; Kampsportsf\u00f6rbundet\" \/>\n<meta property=\"article:author\" content=\"https:\/\/www.facebook.com\/jonathan.broberg.7\" \/>\n<meta property=\"article:published_time\" content=\"2023-12-20T14:11:04+00:00\" \/>\n<meta property=\"article:modified_time\" content=\"2024-07-04T08:11:33+00:00\" \/>\n<meta property=\"og:image\" content=\"https:\/\/www.budokampsport.se\/wp-content\/uploads\/2023\/12\/kaizen_ett.jpg\" \/>\n\t<meta property=\"og:image:width\" content=\"850\" \/>\n\t<meta property=\"og:image:height\" content=\"567\" \/>\n\t<meta property=\"og:image:type\" content=\"image\/jpeg\" \/>\n<meta name=\"author\" content=\"Jonathan Broberg\" \/>\n<meta name=\"twitter:card\" content=\"summary_large_image\" \/>\n<meta name=\"twitter:label1\" content=\"Skriven av\" \/>\n\t<meta name=\"twitter:data1\" content=\"Jonathan Broberg\" \/>\n\t<meta name=\"twitter:label2\" content=\"Ber\u00e4knad l\u00e4stid\" \/>\n\t<meta name=\"twitter:data2\" content=\"4 minuter\" \/>\n<script type=\"application\/ld+json\" class=\"yoast-schema-graph\">{\"@context\":\"https:\/\/schema.org\",\"@graph\":[{\"@type\":\"Article\",\"@id\":\"https:\/\/www.budokampsport.se\/2023\/12\/20\/manga-leenden-hos-vasterhaninge-kaizen-aikidoklubb\/#article\",\"isPartOf\":{\"@id\":\"https:\/\/www.budokampsport.se\/2023\/12\/20\/manga-leenden-hos-vasterhaninge-kaizen-aikidoklubb\/\"},\"author\":{\"name\":\"Jonathan Broberg\",\"@id\":\"https:\/\/www.budokampsport.se\/#\/schema\/person\/5c06d81d14850e2a8ce5493386560145\"},\"headline\":\"M\u00e5nga leenden hos V\u00e4sterhaninge Kaizen Aikidoklubb\",\"datePublished\":\"2023-12-20T14:11:04+00:00\",\"dateModified\":\"2024-07-04T08:11:33+00:00\",\"mainEntityOfPage\":{\"@id\":\"https:\/\/www.budokampsport.se\/2023\/12\/20\/manga-leenden-hos-vasterhaninge-kaizen-aikidoklubb\/\"},\"wordCount\":593,\"image\":{\"@id\":\"https:\/\/www.budokampsport.se\/2023\/12\/20\/manga-leenden-hos-vasterhaninge-kaizen-aikidoklubb\/#primaryimage\"},\"thumbnailUrl\":\"https:\/\/www.budokampsport.se\/wp-content\/uploads\/2023\/12\/kaizen_ett.jpg\",\"articleSection\":[\"Aikido\"],\"inLanguage\":\"sv-SE\"},{\"@type\":\"WebPage\",\"@id\":\"https:\/\/www.budokampsport.se\/2023\/12\/20\/manga-leenden-hos-vasterhaninge-kaizen-aikidoklubb\/\",\"url\":\"https:\/\/www.budokampsport.se\/2023\/12\/20\/manga-leenden-hos-vasterhaninge-kaizen-aikidoklubb\/\",\"name\":\"M\u00e5nga leenden hos V\u00e4sterhaninge Kaizen Aikidoklubb - Svenska Budo &amp; Kampsportsf\u00f6rbundet\",\"isPartOf\":{\"@id\":\"https:\/\/www.budokampsport.se\/#website\"},\"primaryImageOfPage\":{\"@id\":\"https:\/\/www.budokampsport.se\/2023\/12\/20\/manga-leenden-hos-vasterhaninge-kaizen-aikidoklubb\/#primaryimage\"},\"image\":{\"@id\":\"https:\/\/www.budokampsport.se\/2023\/12\/20\/manga-leenden-hos-vasterhaninge-kaizen-aikidoklubb\/#primaryimage\"},\"thumbnailUrl\":\"https:\/\/www.budokampsport.se\/wp-content\/uploads\/2023\/12\/kaizen_ett.jpg\",\"datePublished\":\"2023-12-20T14:11:04+00:00\",\"dateModified\":\"2024-07-04T08:11:33+00:00\",\"author\":{\"@id\":\"https:\/\/www.budokampsport.se\/#\/schema\/person\/5c06d81d14850e2a8ce5493386560145\"},\"description\":\"REPORTAGE. Budokampsport.se bes\u00f6kte V\u00e4sterhaninge Kaizen Aikidoklubb under terminens sista tr\u00e4ningspass. Skratten bland ut\u00f6varna avl\u00f6ste varandra i budolokalen i Ribby sporthall. - Vi har velat bygga en inkluderande, \u00f6ppen och v\u00e4lkomnande klubb d\u00e4r alla kan k\u00e4nna sig sedda, s\u00e4ger initiativtagaren till klubben Andreas Falk till budokampsport.se.\",\"breadcrumb\":{\"@id\":\"https:\/\/www.budokampsport.se\/2023\/12\/20\/manga-leenden-hos-vasterhaninge-kaizen-aikidoklubb\/#breadcrumb\"},\"inLanguage\":\"sv-SE\",\"potentialAction\":[{\"@type\":\"ReadAction\",\"target\":[\"https:\/\/www.budokampsport.se\/2023\/12\/20\/manga-leenden-hos-vasterhaninge-kaizen-aikidoklubb\/\"]}]},{\"@type\":\"ImageObject\",\"inLanguage\":\"sv-SE\",\"@id\":\"https:\/\/www.budokampsport.se\/2023\/12\/20\/manga-leenden-hos-vasterhaninge-kaizen-aikidoklubb\/#primaryimage\",\"url\":\"https:\/\/www.budokampsport.se\/wp-content\/uploads\/2023\/12\/kaizen_ett.jpg\",\"contentUrl\":\"https:\/\/www.budokampsport.se\/wp-content\/uploads\/2023\/12\/kaizen_ett.jpg\",\"width\":850,\"height\":567,\"caption\":\"Foto: Jonathan Broberg\"},{\"@type\":\"BreadcrumbList\",\"@id\":\"https:\/\/www.budokampsport.se\/2023\/12\/20\/manga-leenden-hos-vasterhaninge-kaizen-aikidoklubb\/#breadcrumb\",\"itemListElement\":[{\"@type\":\"ListItem\",\"position\":1,\"name\":\"Hem\",\"item\":\"https:\/\/www.budokampsport.se\/\"},{\"@type\":\"ListItem\",\"position\":2,\"name\":\"M\u00e5nga leenden hos V\u00e4sterhaninge Kaizen Aikidoklubb\"}]},{\"@type\":\"WebSite\",\"@id\":\"https:\/\/www.budokampsport.se\/#website\",\"url\":\"https:\/\/www.budokampsport.se\/\",\"name\":\"Svenska Budo &amp; Kampsportsf\u00f6rbundet\",\"description\":\"T\u00e4vling, Tr\u00e4ning, Tradition\",\"potentialAction\":[{\"@type\":\"SearchAction\",\"target\":{\"@type\":\"EntryPoint\",\"urlTemplate\":\"https:\/\/www.budokampsport.se\/?s={search_term_string}\"},\"query-input\":{\"@type\":\"PropertyValueSpecification\",\"valueRequired\":true,\"valueName\":\"search_term_string\"}}],\"inLanguage\":\"sv-SE\"},{\"@type\":\"Person\",\"@id\":\"https:\/\/www.budokampsport.se\/#\/schema\/person\/5c06d81d14850e2a8ce5493386560145\",\"name\":\"Jonathan Broberg\",\"image\":{\"@type\":\"ImageObject\",\"inLanguage\":\"sv-SE\",\"@id\":\"https:\/\/www.budokampsport.se\/#\/schema\/person\/image\/\",\"url\":\"https:\/\/secure.gravatar.com\/avatar\/a58041c6cea9128bd9c40ee2f26d4136?s=96&d=blank&r=g\",\"contentUrl\":\"https:\/\/secure.gravatar.com\/avatar\/a58041c6cea9128bd9c40ee2f26d4136?s=96&d=blank&r=g\",\"caption\":\"Jonathan Broberg\"},\"sameAs\":[\"https:\/\/www.facebook.com\/jonathan.broberg.7\"],\"url\":\"https:\/\/www.budokampsport.se\/author\/jonathan\/\"}]}<\/script>\n<!-- \/ Yoast SEO plugin. -->","yoast_head_json":{"title":"M\u00e5nga leenden hos V\u00e4sterhaninge Kaizen Aikidoklubb - Svenska Budo &amp; Kampsportsf\u00f6rbundet","description":"REPORTAGE. Budokampsport.se bes\u00f6kte V\u00e4sterhaninge Kaizen Aikidoklubb under terminens sista tr\u00e4ningspass. Skratten bland ut\u00f6varna avl\u00f6ste varandra i budolokalen i Ribby sporthall. - Vi har velat bygga en inkluderande, \u00f6ppen och v\u00e4lkomnande klubb d\u00e4r alla kan k\u00e4nna sig sedda, s\u00e4ger initiativtagaren till klubben Andreas Falk till budokampsport.se.","robots":{"index":"index","follow":"follow","max-snippet":"max-snippet:-1","max-image-preview":"max-image-preview:large","max-video-preview":"max-video-preview:-1"},"canonical":"https:\/\/www.budokampsport.se\/2023\/12\/20\/manga-leenden-hos-vasterhaninge-kaizen-aikidoklubb\/","og_locale":"sv_SE","og_type":"article","og_title":"M\u00e5nga leenden hos V\u00e4sterhaninge Kaizen Aikidoklubb - Svenska Budo &amp; Kampsportsf\u00f6rbundet","og_description":"REPORTAGE. Budokampsport.se bes\u00f6kte V\u00e4sterhaninge Kaizen Aikidoklubb under terminens sista tr\u00e4ningspass. Skratten bland ut\u00f6varna avl\u00f6ste varandra i budolokalen i Ribby sporthall. - Vi har velat bygga en inkluderande, \u00f6ppen och v\u00e4lkomnande klubb d\u00e4r alla kan k\u00e4nna sig sedda, s\u00e4ger initiativtagaren till klubben Andreas Falk till budokampsport.se.","og_url":"https:\/\/www.budokampsport.se\/2023\/12\/20\/manga-leenden-hos-vasterhaninge-kaizen-aikidoklubb\/","og_site_name":"Svenska Budo &amp; Kampsportsf\u00f6rbundet","article_author":"https:\/\/www.facebook.com\/jonathan.broberg.7","article_published_time":"2023-12-20T14:11:04+00:00","article_modified_time":"2024-07-04T08:11:33+00:00","og_image":[{"width":850,"height":567,"url":"https:\/\/www.budokampsport.se\/wp-content\/uploads\/2023\/12\/kaizen_ett.jpg","type":"image\/jpeg"}],"author":"Jonathan Broberg","twitter_card":"summary_large_image","twitter_misc":{"Skriven av":"Jonathan Broberg","Ber\u00e4knad l\u00e4stid":"4 minuter"},"schema":{"@context":"https:\/\/schema.org","@graph":[{"@type":"Article","@id":"https:\/\/www.budokampsport.se\/2023\/12\/20\/manga-leenden-hos-vasterhaninge-kaizen-aikidoklubb\/#article","isPartOf":{"@id":"https:\/\/www.budokampsport.se\/2023\/12\/20\/manga-leenden-hos-vasterhaninge-kaizen-aikidoklubb\/"},"author":{"name":"Jonathan Broberg","@id":"https:\/\/www.budokampsport.se\/#\/schema\/person\/5c06d81d14850e2a8ce5493386560145"},"headline":"M\u00e5nga leenden hos V\u00e4sterhaninge Kaizen Aikidoklubb","datePublished":"2023-12-20T14:11:04+00:00","dateModified":"2024-07-04T08:11:33+00:00","mainEntityOfPage":{"@id":"https:\/\/www.budokampsport.se\/2023\/12\/20\/manga-leenden-hos-vasterhaninge-kaizen-aikidoklubb\/"},"wordCount":593,"image":{"@id":"https:\/\/www.budokampsport.se\/2023\/12\/20\/manga-leenden-hos-vasterhaninge-kaizen-aikidoklubb\/#primaryimage"},"thumbnailUrl":"https:\/\/www.budokampsport.se\/wp-content\/uploads\/2023\/12\/kaizen_ett.jpg","articleSection":["Aikido"],"inLanguage":"sv-SE"},{"@type":"WebPage","@id":"https:\/\/www.budokampsport.se\/2023\/12\/20\/manga-leenden-hos-vasterhaninge-kaizen-aikidoklubb\/","url":"https:\/\/www.budokampsport.se\/2023\/12\/20\/manga-leenden-hos-vasterhaninge-kaizen-aikidoklubb\/","name":"M\u00e5nga leenden hos V\u00e4sterhaninge Kaizen Aikidoklubb - Svenska Budo &amp; Kampsportsf\u00f6rbundet","isPartOf":{"@id":"https:\/\/www.budokampsport.se\/#website"},"primaryImageOfPage":{"@id":"https:\/\/www.budokampsport.se\/2023\/12\/20\/manga-leenden-hos-vasterhaninge-kaizen-aikidoklubb\/#primaryimage"},"image":{"@id":"https:\/\/www.budokampsport.se\/2023\/12\/20\/manga-leenden-hos-vasterhaninge-kaizen-aikidoklubb\/#primaryimage"},"thumbnailUrl":"https:\/\/www.budokampsport.se\/wp-content\/uploads\/2023\/12\/kaizen_ett.jpg","datePublished":"2023-12-20T14:11:04+00:00","dateModified":"2024-07-04T08:11:33+00:00","author":{"@id":"https:\/\/www.budokampsport.se\/#\/schema\/person\/5c06d81d14850e2a8ce5493386560145"},"description":"REPORTAGE. Budokampsport.se bes\u00f6kte V\u00e4sterhaninge Kaizen Aikidoklubb under terminens sista tr\u00e4ningspass. Skratten bland ut\u00f6varna avl\u00f6ste varandra i budolokalen i Ribby sporthall. - Vi har velat bygga en inkluderande, \u00f6ppen och v\u00e4lkomnande klubb d\u00e4r alla kan k\u00e4nna sig sedda, s\u00e4ger initiativtagaren till klubben Andreas Falk till budokampsport.se.","breadcrumb":{"@id":"https:\/\/www.budokampsport.se\/2023\/12\/20\/manga-leenden-hos-vasterhaninge-kaizen-aikidoklubb\/#breadcrumb"},"inLanguage":"sv-SE","potentialAction":[{"@type":"ReadAction","target":["https:\/\/www.budokampsport.se\/2023\/12\/20\/manga-leenden-hos-vasterhaninge-kaizen-aikidoklubb\/"]}]},{"@type":"ImageObject","inLanguage":"sv-SE","@id":"https:\/\/www.budokampsport.se\/2023\/12\/20\/manga-leenden-hos-vasterhaninge-kaizen-aikidoklubb\/#primaryimage","url":"https:\/\/www.budokampsport.se\/wp-content\/uploads\/2023\/12\/kaizen_ett.jpg","contentUrl":"https:\/\/www.budokampsport.se\/wp-content\/uploads\/2023\/12\/kaizen_ett.jpg","width":850,"height":567,"caption":"Foto: Jonathan Broberg"},{"@type":"BreadcrumbList","@id":"https:\/\/www.budokampsport.se\/2023\/12\/20\/manga-leenden-hos-vasterhaninge-kaizen-aikidoklubb\/#breadcrumb","itemListElement":[{"@type":"ListItem","position":1,"name":"Hem","item":"https:\/\/www.budokampsport.se\/"},{"@type":"ListItem","position":2,"name":"M\u00e5nga leenden hos V\u00e4sterhaninge Kaizen Aikidoklubb"}]},{"@type":"WebSite","@id":"https:\/\/www.budokampsport.se\/#website","url":"https:\/\/www.budokampsport.se\/","name":"Svenska Budo &amp; Kampsportsf\u00f6rbundet","description":"T\u00e4vling, Tr\u00e4ning, Tradition","potentialAction":[{"@type":"SearchAction","target":{"@type":"EntryPoint","urlTemplate":"https:\/\/www.budokampsport.se\/?s={search_term_string}"},"query-input":{"@type":"PropertyValueSpecification","valueRequired":true,"valueName":"search_term_string"}}],"inLanguage":"sv-SE"},{"@type":"Person","@id":"https:\/\/www.budokampsport.se\/#\/schema\/person\/5c06d81d14850e2a8ce5493386560145","name":"Jonathan Broberg","image":{"@type":"ImageObject","inLanguage":"sv-SE","@id":"https:\/\/www.budokampsport.se\/#\/schema\/person\/image\/","url":"https:\/\/secure.gravatar.com\/avatar\/a58041c6cea9128bd9c40ee2f26d4136?s=96&d=blank&r=g","contentUrl":"https:\/\/secure.gravatar.com\/avatar\/a58041c6cea9128bd9c40ee2f26d4136?s=96&d=blank&r=g","caption":"Jonathan Broberg"},"sameAs":["https:\/\/www.facebook.com\/jonathan.broberg.7"],"url":"https:\/\/www.budokampsport.se\/author\/jonathan\/"}]}},"_links":{"self":[{"href":"https:\/\/www.budokampsport.se\/api\/wp\/v2\/posts\/162014","targetHints":{"allow":["GET"]}}],"collection":[{"href":"https:\/\/www.budokampsport.se\/api\/wp\/v2\/posts"}],"about":[{"href":"https:\/\/www.budokampsport.se\/api\/wp\/v2\/types\/post"}],"author":[{"embeddable":true,"href":"https:\/\/www.budokampsport.se\/api\/wp\/v2\/users\/7"}],"replies":[{"embeddable":true,"href":"https:\/\/www.budokampsport.se\/api\/wp\/v2\/comments?post=162014"}],"version-history":[{"count":0,"href":"https:\/\/www.budokampsport.se\/api\/wp\/v2\/posts\/162014\/revisions"}],"wp:featuredmedia":[{"embeddable":true,"href":"https:\/\/www.budokampsport.se\/api\/wp\/v2\/media\/162096"}],"wp:attachment":[{"href":"https:\/\/www.budokampsport.se\/api\/wp\/v2\/media?parent=162014"}],"wp:term":[{"taxonomy":"category","embeddable":true,"href":"https:\/\/www.budokampsport.se\/api\/wp\/v2\/categories?post=162014"},{"taxonomy":"post_tag","embeddable":true,"href":"https:\/\/www.budokampsport.se\/api\/wp\/v2\/tags?post=162014"}],"curies":[{"name":"wp","href":"https:\/\/api.w.org\/{rel}","templated":true}]}}