{"id":162141,"date":"2023-12-21T11:14:35","date_gmt":"2023-12-21T10:14:35","guid":{"rendered":"https:\/\/www.budokampsport.se\/?p=162141"},"modified":"2023-12-21T11:17:57","modified_gmt":"2023-12-21T10:17:57","slug":"fortsatt-att-medlemsrapportera","status":"publish","type":"post","link":"https:\/\/www.budokampsport.se\/2023\/12\/21\/fortsatt-att-medlemsrapportera\/","title":{"rendered":"Forts\u00e4tt att medlemsrapportera"},"content":{"rendered":"<p>Den 12 december skickades den \u00e5rliga medlemsrapporten ut till samtliga av SB&amp;K:s f\u00f6reningar.<\/p>\n<p>Kansliets f\u00f6rbundskoordinator Matilda Ritz\u00e9n kan konstatera att \u00f6ver 100 f\u00f6reningar redan har rapporterat.<\/p>\n<figure id=\"attachment_47191\" aria-describedby=\"caption-attachment-47191\" style=\"width: 160px\" class=\"wp-caption alignright\"><img loading=\"lazy\" decoding=\"async\" class=\"wp-image-47191\" src=\"https:\/\/www.budokampsport.se\/wp-content\/uploads\/2016\/05\/IMG_0262-185x278.jpg\" alt=\"\" width=\"160\" height=\"240\" \/><figcaption id=\"caption-attachment-47191\" class=\"wp-caption-text\"><span style=\"font-size: 8pt;\">Foto: Hamid Ershad Sarabi<\/span><\/figcaption><\/figure>\n<p>&#8211; Det \u00e4r bra fart p\u00e5 rapporteringen, tycker jag. Och det uppskattas. Fortfarande sl\u00e4par dock betalningarna efter lite.<\/p>\n<p>Den f\u00f6rening som medlemsrapporterade f\u00f6rst av alla var V\u00e4sterhaninge Kaizen Aikidoklubb.<\/p>\n<p>&#8211; De var verkligen snabba med rapporteringen och fick med det ett reportage p\u00e5 hemsidan som utlovat, det blev v\u00e4ldigt uppskattat. S\u00e5 visst kan det l\u00f6na sig att vara snabb med rapportering och betalning.<\/p>\n<p>Matilda menar ocks\u00e5 att hennes arbetsbelastning blir avsev\u00e4rt mindre om f\u00f6reningarna \u00e4r tidiga med medlemsrapporteringen samt betalningen av medlemsavgiften.<\/p>\n<p>&#8211; Det sparar mig mycket tid. S\u00e5 jag skulle verkligen uppskatta om rapporteringen flyter p\u00e5 \u00e4ven under julledigheten. Det \u00e4r lika mycket gl\u00e4djande som det inneb\u00e4r mindre arbetsbelastning f\u00f6r mig om f\u00f6reningarna \u00e4r tidiga med medlemsrapporteringen.<\/p>\n<p>Sista datumet f\u00f6r betalning av medlemsavgiften \u00e4r den 31 januari.<\/p>\n<h3>Se \u00e4ven \u00f6ver idrottonline-informationen<\/h3>\n<p>Matilda uppmanar \u00e4ven f\u00f6reningar att se \u00f6ver sin kontaktinformation i IdrottOnline under denna period.<\/p>\n<p>&#8211; Komplettera eller rensa medlemsregistret f\u00f6r att s\u00e4kerst\u00e4lla s\u00e5 att det st\u00e4mmer \u00f6verens med det rapporterade medlemsantalet till SB&amp;K.<\/p>\n<h3>Tidigare artiklar om medlemsrapportering<\/h3>\n<p><a href=\"https:\/\/www.budokampsport.se\/2023\/10\/16\/infor-arets-medlemsrapportering-vi-behover-din-hjalp\/\" target=\"_blank\" rel=\"noopener\"><img loading=\"lazy\" decoding=\"async\" class=\"alignnone  wp-image-146375\" src=\"https:\/\/www.budokampsport.se\/wp-content\/uploads\/2022\/12\/hjartat-278x180.jpg\" alt=\"\" width=\"18\" height=\"12\" \/>Inf\u00f6r \u00e5rets medlemsrapportering \u2013 vi beh\u00f6ver din hj\u00e4lp<\/a><span style=\"font-size: 10pt;\"> (16 oktober)<br \/>\n<\/span><a href=\"https:\/\/www.budokampsport.se\/2023\/10\/16\/infor-arets-medlemsrapportering-vi-behover-din-hjalp\/\" target=\"_blank\" rel=\"noopener\"><img loading=\"lazy\" decoding=\"async\" class=\"alignnone  wp-image-146375\" src=\"https:\/\/www.budokampsport.se\/wp-content\/uploads\/2022\/12\/hjartat-278x180.jpg\" alt=\"\" width=\"18\" height=\"12\" \/><\/a><a href=\"https:\/\/www.budokampsport.se\/2023\/11\/06\/12-december-skickas-medlemsrapporten\/\" target=\"_blank\" rel=\"noopener\">12 december skickas medlemsrapporten<\/a> <span style=\"font-size: 10pt;\">(6 november)<br \/>\n<\/span><a href=\"https:\/\/www.budokampsport.se\/2023\/10\/16\/infor-arets-medlemsrapportering-vi-behover-din-hjalp\/\" target=\"_blank\" rel=\"noopener\"><img loading=\"lazy\" decoding=\"async\" class=\"alignnone  wp-image-146375\" src=\"https:\/\/www.budokampsport.se\/wp-content\/uploads\/2022\/12\/hjartat-278x180.jpg\" alt=\"\" width=\"18\" height=\"12\" \/><\/a><a href=\"https:\/\/www.budokampsport.se\/2023\/11\/30\/vilken-forening-blir-forst-att-medlemsrapportera\/\" target=\"_blank\" rel=\"noopener\">Vilken f\u00f6rening blir f\u00f6rst att medlemsrapportera?<\/a> <span style=\"font-size: 10pt;\">(30 november)<br \/>\n<\/span><a href=\"https:\/\/www.budokampsport.se\/2023\/10\/16\/infor-arets-medlemsrapportering-vi-behover-din-hjalp\/\" target=\"_blank\" rel=\"noopener\"><img loading=\"lazy\" decoding=\"async\" class=\"alignnone  wp-image-146375\" src=\"https:\/\/www.budokampsport.se\/wp-content\/uploads\/2022\/12\/hjartat-278x180.jpg\" alt=\"\" width=\"18\" height=\"12\" \/><\/a><a href=\"https:\/\/www.budokampsport.se\/2023\/12\/12\/medlemsrapporten-ar-skickad\/\" target=\"_blank\" rel=\"noopener\">Medlemsrapporten \u00e4r skickad<\/a> <span style=\"font-size: 10pt;\">(12 december)<br \/>\n<a href=\"https:\/\/www.budokampsport.se\/2023\/10\/16\/infor-arets-medlemsrapportering-vi-behover-din-hjalp\/\" target=\"_blank\" rel=\"noopener\"><img loading=\"lazy\" decoding=\"async\" class=\"alignnone  wp-image-146375\" src=\"https:\/\/www.budokampsport.se\/wp-content\/uploads\/2022\/12\/hjartat-278x180.jpg\" alt=\"\" width=\"18\" height=\"12\" \/><\/a><span style=\"font-size: 12pt;\"><a href=\"https:\/\/www.budokampsport.se\/2023\/12\/20\/manga-leenden-hos-vasterhaninge-kaizen-aikidoklubb\/\" target=\"_blank\" rel=\"noopener\">M\u00e5nga leenden hos V\u00e4sterhaninge Kaizen Aikidoklubb<\/a><\/span><\/span> <span style=\"font-size: 10pt;\">(20 december)<\/span><\/p>\n<p>Text: Jonathan Broberg<\/p>\n","protected":false},"excerpt":{"rendered":"<p>SB&#038;K. Det har varit bra drag p\u00e5 f\u00f6reningarnas medlemsrapporterande och kansliets f\u00f6rbundskoordinator Matilda Ritz\u00e9n hoppas att den trenden forts\u00e4tter.<br \/><br>&#8211; Det \u00e4r lika mycket gl\u00e4djande som det inneb\u00e4r mindre arbetsbelastning f\u00f6r mig om f\u00f6reningarna \u00e4r tidiga med medlemsrapporteringen, s\u00e4ger hon till budokampsport.se.<br \/><br>(Illustration: Ida Brogren)<\/p><br>","protected":false},"author":7,"featured_media":159346,"comment_status":"closed","ping_status":"closed","sticky":false,"template":"","format":"standard","meta":{"_acf_changed":false,"footnotes":""},"categories":[1],"tags":[],"class_list":["post-162141","post","type-post","status-publish","format-standard","has-post-thumbnail","hentry","category-okategoriserade"],"acf":[],"yoast_head":"<!-- This site is optimized with the Yoast SEO plugin v26.8 - https:\/\/yoast.com\/product\/yoast-seo-wordpress\/ -->\n<title>Forts\u00e4tt att medlemsrapportera - Svenska Budo &amp; Kampsportsf\u00f6rbundet<\/title>\n<meta name=\"description\" content=\"SB&amp;K. Det har varit bra drag p\u00e5 f\u00f6reningarnas medlemsrapporterande och kansliets f\u00f6rbundskoordinator Matilda Ritz\u00e9n hoppas att den trenden forts\u00e4tter. - Det \u00e4r lika mycket gl\u00e4djande som det inneb\u00e4r mindre arbetsbelastning f\u00f6r mig om f\u00f6reningarna \u00e4r tidiga med medlemsrapporteringen, s\u00e4ger hon till budokampsport.se. (Illustration: Ida Brogren)\" \/>\n<meta name=\"robots\" content=\"index, follow, max-snippet:-1, max-image-preview:large, max-video-preview:-1\" \/>\n<link rel=\"canonical\" href=\"https:\/\/www.budokampsport.se\/2023\/12\/21\/fortsatt-att-medlemsrapportera\/\" \/>\n<meta property=\"og:locale\" content=\"sv_SE\" \/>\n<meta property=\"og:type\" content=\"article\" \/>\n<meta property=\"og:title\" content=\"Forts\u00e4tt att medlemsrapportera - Svenska Budo &amp; Kampsportsf\u00f6rbundet\" \/>\n<meta property=\"og:description\" content=\"SB&amp;K. Det har varit bra drag p\u00e5 f\u00f6reningarnas medlemsrapporterande och kansliets f\u00f6rbundskoordinator Matilda Ritz\u00e9n hoppas att den trenden forts\u00e4tter. - Det \u00e4r lika mycket gl\u00e4djande som det inneb\u00e4r mindre arbetsbelastning f\u00f6r mig om f\u00f6reningarna \u00e4r tidiga med medlemsrapporteringen, s\u00e4ger hon till budokampsport.se. (Illustration: Ida Brogren)\" \/>\n<meta property=\"og:url\" content=\"https:\/\/www.budokampsport.se\/2023\/12\/21\/fortsatt-att-medlemsrapportera\/\" \/>\n<meta property=\"og:site_name\" content=\"Svenska Budo &amp; Kampsportsf\u00f6rbundet\" \/>\n<meta property=\"article:author\" content=\"https:\/\/www.facebook.com\/jonathan.broberg.7\" \/>\n<meta property=\"article:published_time\" content=\"2023-12-21T10:14:35+00:00\" \/>\n<meta property=\"article:modified_time\" content=\"2023-12-21T10:17:57+00:00\" \/>\n<meta property=\"og:image\" content=\"https:\/\/www.budokampsport.se\/wp-content\/uploads\/2023\/11\/medlem.jpg\" \/>\n\t<meta property=\"og:image:width\" content=\"850\" \/>\n\t<meta property=\"og:image:height\" content=\"408\" \/>\n\t<meta property=\"og:image:type\" content=\"image\/jpeg\" \/>\n<meta name=\"author\" content=\"Jonathan Broberg\" \/>\n<meta name=\"twitter:card\" content=\"summary_large_image\" \/>\n<meta name=\"twitter:label1\" content=\"Skriven av\" \/>\n\t<meta name=\"twitter:data1\" content=\"Jonathan Broberg\" \/>\n\t<meta name=\"twitter:label2\" content=\"Ber\u00e4knad l\u00e4stid\" \/>\n\t<meta name=\"twitter:data2\" content=\"3 minuter\" \/>\n<script type=\"application\/ld+json\" class=\"yoast-schema-graph\">{\"@context\":\"https:\/\/schema.org\",\"@graph\":[{\"@type\":\"Article\",\"@id\":\"https:\/\/www.budokampsport.se\/2023\/12\/21\/fortsatt-att-medlemsrapportera\/#article\",\"isPartOf\":{\"@id\":\"https:\/\/www.budokampsport.se\/2023\/12\/21\/fortsatt-att-medlemsrapportera\/\"},\"author\":{\"name\":\"Jonathan Broberg\",\"@id\":\"https:\/\/www.budokampsport.se\/#\/schema\/person\/5c06d81d14850e2a8ce5493386560145\"},\"headline\":\"Forts\u00e4tt att medlemsrapportera\",\"datePublished\":\"2023-12-21T10:14:35+00:00\",\"dateModified\":\"2023-12-21T10:17:57+00:00\",\"mainEntityOfPage\":{\"@id\":\"https:\/\/www.budokampsport.se\/2023\/12\/21\/fortsatt-att-medlemsrapportera\/\"},\"wordCount\":274,\"image\":{\"@id\":\"https:\/\/www.budokampsport.se\/2023\/12\/21\/fortsatt-att-medlemsrapportera\/#primaryimage\"},\"thumbnailUrl\":\"https:\/\/www.budokampsport.se\/wp-content\/uploads\/2023\/11\/medlem.jpg\",\"inLanguage\":\"sv-SE\"},{\"@type\":\"WebPage\",\"@id\":\"https:\/\/www.budokampsport.se\/2023\/12\/21\/fortsatt-att-medlemsrapportera\/\",\"url\":\"https:\/\/www.budokampsport.se\/2023\/12\/21\/fortsatt-att-medlemsrapportera\/\",\"name\":\"Forts\u00e4tt att medlemsrapportera - Svenska Budo &amp; Kampsportsf\u00f6rbundet\",\"isPartOf\":{\"@id\":\"https:\/\/www.budokampsport.se\/#website\"},\"primaryImageOfPage\":{\"@id\":\"https:\/\/www.budokampsport.se\/2023\/12\/21\/fortsatt-att-medlemsrapportera\/#primaryimage\"},\"image\":{\"@id\":\"https:\/\/www.budokampsport.se\/2023\/12\/21\/fortsatt-att-medlemsrapportera\/#primaryimage\"},\"thumbnailUrl\":\"https:\/\/www.budokampsport.se\/wp-content\/uploads\/2023\/11\/medlem.jpg\",\"datePublished\":\"2023-12-21T10:14:35+00:00\",\"dateModified\":\"2023-12-21T10:17:57+00:00\",\"author\":{\"@id\":\"https:\/\/www.budokampsport.se\/#\/schema\/person\/5c06d81d14850e2a8ce5493386560145\"},\"description\":\"SB&K. Det har varit bra drag p\u00e5 f\u00f6reningarnas medlemsrapporterande och kansliets f\u00f6rbundskoordinator Matilda Ritz\u00e9n hoppas att den trenden forts\u00e4tter. - Det \u00e4r lika mycket gl\u00e4djande som det inneb\u00e4r mindre arbetsbelastning f\u00f6r mig om f\u00f6reningarna \u00e4r tidiga med medlemsrapporteringen, s\u00e4ger hon till budokampsport.se. (Illustration: Ida Brogren)\",\"breadcrumb\":{\"@id\":\"https:\/\/www.budokampsport.se\/2023\/12\/21\/fortsatt-att-medlemsrapportera\/#breadcrumb\"},\"inLanguage\":\"sv-SE\",\"potentialAction\":[{\"@type\":\"ReadAction\",\"target\":[\"https:\/\/www.budokampsport.se\/2023\/12\/21\/fortsatt-att-medlemsrapportera\/\"]}]},{\"@type\":\"ImageObject\",\"inLanguage\":\"sv-SE\",\"@id\":\"https:\/\/www.budokampsport.se\/2023\/12\/21\/fortsatt-att-medlemsrapportera\/#primaryimage\",\"url\":\"https:\/\/www.budokampsport.se\/wp-content\/uploads\/2023\/11\/medlem.jpg\",\"contentUrl\":\"https:\/\/www.budokampsport.se\/wp-content\/uploads\/2023\/11\/medlem.jpg\",\"width\":850,\"height\":408,\"caption\":\"Illustration: Ida Brogren\"},{\"@type\":\"BreadcrumbList\",\"@id\":\"https:\/\/www.budokampsport.se\/2023\/12\/21\/fortsatt-att-medlemsrapportera\/#breadcrumb\",\"itemListElement\":[{\"@type\":\"ListItem\",\"position\":1,\"name\":\"Hem\",\"item\":\"https:\/\/www.budokampsport.se\/\"},{\"@type\":\"ListItem\",\"position\":2,\"name\":\"Forts\u00e4tt att medlemsrapportera\"}]},{\"@type\":\"WebSite\",\"@id\":\"https:\/\/www.budokampsport.se\/#website\",\"url\":\"https:\/\/www.budokampsport.se\/\",\"name\":\"Svenska Budo &amp; Kampsportsf\u00f6rbundet\",\"description\":\"T\u00e4vling, Tr\u00e4ning, Tradition\",\"potentialAction\":[{\"@type\":\"SearchAction\",\"target\":{\"@type\":\"EntryPoint\",\"urlTemplate\":\"https:\/\/www.budokampsport.se\/?s={search_term_string}\"},\"query-input\":{\"@type\":\"PropertyValueSpecification\",\"valueRequired\":true,\"valueName\":\"search_term_string\"}}],\"inLanguage\":\"sv-SE\"},{\"@type\":\"Person\",\"@id\":\"https:\/\/www.budokampsport.se\/#\/schema\/person\/5c06d81d14850e2a8ce5493386560145\",\"name\":\"Jonathan Broberg\",\"image\":{\"@type\":\"ImageObject\",\"inLanguage\":\"sv-SE\",\"@id\":\"https:\/\/www.budokampsport.se\/#\/schema\/person\/image\/\",\"url\":\"https:\/\/secure.gravatar.com\/avatar\/a58041c6cea9128bd9c40ee2f26d4136?s=96&d=blank&r=g\",\"contentUrl\":\"https:\/\/secure.gravatar.com\/avatar\/a58041c6cea9128bd9c40ee2f26d4136?s=96&d=blank&r=g\",\"caption\":\"Jonathan Broberg\"},\"sameAs\":[\"https:\/\/www.facebook.com\/jonathan.broberg.7\"],\"url\":\"https:\/\/www.budokampsport.se\/author\/jonathan\/\"}]}<\/script>\n<!-- \/ Yoast SEO plugin. -->","yoast_head_json":{"title":"Forts\u00e4tt att medlemsrapportera - Svenska Budo &amp; Kampsportsf\u00f6rbundet","description":"SB&K. Det har varit bra drag p\u00e5 f\u00f6reningarnas medlemsrapporterande och kansliets f\u00f6rbundskoordinator Matilda Ritz\u00e9n hoppas att den trenden forts\u00e4tter. - Det \u00e4r lika mycket gl\u00e4djande som det inneb\u00e4r mindre arbetsbelastning f\u00f6r mig om f\u00f6reningarna \u00e4r tidiga med medlemsrapporteringen, s\u00e4ger hon till budokampsport.se. (Illustration: Ida Brogren)","robots":{"index":"index","follow":"follow","max-snippet":"max-snippet:-1","max-image-preview":"max-image-preview:large","max-video-preview":"max-video-preview:-1"},"canonical":"https:\/\/www.budokampsport.se\/2023\/12\/21\/fortsatt-att-medlemsrapportera\/","og_locale":"sv_SE","og_type":"article","og_title":"Forts\u00e4tt att medlemsrapportera - Svenska Budo &amp; Kampsportsf\u00f6rbundet","og_description":"SB&K. Det har varit bra drag p\u00e5 f\u00f6reningarnas medlemsrapporterande och kansliets f\u00f6rbundskoordinator Matilda Ritz\u00e9n hoppas att den trenden forts\u00e4tter. - Det \u00e4r lika mycket gl\u00e4djande som det inneb\u00e4r mindre arbetsbelastning f\u00f6r mig om f\u00f6reningarna \u00e4r tidiga med medlemsrapporteringen, s\u00e4ger hon till budokampsport.se. (Illustration: Ida Brogren)","og_url":"https:\/\/www.budokampsport.se\/2023\/12\/21\/fortsatt-att-medlemsrapportera\/","og_site_name":"Svenska Budo &amp; Kampsportsf\u00f6rbundet","article_author":"https:\/\/www.facebook.com\/jonathan.broberg.7","article_published_time":"2023-12-21T10:14:35+00:00","article_modified_time":"2023-12-21T10:17:57+00:00","og_image":[{"width":850,"height":408,"url":"https:\/\/www.budokampsport.se\/wp-content\/uploads\/2023\/11\/medlem.jpg","type":"image\/jpeg"}],"author":"Jonathan Broberg","twitter_card":"summary_large_image","twitter_misc":{"Skriven av":"Jonathan Broberg","Ber\u00e4knad l\u00e4stid":"3 minuter"},"schema":{"@context":"https:\/\/schema.org","@graph":[{"@type":"Article","@id":"https:\/\/www.budokampsport.se\/2023\/12\/21\/fortsatt-att-medlemsrapportera\/#article","isPartOf":{"@id":"https:\/\/www.budokampsport.se\/2023\/12\/21\/fortsatt-att-medlemsrapportera\/"},"author":{"name":"Jonathan Broberg","@id":"https:\/\/www.budokampsport.se\/#\/schema\/person\/5c06d81d14850e2a8ce5493386560145"},"headline":"Forts\u00e4tt att medlemsrapportera","datePublished":"2023-12-21T10:14:35+00:00","dateModified":"2023-12-21T10:17:57+00:00","mainEntityOfPage":{"@id":"https:\/\/www.budokampsport.se\/2023\/12\/21\/fortsatt-att-medlemsrapportera\/"},"wordCount":274,"image":{"@id":"https:\/\/www.budokampsport.se\/2023\/12\/21\/fortsatt-att-medlemsrapportera\/#primaryimage"},"thumbnailUrl":"https:\/\/www.budokampsport.se\/wp-content\/uploads\/2023\/11\/medlem.jpg","inLanguage":"sv-SE"},{"@type":"WebPage","@id":"https:\/\/www.budokampsport.se\/2023\/12\/21\/fortsatt-att-medlemsrapportera\/","url":"https:\/\/www.budokampsport.se\/2023\/12\/21\/fortsatt-att-medlemsrapportera\/","name":"Forts\u00e4tt att medlemsrapportera - Svenska Budo &amp; Kampsportsf\u00f6rbundet","isPartOf":{"@id":"https:\/\/www.budokampsport.se\/#website"},"primaryImageOfPage":{"@id":"https:\/\/www.budokampsport.se\/2023\/12\/21\/fortsatt-att-medlemsrapportera\/#primaryimage"},"image":{"@id":"https:\/\/www.budokampsport.se\/2023\/12\/21\/fortsatt-att-medlemsrapportera\/#primaryimage"},"thumbnailUrl":"https:\/\/www.budokampsport.se\/wp-content\/uploads\/2023\/11\/medlem.jpg","datePublished":"2023-12-21T10:14:35+00:00","dateModified":"2023-12-21T10:17:57+00:00","author":{"@id":"https:\/\/www.budokampsport.se\/#\/schema\/person\/5c06d81d14850e2a8ce5493386560145"},"description":"SB&K. Det har varit bra drag p\u00e5 f\u00f6reningarnas medlemsrapporterande och kansliets f\u00f6rbundskoordinator Matilda Ritz\u00e9n hoppas att den trenden forts\u00e4tter. - Det \u00e4r lika mycket gl\u00e4djande som det inneb\u00e4r mindre arbetsbelastning f\u00f6r mig om f\u00f6reningarna \u00e4r tidiga med medlemsrapporteringen, s\u00e4ger hon till budokampsport.se. (Illustration: Ida Brogren)","breadcrumb":{"@id":"https:\/\/www.budokampsport.se\/2023\/12\/21\/fortsatt-att-medlemsrapportera\/#breadcrumb"},"inLanguage":"sv-SE","potentialAction":[{"@type":"ReadAction","target":["https:\/\/www.budokampsport.se\/2023\/12\/21\/fortsatt-att-medlemsrapportera\/"]}]},{"@type":"ImageObject","inLanguage":"sv-SE","@id":"https:\/\/www.budokampsport.se\/2023\/12\/21\/fortsatt-att-medlemsrapportera\/#primaryimage","url":"https:\/\/www.budokampsport.se\/wp-content\/uploads\/2023\/11\/medlem.jpg","contentUrl":"https:\/\/www.budokampsport.se\/wp-content\/uploads\/2023\/11\/medlem.jpg","width":850,"height":408,"caption":"Illustration: Ida Brogren"},{"@type":"BreadcrumbList","@id":"https:\/\/www.budokampsport.se\/2023\/12\/21\/fortsatt-att-medlemsrapportera\/#breadcrumb","itemListElement":[{"@type":"ListItem","position":1,"name":"Hem","item":"https:\/\/www.budokampsport.se\/"},{"@type":"ListItem","position":2,"name":"Forts\u00e4tt att medlemsrapportera"}]},{"@type":"WebSite","@id":"https:\/\/www.budokampsport.se\/#website","url":"https:\/\/www.budokampsport.se\/","name":"Svenska Budo &amp; Kampsportsf\u00f6rbundet","description":"T\u00e4vling, Tr\u00e4ning, Tradition","potentialAction":[{"@type":"SearchAction","target":{"@type":"EntryPoint","urlTemplate":"https:\/\/www.budokampsport.se\/?s={search_term_string}"},"query-input":{"@type":"PropertyValueSpecification","valueRequired":true,"valueName":"search_term_string"}}],"inLanguage":"sv-SE"},{"@type":"Person","@id":"https:\/\/www.budokampsport.se\/#\/schema\/person\/5c06d81d14850e2a8ce5493386560145","name":"Jonathan Broberg","image":{"@type":"ImageObject","inLanguage":"sv-SE","@id":"https:\/\/www.budokampsport.se\/#\/schema\/person\/image\/","url":"https:\/\/secure.gravatar.com\/avatar\/a58041c6cea9128bd9c40ee2f26d4136?s=96&d=blank&r=g","contentUrl":"https:\/\/secure.gravatar.com\/avatar\/a58041c6cea9128bd9c40ee2f26d4136?s=96&d=blank&r=g","caption":"Jonathan Broberg"},"sameAs":["https:\/\/www.facebook.com\/jonathan.broberg.7"],"url":"https:\/\/www.budokampsport.se\/author\/jonathan\/"}]}},"_links":{"self":[{"href":"https:\/\/www.budokampsport.se\/api\/wp\/v2\/posts\/162141","targetHints":{"allow":["GET"]}}],"collection":[{"href":"https:\/\/www.budokampsport.se\/api\/wp\/v2\/posts"}],"about":[{"href":"https:\/\/www.budokampsport.se\/api\/wp\/v2\/types\/post"}],"author":[{"embeddable":true,"href":"https:\/\/www.budokampsport.se\/api\/wp\/v2\/users\/7"}],"replies":[{"embeddable":true,"href":"https:\/\/www.budokampsport.se\/api\/wp\/v2\/comments?post=162141"}],"version-history":[{"count":0,"href":"https:\/\/www.budokampsport.se\/api\/wp\/v2\/posts\/162141\/revisions"}],"wp:featuredmedia":[{"embeddable":true,"href":"https:\/\/www.budokampsport.se\/api\/wp\/v2\/media\/159346"}],"wp:attachment":[{"href":"https:\/\/www.budokampsport.se\/api\/wp\/v2\/media?parent=162141"}],"wp:term":[{"taxonomy":"category","embeddable":true,"href":"https:\/\/www.budokampsport.se\/api\/wp\/v2\/categories?post=162141"},{"taxonomy":"post_tag","embeddable":true,"href":"https:\/\/www.budokampsport.se\/api\/wp\/v2\/tags?post=162141"}],"curies":[{"name":"wp","href":"https:\/\/api.w.org\/{rel}","templated":true}]}}